
{"id":11521,"date":"2017-10-31T00:46:51","date_gmt":"2017-10-31T02:46:51","guid":{"rendered":"http:\/\/www.oarcanjo.net\/site\/?p=11521"},"modified":"2017-08-11T14:57:51","modified_gmt":"2017-08-11T17:57:51","slug":"sao-wolfgang","status":"publish","type":"post","link":"https:\/\/www.oarcanjo.net\/site\/sao-wolfgang\/","title":{"rendered":"S\u00e3o Wolfgang"},"content":{"rendered":"<p><img decoding=\"async\" src=\"http:\/\/3.bp.blogspot.com\/_z-c0Sh5Zlrs\/SK9bqOFR5OI\/AAAAAAAACOc\/Iw1h5twzGHc\/s400\/S%C3%A3o+Wolfgang.jpg\" alt=\"\" \/><\/p>\n<p>31 de Outubro<\/p>\n<p>No final do s\u00e9culo I surgiu o novo contorno pol\u00edtico dos pa\u00edses da Europa. Entre os construtores desse novo mapa europeu est\u00e1 o bispo s\u00e3o Wolfgang, tamb\u00e9m venerado como padroeiro dos lenhadores.<\/p>\n<p>Nascido no ano 924, na antiga Su\u00e1bia, regi\u00e3o do sudoeste da Alemanha, aos sete anos foi entregue \u00e0 tutela de um sacerdote. Cresceu educado no Convento beneditino de Constan\u00e7a. Considerado um exemplo, nos estudos e no seguimento de Cristo, era muito devoto da eucaristia e tinha voca\u00e7\u00e3o para a vida religiosa.<\/p>\n<p>Saiu do col\u00e9gio em 956, sem receber ordena\u00e7\u00e3o, para ser conselheiro do bispo de Tr\u00e8ves. Cargo que associou ao de professor da escola da diocese, onde arrebatava os alunos com sua sabedoria e empolgante maneira de ensinar.<\/p>\n<p>Com a morte do bispo em 965, decidiu retirar-se no Mosteiro beneditino da Su\u00ed\u00e7a. Tr\u00eas anos depois, terminado o noviciado, ordenou-se sacerdote e foi evangelizar a Hungria. Na \u00e9poca, esses povos b\u00e1rbaros tentavam firmar-se como na\u00e7\u00e3o, mas continuavam a invadir e saquear os reinos alem\u00e3es, promovendo grandes matan\u00e7as de crist\u00e3os.<\/p>\n<p>Wolfgang foi bem aceito e iniciou com sucesso a cristianiza\u00e7\u00e3o dos h\u00fangaros, organizando esses povos a se firmarem na terra como agricultores. Assim, come\u00e7ou a mostrar seu valor de pregador, pacificador e diplomata pol\u00edtico tamb\u00e9m. Pouco tempo depois, em 972, era nomeado bispo de Ratisbona.<\/p>\n<p>Ratisbona, cidade da Baviera, cujos vales dos rios Reno e Naab ligam as terras da Bo\u00eamia, que dependiam daquela diocese, ou seja, do bispo Wolfgang. L\u00e1, ele, novamente, foi mestre e disc\u00edpulo, professor e aprendiz. Mas foi, principalmente, o grande evangelizador e coordenador pol\u00edtico. Caminhava de par\u00f3quia em par\u00f3quia dando exemplos de religiosidade e caridade, pregando e ensinando a irm\u00e3os, padres e leigos.<\/p>\n<p>Sua f\u00e9 e dedica\u00e7\u00e3o ao trabalho trouxeram-lhe fama, e at\u00e9 o pr\u00f3prio duque da Baviera confiou-lhe os filhos para educar. Foi a atitude acertada, porque Henrique, o filho mais velho do duque, tornou-se imperador da Baviera. Bruno, o segundo filho, foi bispo exemplar, como seu mestre. A filha, Gisela, foi um modelo de rainha cat\u00f3lica na hist\u00f3ria da Hungria. E finalmente, a outra filha, Br\u00edgida, tornou-se abadessa de um mosteiro fundado pelo bispo Wolfgang.<\/p>\n<p>Mas esse n\u00e3o foi o \u00fanico mosteiro que criou, foram v\u00e1rios, al\u00e9m dos restaurados, das igrejas, hospitais, casas de repouso para velhos e creches para crian\u00e7as, tamb\u00e9m fundados e administrados sob sua orienta\u00e7\u00e3o. Sua vis\u00e3o evangelizadora era t\u00e3o ampla que passava pelo curso pol\u00edtico da hist\u00f3ria. Assim, surpreendeu os poderosos da \u00e9poca e at\u00e9 os superiores do clero quando decidiu separar da diocese de Ratisbona as terras da Baviera, para criar uma nova, com sua sede episcopal em Praga. Apesar das reclama\u00e7\u00f5es, agiu corretamente e fundou a diocese de Praga, que em 976 teve seu primeiro bispo, Tietemaro, depois sucedido pelo grande santo Alberto, doutor da Igreja.<\/p>\n<p>Desse modo, robusteceu a miss\u00e3o evangelizadora e o cristianismo firmou ra\u00edzes nas terras germ\u00e2nicas. Em 974, devido \u00e0 luta entre Henrique II da Baviera e o imperador Oto II da Alemanha, refugiou-se num mosteiro em Salzburg. E n\u00e3o perdeu tempo, erguendo, ali perto, uma igreja dedicada a s\u00e3o Jo\u00e3o Batista, que depois foi aumentada, reformada e, em sua mem\u00f3ria, recebendo o seu nome.<\/p>\n<p>Wolfgang fazia uma viagem evangelizadora pela \u00c1ustria quando adoeceu. Morreu alguns dias depois, em Pupping, no dia 31 de outubro de 994. Foi canonizado em 1052, pelo papa Le\u00e3o IX. A festa de s\u00e3o Wolfgang, celebrada no dia de sua morte, \u00e9 uma das mais tradicionais da Igreja, especialmente entre os povos crist\u00e3os de l\u00edngua germ\u00e2nica.<\/p>\n<div id=\"themify_builder_content-11521\" data-postid=\"11521\" class=\"themify_builder_content themify_builder_content-11521 themify_builder themify_builder_front\">\n\t<\/div>\n<!-- \/themify_builder_content -->","protected":false},"excerpt":{"rendered":"<p>31 de Outubro No final do s\u00e9culo I surgiu o novo contorno pol\u00edtico dos pa\u00edses da Europa. Entre os construtores desse novo mapa europeu est\u00e1 o bispo s\u00e3o Wolfgang, tamb\u00e9m venerado como padroeiro dos lenhadores. Nascido no ano 924, na antiga Su\u00e1bia, regi\u00e3o do sudoeste da Alemanha, aos sete anos foi entregue \u00e0 tutela de [&hellip;]<\/p>\n","protected":false},"author":14,"featured_media":0,"comment_status":"open","ping_status":"open","sticky":false,"template":"","format":"standard","meta":{"ngg_post_thumbnail":0,"footnotes":""},"categories":[186],"tags":[],"yoast_head":"<!-- This site is optimized with the Yoast SEO plugin v23.5 - https:\/\/yoast.com\/wordpress\/plugins\/seo\/ -->\n<title>S\u00e3o Wolfgang - O Arcanjo no ar<\/title>\n<meta name=\"robots\" content=\"index, follow, max-snippet:-1, max-image-preview:large, max-video-preview:-1\" \/>\n<link rel=\"canonical\" href=\"https:\/\/www.oarcanjo.net\/site\/sao-wolfgang\/\" \/>\n<meta property=\"og:locale\" content=\"pt_BR\" \/>\n<meta property=\"og:type\" content=\"article\" \/>\n<meta property=\"og:title\" content=\"S\u00e3o Wolfgang - O Arcanjo no ar\" \/>\n<meta property=\"og:description\" content=\"31 de Outubro No final do s\u00e9culo I surgiu o novo contorno pol\u00edtico dos pa\u00edses da Europa. Entre os construtores desse novo mapa europeu est\u00e1 o bispo s\u00e3o Wolfgang, tamb\u00e9m venerado como padroeiro dos lenhadores. Nascido no ano 924, na antiga Su\u00e1bia, regi\u00e3o do sudoeste da Alemanha, aos sete anos foi entregue \u00e0 tutela de [&hellip;]\" \/>\n<meta property=\"og:url\" content=\"https:\/\/www.oarcanjo.net\/site\/sao-wolfgang\/\" \/>\n<meta property=\"og:site_name\" content=\"O Arcanjo no ar\" \/>\n<meta property=\"article:publisher\" content=\"https:\/\/www.facebook.com\/OArcanjoNoAr\/\" \/>\n<meta property=\"article:published_time\" content=\"2017-10-31T02:46:51+00:00\" \/>\n<meta property=\"article:modified_time\" content=\"2017-08-11T17:57:51+00:00\" \/>\n<meta property=\"og:image\" content=\"http:\/\/3.bp.blogspot.com\/_z-c0Sh5Zlrs\/SK9bqOFR5OI\/AAAAAAAACOc\/Iw1h5twzGHc\/s400\/S%C3%A3o+Wolfgang.jpg\" \/>\n<meta name=\"author\" content=\"danilo\" \/>\n<meta name=\"twitter:card\" content=\"summary_large_image\" \/>\n<meta name=\"twitter:label1\" content=\"Escrito por\" \/>\n\t<meta name=\"twitter:data1\" content=\"danilo\" \/>\n\t<meta name=\"twitter:label2\" content=\"Est. tempo de leitura\" \/>\n\t<meta name=\"twitter:data2\" content=\"3 minutos\" \/>\n<script type=\"application\/ld+json\" class=\"yoast-schema-graph\">{\"@context\":\"https:\/\/schema.org\",\"@graph\":[{\"@type\":\"Article\",\"@id\":\"https:\/\/www.oarcanjo.net\/site\/sao-wolfgang\/#article\",\"isPartOf\":{\"@id\":\"https:\/\/www.oarcanjo.net\/site\/sao-wolfgang\/\"},\"author\":{\"name\":\"danilo\",\"@id\":\"https:\/\/www.oarcanjo.net\/site\/#\/schema\/person\/5eb9480bedd2f3c97e430ce128c29c6c\"},\"headline\":\"S\u00e3o Wolfgang\",\"datePublished\":\"2017-10-31T02:46:51+00:00\",\"dateModified\":\"2017-08-11T17:57:51+00:00\",\"mainEntityOfPage\":{\"@id\":\"https:\/\/www.oarcanjo.net\/site\/sao-wolfgang\/\"},\"wordCount\":629,\"commentCount\":0,\"publisher\":{\"@id\":\"https:\/\/www.oarcanjo.net\/site\/#organization\"},\"image\":{\"@id\":\"https:\/\/www.oarcanjo.net\/site\/sao-wolfgang\/#primaryimage\"},\"thumbnailUrl\":\"http:\/\/3.bp.blogspot.com\/_z-c0Sh5Zlrs\/SK9bqOFR5OI\/AAAAAAAACOc\/Iw1h5twzGHc\/s400\/S%C3%A3o+Wolfgang.jpg\",\"articleSection\":[\"Testemunhos\"],\"inLanguage\":\"pt-BR\",\"potentialAction\":[{\"@type\":\"CommentAction\",\"name\":\"Comment\",\"target\":[\"https:\/\/www.oarcanjo.net\/site\/sao-wolfgang\/#respond\"]}]},{\"@type\":\"WebPage\",\"@id\":\"https:\/\/www.oarcanjo.net\/site\/sao-wolfgang\/\",\"url\":\"https:\/\/www.oarcanjo.net\/site\/sao-wolfgang\/\",\"name\":\"S\u00e3o Wolfgang - O Arcanjo no ar\",\"isPartOf\":{\"@id\":\"https:\/\/www.oarcanjo.net\/site\/#website\"},\"primaryImageOfPage\":{\"@id\":\"https:\/\/www.oarcanjo.net\/site\/sao-wolfgang\/#primaryimage\"},\"image\":{\"@id\":\"https:\/\/www.oarcanjo.net\/site\/sao-wolfgang\/#primaryimage\"},\"thumbnailUrl\":\"http:\/\/3.bp.blogspot.com\/_z-c0Sh5Zlrs\/SK9bqOFR5OI\/AAAAAAAACOc\/Iw1h5twzGHc\/s400\/S%C3%A3o+Wolfgang.jpg\",\"datePublished\":\"2017-10-31T02:46:51+00:00\",\"dateModified\":\"2017-08-11T17:57:51+00:00\",\"breadcrumb\":{\"@id\":\"https:\/\/www.oarcanjo.net\/site\/sao-wolfgang\/#breadcrumb\"},\"inLanguage\":\"pt-BR\",\"potentialAction\":[{\"@type\":\"ReadAction\",\"target\":[\"https:\/\/www.oarcanjo.net\/site\/sao-wolfgang\/\"]}]},{\"@type\":\"ImageObject\",\"inLanguage\":\"pt-BR\",\"@id\":\"https:\/\/www.oarcanjo.net\/site\/sao-wolfgang\/#primaryimage\",\"url\":\"http:\/\/3.bp.blogspot.com\/_z-c0Sh5Zlrs\/SK9bqOFR5OI\/AAAAAAAACOc\/Iw1h5twzGHc\/s400\/S%C3%A3o+Wolfgang.jpg\",\"contentUrl\":\"http:\/\/3.bp.blogspot.com\/_z-c0Sh5Zlrs\/SK9bqOFR5OI\/AAAAAAAACOc\/Iw1h5twzGHc\/s400\/S%C3%A3o+Wolfgang.jpg\"},{\"@type\":\"BreadcrumbList\",\"@id\":\"https:\/\/www.oarcanjo.net\/site\/sao-wolfgang\/#breadcrumb\",\"itemListElement\":[{\"@type\":\"ListItem\",\"position\":1,\"name\":\"In\u00edcio\",\"item\":\"https:\/\/www.oarcanjo.net\/site\/\"},{\"@type\":\"ListItem\",\"position\":2,\"name\":\"S\u00e3o Wolfgang\"}]},{\"@type\":\"WebSite\",\"@id\":\"https:\/\/www.oarcanjo.net\/site\/#website\",\"url\":\"https:\/\/www.oarcanjo.net\/site\/\",\"name\":\"O Arcanjo no ar\",\"description\":\"Site da Par\u00f3quia S\u00e3o Miguel Arcanjo (Arquidiocese de SP)\",\"publisher\":{\"@id\":\"https:\/\/www.oarcanjo.net\/site\/#organization\"},\"potentialAction\":[{\"@type\":\"SearchAction\",\"target\":{\"@type\":\"EntryPoint\",\"urlTemplate\":\"https:\/\/www.oarcanjo.net\/site\/?s={search_term_string}\"},\"query-input\":{\"@type\":\"PropertyValueSpecification\",\"valueRequired\":true,\"valueName\":\"search_term_string\"}}],\"inLanguage\":\"pt-BR\"},{\"@type\":\"Organization\",\"@id\":\"https:\/\/www.oarcanjo.net\/site\/#organization\",\"name\":\"Par\u00f3quia S\u00e3o Miguel Arcanjo\",\"url\":\"https:\/\/www.oarcanjo.net\/site\/\",\"logo\":{\"@type\":\"ImageObject\",\"inLanguage\":\"pt-BR\",\"@id\":\"https:\/\/www.oarcanjo.net\/site\/#\/schema\/logo\/image\/\",\"url\":\"https:\/\/www.oarcanjo.net\/site\/wp-content\/uploads\/LogoOArcanjo.png\",\"contentUrl\":\"https:\/\/www.oarcanjo.net\/site\/wp-content\/uploads\/LogoOArcanjo.png\",\"width\":319,\"height\":99,\"caption\":\"Par\u00f3quia S\u00e3o Miguel Arcanjo\"},\"image\":{\"@id\":\"https:\/\/www.oarcanjo.net\/site\/#\/schema\/logo\/image\/\"},\"sameAs\":[\"https:\/\/www.facebook.com\/OArcanjoNoAr\/\"]},{\"@type\":\"Person\",\"@id\":\"https:\/\/www.oarcanjo.net\/site\/#\/schema\/person\/5eb9480bedd2f3c97e430ce128c29c6c\",\"name\":\"danilo\"}]}<\/script>\n<!-- \/ Yoast SEO plugin. -->","yoast_head_json":{"title":"S\u00e3o Wolfgang - O Arcanjo no ar","robots":{"index":"index","follow":"follow","max-snippet":"max-snippet:-1","max-image-preview":"max-image-preview:large","max-video-preview":"max-video-preview:-1"},"canonical":"https:\/\/www.oarcanjo.net\/site\/sao-wolfgang\/","og_locale":"pt_BR","og_type":"article","og_title":"S\u00e3o Wolfgang - O Arcanjo no ar","og_description":"31 de Outubro No final do s\u00e9culo I surgiu o novo contorno pol\u00edtico dos pa\u00edses da Europa. Entre os construtores desse novo mapa europeu est\u00e1 o bispo s\u00e3o Wolfgang, tamb\u00e9m venerado como padroeiro dos lenhadores. Nascido no ano 924, na antiga Su\u00e1bia, regi\u00e3o do sudoeste da Alemanha, aos sete anos foi entregue \u00e0 tutela de [&hellip;]","og_url":"https:\/\/www.oarcanjo.net\/site\/sao-wolfgang\/","og_site_name":"O Arcanjo no ar","article_publisher":"https:\/\/www.facebook.com\/OArcanjoNoAr\/","article_published_time":"2017-10-31T02:46:51+00:00","article_modified_time":"2017-08-11T17:57:51+00:00","og_image":[{"url":"http:\/\/3.bp.blogspot.com\/_z-c0Sh5Zlrs\/SK9bqOFR5OI\/AAAAAAAACOc\/Iw1h5twzGHc\/s400\/S%C3%A3o+Wolfgang.jpg"}],"author":"danilo","twitter_card":"summary_large_image","twitter_misc":{"Escrito por":"danilo","Est. tempo de leitura":"3 minutos"},"schema":{"@context":"https:\/\/schema.org","@graph":[{"@type":"Article","@id":"https:\/\/www.oarcanjo.net\/site\/sao-wolfgang\/#article","isPartOf":{"@id":"https:\/\/www.oarcanjo.net\/site\/sao-wolfgang\/"},"author":{"name":"danilo","@id":"https:\/\/www.oarcanjo.net\/site\/#\/schema\/person\/5eb9480bedd2f3c97e430ce128c29c6c"},"headline":"S\u00e3o Wolfgang","datePublished":"2017-10-31T02:46:51+00:00","dateModified":"2017-08-11T17:57:51+00:00","mainEntityOfPage":{"@id":"https:\/\/www.oarcanjo.net\/site\/sao-wolfgang\/"},"wordCount":629,"commentCount":0,"publisher":{"@id":"https:\/\/www.oarcanjo.net\/site\/#organization"},"image":{"@id":"https:\/\/www.oarcanjo.net\/site\/sao-wolfgang\/#primaryimage"},"thumbnailUrl":"http:\/\/3.bp.blogspot.com\/_z-c0Sh5Zlrs\/SK9bqOFR5OI\/AAAAAAAACOc\/Iw1h5twzGHc\/s400\/S%C3%A3o+Wolfgang.jpg","articleSection":["Testemunhos"],"inLanguage":"pt-BR","potentialAction":[{"@type":"CommentAction","name":"Comment","target":["https:\/\/www.oarcanjo.net\/site\/sao-wolfgang\/#respond"]}]},{"@type":"WebPage","@id":"https:\/\/www.oarcanjo.net\/site\/sao-wolfgang\/","url":"https:\/\/www.oarcanjo.net\/site\/sao-wolfgang\/","name":"S\u00e3o Wolfgang - O Arcanjo no ar","isPartOf":{"@id":"https:\/\/www.oarcanjo.net\/site\/#website"},"primaryImageOfPage":{"@id":"https:\/\/www.oarcanjo.net\/site\/sao-wolfgang\/#primaryimage"},"image":{"@id":"https:\/\/www.oarcanjo.net\/site\/sao-wolfgang\/#primaryimage"},"thumbnailUrl":"http:\/\/3.bp.blogspot.com\/_z-c0Sh5Zlrs\/SK9bqOFR5OI\/AAAAAAAACOc\/Iw1h5twzGHc\/s400\/S%C3%A3o+Wolfgang.jpg","datePublished":"2017-10-31T02:46:51+00:00","dateModified":"2017-08-11T17:57:51+00:00","breadcrumb":{"@id":"https:\/\/www.oarcanjo.net\/site\/sao-wolfgang\/#breadcrumb"},"inLanguage":"pt-BR","potentialAction":[{"@type":"ReadAction","target":["https:\/\/www.oarcanjo.net\/site\/sao-wolfgang\/"]}]},{"@type":"ImageObject","inLanguage":"pt-BR","@id":"https:\/\/www.oarcanjo.net\/site\/sao-wolfgang\/#primaryimage","url":"http:\/\/3.bp.blogspot.com\/_z-c0Sh5Zlrs\/SK9bqOFR5OI\/AAAAAAAACOc\/Iw1h5twzGHc\/s400\/S%C3%A3o+Wolfgang.jpg","contentUrl":"http:\/\/3.bp.blogspot.com\/_z-c0Sh5Zlrs\/SK9bqOFR5OI\/AAAAAAAACOc\/Iw1h5twzGHc\/s400\/S%C3%A3o+Wolfgang.jpg"},{"@type":"BreadcrumbList","@id":"https:\/\/www.oarcanjo.net\/site\/sao-wolfgang\/#breadcrumb","itemListElement":[{"@type":"ListItem","position":1,"name":"In\u00edcio","item":"https:\/\/www.oarcanjo.net\/site\/"},{"@type":"ListItem","position":2,"name":"S\u00e3o Wolfgang"}]},{"@type":"WebSite","@id":"https:\/\/www.oarcanjo.net\/site\/#website","url":"https:\/\/www.oarcanjo.net\/site\/","name":"O Arcanjo no ar","description":"Site da Par\u00f3quia S\u00e3o Miguel Arcanjo (Arquidiocese de SP)","publisher":{"@id":"https:\/\/www.oarcanjo.net\/site\/#organization"},"potentialAction":[{"@type":"SearchAction","target":{"@type":"EntryPoint","urlTemplate":"https:\/\/www.oarcanjo.net\/site\/?s={search_term_string}"},"query-input":{"@type":"PropertyValueSpecification","valueRequired":true,"valueName":"search_term_string"}}],"inLanguage":"pt-BR"},{"@type":"Organization","@id":"https:\/\/www.oarcanjo.net\/site\/#organization","name":"Par\u00f3quia S\u00e3o Miguel Arcanjo","url":"https:\/\/www.oarcanjo.net\/site\/","logo":{"@type":"ImageObject","inLanguage":"pt-BR","@id":"https:\/\/www.oarcanjo.net\/site\/#\/schema\/logo\/image\/","url":"https:\/\/www.oarcanjo.net\/site\/wp-content\/uploads\/LogoOArcanjo.png","contentUrl":"https:\/\/www.oarcanjo.net\/site\/wp-content\/uploads\/LogoOArcanjo.png","width":319,"height":99,"caption":"Par\u00f3quia S\u00e3o Miguel Arcanjo"},"image":{"@id":"https:\/\/www.oarcanjo.net\/site\/#\/schema\/logo\/image\/"},"sameAs":["https:\/\/www.facebook.com\/OArcanjoNoAr\/"]},{"@type":"Person","@id":"https:\/\/www.oarcanjo.net\/site\/#\/schema\/person\/5eb9480bedd2f3c97e430ce128c29c6c","name":"danilo"}]}},"publishpress_future_action":{"enabled":false,"date":"2026-05-07 17:18:23","action":"category","newStatus":"draft","terms":[],"taxonomy":"category"},"publishpress_future_workflow_manual_trigger":{"enabledWorkflows":[]},"_links":{"self":[{"href":"https:\/\/www.oarcanjo.net\/site\/wp-json\/wp\/v2\/posts\/11521"}],"collection":[{"href":"https:\/\/www.oarcanjo.net\/site\/wp-json\/wp\/v2\/posts"}],"about":[{"href":"https:\/\/www.oarcanjo.net\/site\/wp-json\/wp\/v2\/types\/post"}],"author":[{"embeddable":true,"href":"https:\/\/www.oarcanjo.net\/site\/wp-json\/wp\/v2\/users\/14"}],"replies":[{"embeddable":true,"href":"https:\/\/www.oarcanjo.net\/site\/wp-json\/wp\/v2\/comments?post=11521"}],"version-history":[{"count":0,"href":"https:\/\/www.oarcanjo.net\/site\/wp-json\/wp\/v2\/posts\/11521\/revisions"}],"wp:attachment":[{"href":"https:\/\/www.oarcanjo.net\/site\/wp-json\/wp\/v2\/media?parent=11521"}],"wp:term":[{"taxonomy":"category","embeddable":true,"href":"https:\/\/www.oarcanjo.net\/site\/wp-json\/wp\/v2\/categories?post=11521"},{"taxonomy":"post_tag","embeddable":true,"href":"https:\/\/www.oarcanjo.net\/site\/wp-json\/wp\/v2\/tags?post=11521"}],"curies":[{"name":"wp","href":"https:\/\/api.w.org\/{rel}","templated":true}]}}