
{"id":11523,"date":"2017-10-31T00:50:12","date_gmt":"2017-10-31T02:50:12","guid":{"rendered":"http:\/\/www.oarcanjo.net\/site\/?p=11523"},"modified":"2017-08-11T14:57:29","modified_gmt":"2017-08-11T17:57:29","slug":"santo-afonso-rodrigues-2","status":"publish","type":"post","link":"https:\/\/www.oarcanjo.net\/site\/santo-afonso-rodrigues-2\/","title":{"rendered":"Santo Afonso Rodrigues"},"content":{"rendered":"<p><img loading=\"lazy\" decoding=\"async\" class=\"alignnone size-full wp-image-66867\" src=\"http:\/\/www.oarcanjo.net\/site\/wp-content\/uploads\/Santo-Afonso-Rodrigues.jpg\" alt=\"Santo Afonso Rodrigues\" width=\"365\" height=\"500\" srcset=\"https:\/\/www.oarcanjo.net\/site\/wp-content\/uploads\/Santo-Afonso-Rodrigues.jpg 365w, https:\/\/www.oarcanjo.net\/site\/wp-content\/uploads\/Santo-Afonso-Rodrigues-219x300.jpg 219w\" sizes=\"(max-width: 365px) 100vw, 365px\" \/><\/p>\n<p>31 de Outubro<\/p>\n<p>A Companhia de Jesus gerou padres e mission\u00e1rios santos que deixaram a assinatura dos jesu\u00edtas na hist\u00f3ria da evangeliza\u00e7\u00e3o e na hist\u00f3ria da humanidade. Figuras ilustres que se destacaram pela relev\u00e2ncia de suas obras sociais crist\u00e3s em favor das minorias pobres e marginalizadas, cujas contribui\u00e7\u00f5es ainda florescem no mundo todo.<\/p>\n<p>Entretanto de suas fileiras sa\u00edram tamb\u00e9m santos humildes e simples, que pela vida entregue a Deus e servindo exclusivamente ao pr\u00f3ximo, mostraram o caminho de felicidade espiritual aos devotos e disc\u00edpulos. Valorosos personagens quase ocultos, que formam gera\u00e7\u00f5es e gera\u00e7\u00f5es de crist\u00e3os e, assim, sedimentam a sua obra no seio das fam\u00edlias leigas e religiosas.<\/p>\n<p>Um dos mais significativos desses exemplos \u00e9 o irm\u00e3o leigo Afonso Rodrigues, natural de Seg\u00f3via, Espanha. Nascido em 25 de julho de 1532, pertencia a uma fam\u00edlia pobre e profundamente crist\u00e3. Ap\u00f3s viver uma sucess\u00e3o de fatalidades pessoais, Afonso encontrou seu caminho na f\u00e9.<\/p>\n<p>Tudo come\u00e7ou quando Afonso tinha dezesseis anos. Seu pai, um simples comerciante de tecidos, morreu de repente. Vendo a dif\u00edcil situa\u00e7\u00e3o de sua m\u00e3e, sozinha para sustentar os onze filhos, parou de estudar. Para manter a casa, passou a vender tecidos, aproveitando a clientela que seu pai deixara.<\/p>\n<p>Em 1555, aconselhado por sua m\u00e3e, casou e teve dois filhos. Mas novamente a fatalidade fez-se presente no seu lar. Primeiro, foi a jovem esposa que adoeceu e logo morreu; em seguida, faleceram os dois filhos, um ap\u00f3s o outro. Abatido pelas perdas, descuidou dos neg\u00f3cios, perdeu o pouco que tinha e, para piorar, ficou sem cr\u00e9dito.<\/p>\n<p>Sem rumo, tentou voltar aos estudos, mas n\u00e3o se saiu bem nas provas e n\u00e3o p\u00f4de cursar a Faculdade de Val\u00eancia.<\/p>\n<p>Afonso entrou, ent\u00e3o, numa profunda crise espiritual. Retirado na pr\u00f3pria casa, rezou, meditou muito e resolveu dedicar sua vida completamente a servi\u00e7o de Deus, servindo aos semelhantes. Ingressou como irm\u00e3o leigo na Companhia de Jesus em 1571. E foi um noviciado de sucesso, pois foi enviado para trabalhar no col\u00e9gio de forma\u00e7\u00e3o de padres jesu\u00edtas em Palma, na ilha de Maiorca, onde encontrou a plena realiza\u00e7\u00e3o da vida e terminou seus dias.<\/p>\n<p>No col\u00e9gio, exerceu somente a simples e humilde fun\u00e7\u00e3o de porteiro, por quarenta e seis anos. Se materialmente n\u00e3o ocupava posi\u00e7\u00e3o de destaque, espiritualmente era dos mais engrandecidos entre os irm\u00e3os. Recebera dons especiais e muitas manifesta\u00e7\u00f5es m\u00edsticas o cercavam, como vis\u00f5es, previs\u00f5es, prod\u00edgios e cura.<\/p>\n<p>E assim, apesar de porteiro, foi orientador espiritual de muitos religiosos e leigos, que buscavam sua sabedoria e conselho. Mas um se destacava. Era Pedro Claver, um dos maiores mission\u00e1rios da Ordem, que jamais abandonou os seus ensinamentos e tamb\u00e9m ganhou a santidade. Outro foi o mission\u00e1rio Jer\u00f4nimo Moranto, martirizado no M\u00e9xico, que seguiu, sempre, sua orienta\u00e7\u00e3o.<\/p>\n<p>Afonso sofreu de fortes dores f\u00edsicas durante dois anos, antes de morrer em 31 de outubro de 1617, l\u00e1 mesmo no col\u00e9gio. Foi canonizado em 1888, pelo papa Le\u00e3o XIII, junto com s\u00e3o Pedro Claver, seu disc\u00edpulo, conhecido como o Apostolo dos Escravos. Santo Afonso Rodrigues deixou uma obra escrita resumida em tr\u00eas volumes, mas de grande valor teol\u00f3gico, onde relatou com detalhes a riqueza de sua espiritualidade m\u00edstica. A sua festa lit\u00fargica \u00e9 comemorada no dia de sua morte.<\/p>\n<div id=\"themify_builder_content-11523\" data-postid=\"11523\" class=\"themify_builder_content themify_builder_content-11523 themify_builder themify_builder_front\">\n\t<\/div>\n<!-- \/themify_builder_content -->","protected":false},"excerpt":{"rendered":"<p>31 de Outubro A Companhia de Jesus gerou padres e mission\u00e1rios santos que deixaram a assinatura dos jesu\u00edtas na hist\u00f3ria da evangeliza\u00e7\u00e3o e na hist\u00f3ria da humanidade. Figuras ilustres que se destacaram pela relev\u00e2ncia de suas obras sociais crist\u00e3s em favor das minorias pobres e marginalizadas, cujas contribui\u00e7\u00f5es ainda florescem no mundo todo. Entretanto de [&hellip;]<\/p>\n","protected":false},"author":14,"featured_media":0,"comment_status":"open","ping_status":"open","sticky":false,"template":"","format":"standard","meta":{"ngg_post_thumbnail":0,"footnotes":""},"categories":[186],"tags":[],"yoast_head":"<!-- This site is optimized with the Yoast SEO plugin v23.5 - https:\/\/yoast.com\/wordpress\/plugins\/seo\/ -->\n<title>Santo Afonso Rodrigues - O Arcanjo no ar<\/title>\n<meta name=\"robots\" content=\"index, follow, max-snippet:-1, max-image-preview:large, max-video-preview:-1\" \/>\n<link rel=\"canonical\" href=\"https:\/\/www.oarcanjo.net\/site\/santo-afonso-rodrigues-2\/\" \/>\n<meta property=\"og:locale\" content=\"pt_BR\" \/>\n<meta property=\"og:type\" content=\"article\" \/>\n<meta property=\"og:title\" content=\"Santo Afonso Rodrigues - O Arcanjo no ar\" \/>\n<meta property=\"og:description\" content=\"31 de Outubro A Companhia de Jesus gerou padres e mission\u00e1rios santos que deixaram a assinatura dos jesu\u00edtas na hist\u00f3ria da evangeliza\u00e7\u00e3o e na hist\u00f3ria da humanidade. Figuras ilustres que se destacaram pela relev\u00e2ncia de suas obras sociais crist\u00e3s em favor das minorias pobres e marginalizadas, cujas contribui\u00e7\u00f5es ainda florescem no mundo todo. Entretanto de [&hellip;]\" \/>\n<meta property=\"og:url\" content=\"https:\/\/www.oarcanjo.net\/site\/santo-afonso-rodrigues-2\/\" \/>\n<meta property=\"og:site_name\" content=\"O Arcanjo no ar\" \/>\n<meta property=\"article:publisher\" content=\"https:\/\/www.facebook.com\/OArcanjoNoAr\/\" \/>\n<meta property=\"article:published_time\" content=\"2017-10-31T02:50:12+00:00\" \/>\n<meta property=\"article:modified_time\" content=\"2017-08-11T17:57:29+00:00\" \/>\n<meta property=\"og:image\" content=\"http:\/\/www.oarcanjo.net\/site\/wp-content\/uploads\/Santo-Afonso-Rodrigues.jpg\" \/>\n<meta name=\"author\" content=\"danilo\" \/>\n<meta name=\"twitter:card\" content=\"summary_large_image\" \/>\n<meta name=\"twitter:label1\" content=\"Escrito por\" \/>\n\t<meta name=\"twitter:data1\" content=\"danilo\" \/>\n\t<meta name=\"twitter:label2\" content=\"Est. tempo de leitura\" \/>\n\t<meta name=\"twitter:data2\" content=\"3 minutos\" \/>\n<script type=\"application\/ld+json\" class=\"yoast-schema-graph\">{\"@context\":\"https:\/\/schema.org\",\"@graph\":[{\"@type\":\"Article\",\"@id\":\"https:\/\/www.oarcanjo.net\/site\/santo-afonso-rodrigues-2\/#article\",\"isPartOf\":{\"@id\":\"https:\/\/www.oarcanjo.net\/site\/santo-afonso-rodrigues-2\/\"},\"author\":{\"name\":\"danilo\",\"@id\":\"https:\/\/www.oarcanjo.net\/site\/#\/schema\/person\/5eb9480bedd2f3c97e430ce128c29c6c\"},\"headline\":\"Santo Afonso Rodrigues\",\"datePublished\":\"2017-10-31T02:50:12+00:00\",\"dateModified\":\"2017-08-11T17:57:29+00:00\",\"mainEntityOfPage\":{\"@id\":\"https:\/\/www.oarcanjo.net\/site\/santo-afonso-rodrigues-2\/\"},\"wordCount\":592,\"commentCount\":0,\"publisher\":{\"@id\":\"https:\/\/www.oarcanjo.net\/site\/#organization\"},\"image\":{\"@id\":\"https:\/\/www.oarcanjo.net\/site\/santo-afonso-rodrigues-2\/#primaryimage\"},\"thumbnailUrl\":\"http:\/\/www.oarcanjo.net\/site\/wp-content\/uploads\/Santo-Afonso-Rodrigues.jpg\",\"articleSection\":[\"Testemunhos\"],\"inLanguage\":\"pt-BR\",\"potentialAction\":[{\"@type\":\"CommentAction\",\"name\":\"Comment\",\"target\":[\"https:\/\/www.oarcanjo.net\/site\/santo-afonso-rodrigues-2\/#respond\"]}]},{\"@type\":\"WebPage\",\"@id\":\"https:\/\/www.oarcanjo.net\/site\/santo-afonso-rodrigues-2\/\",\"url\":\"https:\/\/www.oarcanjo.net\/site\/santo-afonso-rodrigues-2\/\",\"name\":\"Santo Afonso Rodrigues - O Arcanjo no ar\",\"isPartOf\":{\"@id\":\"https:\/\/www.oarcanjo.net\/site\/#website\"},\"primaryImageOfPage\":{\"@id\":\"https:\/\/www.oarcanjo.net\/site\/santo-afonso-rodrigues-2\/#primaryimage\"},\"image\":{\"@id\":\"https:\/\/www.oarcanjo.net\/site\/santo-afonso-rodrigues-2\/#primaryimage\"},\"thumbnailUrl\":\"http:\/\/www.oarcanjo.net\/site\/wp-content\/uploads\/Santo-Afonso-Rodrigues.jpg\",\"datePublished\":\"2017-10-31T02:50:12+00:00\",\"dateModified\":\"2017-08-11T17:57:29+00:00\",\"breadcrumb\":{\"@id\":\"https:\/\/www.oarcanjo.net\/site\/santo-afonso-rodrigues-2\/#breadcrumb\"},\"inLanguage\":\"pt-BR\",\"potentialAction\":[{\"@type\":\"ReadAction\",\"target\":[\"https:\/\/www.oarcanjo.net\/site\/santo-afonso-rodrigues-2\/\"]}]},{\"@type\":\"ImageObject\",\"inLanguage\":\"pt-BR\",\"@id\":\"https:\/\/www.oarcanjo.net\/site\/santo-afonso-rodrigues-2\/#primaryimage\",\"url\":\"https:\/\/www.oarcanjo.net\/site\/wp-content\/uploads\/Santo-Afonso-Rodrigues.jpg\",\"contentUrl\":\"https:\/\/www.oarcanjo.net\/site\/wp-content\/uploads\/Santo-Afonso-Rodrigues.jpg\",\"width\":365,\"height\":500,\"caption\":\"Santo Afonso Rodrigues\"},{\"@type\":\"BreadcrumbList\",\"@id\":\"https:\/\/www.oarcanjo.net\/site\/santo-afonso-rodrigues-2\/#breadcrumb\",\"itemListElement\":[{\"@type\":\"ListItem\",\"position\":1,\"name\":\"In\u00edcio\",\"item\":\"https:\/\/www.oarcanjo.net\/site\/\"},{\"@type\":\"ListItem\",\"position\":2,\"name\":\"Santo Afonso Rodrigues\"}]},{\"@type\":\"WebSite\",\"@id\":\"https:\/\/www.oarcanjo.net\/site\/#website\",\"url\":\"https:\/\/www.oarcanjo.net\/site\/\",\"name\":\"O Arcanjo no ar\",\"description\":\"Site da Par\u00f3quia S\u00e3o Miguel Arcanjo (Arquidiocese de SP)\",\"publisher\":{\"@id\":\"https:\/\/www.oarcanjo.net\/site\/#organization\"},\"potentialAction\":[{\"@type\":\"SearchAction\",\"target\":{\"@type\":\"EntryPoint\",\"urlTemplate\":\"https:\/\/www.oarcanjo.net\/site\/?s={search_term_string}\"},\"query-input\":{\"@type\":\"PropertyValueSpecification\",\"valueRequired\":true,\"valueName\":\"search_term_string\"}}],\"inLanguage\":\"pt-BR\"},{\"@type\":\"Organization\",\"@id\":\"https:\/\/www.oarcanjo.net\/site\/#organization\",\"name\":\"Par\u00f3quia S\u00e3o Miguel Arcanjo\",\"url\":\"https:\/\/www.oarcanjo.net\/site\/\",\"logo\":{\"@type\":\"ImageObject\",\"inLanguage\":\"pt-BR\",\"@id\":\"https:\/\/www.oarcanjo.net\/site\/#\/schema\/logo\/image\/\",\"url\":\"https:\/\/www.oarcanjo.net\/site\/wp-content\/uploads\/LogoOArcanjo.png\",\"contentUrl\":\"https:\/\/www.oarcanjo.net\/site\/wp-content\/uploads\/LogoOArcanjo.png\",\"width\":319,\"height\":99,\"caption\":\"Par\u00f3quia S\u00e3o Miguel Arcanjo\"},\"image\":{\"@id\":\"https:\/\/www.oarcanjo.net\/site\/#\/schema\/logo\/image\/\"},\"sameAs\":[\"https:\/\/www.facebook.com\/OArcanjoNoAr\/\"]},{\"@type\":\"Person\",\"@id\":\"https:\/\/www.oarcanjo.net\/site\/#\/schema\/person\/5eb9480bedd2f3c97e430ce128c29c6c\",\"name\":\"danilo\"}]}<\/script>\n<!-- \/ Yoast SEO plugin. -->","yoast_head_json":{"title":"Santo Afonso Rodrigues - O Arcanjo no ar","robots":{"index":"index","follow":"follow","max-snippet":"max-snippet:-1","max-image-preview":"max-image-preview:large","max-video-preview":"max-video-preview:-1"},"canonical":"https:\/\/www.oarcanjo.net\/site\/santo-afonso-rodrigues-2\/","og_locale":"pt_BR","og_type":"article","og_title":"Santo Afonso Rodrigues - O Arcanjo no ar","og_description":"31 de Outubro A Companhia de Jesus gerou padres e mission\u00e1rios santos que deixaram a assinatura dos jesu\u00edtas na hist\u00f3ria da evangeliza\u00e7\u00e3o e na hist\u00f3ria da humanidade. Figuras ilustres que se destacaram pela relev\u00e2ncia de suas obras sociais crist\u00e3s em favor das minorias pobres e marginalizadas, cujas contribui\u00e7\u00f5es ainda florescem no mundo todo. Entretanto de [&hellip;]","og_url":"https:\/\/www.oarcanjo.net\/site\/santo-afonso-rodrigues-2\/","og_site_name":"O Arcanjo no ar","article_publisher":"https:\/\/www.facebook.com\/OArcanjoNoAr\/","article_published_time":"2017-10-31T02:50:12+00:00","article_modified_time":"2017-08-11T17:57:29+00:00","og_image":[{"url":"http:\/\/www.oarcanjo.net\/site\/wp-content\/uploads\/Santo-Afonso-Rodrigues.jpg"}],"author":"danilo","twitter_card":"summary_large_image","twitter_misc":{"Escrito por":"danilo","Est. tempo de leitura":"3 minutos"},"schema":{"@context":"https:\/\/schema.org","@graph":[{"@type":"Article","@id":"https:\/\/www.oarcanjo.net\/site\/santo-afonso-rodrigues-2\/#article","isPartOf":{"@id":"https:\/\/www.oarcanjo.net\/site\/santo-afonso-rodrigues-2\/"},"author":{"name":"danilo","@id":"https:\/\/www.oarcanjo.net\/site\/#\/schema\/person\/5eb9480bedd2f3c97e430ce128c29c6c"},"headline":"Santo Afonso Rodrigues","datePublished":"2017-10-31T02:50:12+00:00","dateModified":"2017-08-11T17:57:29+00:00","mainEntityOfPage":{"@id":"https:\/\/www.oarcanjo.net\/site\/santo-afonso-rodrigues-2\/"},"wordCount":592,"commentCount":0,"publisher":{"@id":"https:\/\/www.oarcanjo.net\/site\/#organization"},"image":{"@id":"https:\/\/www.oarcanjo.net\/site\/santo-afonso-rodrigues-2\/#primaryimage"},"thumbnailUrl":"http:\/\/www.oarcanjo.net\/site\/wp-content\/uploads\/Santo-Afonso-Rodrigues.jpg","articleSection":["Testemunhos"],"inLanguage":"pt-BR","potentialAction":[{"@type":"CommentAction","name":"Comment","target":["https:\/\/www.oarcanjo.net\/site\/santo-afonso-rodrigues-2\/#respond"]}]},{"@type":"WebPage","@id":"https:\/\/www.oarcanjo.net\/site\/santo-afonso-rodrigues-2\/","url":"https:\/\/www.oarcanjo.net\/site\/santo-afonso-rodrigues-2\/","name":"Santo Afonso Rodrigues - O Arcanjo no ar","isPartOf":{"@id":"https:\/\/www.oarcanjo.net\/site\/#website"},"primaryImageOfPage":{"@id":"https:\/\/www.oarcanjo.net\/site\/santo-afonso-rodrigues-2\/#primaryimage"},"image":{"@id":"https:\/\/www.oarcanjo.net\/site\/santo-afonso-rodrigues-2\/#primaryimage"},"thumbnailUrl":"http:\/\/www.oarcanjo.net\/site\/wp-content\/uploads\/Santo-Afonso-Rodrigues.jpg","datePublished":"2017-10-31T02:50:12+00:00","dateModified":"2017-08-11T17:57:29+00:00","breadcrumb":{"@id":"https:\/\/www.oarcanjo.net\/site\/santo-afonso-rodrigues-2\/#breadcrumb"},"inLanguage":"pt-BR","potentialAction":[{"@type":"ReadAction","target":["https:\/\/www.oarcanjo.net\/site\/santo-afonso-rodrigues-2\/"]}]},{"@type":"ImageObject","inLanguage":"pt-BR","@id":"https:\/\/www.oarcanjo.net\/site\/santo-afonso-rodrigues-2\/#primaryimage","url":"https:\/\/www.oarcanjo.net\/site\/wp-content\/uploads\/Santo-Afonso-Rodrigues.jpg","contentUrl":"https:\/\/www.oarcanjo.net\/site\/wp-content\/uploads\/Santo-Afonso-Rodrigues.jpg","width":365,"height":500,"caption":"Santo Afonso Rodrigues"},{"@type":"BreadcrumbList","@id":"https:\/\/www.oarcanjo.net\/site\/santo-afonso-rodrigues-2\/#breadcrumb","itemListElement":[{"@type":"ListItem","position":1,"name":"In\u00edcio","item":"https:\/\/www.oarcanjo.net\/site\/"},{"@type":"ListItem","position":2,"name":"Santo Afonso Rodrigues"}]},{"@type":"WebSite","@id":"https:\/\/www.oarcanjo.net\/site\/#website","url":"https:\/\/www.oarcanjo.net\/site\/","name":"O Arcanjo no ar","description":"Site da Par\u00f3quia S\u00e3o Miguel Arcanjo (Arquidiocese de SP)","publisher":{"@id":"https:\/\/www.oarcanjo.net\/site\/#organization"},"potentialAction":[{"@type":"SearchAction","target":{"@type":"EntryPoint","urlTemplate":"https:\/\/www.oarcanjo.net\/site\/?s={search_term_string}"},"query-input":{"@type":"PropertyValueSpecification","valueRequired":true,"valueName":"search_term_string"}}],"inLanguage":"pt-BR"},{"@type":"Organization","@id":"https:\/\/www.oarcanjo.net\/site\/#organization","name":"Par\u00f3quia S\u00e3o Miguel Arcanjo","url":"https:\/\/www.oarcanjo.net\/site\/","logo":{"@type":"ImageObject","inLanguage":"pt-BR","@id":"https:\/\/www.oarcanjo.net\/site\/#\/schema\/logo\/image\/","url":"https:\/\/www.oarcanjo.net\/site\/wp-content\/uploads\/LogoOArcanjo.png","contentUrl":"https:\/\/www.oarcanjo.net\/site\/wp-content\/uploads\/LogoOArcanjo.png","width":319,"height":99,"caption":"Par\u00f3quia S\u00e3o Miguel Arcanjo"},"image":{"@id":"https:\/\/www.oarcanjo.net\/site\/#\/schema\/logo\/image\/"},"sameAs":["https:\/\/www.facebook.com\/OArcanjoNoAr\/"]},{"@type":"Person","@id":"https:\/\/www.oarcanjo.net\/site\/#\/schema\/person\/5eb9480bedd2f3c97e430ce128c29c6c","name":"danilo"}]}},"publishpress_future_action":{"enabled":false,"date":"2026-05-07 16:04:34","action":"category","newStatus":"draft","terms":[],"taxonomy":"category"},"publishpress_future_workflow_manual_trigger":{"enabledWorkflows":[]},"_links":{"self":[{"href":"https:\/\/www.oarcanjo.net\/site\/wp-json\/wp\/v2\/posts\/11523"}],"collection":[{"href":"https:\/\/www.oarcanjo.net\/site\/wp-json\/wp\/v2\/posts"}],"about":[{"href":"https:\/\/www.oarcanjo.net\/site\/wp-json\/wp\/v2\/types\/post"}],"author":[{"embeddable":true,"href":"https:\/\/www.oarcanjo.net\/site\/wp-json\/wp\/v2\/users\/14"}],"replies":[{"embeddable":true,"href":"https:\/\/www.oarcanjo.net\/site\/wp-json\/wp\/v2\/comments?post=11523"}],"version-history":[{"count":0,"href":"https:\/\/www.oarcanjo.net\/site\/wp-json\/wp\/v2\/posts\/11523\/revisions"}],"wp:attachment":[{"href":"https:\/\/www.oarcanjo.net\/site\/wp-json\/wp\/v2\/media?parent=11523"}],"wp:term":[{"taxonomy":"category","embeddable":true,"href":"https:\/\/www.oarcanjo.net\/site\/wp-json\/wp\/v2\/categories?post=11523"},{"taxonomy":"post_tag","embeddable":true,"href":"https:\/\/www.oarcanjo.net\/site\/wp-json\/wp\/v2\/tags?post=11523"}],"curies":[{"name":"wp","href":"https:\/\/api.w.org\/{rel}","templated":true}]}}