
{"id":11528,"date":"2010-10-30T04:13:07","date_gmt":"2010-10-30T06:13:07","guid":{"rendered":"http:\/\/www.oarcanjo.net\/site\/?p=11528"},"modified":"2010-11-04T05:47:32","modified_gmt":"2010-11-04T07:47:32","slug":"capela-sao-judas-tadeu-celebracao-dos-25-anos","status":"publish","type":"post","link":"https:\/\/www.oarcanjo.net\/site\/capela-sao-judas-tadeu-celebracao-dos-25-anos\/","title":{"rendered":"Capela S\u00e3o Judas Tadeu &#8211; Celebra\u00e7\u00e3o dos 25 anos"},"content":{"rendered":"<p>Capela S\u00e3o Judas Tadeu 25  anos<br \/>\n28\/10\/1985 &#8211; 28\/10\/2010<br \/>\nUniversidade S\u00e3o Judas Tadeu &#8211; Mooca<\/p>\n<p>Neste dia 28\/10\/2010, a celebra\u00e7\u00e3o dos 25 anos da Capela S\u00e3o Judas Tadeu,  presidida pelo Monsenhor Julio Lancellotti. Presentes os devotos,  a dire\u00e7\u00e3o  da Universidade, professores e funcion\u00e1rios, a comunidade S\u00e3o Miguel Arcanjo e especialmente a Professora Alzira  esposa do saudoso Prof. Alberto Mesquita, bem como a Prof\u00aa Lilian. Mesmo sendo um pr\u00e9dio de grande capacidade, foi necess\u00e1rio providenciar acomoda\u00e7\u00f5es nos espa\u00e7os externos da Capela, trabalho realizado com carinho e organiza\u00e7\u00e3o. Todos receberam ao final da celebra\u00e7\u00e3o uma preciosa recorda\u00e7\u00e3o do Jubileu de Prata. A Capela tamb\u00e9m foi agraciada, com um bel\u00edssimo Evangelho.<\/p>\n<p>Alegrias, l\u00e1grimas, saudades, ora\u00e7\u00f5es, m\u00fasicas de louvor, devo\u00e7\u00e3o e muita f\u00e9. S\u00e3o 25 anos de celebra\u00e7\u00f5es sem interrup\u00e7\u00f5es.<\/p>\nngg_shortcode_0_placeholder\n<p>As fotos por Carlos Alberto Beatriz, mostram essa marcante celebra\u00e7\u00e3o jubilar<\/p>\n<div id=\"themify_builder_content-11528\" data-postid=\"11528\" class=\"themify_builder_content themify_builder_content-11528 themify_builder themify_builder_front\">\n\t<\/div>\n<!-- \/themify_builder_content -->","protected":false},"excerpt":{"rendered":"<p>Capela S\u00e3o Judas Tadeu 25 anos 28\/10\/1985 &#8211; 28\/10\/2010 Universidade S\u00e3o Judas Tadeu &#8211; Mooca Neste dia 28\/10\/2010, a celebra\u00e7\u00e3o dos 25 anos da Capela S\u00e3o Judas Tadeu, presidida pelo Monsenhor Julio Lancellotti. Presentes os devotos, a dire\u00e7\u00e3o da Universidade, professores e funcion\u00e1rios, a comunidade S\u00e3o Miguel Arcanjo e especialmente a Professora Alzira esposa do [&hellip;]<\/p>\n","protected":false},"author":10,"featured_media":0,"comment_status":"open","ping_status":"open","sticky":false,"template":"","format":"standard","meta":{"ngg_post_thumbnail":0,"footnotes":""},"categories":[3,8,7],"tags":[1745,1075],"yoast_head":"<!-- This site is optimized with the Yoast SEO plugin v23.5 - https:\/\/yoast.com\/wordpress\/plugins\/seo\/ -->\n<title>Capela S\u00e3o Judas Tadeu - Celebra\u00e7\u00e3o dos 25 anos - O Arcanjo no ar<\/title>\n<meta name=\"robots\" content=\"index, follow, max-snippet:-1, max-image-preview:large, max-video-preview:-1\" \/>\n<link rel=\"canonical\" href=\"https:\/\/www.oarcanjo.net\/site\/capela-sao-judas-tadeu-celebracao-dos-25-anos\/\" \/>\n<meta property=\"og:locale\" content=\"pt_BR\" \/>\n<meta property=\"og:type\" content=\"article\" \/>\n<meta property=\"og:title\" content=\"Capela S\u00e3o Judas Tadeu - Celebra\u00e7\u00e3o dos 25 anos - O Arcanjo no ar\" \/>\n<meta property=\"og:description\" content=\"Capela S\u00e3o Judas Tadeu 25 anos 28\/10\/1985 &#8211; 28\/10\/2010 Universidade S\u00e3o Judas Tadeu &#8211; Mooca Neste dia 28\/10\/2010, a celebra\u00e7\u00e3o dos 25 anos da Capela S\u00e3o Judas Tadeu, presidida pelo Monsenhor Julio Lancellotti. Presentes os devotos, a dire\u00e7\u00e3o da Universidade, professores e funcion\u00e1rios, a comunidade S\u00e3o Miguel Arcanjo e especialmente a Professora Alzira esposa do [&hellip;]\" \/>\n<meta property=\"og:url\" content=\"https:\/\/www.oarcanjo.net\/site\/capela-sao-judas-tadeu-celebracao-dos-25-anos\/\" \/>\n<meta property=\"og:site_name\" content=\"O Arcanjo no ar\" \/>\n<meta property=\"article:publisher\" content=\"https:\/\/www.facebook.com\/OArcanjoNoAr\/\" \/>\n<meta property=\"article:published_time\" content=\"2010-10-30T06:13:07+00:00\" \/>\n<meta property=\"article:modified_time\" content=\"2010-11-04T07:47:32+00:00\" \/>\n<meta property=\"og:image\" content=\"https:\/\/www.oarcanjo.net\/site\/wp-content\/uploads\/logo-o-arcanjo-no-ar-facebook.png\" \/>\n\t<meta property=\"og:image:width\" content=\"300\" \/>\n\t<meta property=\"og:image:height\" content=\"300\" \/>\n\t<meta property=\"og:image:type\" content=\"image\/png\" \/>\n<meta name=\"author\" content=\"carlos\" \/>\n<meta name=\"twitter:card\" content=\"summary_large_image\" \/>\n<meta name=\"twitter:label1\" content=\"Escrito por\" \/>\n\t<meta name=\"twitter:data1\" content=\"carlos\" \/>\n\t<meta name=\"twitter:label2\" content=\"Est. tempo de leitura\" \/>\n\t<meta name=\"twitter:data2\" content=\"1 minuto\" \/>\n<script type=\"application\/ld+json\" class=\"yoast-schema-graph\">{\"@context\":\"https:\/\/schema.org\",\"@graph\":[{\"@type\":\"Article\",\"@id\":\"https:\/\/www.oarcanjo.net\/site\/capela-sao-judas-tadeu-celebracao-dos-25-anos\/#article\",\"isPartOf\":{\"@id\":\"https:\/\/www.oarcanjo.net\/site\/capela-sao-judas-tadeu-celebracao-dos-25-anos\/\"},\"author\":{\"name\":\"carlos\",\"@id\":\"https:\/\/www.oarcanjo.net\/site\/#\/schema\/person\/f7870e710d8c8c30673de3a0ac2e451d\"},\"headline\":\"Capela S\u00e3o Judas Tadeu &#8211; Celebra\u00e7\u00e3o dos 25 anos\",\"datePublished\":\"2010-10-30T06:13:07+00:00\",\"dateModified\":\"2010-11-04T07:47:32+00:00\",\"mainEntityOfPage\":{\"@id\":\"https:\/\/www.oarcanjo.net\/site\/capela-sao-judas-tadeu-celebracao-dos-25-anos\/\"},\"wordCount\":167,\"commentCount\":6,\"publisher\":{\"@id\":\"https:\/\/www.oarcanjo.net\/site\/#organization\"},\"keywords\":[\"25 anos da Capela S\u00e3o Judas\",\"capela da Universidade S\u00e3o Judas Tadeu\"],\"articleSection\":[\"Destaques\",\"Not\u00edcias\",\"Rosto da comunidade\"],\"inLanguage\":\"pt-BR\",\"potentialAction\":[{\"@type\":\"CommentAction\",\"name\":\"Comment\",\"target\":[\"https:\/\/www.oarcanjo.net\/site\/capela-sao-judas-tadeu-celebracao-dos-25-anos\/#respond\"]}]},{\"@type\":\"WebPage\",\"@id\":\"https:\/\/www.oarcanjo.net\/site\/capela-sao-judas-tadeu-celebracao-dos-25-anos\/\",\"url\":\"https:\/\/www.oarcanjo.net\/site\/capela-sao-judas-tadeu-celebracao-dos-25-anos\/\",\"name\":\"Capela S\u00e3o Judas Tadeu - Celebra\u00e7\u00e3o dos 25 anos - O Arcanjo no ar\",\"isPartOf\":{\"@id\":\"https:\/\/www.oarcanjo.net\/site\/#website\"},\"datePublished\":\"2010-10-30T06:13:07+00:00\",\"dateModified\":\"2010-11-04T07:47:32+00:00\",\"breadcrumb\":{\"@id\":\"https:\/\/www.oarcanjo.net\/site\/capela-sao-judas-tadeu-celebracao-dos-25-anos\/#breadcrumb\"},\"inLanguage\":\"pt-BR\",\"potentialAction\":[{\"@type\":\"ReadAction\",\"target\":[\"https:\/\/www.oarcanjo.net\/site\/capela-sao-judas-tadeu-celebracao-dos-25-anos\/\"]}]},{\"@type\":\"BreadcrumbList\",\"@id\":\"https:\/\/www.oarcanjo.net\/site\/capela-sao-judas-tadeu-celebracao-dos-25-anos\/#breadcrumb\",\"itemListElement\":[{\"@type\":\"ListItem\",\"position\":1,\"name\":\"In\u00edcio\",\"item\":\"https:\/\/www.oarcanjo.net\/site\/\"},{\"@type\":\"ListItem\",\"position\":2,\"name\":\"Capela S\u00e3o Judas Tadeu &#8211; Celebra\u00e7\u00e3o dos 25 anos\"}]},{\"@type\":\"WebSite\",\"@id\":\"https:\/\/www.oarcanjo.net\/site\/#website\",\"url\":\"https:\/\/www.oarcanjo.net\/site\/\",\"name\":\"O Arcanjo no ar\",\"description\":\"Site da Par\u00f3quia S\u00e3o Miguel Arcanjo (Arquidiocese de SP)\",\"publisher\":{\"@id\":\"https:\/\/www.oarcanjo.net\/site\/#organization\"},\"potentialAction\":[{\"@type\":\"SearchAction\",\"target\":{\"@type\":\"EntryPoint\",\"urlTemplate\":\"https:\/\/www.oarcanjo.net\/site\/?s={search_term_string}\"},\"query-input\":{\"@type\":\"PropertyValueSpecification\",\"valueRequired\":true,\"valueName\":\"search_term_string\"}}],\"inLanguage\":\"pt-BR\"},{\"@type\":\"Organization\",\"@id\":\"https:\/\/www.oarcanjo.net\/site\/#organization\",\"name\":\"Par\u00f3quia S\u00e3o Miguel Arcanjo\",\"url\":\"https:\/\/www.oarcanjo.net\/site\/\",\"logo\":{\"@type\":\"ImageObject\",\"inLanguage\":\"pt-BR\",\"@id\":\"https:\/\/www.oarcanjo.net\/site\/#\/schema\/logo\/image\/\",\"url\":\"https:\/\/www.oarcanjo.net\/site\/wp-content\/uploads\/LogoOArcanjo.png\",\"contentUrl\":\"https:\/\/www.oarcanjo.net\/site\/wp-content\/uploads\/LogoOArcanjo.png\",\"width\":319,\"height\":99,\"caption\":\"Par\u00f3quia S\u00e3o Miguel Arcanjo\"},\"image\":{\"@id\":\"https:\/\/www.oarcanjo.net\/site\/#\/schema\/logo\/image\/\"},\"sameAs\":[\"https:\/\/www.facebook.com\/OArcanjoNoAr\/\"]},{\"@type\":\"Person\",\"@id\":\"https:\/\/www.oarcanjo.net\/site\/#\/schema\/person\/f7870e710d8c8c30673de3a0ac2e451d\",\"name\":\"carlos\"}]}<\/script>\n<!-- \/ Yoast SEO plugin. -->","yoast_head_json":{"title":"Capela S\u00e3o Judas Tadeu - Celebra\u00e7\u00e3o dos 25 anos - O Arcanjo no ar","robots":{"index":"index","follow":"follow","max-snippet":"max-snippet:-1","max-image-preview":"max-image-preview:large","max-video-preview":"max-video-preview:-1"},"canonical":"https:\/\/www.oarcanjo.net\/site\/capela-sao-judas-tadeu-celebracao-dos-25-anos\/","og_locale":"pt_BR","og_type":"article","og_title":"Capela S\u00e3o Judas Tadeu - Celebra\u00e7\u00e3o dos 25 anos - O Arcanjo no ar","og_description":"Capela S\u00e3o Judas Tadeu 25 anos 28\/10\/1985 &#8211; 28\/10\/2010 Universidade S\u00e3o Judas Tadeu &#8211; Mooca Neste dia 28\/10\/2010, a celebra\u00e7\u00e3o dos 25 anos da Capela S\u00e3o Judas Tadeu, presidida pelo Monsenhor Julio Lancellotti. Presentes os devotos, a dire\u00e7\u00e3o da Universidade, professores e funcion\u00e1rios, a comunidade S\u00e3o Miguel Arcanjo e especialmente a Professora Alzira esposa do [&hellip;]","og_url":"https:\/\/www.oarcanjo.net\/site\/capela-sao-judas-tadeu-celebracao-dos-25-anos\/","og_site_name":"O Arcanjo no ar","article_publisher":"https:\/\/www.facebook.com\/OArcanjoNoAr\/","article_published_time":"2010-10-30T06:13:07+00:00","article_modified_time":"2010-11-04T07:47:32+00:00","og_image":[{"width":300,"height":300,"url":"https:\/\/www.oarcanjo.net\/site\/wp-content\/uploads\/logo-o-arcanjo-no-ar-facebook.png","type":"image\/png"}],"author":"carlos","twitter_card":"summary_large_image","twitter_misc":{"Escrito por":"carlos","Est. tempo de leitura":"1 minuto"},"schema":{"@context":"https:\/\/schema.org","@graph":[{"@type":"Article","@id":"https:\/\/www.oarcanjo.net\/site\/capela-sao-judas-tadeu-celebracao-dos-25-anos\/#article","isPartOf":{"@id":"https:\/\/www.oarcanjo.net\/site\/capela-sao-judas-tadeu-celebracao-dos-25-anos\/"},"author":{"name":"carlos","@id":"https:\/\/www.oarcanjo.net\/site\/#\/schema\/person\/f7870e710d8c8c30673de3a0ac2e451d"},"headline":"Capela S\u00e3o Judas Tadeu &#8211; Celebra\u00e7\u00e3o dos 25 anos","datePublished":"2010-10-30T06:13:07+00:00","dateModified":"2010-11-04T07:47:32+00:00","mainEntityOfPage":{"@id":"https:\/\/www.oarcanjo.net\/site\/capela-sao-judas-tadeu-celebracao-dos-25-anos\/"},"wordCount":167,"commentCount":6,"publisher":{"@id":"https:\/\/www.oarcanjo.net\/site\/#organization"},"keywords":["25 anos da Capela S\u00e3o Judas","capela da Universidade S\u00e3o Judas Tadeu"],"articleSection":["Destaques","Not\u00edcias","Rosto da comunidade"],"inLanguage":"pt-BR","potentialAction":[{"@type":"CommentAction","name":"Comment","target":["https:\/\/www.oarcanjo.net\/site\/capela-sao-judas-tadeu-celebracao-dos-25-anos\/#respond"]}]},{"@type":"WebPage","@id":"https:\/\/www.oarcanjo.net\/site\/capela-sao-judas-tadeu-celebracao-dos-25-anos\/","url":"https:\/\/www.oarcanjo.net\/site\/capela-sao-judas-tadeu-celebracao-dos-25-anos\/","name":"Capela S\u00e3o Judas Tadeu - Celebra\u00e7\u00e3o dos 25 anos - O Arcanjo no ar","isPartOf":{"@id":"https:\/\/www.oarcanjo.net\/site\/#website"},"datePublished":"2010-10-30T06:13:07+00:00","dateModified":"2010-11-04T07:47:32+00:00","breadcrumb":{"@id":"https:\/\/www.oarcanjo.net\/site\/capela-sao-judas-tadeu-celebracao-dos-25-anos\/#breadcrumb"},"inLanguage":"pt-BR","potentialAction":[{"@type":"ReadAction","target":["https:\/\/www.oarcanjo.net\/site\/capela-sao-judas-tadeu-celebracao-dos-25-anos\/"]}]},{"@type":"BreadcrumbList","@id":"https:\/\/www.oarcanjo.net\/site\/capela-sao-judas-tadeu-celebracao-dos-25-anos\/#breadcrumb","itemListElement":[{"@type":"ListItem","position":1,"name":"In\u00edcio","item":"https:\/\/www.oarcanjo.net\/site\/"},{"@type":"ListItem","position":2,"name":"Capela S\u00e3o Judas Tadeu &#8211; Celebra\u00e7\u00e3o dos 25 anos"}]},{"@type":"WebSite","@id":"https:\/\/www.oarcanjo.net\/site\/#website","url":"https:\/\/www.oarcanjo.net\/site\/","name":"O Arcanjo no ar","description":"Site da Par\u00f3quia S\u00e3o Miguel Arcanjo (Arquidiocese de SP)","publisher":{"@id":"https:\/\/www.oarcanjo.net\/site\/#organization"},"potentialAction":[{"@type":"SearchAction","target":{"@type":"EntryPoint","urlTemplate":"https:\/\/www.oarcanjo.net\/site\/?s={search_term_string}"},"query-input":{"@type":"PropertyValueSpecification","valueRequired":true,"valueName":"search_term_string"}}],"inLanguage":"pt-BR"},{"@type":"Organization","@id":"https:\/\/www.oarcanjo.net\/site\/#organization","name":"Par\u00f3quia S\u00e3o Miguel Arcanjo","url":"https:\/\/www.oarcanjo.net\/site\/","logo":{"@type":"ImageObject","inLanguage":"pt-BR","@id":"https:\/\/www.oarcanjo.net\/site\/#\/schema\/logo\/image\/","url":"https:\/\/www.oarcanjo.net\/site\/wp-content\/uploads\/LogoOArcanjo.png","contentUrl":"https:\/\/www.oarcanjo.net\/site\/wp-content\/uploads\/LogoOArcanjo.png","width":319,"height":99,"caption":"Par\u00f3quia S\u00e3o Miguel Arcanjo"},"image":{"@id":"https:\/\/www.oarcanjo.net\/site\/#\/schema\/logo\/image\/"},"sameAs":["https:\/\/www.facebook.com\/OArcanjoNoAr\/"]},{"@type":"Person","@id":"https:\/\/www.oarcanjo.net\/site\/#\/schema\/person\/f7870e710d8c8c30673de3a0ac2e451d","name":"carlos"}]}},"publishpress_future_action":{"enabled":false,"date":"2026-05-07 11:37:44","action":"category","newStatus":"draft","terms":[],"taxonomy":"category"},"publishpress_future_workflow_manual_trigger":{"enabledWorkflows":[]},"_links":{"self":[{"href":"https:\/\/www.oarcanjo.net\/site\/wp-json\/wp\/v2\/posts\/11528"}],"collection":[{"href":"https:\/\/www.oarcanjo.net\/site\/wp-json\/wp\/v2\/posts"}],"about":[{"href":"https:\/\/www.oarcanjo.net\/site\/wp-json\/wp\/v2\/types\/post"}],"author":[{"embeddable":true,"href":"https:\/\/www.oarcanjo.net\/site\/wp-json\/wp\/v2\/users\/10"}],"replies":[{"embeddable":true,"href":"https:\/\/www.oarcanjo.net\/site\/wp-json\/wp\/v2\/comments?post=11528"}],"version-history":[{"count":0,"href":"https:\/\/www.oarcanjo.net\/site\/wp-json\/wp\/v2\/posts\/11528\/revisions"}],"wp:attachment":[{"href":"https:\/\/www.oarcanjo.net\/site\/wp-json\/wp\/v2\/media?parent=11528"}],"wp:term":[{"taxonomy":"category","embeddable":true,"href":"https:\/\/www.oarcanjo.net\/site\/wp-json\/wp\/v2\/categories?post=11528"},{"taxonomy":"post_tag","embeddable":true,"href":"https:\/\/www.oarcanjo.net\/site\/wp-json\/wp\/v2\/tags?post=11528"}],"curies":[{"name":"wp","href":"https:\/\/api.w.org\/{rel}","templated":true}]}}