
{"id":11538,"date":"2017-11-02T00:57:44","date_gmt":"2017-11-02T02:57:44","guid":{"rendered":"http:\/\/www.oarcanjo.net\/site\/?p=11538"},"modified":"2017-08-11T14:57:38","modified_gmt":"2017-08-11T17:57:38","slug":"todos-os-finados","status":"publish","type":"post","link":"https:\/\/www.oarcanjo.net\/site\/todos-os-finados\/","title":{"rendered":"Todos os Finados"},"content":{"rendered":"<p><img decoding=\"async\" src=\"http:\/\/i234.photobucket.com\/albums\/ee87\/renatodetrindade\/webjesus.gif\" alt=\"\" \/><\/p>\n<p>2 de Novembro<\/p>\n<p>Os crist\u00e3os batizados s\u00e3o convidados a santificar-se e os que decidem viver plenamente o mist\u00e9rio pascal de Cristo n\u00e3o t\u00eam medo da morte. Porque ele disse: &#8220;Eu sou a ressurrei\u00e7\u00e3o e a vida&#8221;.<\/p>\n<p>Para todos os povos da humanidade, seja qual for a origem, cultura e credo, a morte continua a ser o maior e mais profundo dos mist\u00e9rios. Mas para os crist\u00e3os tem o gosto da esperan\u00e7a. Dando sua vida em sacrif\u00edcio e experimentando a morte, e morte na cruz, ele ressuscitou e salvou toda a humanidade. Esse \u00e9 o mist\u00e9rio pascal de Cristo: morte e ressurrei\u00e7\u00e3o. Ele nos garantiu que, para quem cr\u00ea, for batizado e seguir seus ensinamentos, a morte \u00e9 apenas a porta de entrada para desfrutar com ele a vida eterna no Reino do Pai.<\/p>\n<p>Enquanto para todos os seres humanos a morte \u00e9 a \u00fanica certeza absoluta, para os crist\u00e3os ela \u00e9 a primeira de duas certezas. A segunda \u00e9 a ressurrei\u00e7\u00e3o, que nos leva a aceitar o fim da vida terrena com compreens\u00e3o e consolo. Para n\u00f3s, a morte \u00e9 um passo definitivo em dire\u00e7\u00e3o \u00e0 colheita dos frutos que plantamos aqui na terra.<\/p>\n<p>Assim sendo, at\u00e9 quando Nosso Senhor Jesus Cristo estiver na gl\u00f3ria de seu Pai, estar\u00e1 destru\u00edda a morte e a ele ser\u00e3o submetidas todas as coisas. Alguns s\u00e3o seus disc\u00edpulos peregrinos na terra, outros que passaram por esta vida est\u00e3o se purificando e outros, enfim, gozam da gl\u00f3ria contemplando Deus.<\/p>\n<p>Os glorificados integram a Igreja triunfal e s\u00e3o Todos os Santos, os quais, n\u00f3s, os integrantes da Igreja militante, crist\u00e3os peregrinos na terra, comemoramos no dia 1o de novembro. Os Finados integram a Igreja da purifica\u00e7\u00e3o e s\u00e3o todos os que morreram sem arrepender-se do pecado.<\/p>\n<p>O culto de hoje \u00e9 especialmente dedicado a esses. Embora todos os dias, em todas as missas rezadas no mundo inteiro, haja um momento em que se pede pelas almas dos que nos deixaram e aguardam o tempo profetizado e prometido da ressurrei\u00e7\u00e3o.<\/p>\n<p>A Igreja ensina-nos que as almas em purifica\u00e7\u00e3o podem ser socorridas pelas ora\u00e7\u00f5es dos fi\u00e9is. Assim, este dia \u00e9 dedicado \u00e0 mem\u00f3ria dos nossos antepassados e entes que j\u00e1 partiram. No sentido de fazer-nos solid\u00e1rios para com os necessitados de luz e tamb\u00e9m para reflex\u00e3o sobre nossa pr\u00f3pria salva\u00e7\u00e3o.<\/p>\n<p>Encontramos a celebra\u00e7\u00e3o da missa pelos mortos desde o s\u00e9culo V. Santo Isidoro de Sevilha, que presidiu dois conc\u00edlios importantes, confirmou o culto no s\u00e9culo VII. Tempos depois, em 998, por determina\u00e7\u00e3o do abade santo Odilo, todos os conventos beneditinos passaram, oficialmente, a celebrar &#8220;o dia de todas as almas&#8221;, que j\u00e1 ocorria na comunidade no dia seguinte \u00e0 festa de Todos os Santos. A partir de ent\u00e3o, a data ganhou express\u00e3o em todo o mundo crist\u00e3o.<\/p>\n<p>Em 1311, Roma incluiu, definitivamente, o dia 2 de novembro no calend\u00e1rio lit\u00fargico da Igreja para celebrar &#8220;Todos os Finados&#8221;. Somente no inicio do s\u00e9culo XX, em 1915, quando a morte, a sombra terr\u00edvel, pairou sobre toda a humanidade, devido \u00e0 I Guerra Mundial, o papa Bento XIV oficiou o decreto para que os sacerdotes do mundo todo rezassem tr\u00eas missas no dia 2 de novembro, para Todos os Finados.<\/p>\n<div id=\"themify_builder_content-11538\" data-postid=\"11538\" class=\"themify_builder_content themify_builder_content-11538 themify_builder themify_builder_front\">\n\t<\/div>\n<!-- \/themify_builder_content -->","protected":false},"excerpt":{"rendered":"<p>2 de Novembro Os crist\u00e3os batizados s\u00e3o convidados a santificar-se e os que decidem viver plenamente o mist\u00e9rio pascal de Cristo n\u00e3o t\u00eam medo da morte. Porque ele disse: &#8220;Eu sou a ressurrei\u00e7\u00e3o e a vida&#8221;. Para todos os povos da humanidade, seja qual for a origem, cultura e credo, a morte continua a ser [&hellip;]<\/p>\n","protected":false},"author":14,"featured_media":0,"comment_status":"open","ping_status":"open","sticky":false,"template":"","format":"standard","meta":{"ngg_post_thumbnail":0,"footnotes":""},"categories":[186],"tags":[],"yoast_head":"<!-- This site is optimized with the Yoast SEO plugin v23.5 - https:\/\/yoast.com\/wordpress\/plugins\/seo\/ -->\n<title>Todos os Finados - O Arcanjo no ar<\/title>\n<meta name=\"robots\" content=\"index, follow, max-snippet:-1, max-image-preview:large, max-video-preview:-1\" \/>\n<link rel=\"canonical\" href=\"https:\/\/www.oarcanjo.net\/site\/todos-os-finados\/\" \/>\n<meta property=\"og:locale\" content=\"pt_BR\" \/>\n<meta property=\"og:type\" content=\"article\" \/>\n<meta property=\"og:title\" content=\"Todos os Finados - O Arcanjo no ar\" \/>\n<meta property=\"og:description\" content=\"2 de Novembro Os crist\u00e3os batizados s\u00e3o convidados a santificar-se e os que decidem viver plenamente o mist\u00e9rio pascal de Cristo n\u00e3o t\u00eam medo da morte. Porque ele disse: &#8220;Eu sou a ressurrei\u00e7\u00e3o e a vida&#8221;. Para todos os povos da humanidade, seja qual for a origem, cultura e credo, a morte continua a ser [&hellip;]\" \/>\n<meta property=\"og:url\" content=\"https:\/\/www.oarcanjo.net\/site\/todos-os-finados\/\" \/>\n<meta property=\"og:site_name\" content=\"O Arcanjo no ar\" \/>\n<meta property=\"article:publisher\" content=\"https:\/\/www.facebook.com\/OArcanjoNoAr\/\" \/>\n<meta property=\"article:published_time\" content=\"2017-11-02T02:57:44+00:00\" \/>\n<meta property=\"article:modified_time\" content=\"2017-08-11T17:57:38+00:00\" \/>\n<meta property=\"og:image\" content=\"http:\/\/i234.photobucket.com\/albums\/ee87\/renatodetrindade\/webjesus.gif\" \/>\n<meta name=\"author\" content=\"danilo\" \/>\n<meta name=\"twitter:card\" content=\"summary_large_image\" \/>\n<meta name=\"twitter:label1\" content=\"Escrito por\" \/>\n\t<meta name=\"twitter:data1\" content=\"danilo\" \/>\n\t<meta name=\"twitter:label2\" content=\"Est. tempo de leitura\" \/>\n\t<meta name=\"twitter:data2\" content=\"3 minutos\" \/>\n<script type=\"application\/ld+json\" class=\"yoast-schema-graph\">{\"@context\":\"https:\/\/schema.org\",\"@graph\":[{\"@type\":\"Article\",\"@id\":\"https:\/\/www.oarcanjo.net\/site\/todos-os-finados\/#article\",\"isPartOf\":{\"@id\":\"https:\/\/www.oarcanjo.net\/site\/todos-os-finados\/\"},\"author\":{\"name\":\"danilo\",\"@id\":\"https:\/\/www.oarcanjo.net\/site\/#\/schema\/person\/5eb9480bedd2f3c97e430ce128c29c6c\"},\"headline\":\"Todos os Finados\",\"datePublished\":\"2017-11-02T02:57:44+00:00\",\"dateModified\":\"2017-08-11T17:57:38+00:00\",\"mainEntityOfPage\":{\"@id\":\"https:\/\/www.oarcanjo.net\/site\/todos-os-finados\/\"},\"wordCount\":566,\"commentCount\":1,\"publisher\":{\"@id\":\"https:\/\/www.oarcanjo.net\/site\/#organization\"},\"image\":{\"@id\":\"https:\/\/www.oarcanjo.net\/site\/todos-os-finados\/#primaryimage\"},\"thumbnailUrl\":\"http:\/\/i234.photobucket.com\/albums\/ee87\/renatodetrindade\/webjesus.gif\",\"articleSection\":[\"Testemunhos\"],\"inLanguage\":\"pt-BR\",\"potentialAction\":[{\"@type\":\"CommentAction\",\"name\":\"Comment\",\"target\":[\"https:\/\/www.oarcanjo.net\/site\/todos-os-finados\/#respond\"]}]},{\"@type\":\"WebPage\",\"@id\":\"https:\/\/www.oarcanjo.net\/site\/todos-os-finados\/\",\"url\":\"https:\/\/www.oarcanjo.net\/site\/todos-os-finados\/\",\"name\":\"Todos os Finados - O Arcanjo no ar\",\"isPartOf\":{\"@id\":\"https:\/\/www.oarcanjo.net\/site\/#website\"},\"primaryImageOfPage\":{\"@id\":\"https:\/\/www.oarcanjo.net\/site\/todos-os-finados\/#primaryimage\"},\"image\":{\"@id\":\"https:\/\/www.oarcanjo.net\/site\/todos-os-finados\/#primaryimage\"},\"thumbnailUrl\":\"http:\/\/i234.photobucket.com\/albums\/ee87\/renatodetrindade\/webjesus.gif\",\"datePublished\":\"2017-11-02T02:57:44+00:00\",\"dateModified\":\"2017-08-11T17:57:38+00:00\",\"breadcrumb\":{\"@id\":\"https:\/\/www.oarcanjo.net\/site\/todos-os-finados\/#breadcrumb\"},\"inLanguage\":\"pt-BR\",\"potentialAction\":[{\"@type\":\"ReadAction\",\"target\":[\"https:\/\/www.oarcanjo.net\/site\/todos-os-finados\/\"]}]},{\"@type\":\"ImageObject\",\"inLanguage\":\"pt-BR\",\"@id\":\"https:\/\/www.oarcanjo.net\/site\/todos-os-finados\/#primaryimage\",\"url\":\"http:\/\/i234.photobucket.com\/albums\/ee87\/renatodetrindade\/webjesus.gif\",\"contentUrl\":\"http:\/\/i234.photobucket.com\/albums\/ee87\/renatodetrindade\/webjesus.gif\"},{\"@type\":\"BreadcrumbList\",\"@id\":\"https:\/\/www.oarcanjo.net\/site\/todos-os-finados\/#breadcrumb\",\"itemListElement\":[{\"@type\":\"ListItem\",\"position\":1,\"name\":\"In\u00edcio\",\"item\":\"https:\/\/www.oarcanjo.net\/site\/\"},{\"@type\":\"ListItem\",\"position\":2,\"name\":\"Todos os Finados\"}]},{\"@type\":\"WebSite\",\"@id\":\"https:\/\/www.oarcanjo.net\/site\/#website\",\"url\":\"https:\/\/www.oarcanjo.net\/site\/\",\"name\":\"O Arcanjo no ar\",\"description\":\"Site da Par\u00f3quia S\u00e3o Miguel Arcanjo (Arquidiocese de SP)\",\"publisher\":{\"@id\":\"https:\/\/www.oarcanjo.net\/site\/#organization\"},\"potentialAction\":[{\"@type\":\"SearchAction\",\"target\":{\"@type\":\"EntryPoint\",\"urlTemplate\":\"https:\/\/www.oarcanjo.net\/site\/?s={search_term_string}\"},\"query-input\":{\"@type\":\"PropertyValueSpecification\",\"valueRequired\":true,\"valueName\":\"search_term_string\"}}],\"inLanguage\":\"pt-BR\"},{\"@type\":\"Organization\",\"@id\":\"https:\/\/www.oarcanjo.net\/site\/#organization\",\"name\":\"Par\u00f3quia S\u00e3o Miguel Arcanjo\",\"url\":\"https:\/\/www.oarcanjo.net\/site\/\",\"logo\":{\"@type\":\"ImageObject\",\"inLanguage\":\"pt-BR\",\"@id\":\"https:\/\/www.oarcanjo.net\/site\/#\/schema\/logo\/image\/\",\"url\":\"https:\/\/www.oarcanjo.net\/site\/wp-content\/uploads\/LogoOArcanjo.png\",\"contentUrl\":\"https:\/\/www.oarcanjo.net\/site\/wp-content\/uploads\/LogoOArcanjo.png\",\"width\":319,\"height\":99,\"caption\":\"Par\u00f3quia S\u00e3o Miguel Arcanjo\"},\"image\":{\"@id\":\"https:\/\/www.oarcanjo.net\/site\/#\/schema\/logo\/image\/\"},\"sameAs\":[\"https:\/\/www.facebook.com\/OArcanjoNoAr\/\"]},{\"@type\":\"Person\",\"@id\":\"https:\/\/www.oarcanjo.net\/site\/#\/schema\/person\/5eb9480bedd2f3c97e430ce128c29c6c\",\"name\":\"danilo\"}]}<\/script>\n<!-- \/ Yoast SEO plugin. -->","yoast_head_json":{"title":"Todos os Finados - O Arcanjo no ar","robots":{"index":"index","follow":"follow","max-snippet":"max-snippet:-1","max-image-preview":"max-image-preview:large","max-video-preview":"max-video-preview:-1"},"canonical":"https:\/\/www.oarcanjo.net\/site\/todos-os-finados\/","og_locale":"pt_BR","og_type":"article","og_title":"Todos os Finados - O Arcanjo no ar","og_description":"2 de Novembro Os crist\u00e3os batizados s\u00e3o convidados a santificar-se e os que decidem viver plenamente o mist\u00e9rio pascal de Cristo n\u00e3o t\u00eam medo da morte. Porque ele disse: &#8220;Eu sou a ressurrei\u00e7\u00e3o e a vida&#8221;. Para todos os povos da humanidade, seja qual for a origem, cultura e credo, a morte continua a ser [&hellip;]","og_url":"https:\/\/www.oarcanjo.net\/site\/todos-os-finados\/","og_site_name":"O Arcanjo no ar","article_publisher":"https:\/\/www.facebook.com\/OArcanjoNoAr\/","article_published_time":"2017-11-02T02:57:44+00:00","article_modified_time":"2017-08-11T17:57:38+00:00","og_image":[{"url":"http:\/\/i234.photobucket.com\/albums\/ee87\/renatodetrindade\/webjesus.gif"}],"author":"danilo","twitter_card":"summary_large_image","twitter_misc":{"Escrito por":"danilo","Est. tempo de leitura":"3 minutos"},"schema":{"@context":"https:\/\/schema.org","@graph":[{"@type":"Article","@id":"https:\/\/www.oarcanjo.net\/site\/todos-os-finados\/#article","isPartOf":{"@id":"https:\/\/www.oarcanjo.net\/site\/todos-os-finados\/"},"author":{"name":"danilo","@id":"https:\/\/www.oarcanjo.net\/site\/#\/schema\/person\/5eb9480bedd2f3c97e430ce128c29c6c"},"headline":"Todos os Finados","datePublished":"2017-11-02T02:57:44+00:00","dateModified":"2017-08-11T17:57:38+00:00","mainEntityOfPage":{"@id":"https:\/\/www.oarcanjo.net\/site\/todos-os-finados\/"},"wordCount":566,"commentCount":1,"publisher":{"@id":"https:\/\/www.oarcanjo.net\/site\/#organization"},"image":{"@id":"https:\/\/www.oarcanjo.net\/site\/todos-os-finados\/#primaryimage"},"thumbnailUrl":"http:\/\/i234.photobucket.com\/albums\/ee87\/renatodetrindade\/webjesus.gif","articleSection":["Testemunhos"],"inLanguage":"pt-BR","potentialAction":[{"@type":"CommentAction","name":"Comment","target":["https:\/\/www.oarcanjo.net\/site\/todos-os-finados\/#respond"]}]},{"@type":"WebPage","@id":"https:\/\/www.oarcanjo.net\/site\/todos-os-finados\/","url":"https:\/\/www.oarcanjo.net\/site\/todos-os-finados\/","name":"Todos os Finados - O Arcanjo no ar","isPartOf":{"@id":"https:\/\/www.oarcanjo.net\/site\/#website"},"primaryImageOfPage":{"@id":"https:\/\/www.oarcanjo.net\/site\/todos-os-finados\/#primaryimage"},"image":{"@id":"https:\/\/www.oarcanjo.net\/site\/todos-os-finados\/#primaryimage"},"thumbnailUrl":"http:\/\/i234.photobucket.com\/albums\/ee87\/renatodetrindade\/webjesus.gif","datePublished":"2017-11-02T02:57:44+00:00","dateModified":"2017-08-11T17:57:38+00:00","breadcrumb":{"@id":"https:\/\/www.oarcanjo.net\/site\/todos-os-finados\/#breadcrumb"},"inLanguage":"pt-BR","potentialAction":[{"@type":"ReadAction","target":["https:\/\/www.oarcanjo.net\/site\/todos-os-finados\/"]}]},{"@type":"ImageObject","inLanguage":"pt-BR","@id":"https:\/\/www.oarcanjo.net\/site\/todos-os-finados\/#primaryimage","url":"http:\/\/i234.photobucket.com\/albums\/ee87\/renatodetrindade\/webjesus.gif","contentUrl":"http:\/\/i234.photobucket.com\/albums\/ee87\/renatodetrindade\/webjesus.gif"},{"@type":"BreadcrumbList","@id":"https:\/\/www.oarcanjo.net\/site\/todos-os-finados\/#breadcrumb","itemListElement":[{"@type":"ListItem","position":1,"name":"In\u00edcio","item":"https:\/\/www.oarcanjo.net\/site\/"},{"@type":"ListItem","position":2,"name":"Todos os Finados"}]},{"@type":"WebSite","@id":"https:\/\/www.oarcanjo.net\/site\/#website","url":"https:\/\/www.oarcanjo.net\/site\/","name":"O Arcanjo no ar","description":"Site da Par\u00f3quia S\u00e3o Miguel Arcanjo (Arquidiocese de SP)","publisher":{"@id":"https:\/\/www.oarcanjo.net\/site\/#organization"},"potentialAction":[{"@type":"SearchAction","target":{"@type":"EntryPoint","urlTemplate":"https:\/\/www.oarcanjo.net\/site\/?s={search_term_string}"},"query-input":{"@type":"PropertyValueSpecification","valueRequired":true,"valueName":"search_term_string"}}],"inLanguage":"pt-BR"},{"@type":"Organization","@id":"https:\/\/www.oarcanjo.net\/site\/#organization","name":"Par\u00f3quia S\u00e3o Miguel Arcanjo","url":"https:\/\/www.oarcanjo.net\/site\/","logo":{"@type":"ImageObject","inLanguage":"pt-BR","@id":"https:\/\/www.oarcanjo.net\/site\/#\/schema\/logo\/image\/","url":"https:\/\/www.oarcanjo.net\/site\/wp-content\/uploads\/LogoOArcanjo.png","contentUrl":"https:\/\/www.oarcanjo.net\/site\/wp-content\/uploads\/LogoOArcanjo.png","width":319,"height":99,"caption":"Par\u00f3quia S\u00e3o Miguel Arcanjo"},"image":{"@id":"https:\/\/www.oarcanjo.net\/site\/#\/schema\/logo\/image\/"},"sameAs":["https:\/\/www.facebook.com\/OArcanjoNoAr\/"]},{"@type":"Person","@id":"https:\/\/www.oarcanjo.net\/site\/#\/schema\/person\/5eb9480bedd2f3c97e430ce128c29c6c","name":"danilo"}]}},"publishpress_future_action":{"enabled":false,"date":"2026-05-07 13:03:20","action":"category","newStatus":"draft","terms":[],"taxonomy":"category"},"publishpress_future_workflow_manual_trigger":{"enabledWorkflows":[]},"_links":{"self":[{"href":"https:\/\/www.oarcanjo.net\/site\/wp-json\/wp\/v2\/posts\/11538"}],"collection":[{"href":"https:\/\/www.oarcanjo.net\/site\/wp-json\/wp\/v2\/posts"}],"about":[{"href":"https:\/\/www.oarcanjo.net\/site\/wp-json\/wp\/v2\/types\/post"}],"author":[{"embeddable":true,"href":"https:\/\/www.oarcanjo.net\/site\/wp-json\/wp\/v2\/users\/14"}],"replies":[{"embeddable":true,"href":"https:\/\/www.oarcanjo.net\/site\/wp-json\/wp\/v2\/comments?post=11538"}],"version-history":[{"count":0,"href":"https:\/\/www.oarcanjo.net\/site\/wp-json\/wp\/v2\/posts\/11538\/revisions"}],"wp:attachment":[{"href":"https:\/\/www.oarcanjo.net\/site\/wp-json\/wp\/v2\/media?parent=11538"}],"wp:term":[{"taxonomy":"category","embeddable":true,"href":"https:\/\/www.oarcanjo.net\/site\/wp-json\/wp\/v2\/categories?post=11538"},{"taxonomy":"post_tag","embeddable":true,"href":"https:\/\/www.oarcanjo.net\/site\/wp-json\/wp\/v2\/tags?post=11538"}],"curies":[{"name":"wp","href":"https:\/\/api.w.org\/{rel}","templated":true}]}}