
{"id":11540,"date":"2017-11-03T00:01:55","date_gmt":"2017-11-03T02:01:55","guid":{"rendered":"http:\/\/www.oarcanjo.net\/site\/?p=11540"},"modified":"2017-08-11T14:57:24","modified_gmt":"2017-08-11T17:57:24","slug":"sao-humberto-de-liege","status":"publish","type":"post","link":"https:\/\/www.oarcanjo.net\/site\/sao-humberto-de-liege\/","title":{"rendered":"S\u00e3o Humberto de Li\u00e8ge"},"content":{"rendered":"<p><img decoding=\"async\" src=\"http:\/\/3.bp.blogspot.com\/_z-c0Sh5Zlrs\/SK2GHqVZIwI\/AAAAAAAACAk\/jGiYM6sI0MM\/s400\/S%C3%A3o+Humberto+de+Li%C3%A8ge.jpg\" alt=\"\" \/><\/p>\n<p>3 de Novembro<\/p>\n<p>Muito pouco se sabe sobre a vida de Humberto, que nasceu no ano 656. Pertencia a uma fam\u00edlia da nobreza, pois seu pai, Beltr\u00e3o, era rei da Aquil\u00e2nia, hoje Fran\u00e7a. Desde a inf\u00e2ncia mostrou prazer pela ca\u00e7a, crescendo forte e muito valente neste esporte. Conta a tradi\u00e7\u00e3o que ele, na juventude, salvou a vida do rei, seu pai, que fora atacado por uma fera, numa de suas habituais ca\u00e7adas.<\/p>\n<p>Depois disso, foi enviado para estudar na B\u00e9lgica, mas seu pai, temendo que a corrup\u00e7\u00e3o daquela Corte pudesse envolver o jovem pr\u00edncipe herdeiro, enviou-o aos cuidados do rei Pepino de Lotar\u00edngia, Alemanha, que o preparou na carreira militar. Carreira t\u00e3o cheia de sucessos que foi recompensado com um casamento. Para esposa, escolheu a filha do conde Dagoberto de Louv\u00e2nia. Da uni\u00e3o nasceu um filho, Floriberto.<\/p>\n<p>Segundo uma antiga tradi\u00e7\u00e3o crist\u00e3, a convers\u00e3o de Humberto ocorreu de maneira surpreendente. Numa Sexta-feira da Paix\u00e3o, dia de recolhimento crist\u00e3o, ele resolveu ir ca\u00e7ar. Durante a persegui\u00e7\u00e3o de um veado, este parou diante do pr\u00edncipe, que viu, entre os chifres do animal, um crucifixo iluminado. No mesmo instante, ouviu uma voz dizendo: &#8220;Se n\u00e3o voltares para Deus, cair\u00e1s eternamente no inferno&#8221;.<\/p>\n<p>Foi procurar seu confessor, o bispo Lamberto, que dirigia a sede episcopal de Li\u00e8ge, na B\u00e9lgica, e converteu-se sinceramente, tornando-se cat\u00f3lico fervoroso. Pouco tempo depois, sua mulher morreu e seu pai agonizou em seus bra\u00e7os. A partir desses fatos, Humberto desistiu da vida da Corte. Abriu m\u00e3o do trono em favor do irm\u00e3o, mas deixou-lhe a tarefa de educar seu filho Floriberto, que mais tarde ordenou-se sacerdote. Entregou ao menino parte da heran\u00e7a e o restante doou aos pobres, indo dedicar-se \u00e0 vida espiritual, recolhendo-se num mosteiro beneditino, entregando-se ao estudo da religi\u00e3o e trabalhando como horteleiro e pastor. Nessa ocasi\u00e3o, foi a p\u00e9, em peregrina\u00e7\u00e3o, para Roma, visitar os t\u00famulos de s\u00e3o Pedro e s\u00e3o Paulo.<\/p>\n<p>Ao retornar, Humberto procurou o bispo Lamberto, que o ordenou sacerdote e o enviou para evangelizar as popula\u00e7\u00f5es que viviam nos bosques de Ardene. Mas pouco depois, Lamberto, que havia transferido a sede episcopal para Maastrich, Holanda, foi assassinado pelos inimigos do cristianismo. Humberto, ent\u00e3o, foi convocado pelo papa S\u00e9rgio I, que, em Roma,o consagrou sucessor daquele bispo no ano 71.<\/p>\n<p>Anos depois, por sua conduta de homem justo, reto na f\u00e9 em Cristo, na obedi\u00eancia ao papa, e austero na pertin\u00eancia e caridade crist\u00e3, recebeu do Esp\u00edrito Santo o dom dos milagres e da sabedoria. O seu bispado foi de transforma\u00e7\u00e3o, pois fundou e reformou igrejas, mosteiros, e instituiu vasta assist\u00eancia aos pobres e doentes abandonados. Os pag\u00e3os que habitavam os bosques foram batizados e a regi\u00e3o tornou-se uma grande comunidade crist\u00e3. A sua fama de santidade espalhou-se e, em 722, p\u00f4de retornar a sede episcopal para Li\u00e8ge.<\/p>\n<p>Ficaram c\u00e9lebres os milagres operados por Deus atrav\u00e9s de suas m\u00e3os, como ele mesmo apregoava. Mas certo dia do ano 727, Humberto ouviu uma voz que anunciava a aproxima\u00e7\u00e3o de sua morte. Entregou todas as atividades nas m\u00e3os dos seus sacerdotes e dedicou-se ao jejum, \u00e0s ora\u00e7\u00f5es e \u00e0 penit\u00eancia, falecendo no mesmo ano.<\/p>\n<p>Sepultado na Catedral de S\u00e3o Pedro, em Li\u00e8ge, teve sua festa indicada para o dia 3 de novembro, data em que suas rel\u00edquias foram trasladadas para o altar maior dessa catedral em 743. O seu culto, muito difundido na Europa, espalhou-se para todo o mundo crist\u00e3o ocidental, que venera s\u00e3o Humberto de Li\u00e8ge como o padroeiro dos ca\u00e7adores.<\/p>\n<div id=\"themify_builder_content-11540\" data-postid=\"11540\" class=\"themify_builder_content themify_builder_content-11540 themify_builder themify_builder_front\">\n\t<\/div>\n<!-- \/themify_builder_content -->","protected":false},"excerpt":{"rendered":"<p>3 de Novembro Muito pouco se sabe sobre a vida de Humberto, que nasceu no ano 656. Pertencia a uma fam\u00edlia da nobreza, pois seu pai, Beltr\u00e3o, era rei da Aquil\u00e2nia, hoje Fran\u00e7a. Desde a inf\u00e2ncia mostrou prazer pela ca\u00e7a, crescendo forte e muito valente neste esporte. Conta a tradi\u00e7\u00e3o que ele, na juventude, salvou [&hellip;]<\/p>\n","protected":false},"author":14,"featured_media":0,"comment_status":"open","ping_status":"open","sticky":false,"template":"","format":"standard","meta":{"ngg_post_thumbnail":0,"footnotes":""},"categories":[186],"tags":[],"yoast_head":"<!-- This site is optimized with the Yoast SEO plugin v23.5 - https:\/\/yoast.com\/wordpress\/plugins\/seo\/ -->\n<title>S\u00e3o Humberto de Li\u00e8ge - O Arcanjo no ar<\/title>\n<meta name=\"robots\" content=\"index, follow, max-snippet:-1, max-image-preview:large, max-video-preview:-1\" \/>\n<link rel=\"canonical\" href=\"https:\/\/www.oarcanjo.net\/site\/sao-humberto-de-liege\/\" \/>\n<meta property=\"og:locale\" content=\"pt_BR\" \/>\n<meta property=\"og:type\" content=\"article\" \/>\n<meta property=\"og:title\" content=\"S\u00e3o Humberto de Li\u00e8ge - O Arcanjo no ar\" \/>\n<meta property=\"og:description\" content=\"3 de Novembro Muito pouco se sabe sobre a vida de Humberto, que nasceu no ano 656. Pertencia a uma fam\u00edlia da nobreza, pois seu pai, Beltr\u00e3o, era rei da Aquil\u00e2nia, hoje Fran\u00e7a. Desde a inf\u00e2ncia mostrou prazer pela ca\u00e7a, crescendo forte e muito valente neste esporte. Conta a tradi\u00e7\u00e3o que ele, na juventude, salvou [&hellip;]\" \/>\n<meta property=\"og:url\" content=\"https:\/\/www.oarcanjo.net\/site\/sao-humberto-de-liege\/\" \/>\n<meta property=\"og:site_name\" content=\"O Arcanjo no ar\" \/>\n<meta property=\"article:publisher\" content=\"https:\/\/www.facebook.com\/OArcanjoNoAr\/\" \/>\n<meta property=\"article:published_time\" content=\"2017-11-03T02:01:55+00:00\" \/>\n<meta property=\"article:modified_time\" content=\"2017-08-11T17:57:24+00:00\" \/>\n<meta property=\"og:image\" content=\"http:\/\/3.bp.blogspot.com\/_z-c0Sh5Zlrs\/SK2GHqVZIwI\/AAAAAAAACAk\/jGiYM6sI0MM\/s400\/S%C3%A3o+Humberto+de+Li%C3%A8ge.jpg\" \/>\n<meta name=\"author\" content=\"danilo\" \/>\n<meta name=\"twitter:card\" content=\"summary_large_image\" \/>\n<meta name=\"twitter:label1\" content=\"Escrito por\" \/>\n\t<meta name=\"twitter:data1\" content=\"danilo\" \/>\n\t<meta name=\"twitter:label2\" content=\"Est. tempo de leitura\" \/>\n\t<meta name=\"twitter:data2\" content=\"3 minutos\" \/>\n<script type=\"application\/ld+json\" class=\"yoast-schema-graph\">{\"@context\":\"https:\/\/schema.org\",\"@graph\":[{\"@type\":\"Article\",\"@id\":\"https:\/\/www.oarcanjo.net\/site\/sao-humberto-de-liege\/#article\",\"isPartOf\":{\"@id\":\"https:\/\/www.oarcanjo.net\/site\/sao-humberto-de-liege\/\"},\"author\":{\"name\":\"danilo\",\"@id\":\"https:\/\/www.oarcanjo.net\/site\/#\/schema\/person\/5eb9480bedd2f3c97e430ce128c29c6c\"},\"headline\":\"S\u00e3o Humberto de Li\u00e8ge\",\"datePublished\":\"2017-11-03T02:01:55+00:00\",\"dateModified\":\"2017-08-11T17:57:24+00:00\",\"mainEntityOfPage\":{\"@id\":\"https:\/\/www.oarcanjo.net\/site\/sao-humberto-de-liege\/\"},\"wordCount\":638,\"commentCount\":0,\"publisher\":{\"@id\":\"https:\/\/www.oarcanjo.net\/site\/#organization\"},\"image\":{\"@id\":\"https:\/\/www.oarcanjo.net\/site\/sao-humberto-de-liege\/#primaryimage\"},\"thumbnailUrl\":\"http:\/\/3.bp.blogspot.com\/_z-c0Sh5Zlrs\/SK2GHqVZIwI\/AAAAAAAACAk\/jGiYM6sI0MM\/s400\/S%C3%A3o+Humberto+de+Li%C3%A8ge.jpg\",\"articleSection\":[\"Testemunhos\"],\"inLanguage\":\"pt-BR\",\"potentialAction\":[{\"@type\":\"CommentAction\",\"name\":\"Comment\",\"target\":[\"https:\/\/www.oarcanjo.net\/site\/sao-humberto-de-liege\/#respond\"]}]},{\"@type\":\"WebPage\",\"@id\":\"https:\/\/www.oarcanjo.net\/site\/sao-humberto-de-liege\/\",\"url\":\"https:\/\/www.oarcanjo.net\/site\/sao-humberto-de-liege\/\",\"name\":\"S\u00e3o Humberto de Li\u00e8ge - O Arcanjo no ar\",\"isPartOf\":{\"@id\":\"https:\/\/www.oarcanjo.net\/site\/#website\"},\"primaryImageOfPage\":{\"@id\":\"https:\/\/www.oarcanjo.net\/site\/sao-humberto-de-liege\/#primaryimage\"},\"image\":{\"@id\":\"https:\/\/www.oarcanjo.net\/site\/sao-humberto-de-liege\/#primaryimage\"},\"thumbnailUrl\":\"http:\/\/3.bp.blogspot.com\/_z-c0Sh5Zlrs\/SK2GHqVZIwI\/AAAAAAAACAk\/jGiYM6sI0MM\/s400\/S%C3%A3o+Humberto+de+Li%C3%A8ge.jpg\",\"datePublished\":\"2017-11-03T02:01:55+00:00\",\"dateModified\":\"2017-08-11T17:57:24+00:00\",\"breadcrumb\":{\"@id\":\"https:\/\/www.oarcanjo.net\/site\/sao-humberto-de-liege\/#breadcrumb\"},\"inLanguage\":\"pt-BR\",\"potentialAction\":[{\"@type\":\"ReadAction\",\"target\":[\"https:\/\/www.oarcanjo.net\/site\/sao-humberto-de-liege\/\"]}]},{\"@type\":\"ImageObject\",\"inLanguage\":\"pt-BR\",\"@id\":\"https:\/\/www.oarcanjo.net\/site\/sao-humberto-de-liege\/#primaryimage\",\"url\":\"http:\/\/3.bp.blogspot.com\/_z-c0Sh5Zlrs\/SK2GHqVZIwI\/AAAAAAAACAk\/jGiYM6sI0MM\/s400\/S%C3%A3o+Humberto+de+Li%C3%A8ge.jpg\",\"contentUrl\":\"http:\/\/3.bp.blogspot.com\/_z-c0Sh5Zlrs\/SK2GHqVZIwI\/AAAAAAAACAk\/jGiYM6sI0MM\/s400\/S%C3%A3o+Humberto+de+Li%C3%A8ge.jpg\"},{\"@type\":\"BreadcrumbList\",\"@id\":\"https:\/\/www.oarcanjo.net\/site\/sao-humberto-de-liege\/#breadcrumb\",\"itemListElement\":[{\"@type\":\"ListItem\",\"position\":1,\"name\":\"In\u00edcio\",\"item\":\"https:\/\/www.oarcanjo.net\/site\/\"},{\"@type\":\"ListItem\",\"position\":2,\"name\":\"S\u00e3o Humberto de Li\u00e8ge\"}]},{\"@type\":\"WebSite\",\"@id\":\"https:\/\/www.oarcanjo.net\/site\/#website\",\"url\":\"https:\/\/www.oarcanjo.net\/site\/\",\"name\":\"O Arcanjo no ar\",\"description\":\"Site da Par\u00f3quia S\u00e3o Miguel Arcanjo (Arquidiocese de SP)\",\"publisher\":{\"@id\":\"https:\/\/www.oarcanjo.net\/site\/#organization\"},\"potentialAction\":[{\"@type\":\"SearchAction\",\"target\":{\"@type\":\"EntryPoint\",\"urlTemplate\":\"https:\/\/www.oarcanjo.net\/site\/?s={search_term_string}\"},\"query-input\":{\"@type\":\"PropertyValueSpecification\",\"valueRequired\":true,\"valueName\":\"search_term_string\"}}],\"inLanguage\":\"pt-BR\"},{\"@type\":\"Organization\",\"@id\":\"https:\/\/www.oarcanjo.net\/site\/#organization\",\"name\":\"Par\u00f3quia S\u00e3o Miguel Arcanjo\",\"url\":\"https:\/\/www.oarcanjo.net\/site\/\",\"logo\":{\"@type\":\"ImageObject\",\"inLanguage\":\"pt-BR\",\"@id\":\"https:\/\/www.oarcanjo.net\/site\/#\/schema\/logo\/image\/\",\"url\":\"https:\/\/www.oarcanjo.net\/site\/wp-content\/uploads\/LogoOArcanjo.png\",\"contentUrl\":\"https:\/\/www.oarcanjo.net\/site\/wp-content\/uploads\/LogoOArcanjo.png\",\"width\":319,\"height\":99,\"caption\":\"Par\u00f3quia S\u00e3o Miguel Arcanjo\"},\"image\":{\"@id\":\"https:\/\/www.oarcanjo.net\/site\/#\/schema\/logo\/image\/\"},\"sameAs\":[\"https:\/\/www.facebook.com\/OArcanjoNoAr\/\"]},{\"@type\":\"Person\",\"@id\":\"https:\/\/www.oarcanjo.net\/site\/#\/schema\/person\/5eb9480bedd2f3c97e430ce128c29c6c\",\"name\":\"danilo\"}]}<\/script>\n<!-- \/ Yoast SEO plugin. -->","yoast_head_json":{"title":"S\u00e3o Humberto de Li\u00e8ge - O Arcanjo no ar","robots":{"index":"index","follow":"follow","max-snippet":"max-snippet:-1","max-image-preview":"max-image-preview:large","max-video-preview":"max-video-preview:-1"},"canonical":"https:\/\/www.oarcanjo.net\/site\/sao-humberto-de-liege\/","og_locale":"pt_BR","og_type":"article","og_title":"S\u00e3o Humberto de Li\u00e8ge - O Arcanjo no ar","og_description":"3 de Novembro Muito pouco se sabe sobre a vida de Humberto, que nasceu no ano 656. Pertencia a uma fam\u00edlia da nobreza, pois seu pai, Beltr\u00e3o, era rei da Aquil\u00e2nia, hoje Fran\u00e7a. Desde a inf\u00e2ncia mostrou prazer pela ca\u00e7a, crescendo forte e muito valente neste esporte. Conta a tradi\u00e7\u00e3o que ele, na juventude, salvou [&hellip;]","og_url":"https:\/\/www.oarcanjo.net\/site\/sao-humberto-de-liege\/","og_site_name":"O Arcanjo no ar","article_publisher":"https:\/\/www.facebook.com\/OArcanjoNoAr\/","article_published_time":"2017-11-03T02:01:55+00:00","article_modified_time":"2017-08-11T17:57:24+00:00","og_image":[{"url":"http:\/\/3.bp.blogspot.com\/_z-c0Sh5Zlrs\/SK2GHqVZIwI\/AAAAAAAACAk\/jGiYM6sI0MM\/s400\/S%C3%A3o+Humberto+de+Li%C3%A8ge.jpg"}],"author":"danilo","twitter_card":"summary_large_image","twitter_misc":{"Escrito por":"danilo","Est. tempo de leitura":"3 minutos"},"schema":{"@context":"https:\/\/schema.org","@graph":[{"@type":"Article","@id":"https:\/\/www.oarcanjo.net\/site\/sao-humberto-de-liege\/#article","isPartOf":{"@id":"https:\/\/www.oarcanjo.net\/site\/sao-humberto-de-liege\/"},"author":{"name":"danilo","@id":"https:\/\/www.oarcanjo.net\/site\/#\/schema\/person\/5eb9480bedd2f3c97e430ce128c29c6c"},"headline":"S\u00e3o Humberto de Li\u00e8ge","datePublished":"2017-11-03T02:01:55+00:00","dateModified":"2017-08-11T17:57:24+00:00","mainEntityOfPage":{"@id":"https:\/\/www.oarcanjo.net\/site\/sao-humberto-de-liege\/"},"wordCount":638,"commentCount":0,"publisher":{"@id":"https:\/\/www.oarcanjo.net\/site\/#organization"},"image":{"@id":"https:\/\/www.oarcanjo.net\/site\/sao-humberto-de-liege\/#primaryimage"},"thumbnailUrl":"http:\/\/3.bp.blogspot.com\/_z-c0Sh5Zlrs\/SK2GHqVZIwI\/AAAAAAAACAk\/jGiYM6sI0MM\/s400\/S%C3%A3o+Humberto+de+Li%C3%A8ge.jpg","articleSection":["Testemunhos"],"inLanguage":"pt-BR","potentialAction":[{"@type":"CommentAction","name":"Comment","target":["https:\/\/www.oarcanjo.net\/site\/sao-humberto-de-liege\/#respond"]}]},{"@type":"WebPage","@id":"https:\/\/www.oarcanjo.net\/site\/sao-humberto-de-liege\/","url":"https:\/\/www.oarcanjo.net\/site\/sao-humberto-de-liege\/","name":"S\u00e3o Humberto de Li\u00e8ge - O Arcanjo no ar","isPartOf":{"@id":"https:\/\/www.oarcanjo.net\/site\/#website"},"primaryImageOfPage":{"@id":"https:\/\/www.oarcanjo.net\/site\/sao-humberto-de-liege\/#primaryimage"},"image":{"@id":"https:\/\/www.oarcanjo.net\/site\/sao-humberto-de-liege\/#primaryimage"},"thumbnailUrl":"http:\/\/3.bp.blogspot.com\/_z-c0Sh5Zlrs\/SK2GHqVZIwI\/AAAAAAAACAk\/jGiYM6sI0MM\/s400\/S%C3%A3o+Humberto+de+Li%C3%A8ge.jpg","datePublished":"2017-11-03T02:01:55+00:00","dateModified":"2017-08-11T17:57:24+00:00","breadcrumb":{"@id":"https:\/\/www.oarcanjo.net\/site\/sao-humberto-de-liege\/#breadcrumb"},"inLanguage":"pt-BR","potentialAction":[{"@type":"ReadAction","target":["https:\/\/www.oarcanjo.net\/site\/sao-humberto-de-liege\/"]}]},{"@type":"ImageObject","inLanguage":"pt-BR","@id":"https:\/\/www.oarcanjo.net\/site\/sao-humberto-de-liege\/#primaryimage","url":"http:\/\/3.bp.blogspot.com\/_z-c0Sh5Zlrs\/SK2GHqVZIwI\/AAAAAAAACAk\/jGiYM6sI0MM\/s400\/S%C3%A3o+Humberto+de+Li%C3%A8ge.jpg","contentUrl":"http:\/\/3.bp.blogspot.com\/_z-c0Sh5Zlrs\/SK2GHqVZIwI\/AAAAAAAACAk\/jGiYM6sI0MM\/s400\/S%C3%A3o+Humberto+de+Li%C3%A8ge.jpg"},{"@type":"BreadcrumbList","@id":"https:\/\/www.oarcanjo.net\/site\/sao-humberto-de-liege\/#breadcrumb","itemListElement":[{"@type":"ListItem","position":1,"name":"In\u00edcio","item":"https:\/\/www.oarcanjo.net\/site\/"},{"@type":"ListItem","position":2,"name":"S\u00e3o Humberto de Li\u00e8ge"}]},{"@type":"WebSite","@id":"https:\/\/www.oarcanjo.net\/site\/#website","url":"https:\/\/www.oarcanjo.net\/site\/","name":"O Arcanjo no ar","description":"Site da Par\u00f3quia S\u00e3o Miguel Arcanjo (Arquidiocese de SP)","publisher":{"@id":"https:\/\/www.oarcanjo.net\/site\/#organization"},"potentialAction":[{"@type":"SearchAction","target":{"@type":"EntryPoint","urlTemplate":"https:\/\/www.oarcanjo.net\/site\/?s={search_term_string}"},"query-input":{"@type":"PropertyValueSpecification","valueRequired":true,"valueName":"search_term_string"}}],"inLanguage":"pt-BR"},{"@type":"Organization","@id":"https:\/\/www.oarcanjo.net\/site\/#organization","name":"Par\u00f3quia S\u00e3o Miguel Arcanjo","url":"https:\/\/www.oarcanjo.net\/site\/","logo":{"@type":"ImageObject","inLanguage":"pt-BR","@id":"https:\/\/www.oarcanjo.net\/site\/#\/schema\/logo\/image\/","url":"https:\/\/www.oarcanjo.net\/site\/wp-content\/uploads\/LogoOArcanjo.png","contentUrl":"https:\/\/www.oarcanjo.net\/site\/wp-content\/uploads\/LogoOArcanjo.png","width":319,"height":99,"caption":"Par\u00f3quia S\u00e3o Miguel Arcanjo"},"image":{"@id":"https:\/\/www.oarcanjo.net\/site\/#\/schema\/logo\/image\/"},"sameAs":["https:\/\/www.facebook.com\/OArcanjoNoAr\/"]},{"@type":"Person","@id":"https:\/\/www.oarcanjo.net\/site\/#\/schema\/person\/5eb9480bedd2f3c97e430ce128c29c6c","name":"danilo"}]}},"publishpress_future_action":{"enabled":false,"date":"2026-05-07 14:33:12","action":"category","newStatus":"draft","terms":[],"taxonomy":"category"},"publishpress_future_workflow_manual_trigger":{"enabledWorkflows":[]},"_links":{"self":[{"href":"https:\/\/www.oarcanjo.net\/site\/wp-json\/wp\/v2\/posts\/11540"}],"collection":[{"href":"https:\/\/www.oarcanjo.net\/site\/wp-json\/wp\/v2\/posts"}],"about":[{"href":"https:\/\/www.oarcanjo.net\/site\/wp-json\/wp\/v2\/types\/post"}],"author":[{"embeddable":true,"href":"https:\/\/www.oarcanjo.net\/site\/wp-json\/wp\/v2\/users\/14"}],"replies":[{"embeddable":true,"href":"https:\/\/www.oarcanjo.net\/site\/wp-json\/wp\/v2\/comments?post=11540"}],"version-history":[{"count":0,"href":"https:\/\/www.oarcanjo.net\/site\/wp-json\/wp\/v2\/posts\/11540\/revisions"}],"wp:attachment":[{"href":"https:\/\/www.oarcanjo.net\/site\/wp-json\/wp\/v2\/media?parent=11540"}],"wp:term":[{"taxonomy":"category","embeddable":true,"href":"https:\/\/www.oarcanjo.net\/site\/wp-json\/wp\/v2\/categories?post=11540"},{"taxonomy":"post_tag","embeddable":true,"href":"https:\/\/www.oarcanjo.net\/site\/wp-json\/wp\/v2\/tags?post=11540"}],"curies":[{"name":"wp","href":"https:\/\/api.w.org\/{rel}","templated":true}]}}