
{"id":11542,"date":"2017-11-03T00:02:56","date_gmt":"2017-11-03T02:02:56","guid":{"rendered":"http:\/\/www.oarcanjo.net\/site\/?p=11542"},"modified":"2017-08-11T14:59:16","modified_gmt":"2017-08-11T17:59:16","slug":"santa-silvia","status":"publish","type":"post","link":"https:\/\/www.oarcanjo.net\/site\/santa-silvia\/","title":{"rendered":"Santa S\u00edlvia"},"content":{"rendered":"<p><img decoding=\"async\" src=\"http:\/\/open-site.org\/img\/chirone\/00Silvia_Santa.jpg\" alt=\"\" \/><\/p>\n<p>3 de Novembro<\/p>\n<p>S\u00edlvia era italiana, nascida em Roma em torno de 520, numa fam\u00edlia de origem siciliana de crist\u00e3os praticantes e caridosos. Os dados sobre sua inf\u00e2ncia n\u00e3o s\u00e3o conhecidos. Por\u00e9m a sua adolesc\u00eancia coincidiu com um dif\u00edcil e turbulento per\u00edodo hist\u00f3rico, o decl\u00ednio do Imp\u00e9rio Romanoe a tomada do mesmo pelos b\u00e1rbaros g\u00f3ticos.<\/p>\n<p>Ela entrou para a fam\u00edlia dos Anici em 538, quando se casou com o senador Jord\u00e3o. Essa fam\u00edlia romana era muito rica e influente, e muitos nomes forneceu para a hist\u00f3ria do senado italiano. S\u00edlvia foi residir na casa do marido, um pal\u00e1cio que ficava nas colinas do monte C\u00e9lio, onde ele vivia com suas duas irm\u00e3s, Tarsila e Emiliana.<\/p>\n<p>O casal logo teve dois filhos. O primeiro foi Greg\u00f3rio, nascido em 540, e o segundo, que o pr\u00f3prio irm\u00e3o citava com freq\u00fc\u00eancia, nunca teve citado o nome. As cunhadas Tarsila e Emiliana tornaram-se santas, inclu\u00eddas no calend\u00e1rio da Igreja, E seu primog\u00eanito foi o grande papa Greg\u00f3rio Magno, santo, doutor da Igreja e a gl\u00f3ria de Roma do s\u00e9culo VI.<\/p>\n<p>S\u00edlvia soube conduzir essa fam\u00edlia de verdadeiros crist\u00e3os e romanos aut\u00eanticos. N\u00e3o permitiu que a o ambiente da Corte que freq\u00fcentavam impedisse a santifica\u00e7\u00e3o pela f\u00e9, mantendo sempre a pureza dos costumes separada da notoriedade p\u00fablica. As cunhadas s\u00e3o um exemplo da figura de S\u00edlvia, m\u00e3e providente e benfeitora, que soube conciliar as exig\u00eancias de uma fam\u00edlia de pol\u00edtico atuante, como era o marido Jord\u00e3o, com o desejo de perfei\u00e7\u00e3o espiritual representado pelas duas cunhadas.<\/p>\n<p>Por falta de not\u00edcias precisas, a santidade de S\u00edlvia aparece refletida atrav\u00e9s daquela de seu filho. Sem d\u00favida, sobre s\u00e3o Greg\u00f3rio Magno o exemplo e o ensinamento da m\u00e3e foi um peso que n\u00e3o se pode ignorar. Embora ele tenha escrito muito pouco sobre a m\u00e3e e as tias, nas prega\u00e7\u00f5es costumava citar-lhes o exemplo.<\/p>\n<p>Dados encontrados sobre a vida de Silvia relatam que, quando o senador Jord\u00e3o morreu em 573, ela tratou de uma doen\u00e7a grave do filho Greg\u00f3rio, que j\u00e1 adulto atuava no clero, levando pessoalmente as refei\u00e7\u00f5es at\u00e9 sua pronta recupera\u00e7\u00e3o. Depois disso, entregou o pal\u00e1cio onde residia para que o filho o transformasse num mosteiro.<\/p>\n<p>Quando Greg\u00f3rio n\u00e3o precisou mais da sua ajuda e nem de sua orienta\u00e7\u00e3o, S\u00edlvia retirou-se para a vida religiosa num dos mosteiros existentes fora dos muros de Roma. No qual, com idade avan\u00e7ada, ela morreu serenamente, num ano incerto, mas depois de 594.<\/p>\n<p>O Martirol\u00f3gio Romano indica o dia 3 de novembro para o culto lit\u00fargico em lembran\u00e7a da mem\u00f3ria de santa S\u00edlvia. Em 1604, suas rel\u00edquias foram levadas para a igreja de santos Andr\u00e9 e Greg\u00f3rio, constru\u00edda no antigo mosteiro e pal\u00e1cio de monte C\u00e9lio, onde o papa S\u00e3o Greg\u00f3rio Magno nasceu e santa S\u00edlvia viveu com as duas cunhadas santas.<\/p>\n<div id=\"themify_builder_content-11542\" data-postid=\"11542\" class=\"themify_builder_content themify_builder_content-11542 themify_builder themify_builder_front\">\n\t<\/div>\n<!-- \/themify_builder_content -->","protected":false},"excerpt":{"rendered":"<p>3 de Novembro S\u00edlvia era italiana, nascida em Roma em torno de 520, numa fam\u00edlia de origem siciliana de crist\u00e3os praticantes e caridosos. Os dados sobre sua inf\u00e2ncia n\u00e3o s\u00e3o conhecidos. Por\u00e9m a sua adolesc\u00eancia coincidiu com um dif\u00edcil e turbulento per\u00edodo hist\u00f3rico, o decl\u00ednio do Imp\u00e9rio Romanoe a tomada do mesmo pelos b\u00e1rbaros g\u00f3ticos. [&hellip;]<\/p>\n","protected":false},"author":14,"featured_media":0,"comment_status":"open","ping_status":"open","sticky":false,"template":"","format":"standard","meta":{"ngg_post_thumbnail":0,"footnotes":""},"categories":[186],"tags":[],"yoast_head":"<!-- This site is optimized with the Yoast SEO plugin v23.5 - https:\/\/yoast.com\/wordpress\/plugins\/seo\/ -->\n<title>Santa S\u00edlvia - O Arcanjo no ar<\/title>\n<meta name=\"robots\" content=\"index, follow, max-snippet:-1, max-image-preview:large, max-video-preview:-1\" \/>\n<link rel=\"canonical\" href=\"https:\/\/www.oarcanjo.net\/site\/santa-silvia\/\" \/>\n<meta property=\"og:locale\" content=\"pt_BR\" \/>\n<meta property=\"og:type\" content=\"article\" \/>\n<meta property=\"og:title\" content=\"Santa S\u00edlvia - O Arcanjo no ar\" \/>\n<meta property=\"og:description\" content=\"3 de Novembro S\u00edlvia era italiana, nascida em Roma em torno de 520, numa fam\u00edlia de origem siciliana de crist\u00e3os praticantes e caridosos. Os dados sobre sua inf\u00e2ncia n\u00e3o s\u00e3o conhecidos. Por\u00e9m a sua adolesc\u00eancia coincidiu com um dif\u00edcil e turbulento per\u00edodo hist\u00f3rico, o decl\u00ednio do Imp\u00e9rio Romanoe a tomada do mesmo pelos b\u00e1rbaros g\u00f3ticos. [&hellip;]\" \/>\n<meta property=\"og:url\" content=\"https:\/\/www.oarcanjo.net\/site\/santa-silvia\/\" \/>\n<meta property=\"og:site_name\" content=\"O Arcanjo no ar\" \/>\n<meta property=\"article:publisher\" content=\"https:\/\/www.facebook.com\/OArcanjoNoAr\/\" \/>\n<meta property=\"article:published_time\" content=\"2017-11-03T02:02:56+00:00\" \/>\n<meta property=\"article:modified_time\" content=\"2017-08-11T17:59:16+00:00\" \/>\n<meta property=\"og:image\" content=\"http:\/\/open-site.org\/img\/chirone\/00Silvia_Santa.jpg\" \/>\n<meta name=\"author\" content=\"danilo\" \/>\n<meta name=\"twitter:card\" content=\"summary_large_image\" \/>\n<meta name=\"twitter:label1\" content=\"Escrito por\" \/>\n\t<meta name=\"twitter:data1\" content=\"danilo\" \/>\n\t<meta name=\"twitter:label2\" content=\"Est. tempo de leitura\" \/>\n\t<meta name=\"twitter:data2\" content=\"3 minutos\" \/>\n<script type=\"application\/ld+json\" class=\"yoast-schema-graph\">{\"@context\":\"https:\/\/schema.org\",\"@graph\":[{\"@type\":\"Article\",\"@id\":\"https:\/\/www.oarcanjo.net\/site\/santa-silvia\/#article\",\"isPartOf\":{\"@id\":\"https:\/\/www.oarcanjo.net\/site\/santa-silvia\/\"},\"author\":{\"name\":\"danilo\",\"@id\":\"https:\/\/www.oarcanjo.net\/site\/#\/schema\/person\/5eb9480bedd2f3c97e430ce128c29c6c\"},\"headline\":\"Santa S\u00edlvia\",\"datePublished\":\"2017-11-03T02:02:56+00:00\",\"dateModified\":\"2017-08-11T17:59:16+00:00\",\"mainEntityOfPage\":{\"@id\":\"https:\/\/www.oarcanjo.net\/site\/santa-silvia\/\"},\"wordCount\":540,\"commentCount\":0,\"publisher\":{\"@id\":\"https:\/\/www.oarcanjo.net\/site\/#organization\"},\"image\":{\"@id\":\"https:\/\/www.oarcanjo.net\/site\/santa-silvia\/#primaryimage\"},\"thumbnailUrl\":\"http:\/\/open-site.org\/img\/chirone\/00Silvia_Santa.jpg\",\"articleSection\":[\"Testemunhos\"],\"inLanguage\":\"pt-BR\",\"potentialAction\":[{\"@type\":\"CommentAction\",\"name\":\"Comment\",\"target\":[\"https:\/\/www.oarcanjo.net\/site\/santa-silvia\/#respond\"]}]},{\"@type\":\"WebPage\",\"@id\":\"https:\/\/www.oarcanjo.net\/site\/santa-silvia\/\",\"url\":\"https:\/\/www.oarcanjo.net\/site\/santa-silvia\/\",\"name\":\"Santa S\u00edlvia - O Arcanjo no ar\",\"isPartOf\":{\"@id\":\"https:\/\/www.oarcanjo.net\/site\/#website\"},\"primaryImageOfPage\":{\"@id\":\"https:\/\/www.oarcanjo.net\/site\/santa-silvia\/#primaryimage\"},\"image\":{\"@id\":\"https:\/\/www.oarcanjo.net\/site\/santa-silvia\/#primaryimage\"},\"thumbnailUrl\":\"http:\/\/open-site.org\/img\/chirone\/00Silvia_Santa.jpg\",\"datePublished\":\"2017-11-03T02:02:56+00:00\",\"dateModified\":\"2017-08-11T17:59:16+00:00\",\"breadcrumb\":{\"@id\":\"https:\/\/www.oarcanjo.net\/site\/santa-silvia\/#breadcrumb\"},\"inLanguage\":\"pt-BR\",\"potentialAction\":[{\"@type\":\"ReadAction\",\"target\":[\"https:\/\/www.oarcanjo.net\/site\/santa-silvia\/\"]}]},{\"@type\":\"ImageObject\",\"inLanguage\":\"pt-BR\",\"@id\":\"https:\/\/www.oarcanjo.net\/site\/santa-silvia\/#primaryimage\",\"url\":\"http:\/\/open-site.org\/img\/chirone\/00Silvia_Santa.jpg\",\"contentUrl\":\"http:\/\/open-site.org\/img\/chirone\/00Silvia_Santa.jpg\"},{\"@type\":\"BreadcrumbList\",\"@id\":\"https:\/\/www.oarcanjo.net\/site\/santa-silvia\/#breadcrumb\",\"itemListElement\":[{\"@type\":\"ListItem\",\"position\":1,\"name\":\"In\u00edcio\",\"item\":\"https:\/\/www.oarcanjo.net\/site\/\"},{\"@type\":\"ListItem\",\"position\":2,\"name\":\"Santa S\u00edlvia\"}]},{\"@type\":\"WebSite\",\"@id\":\"https:\/\/www.oarcanjo.net\/site\/#website\",\"url\":\"https:\/\/www.oarcanjo.net\/site\/\",\"name\":\"O Arcanjo no ar\",\"description\":\"Site da Par\u00f3quia S\u00e3o Miguel Arcanjo (Arquidiocese de SP)\",\"publisher\":{\"@id\":\"https:\/\/www.oarcanjo.net\/site\/#organization\"},\"potentialAction\":[{\"@type\":\"SearchAction\",\"target\":{\"@type\":\"EntryPoint\",\"urlTemplate\":\"https:\/\/www.oarcanjo.net\/site\/?s={search_term_string}\"},\"query-input\":{\"@type\":\"PropertyValueSpecification\",\"valueRequired\":true,\"valueName\":\"search_term_string\"}}],\"inLanguage\":\"pt-BR\"},{\"@type\":\"Organization\",\"@id\":\"https:\/\/www.oarcanjo.net\/site\/#organization\",\"name\":\"Par\u00f3quia S\u00e3o Miguel Arcanjo\",\"url\":\"https:\/\/www.oarcanjo.net\/site\/\",\"logo\":{\"@type\":\"ImageObject\",\"inLanguage\":\"pt-BR\",\"@id\":\"https:\/\/www.oarcanjo.net\/site\/#\/schema\/logo\/image\/\",\"url\":\"https:\/\/www.oarcanjo.net\/site\/wp-content\/uploads\/LogoOArcanjo.png\",\"contentUrl\":\"https:\/\/www.oarcanjo.net\/site\/wp-content\/uploads\/LogoOArcanjo.png\",\"width\":319,\"height\":99,\"caption\":\"Par\u00f3quia S\u00e3o Miguel Arcanjo\"},\"image\":{\"@id\":\"https:\/\/www.oarcanjo.net\/site\/#\/schema\/logo\/image\/\"},\"sameAs\":[\"https:\/\/www.facebook.com\/OArcanjoNoAr\/\"]},{\"@type\":\"Person\",\"@id\":\"https:\/\/www.oarcanjo.net\/site\/#\/schema\/person\/5eb9480bedd2f3c97e430ce128c29c6c\",\"name\":\"danilo\"}]}<\/script>\n<!-- \/ Yoast SEO plugin. -->","yoast_head_json":{"title":"Santa S\u00edlvia - O Arcanjo no ar","robots":{"index":"index","follow":"follow","max-snippet":"max-snippet:-1","max-image-preview":"max-image-preview:large","max-video-preview":"max-video-preview:-1"},"canonical":"https:\/\/www.oarcanjo.net\/site\/santa-silvia\/","og_locale":"pt_BR","og_type":"article","og_title":"Santa S\u00edlvia - O Arcanjo no ar","og_description":"3 de Novembro S\u00edlvia era italiana, nascida em Roma em torno de 520, numa fam\u00edlia de origem siciliana de crist\u00e3os praticantes e caridosos. Os dados sobre sua inf\u00e2ncia n\u00e3o s\u00e3o conhecidos. Por\u00e9m a sua adolesc\u00eancia coincidiu com um dif\u00edcil e turbulento per\u00edodo hist\u00f3rico, o decl\u00ednio do Imp\u00e9rio Romanoe a tomada do mesmo pelos b\u00e1rbaros g\u00f3ticos. [&hellip;]","og_url":"https:\/\/www.oarcanjo.net\/site\/santa-silvia\/","og_site_name":"O Arcanjo no ar","article_publisher":"https:\/\/www.facebook.com\/OArcanjoNoAr\/","article_published_time":"2017-11-03T02:02:56+00:00","article_modified_time":"2017-08-11T17:59:16+00:00","og_image":[{"url":"http:\/\/open-site.org\/img\/chirone\/00Silvia_Santa.jpg"}],"author":"danilo","twitter_card":"summary_large_image","twitter_misc":{"Escrito por":"danilo","Est. tempo de leitura":"3 minutos"},"schema":{"@context":"https:\/\/schema.org","@graph":[{"@type":"Article","@id":"https:\/\/www.oarcanjo.net\/site\/santa-silvia\/#article","isPartOf":{"@id":"https:\/\/www.oarcanjo.net\/site\/santa-silvia\/"},"author":{"name":"danilo","@id":"https:\/\/www.oarcanjo.net\/site\/#\/schema\/person\/5eb9480bedd2f3c97e430ce128c29c6c"},"headline":"Santa S\u00edlvia","datePublished":"2017-11-03T02:02:56+00:00","dateModified":"2017-08-11T17:59:16+00:00","mainEntityOfPage":{"@id":"https:\/\/www.oarcanjo.net\/site\/santa-silvia\/"},"wordCount":540,"commentCount":0,"publisher":{"@id":"https:\/\/www.oarcanjo.net\/site\/#organization"},"image":{"@id":"https:\/\/www.oarcanjo.net\/site\/santa-silvia\/#primaryimage"},"thumbnailUrl":"http:\/\/open-site.org\/img\/chirone\/00Silvia_Santa.jpg","articleSection":["Testemunhos"],"inLanguage":"pt-BR","potentialAction":[{"@type":"CommentAction","name":"Comment","target":["https:\/\/www.oarcanjo.net\/site\/santa-silvia\/#respond"]}]},{"@type":"WebPage","@id":"https:\/\/www.oarcanjo.net\/site\/santa-silvia\/","url":"https:\/\/www.oarcanjo.net\/site\/santa-silvia\/","name":"Santa S\u00edlvia - O Arcanjo no ar","isPartOf":{"@id":"https:\/\/www.oarcanjo.net\/site\/#website"},"primaryImageOfPage":{"@id":"https:\/\/www.oarcanjo.net\/site\/santa-silvia\/#primaryimage"},"image":{"@id":"https:\/\/www.oarcanjo.net\/site\/santa-silvia\/#primaryimage"},"thumbnailUrl":"http:\/\/open-site.org\/img\/chirone\/00Silvia_Santa.jpg","datePublished":"2017-11-03T02:02:56+00:00","dateModified":"2017-08-11T17:59:16+00:00","breadcrumb":{"@id":"https:\/\/www.oarcanjo.net\/site\/santa-silvia\/#breadcrumb"},"inLanguage":"pt-BR","potentialAction":[{"@type":"ReadAction","target":["https:\/\/www.oarcanjo.net\/site\/santa-silvia\/"]}]},{"@type":"ImageObject","inLanguage":"pt-BR","@id":"https:\/\/www.oarcanjo.net\/site\/santa-silvia\/#primaryimage","url":"http:\/\/open-site.org\/img\/chirone\/00Silvia_Santa.jpg","contentUrl":"http:\/\/open-site.org\/img\/chirone\/00Silvia_Santa.jpg"},{"@type":"BreadcrumbList","@id":"https:\/\/www.oarcanjo.net\/site\/santa-silvia\/#breadcrumb","itemListElement":[{"@type":"ListItem","position":1,"name":"In\u00edcio","item":"https:\/\/www.oarcanjo.net\/site\/"},{"@type":"ListItem","position":2,"name":"Santa S\u00edlvia"}]},{"@type":"WebSite","@id":"https:\/\/www.oarcanjo.net\/site\/#website","url":"https:\/\/www.oarcanjo.net\/site\/","name":"O Arcanjo no ar","description":"Site da Par\u00f3quia S\u00e3o Miguel Arcanjo (Arquidiocese de SP)","publisher":{"@id":"https:\/\/www.oarcanjo.net\/site\/#organization"},"potentialAction":[{"@type":"SearchAction","target":{"@type":"EntryPoint","urlTemplate":"https:\/\/www.oarcanjo.net\/site\/?s={search_term_string}"},"query-input":{"@type":"PropertyValueSpecification","valueRequired":true,"valueName":"search_term_string"}}],"inLanguage":"pt-BR"},{"@type":"Organization","@id":"https:\/\/www.oarcanjo.net\/site\/#organization","name":"Par\u00f3quia S\u00e3o Miguel Arcanjo","url":"https:\/\/www.oarcanjo.net\/site\/","logo":{"@type":"ImageObject","inLanguage":"pt-BR","@id":"https:\/\/www.oarcanjo.net\/site\/#\/schema\/logo\/image\/","url":"https:\/\/www.oarcanjo.net\/site\/wp-content\/uploads\/LogoOArcanjo.png","contentUrl":"https:\/\/www.oarcanjo.net\/site\/wp-content\/uploads\/LogoOArcanjo.png","width":319,"height":99,"caption":"Par\u00f3quia S\u00e3o Miguel Arcanjo"},"image":{"@id":"https:\/\/www.oarcanjo.net\/site\/#\/schema\/logo\/image\/"},"sameAs":["https:\/\/www.facebook.com\/OArcanjoNoAr\/"]},{"@type":"Person","@id":"https:\/\/www.oarcanjo.net\/site\/#\/schema\/person\/5eb9480bedd2f3c97e430ce128c29c6c","name":"danilo"}]}},"publishpress_future_action":{"enabled":false,"date":"2026-05-07 16:05:29","action":"category","newStatus":"draft","terms":[],"taxonomy":"category"},"publishpress_future_workflow_manual_trigger":{"enabledWorkflows":[]},"_links":{"self":[{"href":"https:\/\/www.oarcanjo.net\/site\/wp-json\/wp\/v2\/posts\/11542"}],"collection":[{"href":"https:\/\/www.oarcanjo.net\/site\/wp-json\/wp\/v2\/posts"}],"about":[{"href":"https:\/\/www.oarcanjo.net\/site\/wp-json\/wp\/v2\/types\/post"}],"author":[{"embeddable":true,"href":"https:\/\/www.oarcanjo.net\/site\/wp-json\/wp\/v2\/users\/14"}],"replies":[{"embeddable":true,"href":"https:\/\/www.oarcanjo.net\/site\/wp-json\/wp\/v2\/comments?post=11542"}],"version-history":[{"count":0,"href":"https:\/\/www.oarcanjo.net\/site\/wp-json\/wp\/v2\/posts\/11542\/revisions"}],"wp:attachment":[{"href":"https:\/\/www.oarcanjo.net\/site\/wp-json\/wp\/v2\/media?parent=11542"}],"wp:term":[{"taxonomy":"category","embeddable":true,"href":"https:\/\/www.oarcanjo.net\/site\/wp-json\/wp\/v2\/categories?post=11542"},{"taxonomy":"post_tag","embeddable":true,"href":"https:\/\/www.oarcanjo.net\/site\/wp-json\/wp\/v2\/tags?post=11542"}],"curies":[{"name":"wp","href":"https:\/\/api.w.org\/{rel}","templated":true}]}}