
{"id":11544,"date":"2017-11-03T00:04:45","date_gmt":"2017-11-03T02:04:45","guid":{"rendered":"http:\/\/www.oarcanjo.net\/site\/?p=11544"},"modified":"2017-08-11T14:59:21","modified_gmt":"2017-08-11T17:59:21","slug":"sao-martinho-de-lima-porres","status":"publish","type":"post","link":"https:\/\/www.oarcanjo.net\/site\/sao-martinho-de-lima-porres\/","title":{"rendered":"S\u00e3o Martinho de Lima (Porres)"},"content":{"rendered":"<p><img decoding=\"async\" src=\"http:\/\/4.bp.blogspot.com\/_K5-9KuKdEMg\/Su9Mxf3xXHI\/AAAAAAAACj4\/dg5XNXsN2_g\/s400\/S%25C3%25A3o%2BMartinho%2Bde%2BPorres.JPG\" alt=\"\" \/><\/p>\n<p>3 de Novembro<\/p>\n<p><strong><em>\u201cFeliz aquele que tomar refei\u00e7\u00e3o no reino de Deus.\u201d<br \/>\n<\/em><\/strong>Numa sociedade teocr\u00e1tica, como a da Palestina, na \u00e9poca de Jesus os enfermos e aleijados eram exclu\u00eddos, n\u00e3o somente da vida social, mas, tamb\u00e9m, da vida religiosa.<\/p>\n<p>Em Lima, no Peru, em 1639, o nascimento no c\u00e9u de <strong><em>S\u00e3o Martinho de Lima (ou de Porres),<\/em><\/strong> irm\u00e3o dominicano, que no cumprimento de sua fun\u00e7\u00e3o de enfermeiro deu provas de intensa abnega\u00e7\u00e3o. Grande taumaturgo, direcionava seus dons em favor dos sofredores.<br \/>\nNasceu na cidade de Lima, Peru, nos dia 9 de dezembro do ano 1579. Foi filho do Juan de Porres, cavalheiro espanhol da Ordem de Calatrava, e da Ana Vel\u00e1squez, negra livre panamenha.Mart\u00edn \u00e9 batizado na igreja de San Sebasti\u00e1n, onde anos mais tarde Santa Rosa de Lima tamb\u00e9m o fora.S\u00e3o misteriosos os caminhos do Senhor: foi um santo quem o confirmou na f\u00e9 de seus pais. Foi <em><strong>Santo Tur\u00edbio de Mogrovejo<\/strong><\/em>, primeiro arcebispo de Lima, quem fez descender o Esp\u00edrito sobre seu moreno cora\u00e7\u00e3o, cora\u00e7\u00e3o que o Senhor foi fazendo manso e humilde como o de sua M\u00e3e. Aos doze Mart\u00ednho ingressou como aprendiz de cabeleireiro, e assistente de um dentista. A fama de sua santidade corre de boca em boca pela cidade de Lima. Mart\u00ednho conheceu o frade <em>Juan de Lorenzana<\/em>, famoso dominicano como te\u00f3logo e homem de virtudes, quem o convida a entrar no Convento de Nossa Senhora do Ros\u00e1rio. As leis naquele tempo lhe impediam de ser religioso pela cor e pela ra\u00e7a, por isso Mart\u00ednho de Porres ingressou como Doado, mas ele se entrega a Deus e sua vida est\u00e1 presidida pelo servi\u00e7o, a humildade, a obedi\u00eancia e um amor sem medida. S\u00e3o Mart\u00edn tem um sonho que Deus lhe desbarata:<strong><em> &#8220;Passar desapercebido e ser o \u00faltimo&#8221;.<\/em><\/strong> Seu desejo mais profundo sempre \u00e9 de seguir a Jesus. Confia-lhe a limpeza da casa; por isso a vassoura ser\u00e1, com a cruz, a grande companheira de sua vida. Serve e atende a todos, mas n\u00e3o \u00e9 compreendido por todos. Um dia cortava o cabelo de um estudante: molestado diante do melhor sorriso de Frei Mart\u00ednho, n\u00e3o duvida em insult\u00e1-lo: <strong><em>C\u00e3o mulato<\/em><\/strong>! <strong><em>Hip\u00f3crita!<\/em><\/strong> A resposta foi um generoso sorriso. S\u00e3o Mart\u00ednho j\u00e1 estava h\u00e1 dois anos no convento, e fazia seis que n\u00e3o via a seu pai, este o visita e\u2026 depois de dialogar com o P. Provincial, deste e o Conselho do Convento decidem que Frei Mart\u00ednho se converta em irm\u00e3o cooperador. Em 2 de junho de 1603 se consagra a Deus por sua profiss\u00e3o religiosa. O Pe. Fernando Aragon\u00e9s declarar\u00e1: <strong><em>&#8220;exercitava-se na caridade dia e noite, curando doentes, dando esmola a espanh\u00f3is, \u00edndios e negros, a todos queria, amava e curava com singular amor&#8221;<\/em><\/strong>. A portaria do convento \u00e9 um rastro de soldados humildes, \u00edndios, mulatos, e negros; ele estava acostumado a repetir: <strong><em>&#8220;N\u00e3o h\u00e1 satisfa\u00e7\u00e3o maior que dar aos pobres&#8221;. <\/em><\/strong>Sua irm\u00e3 Juana tinha boa posi\u00e7\u00e3o social, por isso, em um im\u00f3vel dela, dava prote\u00e7\u00e3o a doentes e pobres. E em seu p\u00e1tio acolhe a c\u00e3es, gatos e ratos. Logo a virtude do moreno deixou de ser um segredo. Seu servi\u00e7o como enfermeiro se estendia desde seus irm\u00e3os dominicanos at\u00e9 as pessoas mais abandonadas que podia encontrar na rua. Sua humildade foi provada na dor da inj\u00faria, inclusive de parte de alguns religiosos dominicanos. Incompreens\u00e3o e invejas: caminho de contradi\u00e7\u00f5es que foi assemelhando ao mulato a seu Reconciliador. Os religiosos da Cidade Virreinal v\u00e3o de surpresa em surpresa, por isso o Superior o pro\u00edbe de realizar nada extraordin\u00e1rio sem seu consentimento. Um dia, quando retornava ao Convento, um pedreiro lhe grita ao cair do andaime; o Santo lhe faz gestos e corre a pedir permiss\u00e3o ao superior, este e o interessado ficam cativados por sua docilidade. Quando viu que se aproximava o momento feliz de ir gozar da presen\u00e7a de Deus, pediu aos religiosos que lhe rodeavam que entoassem o Credo. Enquanto o cantavam, entregou sua alma a Deus. Era 3 de novembro de 1639. Sua morte causou profunda como\u00e7\u00e3o na cidade. Tinha sido o irm\u00e3o e enfermeiro de todos, singularmente dos mais pobres. Todos se disputavam por conseguir alguma rel\u00edquia. Toda a cidade lhe deu o \u00faltimo adeus. Seu culto se estendeu prodigiosamente. Greg\u00f3rio XVI o declarou Beato em 1837. Foi canonizado por Jo\u00e3o XXIII em 1962. Recordava o Papa, na homilia da canoniza\u00e7\u00e3o, as devo\u00e7\u00f5es em que se distinguiu o novo Santo: sua profunda humildade que o fazia considerar a todos superiores a ele, seu zelo apost\u00f3lico, e suas cont\u00ednuas ins\u00f4nias por atender a doentes e necessitados, o que lhe valeu, por parte de todo o povo, o formoso apelativo de <strong><em>&#8220;Mart\u00ednho da caridade&#8221;. <\/em><\/strong>O amor inteligente de Martinho levou-o conceber e realizar uma obra prof\u00e9tica. Retirou das ruas muitos meninos e meninas, destinados \u00e0 marginaliza\u00e7\u00e3o e \u00e0 delinq\u00fc\u00eancia, e instituiu para eles o Col\u00e9gio Santa Cruz, que ainda existe. Al\u00e9m da casa e da comida, proporcionou-lhes excelente educa\u00e7\u00e3o humana e crist\u00e3, procurando os melhores professores assegurando-lhes, assim, um futuro. Sua generosidade e desprendimento conquistaram o cora\u00e7\u00e3o e os recursos de fam\u00edlias ricas e nobres, como a do vice-rei, para viabilizar as obras educacionais e caritativas.N\u00e3o descansava. Passava praticamente toda a noite em ora\u00e7\u00e3o, diante da Eucaristia e da imagem de Nossa Senhora. Muitas vezes foi surpreendido em \u00eaxtase, t\u00e3o grande era sua familiaridade com Jesus, Maria e os Santos. Martinho de Porres, mulato, tornou-se a personagem principal em Lima. Simboliza a vit\u00f3ria do evangelho dos pobres na sociedade colonial, que discriminava e marginalizava. Encarregado da enfermaria do convento, auxiliava todos quantos se lhe dirigiam, fossem seus irm\u00e3os da comunidade, fosse pessoas da cidade. Al\u00e9m de cuidar da enfermaria, varria todo o convento, cuidava da rouparia, cortava o cabelo dos duzentos frades, e era o sineiro, dispensando ainda de seis a oito horas por dia \u00e0 ora\u00e7\u00e3o.<\/p>\n<div><img decoding=\"async\" src=\"http:\/\/2.bp.blogspot.com\/_K5-9KuKdEMg\/Su9ShwIVhVI\/AAAAAAAACkA\/dKHG3rJ38n0\/s400\/S%C3%83O+MARTINHO+DE+LIMA.jpg\" alt=\"\" border=\"0\" \/><\/div>\n<p>&nbsp;<\/p>\n<div>Quando uma epidemia atingiu Lima, no convento do Ros\u00e1rio sessenta religiosos ficaram enfermos e muitos estavam numa se\u00e7\u00e3o fechada do convento. S\u00e3o Martinho teria passado a portas fechadas para cuidar deles, um fen\u00f4meno que encontraria resid\u00eancia. Martinho levava doentes para o convento, at\u00e9 que o Superior provincial, alarmado com o cont\u00e1gio, proibiu-o de continuar a faz\u00ea-lo. Sua irm\u00e3, que morava no pa\u00eds, ofereceu sua casa para alojar todos aqueles que a resid\u00eancia do religioso n\u00e3o poderia. Um dia ele encontrou na rua um pobre \u00edndio, sangrando at\u00e9 a morte por uma punhalada, e levou-o ao seu pr\u00f3prio quarto. O Superior, quando soube tudo isto, o repreendeu por desobedi\u00eancia. O Superior foi extremamente edificado pela sua resposta: <strong><em>&#8220;Perdoa meu erro, e por favor me instrui, porque eu n\u00e3o sabia que o preceito da obedi\u00eancia se sobrep\u00f5e ao da caridade.&#8221; <\/em><\/strong>Ent\u00e3o o Superior deu-lhe liberdade para seguir as suas inspira\u00e7\u00f5es posteriormente no exerc\u00edcio da miseric\u00f3rdia. Tinha uma horta na qual ele mesmo cultivava as plantas que utilizava para suas medicinas. Estando doente o Bispo de La Paz, de passagem por Lima mandou que chamassem Frei Martinho para que o curasse. O simples contato da m\u00e3o do doado em seu peito o livrou de grave mol\u00e9stia que o levava ao t\u00famulo. Foi um precioso amigo e colaborador de <strong><em>Santa Rosa de Lima<\/em><\/strong> e de <strong><em>Juan Macias<\/em><\/strong>, igualmente dominicanos. Al\u00e9m de todas essas atividades, Martinho sa\u00eda tamb\u00e9m do convento para pedir esmolas para os mais necessitados. Martinho, com o corpo gasto pelo excesso de trabalho, jejum cont\u00ednuo e penit\u00eancia, faleceu aos 60 anos de idade. Sua festa se celebra em 3 de Novembro.<\/div>\n<div>\n<p>CENTRO COMUNIT\u00c1RIO S\u00c3O MARTINHO DE LIMA &#8211; BEL\u00c9M<\/p>\n<p>O Centro Comunit\u00e1rio S\u00e3o Martinho de Lima \u2013 Povo de Rua, surgiu em fevereiro de 1990 com o objetivo de criar referenciais \u00e0 popula\u00e7\u00e3o em situa\u00e7\u00e3o de rua, por meio da constru\u00e7\u00e3o de rela\u00e7\u00f5es afetivas e de espa\u00e7os de conviv\u00eancia. Primeira unidade conveniada \u00e0 prefeitura de S\u00e3o Paulo a prestar servi\u00e7os a esta popula\u00e7\u00e3o, o Centro desenvolve esfor\u00e7os para oferecer um espa\u00e7o humano efetivo, construtor de pontos de apoio.<\/p>\n<p>O S\u00e3o Martinho de Lima \u2013 Povo de Rua \u00e9 uma das unidades do Centro Social Nossa Senhora do Bom Parto (BOMPAR) e mant\u00e9m diversas parcerias, al\u00e9m do conv\u00eanio com a Secretaria Municipal de Assist\u00eancia e Desenvolvimento Social. Atualmente, atende 500 pessoas em situa\u00e7\u00e3o de rua com programas de higiene pessoal; assist\u00eancia social; bazar de roupas e cal\u00e7ados; alimenta\u00e7\u00e3o; atividades s\u00f3cio educativas; farm\u00e1cia para primeiros socorros com produtos fitoter\u00e1picos e horta comunit\u00e1ria.<\/p>\n<p>\u00c9 por meio desses programas que o S\u00e3o Martinho possibilita \u00e0 popula\u00e7\u00e3o-alvo o resgate da identidade, da auto estima e da cidadania solid\u00e1ria, al\u00e9m da recupera\u00e7\u00e3o do direito social e da dignidade humana. Isso se torna poss\u00edvel atrav\u00e9s da conviv\u00eancia humanizadora e s\u00f3cio educativa, concebida no acolhimento e no cuidado, que norteiam a constru\u00e7\u00e3o de v\u00ednculos interpessoais e familiares.<\/p>\n<p>Atendimento di\u00e1rio: das 8 h as 17 h.<\/p>\n<p>Centro Comunit\u00e1rio S\u00e3o Martinho de Lima \u2013 Povo de Rua<\/p>\n<p>Rua Siqueira Bueno, 667 \u2013 Belenzinho \u2013 SP- CEP: 03173-010<\/p>\n<p>Fones: 11- 2693-6251 e 2693-8709<\/p>\n<p>E-mail: <a href=\"mailto:saomartinhopovoderua@ig.com.br\">saomartinhopovoderua@ig.com.br<\/a><\/p>\n<p><strong>Ora\u00e7\u00e3o a S\u00e3o Martinho de Lima<\/strong><\/p>\n<p><strong>S\u00e3o Martinho de Lima, v\u00f3s que, cobrindo um mendigo com o vosso manto, agasalhastes o pr\u00f3prio Cristo, ajudai-me a desprender-me dos bens<\/strong><strong> terrenos e a olhar para as necessidades e sofrimentos dos outros. Dai-me a virtude da compaix\u00e3o, da bondade e da caridade para que me torne capaz de partilhar com os irm\u00e3os os meus bens materiais e tamb\u00e9m tenha a sensibilidade de repartir com os outros a ora\u00e7\u00e3o, a f\u00e9, a esperan\u00e7a, o amor, a amizade e a alegria.<\/strong><\/p>\n<p><strong>S\u00e3o Martinho, que de pag\u00e3o que \u00e9reis, depois galgastes os degraus do sacerd\u00f3cio, do episcopado e at\u00e9 as honras dos altares: l\u00e1 do c\u00e9u, olhai para mim e atendei o pedido que vos fa\u00e7o.<\/strong><\/p>\n<p><strong>Ajudai-me em todas as minhas necessidades e n\u00e3o permitais que eu caia na mis\u00e9ria.<\/strong><\/p>\n<p><strong>Tudo aquilo que fizerdes a um desses meus irm\u00e3os mais pequeninos, a mim que o fazeis.&#8221;<\/strong><\/p>\n<p><strong>S\u00e3o Martinho, rogai por n\u00f3s.<\/strong><\/p>\n<p><strong>(Pai-Nosso, Ave-Maria, Gl\u00f3ria ao Pai.)<\/strong><\/p>\n<p><strong>\u00a0<\/strong><\/p>\n<\/div>\n<div id=\"themify_builder_content-11544\" data-postid=\"11544\" class=\"themify_builder_content themify_builder_content-11544 themify_builder themify_builder_front\">\n\t<\/div>\n<!-- \/themify_builder_content -->","protected":false},"excerpt":{"rendered":"<p>3 de Novembro \u201cFeliz aquele que tomar refei\u00e7\u00e3o no reino de Deus.\u201d Numa sociedade teocr\u00e1tica, como a da Palestina, na \u00e9poca de Jesus os enfermos e aleijados eram exclu\u00eddos, n\u00e3o somente da vida social, mas, tamb\u00e9m, da vida religiosa. Em Lima, no Peru, em 1639, o nascimento no c\u00e9u de S\u00e3o Martinho de Lima (ou [&hellip;]<\/p>\n","protected":false},"author":14,"featured_media":0,"comment_status":"open","ping_status":"open","sticky":false,"template":"","format":"standard","meta":{"ngg_post_thumbnail":0,"footnotes":""},"categories":[186],"tags":[],"yoast_head":"<!-- This site is optimized with the Yoast SEO plugin v23.5 - https:\/\/yoast.com\/wordpress\/plugins\/seo\/ -->\n<title>S\u00e3o Martinho de Lima (Porres) - O Arcanjo no ar<\/title>\n<meta name=\"robots\" content=\"index, follow, max-snippet:-1, max-image-preview:large, max-video-preview:-1\" \/>\n<link rel=\"canonical\" href=\"https:\/\/www.oarcanjo.net\/site\/sao-martinho-de-lima-porres\/\" \/>\n<meta property=\"og:locale\" content=\"pt_BR\" \/>\n<meta property=\"og:type\" content=\"article\" \/>\n<meta property=\"og:title\" content=\"S\u00e3o Martinho de Lima (Porres) - O Arcanjo no ar\" \/>\n<meta property=\"og:description\" content=\"3 de Novembro \u201cFeliz aquele que tomar refei\u00e7\u00e3o no reino de Deus.\u201d Numa sociedade teocr\u00e1tica, como a da Palestina, na \u00e9poca de Jesus os enfermos e aleijados eram exclu\u00eddos, n\u00e3o somente da vida social, mas, tamb\u00e9m, da vida religiosa. Em Lima, no Peru, em 1639, o nascimento no c\u00e9u de S\u00e3o Martinho de Lima (ou [&hellip;]\" \/>\n<meta property=\"og:url\" content=\"https:\/\/www.oarcanjo.net\/site\/sao-martinho-de-lima-porres\/\" \/>\n<meta property=\"og:site_name\" content=\"O Arcanjo no ar\" \/>\n<meta property=\"article:publisher\" content=\"https:\/\/www.facebook.com\/OArcanjoNoAr\/\" \/>\n<meta property=\"article:published_time\" content=\"2017-11-03T02:04:45+00:00\" \/>\n<meta property=\"article:modified_time\" content=\"2017-08-11T17:59:21+00:00\" \/>\n<meta property=\"og:image\" content=\"http:\/\/4.bp.blogspot.com\/_K5-9KuKdEMg\/Su9Mxf3xXHI\/AAAAAAAACj4\/dg5XNXsN2_g\/s400\/S%25C3%25A3o%2BMartinho%2Bde%2BPorres.JPG\" \/>\n<meta name=\"author\" content=\"danilo\" \/>\n<meta name=\"twitter:card\" content=\"summary_large_image\" \/>\n<meta name=\"twitter:label1\" content=\"Escrito por\" \/>\n\t<meta name=\"twitter:data1\" content=\"danilo\" \/>\n\t<meta name=\"twitter:label2\" content=\"Est. tempo de leitura\" \/>\n\t<meta name=\"twitter:data2\" content=\"9 minutos\" \/>\n<script type=\"application\/ld+json\" class=\"yoast-schema-graph\">{\"@context\":\"https:\/\/schema.org\",\"@graph\":[{\"@type\":\"Article\",\"@id\":\"https:\/\/www.oarcanjo.net\/site\/sao-martinho-de-lima-porres\/#article\",\"isPartOf\":{\"@id\":\"https:\/\/www.oarcanjo.net\/site\/sao-martinho-de-lima-porres\/\"},\"author\":{\"name\":\"danilo\",\"@id\":\"https:\/\/www.oarcanjo.net\/site\/#\/schema\/person\/5eb9480bedd2f3c97e430ce128c29c6c\"},\"headline\":\"S\u00e3o Martinho de Lima (Porres)\",\"datePublished\":\"2017-11-03T02:04:45+00:00\",\"dateModified\":\"2017-08-11T17:59:21+00:00\",\"mainEntityOfPage\":{\"@id\":\"https:\/\/www.oarcanjo.net\/site\/sao-martinho-de-lima-porres\/\"},\"wordCount\":1794,\"commentCount\":1,\"publisher\":{\"@id\":\"https:\/\/www.oarcanjo.net\/site\/#organization\"},\"image\":{\"@id\":\"https:\/\/www.oarcanjo.net\/site\/sao-martinho-de-lima-porres\/#primaryimage\"},\"thumbnailUrl\":\"http:\/\/4.bp.blogspot.com\/_K5-9KuKdEMg\/Su9Mxf3xXHI\/AAAAAAAACj4\/dg5XNXsN2_g\/s400\/S%25C3%25A3o%2BMartinho%2Bde%2BPorres.JPG\",\"articleSection\":[\"Testemunhos\"],\"inLanguage\":\"pt-BR\",\"potentialAction\":[{\"@type\":\"CommentAction\",\"name\":\"Comment\",\"target\":[\"https:\/\/www.oarcanjo.net\/site\/sao-martinho-de-lima-porres\/#respond\"]}]},{\"@type\":\"WebPage\",\"@id\":\"https:\/\/www.oarcanjo.net\/site\/sao-martinho-de-lima-porres\/\",\"url\":\"https:\/\/www.oarcanjo.net\/site\/sao-martinho-de-lima-porres\/\",\"name\":\"S\u00e3o Martinho de Lima (Porres) - O Arcanjo no ar\",\"isPartOf\":{\"@id\":\"https:\/\/www.oarcanjo.net\/site\/#website\"},\"primaryImageOfPage\":{\"@id\":\"https:\/\/www.oarcanjo.net\/site\/sao-martinho-de-lima-porres\/#primaryimage\"},\"image\":{\"@id\":\"https:\/\/www.oarcanjo.net\/site\/sao-martinho-de-lima-porres\/#primaryimage\"},\"thumbnailUrl\":\"http:\/\/4.bp.blogspot.com\/_K5-9KuKdEMg\/Su9Mxf3xXHI\/AAAAAAAACj4\/dg5XNXsN2_g\/s400\/S%25C3%25A3o%2BMartinho%2Bde%2BPorres.JPG\",\"datePublished\":\"2017-11-03T02:04:45+00:00\",\"dateModified\":\"2017-08-11T17:59:21+00:00\",\"breadcrumb\":{\"@id\":\"https:\/\/www.oarcanjo.net\/site\/sao-martinho-de-lima-porres\/#breadcrumb\"},\"inLanguage\":\"pt-BR\",\"potentialAction\":[{\"@type\":\"ReadAction\",\"target\":[\"https:\/\/www.oarcanjo.net\/site\/sao-martinho-de-lima-porres\/\"]}]},{\"@type\":\"ImageObject\",\"inLanguage\":\"pt-BR\",\"@id\":\"https:\/\/www.oarcanjo.net\/site\/sao-martinho-de-lima-porres\/#primaryimage\",\"url\":\"http:\/\/4.bp.blogspot.com\/_K5-9KuKdEMg\/Su9Mxf3xXHI\/AAAAAAAACj4\/dg5XNXsN2_g\/s400\/S%25C3%25A3o%2BMartinho%2Bde%2BPorres.JPG\",\"contentUrl\":\"http:\/\/4.bp.blogspot.com\/_K5-9KuKdEMg\/Su9Mxf3xXHI\/AAAAAAAACj4\/dg5XNXsN2_g\/s400\/S%25C3%25A3o%2BMartinho%2Bde%2BPorres.JPG\"},{\"@type\":\"BreadcrumbList\",\"@id\":\"https:\/\/www.oarcanjo.net\/site\/sao-martinho-de-lima-porres\/#breadcrumb\",\"itemListElement\":[{\"@type\":\"ListItem\",\"position\":1,\"name\":\"In\u00edcio\",\"item\":\"https:\/\/www.oarcanjo.net\/site\/\"},{\"@type\":\"ListItem\",\"position\":2,\"name\":\"S\u00e3o Martinho de Lima (Porres)\"}]},{\"@type\":\"WebSite\",\"@id\":\"https:\/\/www.oarcanjo.net\/site\/#website\",\"url\":\"https:\/\/www.oarcanjo.net\/site\/\",\"name\":\"O Arcanjo no ar\",\"description\":\"Site da Par\u00f3quia S\u00e3o Miguel Arcanjo (Arquidiocese de SP)\",\"publisher\":{\"@id\":\"https:\/\/www.oarcanjo.net\/site\/#organization\"},\"potentialAction\":[{\"@type\":\"SearchAction\",\"target\":{\"@type\":\"EntryPoint\",\"urlTemplate\":\"https:\/\/www.oarcanjo.net\/site\/?s={search_term_string}\"},\"query-input\":{\"@type\":\"PropertyValueSpecification\",\"valueRequired\":true,\"valueName\":\"search_term_string\"}}],\"inLanguage\":\"pt-BR\"},{\"@type\":\"Organization\",\"@id\":\"https:\/\/www.oarcanjo.net\/site\/#organization\",\"name\":\"Par\u00f3quia S\u00e3o Miguel Arcanjo\",\"url\":\"https:\/\/www.oarcanjo.net\/site\/\",\"logo\":{\"@type\":\"ImageObject\",\"inLanguage\":\"pt-BR\",\"@id\":\"https:\/\/www.oarcanjo.net\/site\/#\/schema\/logo\/image\/\",\"url\":\"https:\/\/www.oarcanjo.net\/site\/wp-content\/uploads\/LogoOArcanjo.png\",\"contentUrl\":\"https:\/\/www.oarcanjo.net\/site\/wp-content\/uploads\/LogoOArcanjo.png\",\"width\":319,\"height\":99,\"caption\":\"Par\u00f3quia S\u00e3o Miguel Arcanjo\"},\"image\":{\"@id\":\"https:\/\/www.oarcanjo.net\/site\/#\/schema\/logo\/image\/\"},\"sameAs\":[\"https:\/\/www.facebook.com\/OArcanjoNoAr\/\"]},{\"@type\":\"Person\",\"@id\":\"https:\/\/www.oarcanjo.net\/site\/#\/schema\/person\/5eb9480bedd2f3c97e430ce128c29c6c\",\"name\":\"danilo\"}]}<\/script>\n<!-- \/ Yoast SEO plugin. -->","yoast_head_json":{"title":"S\u00e3o Martinho de Lima (Porres) - O Arcanjo no ar","robots":{"index":"index","follow":"follow","max-snippet":"max-snippet:-1","max-image-preview":"max-image-preview:large","max-video-preview":"max-video-preview:-1"},"canonical":"https:\/\/www.oarcanjo.net\/site\/sao-martinho-de-lima-porres\/","og_locale":"pt_BR","og_type":"article","og_title":"S\u00e3o Martinho de Lima (Porres) - O Arcanjo no ar","og_description":"3 de Novembro \u201cFeliz aquele que tomar refei\u00e7\u00e3o no reino de Deus.\u201d Numa sociedade teocr\u00e1tica, como a da Palestina, na \u00e9poca de Jesus os enfermos e aleijados eram exclu\u00eddos, n\u00e3o somente da vida social, mas, tamb\u00e9m, da vida religiosa. Em Lima, no Peru, em 1639, o nascimento no c\u00e9u de S\u00e3o Martinho de Lima (ou [&hellip;]","og_url":"https:\/\/www.oarcanjo.net\/site\/sao-martinho-de-lima-porres\/","og_site_name":"O Arcanjo no ar","article_publisher":"https:\/\/www.facebook.com\/OArcanjoNoAr\/","article_published_time":"2017-11-03T02:04:45+00:00","article_modified_time":"2017-08-11T17:59:21+00:00","og_image":[{"url":"http:\/\/4.bp.blogspot.com\/_K5-9KuKdEMg\/Su9Mxf3xXHI\/AAAAAAAACj4\/dg5XNXsN2_g\/s400\/S%25C3%25A3o%2BMartinho%2Bde%2BPorres.JPG"}],"author":"danilo","twitter_card":"summary_large_image","twitter_misc":{"Escrito por":"danilo","Est. tempo de leitura":"9 minutos"},"schema":{"@context":"https:\/\/schema.org","@graph":[{"@type":"Article","@id":"https:\/\/www.oarcanjo.net\/site\/sao-martinho-de-lima-porres\/#article","isPartOf":{"@id":"https:\/\/www.oarcanjo.net\/site\/sao-martinho-de-lima-porres\/"},"author":{"name":"danilo","@id":"https:\/\/www.oarcanjo.net\/site\/#\/schema\/person\/5eb9480bedd2f3c97e430ce128c29c6c"},"headline":"S\u00e3o Martinho de Lima (Porres)","datePublished":"2017-11-03T02:04:45+00:00","dateModified":"2017-08-11T17:59:21+00:00","mainEntityOfPage":{"@id":"https:\/\/www.oarcanjo.net\/site\/sao-martinho-de-lima-porres\/"},"wordCount":1794,"commentCount":1,"publisher":{"@id":"https:\/\/www.oarcanjo.net\/site\/#organization"},"image":{"@id":"https:\/\/www.oarcanjo.net\/site\/sao-martinho-de-lima-porres\/#primaryimage"},"thumbnailUrl":"http:\/\/4.bp.blogspot.com\/_K5-9KuKdEMg\/Su9Mxf3xXHI\/AAAAAAAACj4\/dg5XNXsN2_g\/s400\/S%25C3%25A3o%2BMartinho%2Bde%2BPorres.JPG","articleSection":["Testemunhos"],"inLanguage":"pt-BR","potentialAction":[{"@type":"CommentAction","name":"Comment","target":["https:\/\/www.oarcanjo.net\/site\/sao-martinho-de-lima-porres\/#respond"]}]},{"@type":"WebPage","@id":"https:\/\/www.oarcanjo.net\/site\/sao-martinho-de-lima-porres\/","url":"https:\/\/www.oarcanjo.net\/site\/sao-martinho-de-lima-porres\/","name":"S\u00e3o Martinho de Lima (Porres) - O Arcanjo no ar","isPartOf":{"@id":"https:\/\/www.oarcanjo.net\/site\/#website"},"primaryImageOfPage":{"@id":"https:\/\/www.oarcanjo.net\/site\/sao-martinho-de-lima-porres\/#primaryimage"},"image":{"@id":"https:\/\/www.oarcanjo.net\/site\/sao-martinho-de-lima-porres\/#primaryimage"},"thumbnailUrl":"http:\/\/4.bp.blogspot.com\/_K5-9KuKdEMg\/Su9Mxf3xXHI\/AAAAAAAACj4\/dg5XNXsN2_g\/s400\/S%25C3%25A3o%2BMartinho%2Bde%2BPorres.JPG","datePublished":"2017-11-03T02:04:45+00:00","dateModified":"2017-08-11T17:59:21+00:00","breadcrumb":{"@id":"https:\/\/www.oarcanjo.net\/site\/sao-martinho-de-lima-porres\/#breadcrumb"},"inLanguage":"pt-BR","potentialAction":[{"@type":"ReadAction","target":["https:\/\/www.oarcanjo.net\/site\/sao-martinho-de-lima-porres\/"]}]},{"@type":"ImageObject","inLanguage":"pt-BR","@id":"https:\/\/www.oarcanjo.net\/site\/sao-martinho-de-lima-porres\/#primaryimage","url":"http:\/\/4.bp.blogspot.com\/_K5-9KuKdEMg\/Su9Mxf3xXHI\/AAAAAAAACj4\/dg5XNXsN2_g\/s400\/S%25C3%25A3o%2BMartinho%2Bde%2BPorres.JPG","contentUrl":"http:\/\/4.bp.blogspot.com\/_K5-9KuKdEMg\/Su9Mxf3xXHI\/AAAAAAAACj4\/dg5XNXsN2_g\/s400\/S%25C3%25A3o%2BMartinho%2Bde%2BPorres.JPG"},{"@type":"BreadcrumbList","@id":"https:\/\/www.oarcanjo.net\/site\/sao-martinho-de-lima-porres\/#breadcrumb","itemListElement":[{"@type":"ListItem","position":1,"name":"In\u00edcio","item":"https:\/\/www.oarcanjo.net\/site\/"},{"@type":"ListItem","position":2,"name":"S\u00e3o Martinho de Lima (Porres)"}]},{"@type":"WebSite","@id":"https:\/\/www.oarcanjo.net\/site\/#website","url":"https:\/\/www.oarcanjo.net\/site\/","name":"O Arcanjo no ar","description":"Site da Par\u00f3quia S\u00e3o Miguel Arcanjo (Arquidiocese de SP)","publisher":{"@id":"https:\/\/www.oarcanjo.net\/site\/#organization"},"potentialAction":[{"@type":"SearchAction","target":{"@type":"EntryPoint","urlTemplate":"https:\/\/www.oarcanjo.net\/site\/?s={search_term_string}"},"query-input":{"@type":"PropertyValueSpecification","valueRequired":true,"valueName":"search_term_string"}}],"inLanguage":"pt-BR"},{"@type":"Organization","@id":"https:\/\/www.oarcanjo.net\/site\/#organization","name":"Par\u00f3quia S\u00e3o Miguel Arcanjo","url":"https:\/\/www.oarcanjo.net\/site\/","logo":{"@type":"ImageObject","inLanguage":"pt-BR","@id":"https:\/\/www.oarcanjo.net\/site\/#\/schema\/logo\/image\/","url":"https:\/\/www.oarcanjo.net\/site\/wp-content\/uploads\/LogoOArcanjo.png","contentUrl":"https:\/\/www.oarcanjo.net\/site\/wp-content\/uploads\/LogoOArcanjo.png","width":319,"height":99,"caption":"Par\u00f3quia S\u00e3o Miguel Arcanjo"},"image":{"@id":"https:\/\/www.oarcanjo.net\/site\/#\/schema\/logo\/image\/"},"sameAs":["https:\/\/www.facebook.com\/OArcanjoNoAr\/"]},{"@type":"Person","@id":"https:\/\/www.oarcanjo.net\/site\/#\/schema\/person\/5eb9480bedd2f3c97e430ce128c29c6c","name":"danilo"}]}},"publishpress_future_action":{"enabled":false,"date":"2026-05-07 17:26:35","action":"category","newStatus":"draft","terms":[],"taxonomy":"category"},"publishpress_future_workflow_manual_trigger":{"enabledWorkflows":[]},"_links":{"self":[{"href":"https:\/\/www.oarcanjo.net\/site\/wp-json\/wp\/v2\/posts\/11544"}],"collection":[{"href":"https:\/\/www.oarcanjo.net\/site\/wp-json\/wp\/v2\/posts"}],"about":[{"href":"https:\/\/www.oarcanjo.net\/site\/wp-json\/wp\/v2\/types\/post"}],"author":[{"embeddable":true,"href":"https:\/\/www.oarcanjo.net\/site\/wp-json\/wp\/v2\/users\/14"}],"replies":[{"embeddable":true,"href":"https:\/\/www.oarcanjo.net\/site\/wp-json\/wp\/v2\/comments?post=11544"}],"version-history":[{"count":0,"href":"https:\/\/www.oarcanjo.net\/site\/wp-json\/wp\/v2\/posts\/11544\/revisions"}],"wp:attachment":[{"href":"https:\/\/www.oarcanjo.net\/site\/wp-json\/wp\/v2\/media?parent=11544"}],"wp:term":[{"taxonomy":"category","embeddable":true,"href":"https:\/\/www.oarcanjo.net\/site\/wp-json\/wp\/v2\/categories?post=11544"},{"taxonomy":"post_tag","embeddable":true,"href":"https:\/\/www.oarcanjo.net\/site\/wp-json\/wp\/v2\/tags?post=11544"}],"curies":[{"name":"wp","href":"https:\/\/api.w.org\/{rel}","templated":true}]}}