
{"id":11548,"date":"2017-11-04T00:19:54","date_gmt":"2017-11-04T02:19:54","guid":{"rendered":"http:\/\/www.oarcanjo.net\/site\/?p=11548"},"modified":"2017-08-11T14:59:43","modified_gmt":"2017-08-11T17:59:43","slug":"sao-carlos-borromeu","status":"publish","type":"post","link":"https:\/\/www.oarcanjo.net\/site\/sao-carlos-borromeu\/","title":{"rendered":"S\u00e3o Carlos Borromeu"},"content":{"rendered":"<p><img decoding=\"async\" src=\"http:\/\/www.paroquiasaosebastiaomatao.com.br\/images\/Santos\/S%C3%A3o%20Carlos%20Borromeu.jpg\" alt=\"\" \/><\/p>\n<p>4 de Novembro<\/p>\n<p>Mui devidamente S\u00e3o Carlos Borromeu \u00e9 contado entre os maiores santos, que glorificaram\u00a0 a\u00a0 Igreja Cat\u00f3lica no s\u00e9culo XVI, defendendo-a vitoriosamente dos inimigos que contra ela\u00a0 se levantaram.\u00a0<\/p>\n<p>\u00a0\u00a0\u00a0\u00a0\u00a0\u00a0\u00a0\u00a0\u00a0\u00a0\u00a0\u00a0\u00a0\u00a0\u00a0\u00a0\u00a0\u00a0\u00a0\u00a0\u00a0\u00a0\u00a0\u00a0\u00a0\u00a0\u00a0\u00a0\u00a0\u00a0\u00a0\u00a0\u00a0\u00a0\u00a0\u00a0\u00a0\u00a0\u00a0\u00a0\u00a0\u00a0\u00a0\u00a0\u00a0\u00a0 No calend\u00e1rio dos\u00a0 santos, figura Carlos com o nome dos ascendentes maternos.\u00a0 Os Borromeus, chamados antes Franchi, residiam antigamente na cidade de San Miriato.\u00a0 Depois se ramificaram e encontramos seus diversos representantes em Floren\u00e7a, P\u00e1dua e Mil\u00e3o.\u00a0 Gilberto, senhor de Avona, no lago Maggiore, Casou-se\u00a0 com Margherita, filha de Bernardino Medichino, de Mil\u00e3o, irm\u00e3 de Gian \u00c2ngelo, mais tarde Papa Pio IV.\u00a0 Gilberto Borromeu teve tr\u00eas filhos:\u00a0 Frederico, Carlos e Camila;\u00a0 esta se casou com Cesare Gonzaga de Guastalla, distinguindo-se por grande\u00a0 virtude. Frederico contraiu matrim\u00f4nio com Virg\u00ednia della Rovere, filha do duque Urbino e morreu com\u00a0 27 anos.\u00a0<\/p>\n<p>\u00a0\u00a0\u00a0\u00a0\u00a0\u00a0\u00a0\u00a0\u00a0\u00a0\u00a0\u00a0\u00a0\u00a0\u00a0\u00a0\u00a0\u00a0\u00a0\u00a0\u00a0\u00a0\u00a0\u00a0\u00a0\u00a0\u00a0\u00a0\u00a0\u00a0\u00a0\u00a0\u00a0\u00a0\u00a0\u00a0\u00a0\u00a0\u00a0\u00a0\u00a0\u00a0\u00a0\u00a0\u00a0\u00a0 Carlos, o segundo filho de Gilberto, nasceu aos 2\u00a0 de outubro de 1538. Menino ainda, revelou \u00f3timo talento e uma intelig\u00eancia rara. Ao lado destas qualidades, manifestou forte inclina\u00e7\u00e3o para a vida religiosa, pela piedade e\u00a0 o\u00a0 temor a Deus.\u00a0 Era seu prazer\u00a0 construir\u00a0 altares min\u00fasculos,\u00a0 diante dos quais, em presen\u00e7a dos irm\u00e3os e companheiros de idade,\u00a0 imitava as\u00a0 fun\u00e7\u00f5es\u00a0 sacerdotais que tinha observado na Igreja.\u00a0 Era mero brinquedo infantil.\u00a0 O amor \u00e0 ora\u00e7\u00e3o e o aborrecimento aos divertimentos\u00a0 profanos, eram\u00a0 sinais mais positivos da\u00a0 voca\u00e7\u00e3o sacerdotal.\u00a0\u00a0<\/p>\n<p>\u00a0\u00a0\u00a0\u00a0\u00a0\u00a0\u00a0\u00a0\u00a0\u00a0\u00a0\u00a0\u00a0\u00a0\u00a0\u00a0\u00a0\u00a0\u00a0\u00a0\u00a0\u00a0\u00a0\u00a0\u00a0\u00a0\u00a0\u00a0\u00a0\u00a0\u00a0\u00a0\u00a0\u00a0\u00a0\u00a0\u00a0\u00a0\u00a0\u00a0\u00a0\u00a0\u00a0\u00a0\u00a0\u00a0 Os pais, por seu turno, julgando garantido o\u00a0 futuro da fam\u00edlia pelo primog\u00eanito Frederico, animaram a Carlos naquele modo de pensar, e levaram-no a\u00a0 seguir a\u00a0 carreira sacerdotal.\u00a0 Com doze anos,\u00a0 recebeu a tonsura e o h\u00e1bito talar. Pela ren\u00fancia do tio Julio C\u00e9sar, entrou\u00a0 no usufruto da abadia de S\u00e3o Graciano.\u00a0 Com este\u00a0 acontecimento formou-se o la\u00e7o, que prendeu o jovem \u00e0 participa\u00e7\u00e3o da vida p\u00fablica da Igreja.\u00a0 A administra\u00e7\u00e3o de emolumentos que lhe provinham do benef\u00edcio, Carlos considerava coisa sagrada.\u00a0 \u201cBem eclesi\u00e1stico \u00e9 propriedade de Cristo e por ele dos pobres;\u00a0 a estes aproveita o usufruto\u201d. Foi esta a regra que a f\u00e9 lhe ditou, e que as tradi\u00e7\u00f5es da fam\u00edlia lhe confirmaram.\u00a0 N\u00e3o consentia que bens da abadia fossem aplicados a necessidades de fam\u00edlia. Emprestando\u00a0 ao pai uma determinada quantia, exigia-lhe nota promiss\u00f3ria.\u00a0<\/p>\n<p>\u00a0\u00a0\u00a0\u00a0\u00a0\u00a0\u00a0\u00a0\u00a0\u00a0\u00a0\u00a0\u00a0\u00a0\u00a0\u00a0\u00a0\u00a0\u00a0\u00a0\u00a0\u00a0\u00a0\u00a0\u00a0\u00a0\u00a0\u00a0\u00a0\u00a0\u00a0\u00a0\u00a0\u00a0\u00a0\u00a0\u00a0\u00a0\u00a0\u00a0\u00a0\u00a0\u00a0\u00a0\u00a0\u00a0 Tendo dezesseis anos, matriculou-se na Universidade de P\u00e1via, para ouvir as\u00a0 prele\u00e7\u00f5es do c\u00e9lebre canonista Francisco Alciati. Cinco anos\u00a0 passou em P\u00e1via, separado do mundo,\u00a0 entregue aos\u00a0 estudos e\u00a0 \u00e0 pr\u00e1tica de piedade. Este tempo coincide\u00a0 com\u00a0 a\u00a0 funda\u00e7\u00e3o de um patronato para estudantes, cuja organiza\u00e7\u00e3o lhe foi possibilitada pela cess\u00e3o que o tio materno, o cardeal de M\u00e9dici, lhe fizera de um benef\u00edcio eclesi\u00e1stico.\u00a0<\/p>\n<p>\u00a0\u00a0\u00a0\u00a0\u00a0\u00a0\u00a0\u00a0\u00a0\u00a0\u00a0\u00a0\u00a0\u00a0\u00a0\u00a0\u00a0\u00a0\u00a0\u00a0\u00a0\u00a0\u00a0\u00a0\u00a0\u00a0\u00a0\u00a0\u00a0\u00a0\u00a0\u00a0\u00a0\u00a0\u00a0\u00a0\u00a0\u00a0\u00a0\u00a0\u00a0\u00a0\u00a0\u00a0\u00a0\u00a0 Quando a not\u00edcia da morte do pai o chamou para casa,\u00a0 revelava em todo o modo\u00a0 de agir, o esp\u00edrito e a tend\u00eancia de um homem predestinado para grandes\u00a0 coisas.\u00a0 Inacess\u00edvel \u00e0s artes de sedu\u00e7\u00e3o, com que um velho empregado da casa o procurava prender, julgou tamb\u00e9m ter a obriga\u00e7\u00e3o de reconduzir os monges da abadia ao fiel\u00a0 cumprimento dos deveres religiosos.\u00a0 Por meios h\u00e1beis, de bondade e energia, conseguiu este fim.\u00a0 At\u00e9 l\u00e1, o mo\u00e7o de 22 anos n\u00e3o tinha id\u00e9ia do grande futuro que o esperava e do papel important\u00edssimo que havIa de desenvolver na igreja Cat\u00f3lica.\u00a0<\/p>\n<p>\u00a0\u00a0\u00a0\u00a0\u00a0\u00a0\u00a0\u00a0\u00a0\u00a0\u00a0\u00a0\u00a0\u00a0\u00a0\u00a0\u00a0\u00a0\u00a0\u00a0\u00a0\u00a0\u00a0\u00a0\u00a0\u00a0\u00a0\u00a0\u00a0\u00a0\u00a0\u00a0\u00a0\u00a0\u00a0\u00a0\u00a0\u00a0\u00a0\u00a0\u00a0\u00a0\u00a0\u00a0\u00a0\u00a0 Gian \u00c2ngelo, tio materno de\u00a0 Carlos, tinha sido\u00a0 eleito Papa, e sob o nome de Pio IV,\u00a0\u00a0 tomado o\u00a0 governo da Igreja.\u00a0 Dos parentes que tinham\u00a0 ido a Roma apresentar felicita\u00e7\u00f5es\u00a0 ao rec\u00e9m-eleito, fora Carlos a \u00fanica exce\u00e7\u00e3o e, como \u00e9 de supor,\u00a0 mui propositalmente. Pio IV mandou chamar o sobrinho \u00e0\u00a0 metr\u00f3pole da cristandade e deu-lhe as posi\u00e7\u00f5es mais elevadas na hierarquia eclesi\u00e1stica.\u00a0<\/p>\n<p>\u00a0\u00a0\u00a0\u00a0\u00a0\u00a0\u00a0\u00a0\u00a0\u00a0\u00a0\u00a0\u00a0\u00a0\u00a0\u00a0\u00a0\u00a0\u00a0\u00a0\u00a0\u00a0\u00a0\u00a0\u00a0\u00a0\u00a0\u00a0\u00a0\u00a0\u00a0\u00a0\u00a0\u00a0\u00a0\u00a0\u00a0\u00a0\u00a0\u00a0\u00a0\u00a0\u00a0\u00a0\u00a0\u00a0 Sucessivamente foi nomeado no ano de 1560, protonat\u00e1rio apost\u00f3lico, referend\u00e1rio e cardeal di\u00e1cono da Igreja de S\u00e3o Vito.\u00a0 Oito dias depois\u00a0 desta nomea\u00e7\u00e3o, recebeu o arcebispado de Mil\u00e3o, com resid\u00eancia\u00a0 obrigat\u00f3ria em\u00a0 Roma. Al\u00e9m destas\u00a0 dignidades, recebeu outras geralmente consideradas anexas \u00e0 cardinal\u00edcia, como sejam:\u00a0 Legado apost\u00f3lico de Bolonha,\u00a0 Romana e Ancona, protetor de Portugal, dos pa\u00edses baixos,\u00a0 da Su\u00ed\u00e7a\u00a0 cat\u00f3lica, dos Franciscanos e\u00a0 Carmelitas e presidente da consulta, isto \u00e9, do conselho deliberativo do Estado em\u00a0 neg\u00f3cios\u00a0 exteriores.\u00a0 Muitos, por\u00e9m,\u00a0 acabaram descontentando-se por atribu\u00edrem a acumula\u00e7\u00e3o de fun\u00e7\u00f5es como favoritismo.\u00a0 Ningu\u00e9m, por\u00e9m,\u00a0 estava mais descontente que o pr\u00f3prio privilegiado, n\u00e3o por ter se\u00a0 tornado objeto das queixas nesse sentido,\u00a0 mas principalmente por ter sido o primeiro que desejava uma reforma radical, na parte administrativa da Igreja. \u00c0s queixas e reclama\u00e7\u00f5es,\u00a0 seguiu-se um grande contentamento, porque Carlos revelou logo um tino administrativo extraordin\u00e1rio, unido\u00a0 a\u00a0 um esp\u00edrito de justi\u00e7a\u00a0 incompar\u00e1vel. Inacess\u00edvel a adula\u00e7\u00e3o, de uma vigil\u00e2ncia prudente e rigorosa,\u00a0 ao mesmo tempo condescendente, deu Carlos, apesar de ainda muito jovem, o exemplo de um homem perfeito, cumpridor dos seus deveres. Al\u00e9m disto, era pessoa de modos delicados, de fino trato social, que com vantagem sabia impor-se na roda da alta sociedade\u00a0 romana.\u00a0 O jovem cardeal, fundou uma associa\u00e7\u00e3o de s\u00e1bios religiosos e profanos, que realizavam sess\u00f5es no Vaticano.\u00a0 Nestas reuni\u00f5es, cada s\u00f3cio tinha ocasi\u00e3o de proferir suas id\u00e9ias, quer em forma de confer\u00eancias, discursos ou discuss\u00f5es. Versando, a princ\u00edpio, sobre assuntos de toda a esp\u00e9cie, mais tarde as confer\u00eancias tiveram por objeto exclusivamente temas teol\u00f3gicos.\u00a0 O patronato que havia fundado em P\u00e1via, foi transformado em col\u00e9gio para estudantes pobres.<\/p>\n<p>\u00a0\u00a0\u00a0\u00a0\u00a0\u00a0\u00a0\u00a0\u00a0\u00a0\u00a0\u00a0\u00a0\u00a0\u00a0\u00a0\u00a0\u00a0\u00a0\u00a0\u00a0\u00a0\u00a0\u00a0\u00a0\u00a0\u00a0\u00a0\u00a0\u00a0\u00a0\u00a0\u00a0\u00a0\u00a0\u00a0\u00a0\u00a0\u00a0\u00a0\u00a0\u00a0\u00a0\u00a0\u00a0\u00a0 O ano de 1562 trouxe a\u00a0 Carlos a gra\u00e7a do sacerd\u00f3cio. Morrera seu irm\u00e3o Frederico, sem deixar filho var\u00e3o. Os Parentes insistiram, ent\u00e3o,\u00a0 com todo o empenho, para que Carlos abandonasse a\u00a0 carreira eclesi\u00e1stica, e tomasse estado.\u00a0 O pr\u00f3prio Papa se fez int\u00e9rprete do desejo da fam\u00edlia. Por tudo acima que foi dito, n\u00e3o nos podemos admirar de ver que, a situa\u00e7\u00e3o em que se achava as fam\u00edlias dos Borromeus, nenhuma luta tivesse desencadeado no cora\u00e7\u00e3o de Carlos.\u00a0 Para por de vez termo a todas as\u00a0 reclama\u00e7\u00f5es dos parentes,\u00a0 fez-se ordenar e, depois do fato consumado, os surpreendeu com a not\u00edcia do seu sacerd\u00f3cio.\u00a0<\/p>\n<p>\u00a0\u00a0\u00a0\u00a0\u00a0\u00a0\u00a0\u00a0\u00a0\u00a0\u00a0\u00a0\u00a0\u00a0\u00a0\u00a0\u00a0\u00a0\u00a0\u00a0\u00a0\u00a0\u00a0\u00a0\u00a0\u00a0\u00a0\u00a0\u00a0\u00a0\u00a0\u00a0\u00a0\u00a0\u00a0\u00a0\u00a0\u00a0\u00a0\u00a0\u00a0\u00a0\u00a0\u00a0\u00a0\u00a0 Ao Papa que n\u00e3o se\u00a0 conteve, e a Carlos externou o seu\u00a0 grande descontentamento, respondeu:\u00a0 \u201cSanto Padre, n\u00e3o vos queixeis do meu proceder. Uni-me \u00e0 esposa que muito amava e desejava com todo o ardor\u201d.\u00a0<\/p>\n<p>\u00a0\u00a0\u00a0\u00a0\u00a0\u00a0\u00a0\u00a0\u00a0\u00a0\u00a0\u00a0\u00a0\u00a0\u00a0\u00a0\u00a0\u00a0\u00a0\u00a0\u00a0\u00a0\u00a0\u00a0\u00a0\u00a0\u00a0\u00a0\u00a0\u00a0\u00a0\u00a0\u00a0\u00a0\u00a0\u00a0\u00a0\u00a0\u00a0\u00a0\u00a0\u00a0\u00a0\u00a0\u00a0\u00a0 A partir\u00a0 desse momento, se nota na vida de Carlos, pend\u00eancia decLarada para a\u00a0 vida asc\u00e9tica.\u00a0 O Jesu\u00edta Pe. Ribeira, seu confessor e diretor de consci\u00eancia, o introduziu cada vez mais \u201cna vida espiritual, em Deus escondida\u201d.\u00a0<\/p>\n<p>\u00a0\u00a0\u00a0\u00a0\u00a0\u00a0\u00a0\u00a0\u00a0\u00a0\u00a0\u00a0\u00a0\u00a0\u00a0\u00a0\u00a0\u00a0\u00a0\u00a0\u00a0\u00a0\u00a0\u00a0\u00a0\u00a0\u00a0\u00a0\u00a0\u00a0\u00a0\u00a0\u00a0\u00a0\u00a0\u00a0\u00a0\u00a0\u00a0\u00a0\u00a0\u00a0\u00a0\u00a0\u00a0\u00a0 No sil\u00eancio da medita\u00e7\u00e3o, lan\u00e7ou Carlos planos\u00a0 grandiosos para a reorganiza\u00e7\u00e3o da Igreja Cat\u00f3lica. Estes todos\u00a0 se concentraram na id\u00e9ia de concluir o Conc\u00edlio de Trento.\u00a0 De fato, era o que a Igreja mais necessitava, como base e fundamento da\u00a0 renova\u00e7\u00e3o e consolida\u00e7\u00e3o da vida religiosa. Por toda a parte surgiram abusos,\u00a0 sintomas indubit\u00e1veis de uma decad\u00eancia deplor\u00e1vel e de uma perturba\u00e7\u00e3o bastante s\u00e9ria do regime eclesi\u00e1stico.\u00a0\u00a0 O duque Alberto de Baviera,\u00a0 tinha arbitrariamente introduzido a comunh\u00e3o dos fi\u00e9is sob ambas as esp\u00e9cies. O rei alem\u00e3o Fernando, tinha publicado um catecismo de orienta\u00e7\u00e3o contr\u00e1ria ao Conc\u00edlio.\u00a0 Nas cabe\u00e7as dos pol\u00edticos franceses, doideava a id\u00e9ia de\u00a0 um conc\u00edlio nacional.\u00a0 Na Pol\u00f4nia se realizou,\u00a0 de fato, um conc\u00edlio nacional de todas as confiss\u00f5es.\u00a0 Na Inglaterra reinava Isabel,\u00a0 a\u00a0 qual, para legitimar sua sucess\u00e3o, havia de celebrar a\u00a0 independ\u00eancia da Igreja\u00a0 inglesa da de Roma.\u00a0 S\u00f3 a\u00a0 Espanha desejava a conclus\u00e3o do Conc\u00edlio Tridentino.<\/p>\n<p>\u00a0\u00a0\u00a0\u00a0\u00a0\u00a0\u00a0\u00a0\u00a0\u00a0\u00a0\u00a0\u00a0\u00a0\u00a0\u00a0\u00a0\u00a0\u00a0\u00a0\u00a0\u00a0\u00a0\u00a0\u00a0\u00a0\u00a0\u00a0\u00a0\u00a0\u00a0\u00a0\u00a0\u00a0\u00a0\u00a0\u00a0\u00a0\u00a0\u00a0\u00a0\u00a0\u00a0\u00a0\u00a0\u00a0 Carlos, sem cessar, chamava a aten\u00e7\u00e3o do velho tio para esta necessidade, reclamada por todos os amigos da Igreja.\u00a0 De fato, o Conc\u00edlio se realizou, e n\u00e3o exageramos se apontamos Carlos como for\u00e7a motriz daquela grandiosa atua\u00e7\u00e3o da vida cat\u00f3lica.<\/p>\n<p>\u00a0\u00a0\u00a0\u00a0\u00a0\u00a0\u00a0\u00a0\u00a0\u00a0\u00a0\u00a0\u00a0\u00a0\u00a0\u00a0\u00a0\u00a0\u00a0\u00a0\u00a0\u00a0\u00a0\u00a0\u00a0\u00a0\u00a0\u00a0\u00a0\u00a0\u00a0\u00a0\u00a0\u00a0\u00a0\u00a0\u00a0\u00a0\u00a0\u00a0\u00a0\u00a0\u00a0\u00a0\u00a0\u00a0 Carlos quis ser o primeiro a\u00a0 executar as\u00a0 ordens da nova lei, ainda que por esta obedi\u00eancia tivesse de deixar a posi\u00e7\u00e3o, para ocupar outra inferior.\u00a0 J\u00e1 fazia dez anos que a diocese n\u00e3o tinha visto sen\u00e3o comiss\u00e1rios de Ant\u00edstite. A autoridade do Vig\u00e1rio Geral, n\u00e3o chegava para p\u00f4r em execu\u00e7\u00e3o as\u00a0 determina\u00e7\u00f5es do Conc\u00edlio Tridentino, que com tra\u00e7o en\u00e9rgico cortava abusos enraizados na vida do clero secular, os quais\u00a0 alegavam em seu favor o costume de muitos anos.<\/p>\n<p>\u00a0\u00a0\u00a0\u00a0\u00a0\u00a0\u00a0\u00a0\u00a0\u00a0\u00a0\u00a0\u00a0\u00a0\u00a0\u00a0\u00a0\u00a0\u00a0\u00a0\u00a0\u00a0\u00a0\u00a0\u00a0\u00a0\u00a0\u00a0\u00a0\u00a0\u00a0\u00a0\u00a0\u00a0\u00a0\u00a0\u00a0\u00a0\u00a0\u00a0\u00a0\u00a0\u00a0\u00a0\u00a0\u00a0 Carlos visitou a\u00a0 diocese e sua entrada em Mil\u00e3o foi uma apoteose. Os retratos dos seus avoengos,que tinham sido colocados nas salas do pal\u00e1cio, mandou ele retira-los, e no lugar destes p\u00f4r a imagem do glorioso antecessor e modelo, Santo Ambr\u00f3sio.\u00a0\u00a0\u00a0 Um m\u00eas depois da chegada, convocou o primeiro conc\u00edlio providencial, cujo assunto principal era a reforma da vida clerical, de acordo\u00a0 com as\u00a0 determina\u00e7\u00f5es do\u00a0 Conc\u00edlio Tridentino.\u00a0 O Conc\u00edlio sofreu\u00a0 uma interrup\u00e7\u00e3o pela morte do Papa.\u00a0 Carlos, chamado a Roma, assitiu ao tio na hora da morte 91565).\u00a0 No conclave que se reuniu, por ocasi\u00e3o da elei\u00e7\u00e3o do novo Papa, Carlos tomou parte.\u00a0 O primeiro pedido que dirigiu a\u00a0 Pio V, foi de poder voltar para a diocese, pedido a que o Sumo Pont\u00edfice, se bem que com pesar, lhe acedeu.\u00a0<\/p>\n<p>\u00a0\u00a0\u00a0\u00a0\u00a0\u00a0\u00a0\u00a0\u00a0\u00a0\u00a0\u00a0\u00a0\u00a0\u00a0\u00a0\u00a0\u00a0\u00a0\u00a0\u00a0\u00a0\u00a0\u00a0\u00a0\u00a0\u00a0\u00a0\u00a0\u00a0\u00a0\u00a0\u00a0\u00a0\u00a0\u00a0\u00a0\u00a0\u00a0\u00a0\u00a0\u00a0\u00a0\u00a0\u00a0\u00a0 De volta para Mil\u00e3o, desenvolveu Carlos uma atividade grandiosa. Para este fim, organizou uma s\u00e9rie de conc\u00edlios providenciais e diocesanos, escreveu\u00a0 uma excelente instru\u00e7\u00e3o para os confessores, e publicou as institui\u00e7\u00f5es e regras da sociedade de escolas da doutrina crist\u00e3.\u00a0\u00a0 Em segundo lugar, trabalhou para a cria\u00e7\u00e3o de semin\u00e1rios menores e maiores, e construiu em Mil\u00e3o, o Col\u00e9gio Helveciano. Resist\u00eancia tenac\u00edssima e inesperada encontrou o arcebispo,\u00a0 quando estendeu a reforma \u00e0s Ordens Religiosas. Os C\u00f4negos de Santa Maria della Scala,\u00a0 apoiando-se em privil\u00e9gios antigos, garantidos pelo rei da Espanha,\u00a0 que ao esmo tempo era duque de Mil\u00e3o, negaram ao arcebispo o direito de visita can\u00f4nica, e levaram o atrevimento ao ponto de pronunciar a senten\u00e7a de excomunh\u00e3o contra o prelado.\u00a0 A mesma humilha\u00e7\u00e3o veio-lhe dos Franciscanos e dos Humiliatas.\u00a0<\/p>\n<p>\u00a0\u00a0\u00a0\u00a0\u00a0\u00a0\u00a0\u00a0\u00a0\u00a0\u00a0\u00a0\u00a0\u00a0\u00a0\u00a0\u00a0\u00a0\u00a0\u00a0\u00a0\u00a0\u00a0\u00a0\u00a0\u00a0\u00a0\u00a0\u00a0\u00a0\u00a0\u00a0\u00a0\u00a0\u00a0\u00a0\u00a0\u00a0\u00a0\u00a0\u00a0\u00a0\u00a0\u00a0\u00a0\u00a0 A Ordem destes foi dissolvida e\u00a0 com este ato declarou-se por terminada a resist\u00eancia das Ordens.\u00a0 Em outras congrega\u00e7\u00f5es religiosas, o\u00a0 arcebispo\u00a0 achou os mais dedicados auxiliares, como por exemplo, nos Jesu\u00edtas, nos Irm\u00e3os e Irm\u00e3s de\u00a0 Escola,\u00a0 dos Teatinos e Capuchinhos.\u00a0 Uma organiza\u00e7\u00e3o admir\u00e1vel que o arcebispo criou entre o clero secular, foi a Congrega\u00e7\u00e3o dos Oblatas, composta de sacerdotes seculares, que por \u00fanico voto, tinham de estar sempre \u00e0 disposi\u00e7\u00e3o do Prelado, onde e\u00a0 quando de aux\u00edlio precisasse.\u00a0<\/p>\n<p>\u00a0\u00a0\u00a0\u00a0\u00a0\u00a0\u00a0\u00a0\u00a0\u00a0\u00a0\u00a0\u00a0\u00a0\u00a0\u00a0\u00a0\u00a0\u00a0\u00a0\u00a0\u00a0\u00a0\u00a0\u00a0\u00a0\u00a0\u00a0\u00a0\u00a0\u00a0\u00a0\u00a0\u00a0\u00a0\u00a0\u00a0\u00a0\u00a0\u00a0\u00a0\u00a0\u00a0\u00a0\u00a0\u00a0 As visitas pastorais d\u00e3o-nos uma id\u00e9ia bem clara do esp\u00edrito apost\u00f3lico de Carlos Borromeu. N\u00e3o lhe ra indiferente o modo como o clero cumpria o dever, e como o povo mostrava interesse em aceitar a doutrina crist\u00e3 e\u00a0 as determina\u00e7\u00f5es da autoridade eclesi\u00e1stica.<\/p>\n<p>\u00a0\u00a0\u00a0\u00a0\u00a0\u00a0\u00a0\u00a0\u00a0\u00a0\u00a0\u00a0\u00a0\u00a0\u00a0\u00a0\u00a0\u00a0\u00a0\u00a0\u00a0\u00a0\u00a0\u00a0\u00a0\u00a0\u00a0\u00a0\u00a0\u00a0\u00a0\u00a0\u00a0\u00a0\u00a0\u00a0\u00a0\u00a0\u00a0\u00a0\u00a0\u00a0\u00a0\u00a0\u00a0\u00a0 Freguesia n\u00e3o havia, por mais pobre, por mais inacess\u00edvel que fosse, que n\u00e3o lhe tivesse recebido a distin\u00e7\u00e3o da visita.\u00a0 No meio das fadigas da viagem (muitas vezes ele mesmo carregava a bagagem), conservava sempre o bom humor. Com os pobres, partilhava o p\u00e3o dos pobres. Dias havia em que n\u00e3o tomava sen\u00e3o p\u00e3o e \u00e1gua. De import\u00e2ncia hist\u00f3rica tornaram-se as suas visitas \u00e0 Su\u00ed\u00e7a, onde criou institui\u00e7\u00f5es cat\u00f3licas de grande import\u00e2ncia. N\u00e3o s\u00f3 os cat\u00f3licos, mas tamb\u00e9m os pr\u00f3prios protestantes, recebiam jubilosamente o \u201csanto bispo\u201d. Por intercess\u00e3o de Carlos,\u00a0 a Su\u00ed\u00e7a cat\u00f3lica recebeu um N\u00fancio Apost\u00f3lico.\u00a0 Foi Carlos quem introduziu na Su\u00ed\u00e7a a\u00a0 Companhia de Jesus\u00a0 e a Ordem dos Capuchinhos, e defendeu os cat\u00f3licos su\u00ed\u00e7os contra as inova\u00e7\u00f5es do Protestantismo.<\/p>\n<p>\u00a0\u00a0\u00a0\u00a0\u00a0\u00a0\u00a0\u00a0\u00a0\u00a0\u00a0\u00a0\u00a0\u00a0\u00a0\u00a0\u00a0\u00a0\u00a0\u00a0\u00a0\u00a0\u00a0\u00a0\u00a0\u00a0\u00a0\u00a0\u00a0\u00a0\u00a0\u00a0\u00a0\u00a0\u00a0\u00a0\u00a0\u00a0\u00a0\u00a0\u00a0\u00a0\u00a0\u00a0\u00a0\u00a0 Carlos sabia muito bem que a caridade\u00a0 abre os cora\u00e7\u00f5es tamb\u00e9m \u00e0 religi\u00e3o. Por isto foi que grande parte da receita pertencia aos pobres, reservando ele para si s\u00f3 o indispens\u00e1vel.\u00a0 Heran\u00e7as ou rendimentos que lhe vinham dos bens de\u00a0 fam\u00edlia, distribu\u00eda-os entre os desvalidos. Tudo isto n\u00e3o ag\u00fcenta compara\u00e7\u00e3o com as\u00a0 obras de caridade que o arcebispo praticou, quando em 1569-1570 a\u00a0 fome e uma epidemia, semelhante \u00e0 peste,\u00a0 invadiram \u00e0 cidade de Mil\u00e3o. N\u00e3o tendo mais do seu para dar, pedia em\u00a0 pessoa\u00a0 esmolas para os pobres e\u00a0 abria assim fontes de aux\u00edlio, que teriam ficado fechadas. Quando, por\u00e9m, em 1576 a\u00a0 cidade\u00a0 foi\u00a0 visitada pela peste, e o povo abandonado pelos poderes p\u00fablicos, n\u00e3o tinha outro recurso sen\u00e3o o bispo;\u00a0\u00a0\u00a0 este, para n\u00e3o falar na ere\u00e7\u00e3o de\u00a0 hospitais e lazaretos que mantinha,\u00a0 visto que ningu\u00e9m se compadecia do povo,\u00a0 ainda procurava os pobres doentes de que ningu\u00e9m lembrava, consolava-os e dava-lhes os santos sacramentos.\u00a0\u00a0 Tendo-se esgotado todas as fontes de recurso, Carlos lan\u00e7ou m\u00e3o de tudo o que possu\u00eda, para amenizar a triste sorte dos doentes.\u00a0 Mais de\u00a0 cem sacerdotes tinham pago com a vida, na sua dedica\u00e7\u00e3o e servi\u00e7o aos doentes.\u00a0 Deus conservava a vida do arcebispo, e este se aproveitou da ocasi\u00e3o para dizer duras verdades aos \u00edmpios e ricos esquecidos de Deus.<\/p>\n<p>\u00a0\u00a0\u00a0\u00a0\u00a0\u00a0\u00a0\u00a0\u00a0\u00a0\u00a0\u00a0\u00a0\u00a0\u00a0\u00a0\u00a0\u00a0\u00a0\u00a0\u00a0\u00a0\u00a0\u00a0\u00a0\u00a0\u00a0\u00a0\u00a0\u00a0\u00a0\u00a0\u00a0\u00a0\u00a0\u00a0\u00a0\u00a0\u00a0\u00a0\u00a0\u00a0\u00a0\u00a0\u00a0\u00a0 A peste ocasionou a\u00a0 funda\u00e7\u00e3o de um grande asilo para pobres.\u00a0 Al\u00e9m desta institui\u00e7\u00e3o, outros estabelecimentos de utilidade p\u00fablica, a S\u00e3o Carlos devem sua funda\u00e7\u00e3o, como por exemplo, o Instituto dos Nobres em Mil\u00e3o, a Pia Uni\u00e3o pela salva\u00e7\u00e3o de pessoas do sexo feminino periclitadas, e diversas associa\u00e7\u00f5es de\u00a0 benefic\u00eancia.\u00a0 S\u00e3o Carlos, escreveu ainda duas pastorais, uma intitulada \u201cReminisc\u00eancias para o povo da cidade e do arcebispado de Mil\u00e3o, e instru\u00e7\u00f5es para todas as classes, para praticarem as virtudes da vida crist\u00e3\u201d, e a outra:\u00a0 \u201cReminisc\u00eancias dos dias dolorosos da peste\u201d.<\/p>\n<p>\u00a0\u00a0\u00a0\u00a0\u00a0\u00a0\u00a0\u00a0\u00a0\u00a0\u00a0\u00a0\u00a0\u00a0\u00a0\u00a0\u00a0\u00a0\u00a0\u00a0\u00a0\u00a0\u00a0\u00a0\u00a0\u00a0\u00a0\u00a0\u00a0\u00a0\u00a0\u00a0\u00a0\u00a0\u00a0\u00a0\u00a0\u00a0\u00a0\u00a0\u00a0\u00a0\u00a0\u00a0\u00a0\u00a0 Quem diria que, um bispo t\u00e3o zeloso e t\u00e3o santo, pudesse\u00a0 ser alvo de acusa\u00e7\u00f5es, como se tivesse tend\u00eancias antipatri\u00f3ticas? Os primeiros que lhe atiraram pedras, foram aqueles elementos que mais se\u00a0 sentiram incomodados pela obra da reforma do prelado. Dos leigos, eram principalmente representantes da alta aristocracia, cuja vida estava em contradi\u00e7\u00e3o com as leis da Igreja sobre o matrim\u00f4nio. Dos cl\u00e9rigos, eram em primeiro lugar frades rebeldes que, intimados \u00e0 sujeitar-se \u00e0 reforma, se estribavam em direitos inating\u00edveis e privil\u00e9gios centen\u00e1rios.\u00a0 Mil\u00e3o pertencia \u00e0 Espanha, sendo governado pelo duque de Mil\u00e3o, que era rei da Espanha. O primeiro governador, o duque Albuquerque, por ser admirador pessoal do vener\u00e1vel Bispo, conservou as\u00a0 boas rela\u00e7\u00f5es com a C\u00faria. Seu sucessor, por\u00e9m, Alo\u00edsio Requesens, atendendo \u00e0s\u00a0 reclama\u00e7\u00f5es dos que se julgavam ofendidos em seus direitos, desrespeitou a jurisdi\u00e7\u00e3o\u00a0 episcopal e respondeu \u00e0 senten\u00e7a da excomunh\u00e3o com a ocupa\u00e7\u00e3o militar do Castelo de Arona (propriedade dos Borromeus) e do pal\u00e1cio arquiepiscopal.\u00a0<\/p>\n<p>\u00a0\u00a0\u00a0\u00a0\u00a0\u00a0\u00a0\u00a0\u00a0\u00a0\u00a0\u00a0\u00a0\u00a0\u00a0\u00a0\u00a0\u00a0\u00a0\u00a0\u00a0\u00a0\u00a0\u00a0\u00a0\u00a0\u00a0\u00a0\u00a0\u00a0\u00a0\u00a0\u00a0\u00a0\u00a0\u00a0\u00a0\u00a0\u00a0\u00a0\u00a0\u00a0\u00a0\u00a0\u00a0\u00a0 No ano de 1579, uma deputa\u00e7\u00e3o apresentou em Roma as seguintes queixas contra o arcebispo:\u00a0 de Carlos Borromeu ter proibido as\u00a0 dan\u00e7as e divertimentos p\u00fablicos nos domingos;\u00a0 a\u00a0 prolonga\u00e7\u00e3o costumeira das folgan\u00e7as carnavalescas at\u00e9 depois do primeiro domingo da quaresma; de ter interdito a passagem p\u00fablica pelas igrejas, quando esta era facultada para encurtar o caminho;\u00a0 de na \u00e9poca da peste ter usurpado direitos que n\u00e3o lhe competiam e procurado engordar o povo;\u00a0 e por \u00faltimo,\u00a0 do rigor excessivo contra o clero.<\/p>\n<p>\u00a0\u00a0\u00a0\u00a0\u00a0\u00a0\u00a0\u00a0\u00a0\u00a0\u00a0\u00a0\u00a0\u00a0\u00a0\u00a0\u00a0\u00a0\u00a0\u00a0\u00a0\u00a0\u00a0\u00a0\u00a0\u00a0\u00a0\u00a0\u00a0\u00a0\u00a0\u00a0\u00a0\u00a0\u00a0\u00a0\u00a0\u00a0\u00a0\u00a0\u00a0\u00a0\u00a0\u00a0\u00a0\u00a0 Greg\u00f3rio XIII,\u00a0 como infundadas\u00a0 n\u00e3o s\u00f3 rejeitou as\u00a0 acusa\u00e7\u00f5es, mas ainda recebeu Carlos Borromeu em Roma, com as\u00a0 mais altas distin\u00e7\u00f5es.\u00a0 Em resposta a este gesto do Papa, o governador de Mil\u00e3o, organizou no primeiro domingo da Quaresma de 1579, um indigno pr\u00e9stito, carnavalesco pelas ruas de Mil\u00e3o, precisamente \u00e0 hora da missa\u00a0 do arcebispo.\u00a0 O mesmo governador, que tanta guerra ao Prelado movera,\u00a0 e\u00a0 tantas hostilidades\u00a0 contra S\u00e3o Carlos estimulara, no leito de morte reconheceu o erro e teve o consolo da\u00a0 assist\u00eancia do santo bispo na hora da agonia.\u00a0 Seu sucessor,\u00a0 Carlos de Arag\u00e3o,\u00a0 duque de Terra Nova,\u00a0 viveu sempre em paz com a\u00a0 autoridade\u00a0 eclesi\u00e1stica. O arcebispo gozou deste per\u00edodo s\u00f3 dois anos. Quando em\u00a0 outubro de 1584, como era de costume, se retirara para fazer os exerc\u00edcios espirituais, teve fortes acessos de febre, a que n\u00e3o ligava import\u00e2ncia e dizia:\u00a0 \u201cUm bom pastor de almas, deve saber suportar tr\u00eas febres, antes de\u00a0 se meter na cama\u201d.\u00a0\u00a0 Os acessos\u00a0 renovaram-se e consumiram as for\u00e7as do arcebispo. Provido dos santos sacramentos, expirou aos 03 de novembro de\u00a0 1584.\u00a0 Suas\u00a0 \u00faltimas palavras foram: \u201cEis Senhor, eu venho,\u00a0 vou j\u00e1\u201d.\u00a0\u00a0 S\u00e3o Carlos Borromeu tinha alcan\u00e7ado a idade de apenas 46 anos, e a sua morte foi muito pranteada. Para evitar uma inscri\u00e7\u00e3o pomposa na campa, tinha determinado no testamento que, no t\u00famulo, lhe lessem as seguintes palavras: \u201cCarlos, Cardeal, com o t\u00edtulo de Santa Praxedes, arcebispo de Mil\u00e3o, que se recomenda \u00e0 ora\u00e7\u00e3o fervorosa do clero, do povo e do sexo feminino piedoso, em vida escolheu este monumento para si\u201d.\u00a0 Paulo V, canonizou-o em 1610 e fixou-lhe a\u00a0 festa\u00a0 para o dia 04 de novembro. O Corpo do santo em boa conserva\u00e7\u00e3o, repousa na cripta do \u201cduomo\u201d, de Mil\u00e3o.<\/p>\n<div id=\"themify_builder_content-11548\" data-postid=\"11548\" class=\"themify_builder_content themify_builder_content-11548 themify_builder themify_builder_front\">\n\t<\/div>\n<!-- \/themify_builder_content -->","protected":false},"excerpt":{"rendered":"<p>4 de Novembro Mui devidamente S\u00e3o Carlos Borromeu \u00e9 contado entre os maiores santos, que glorificaram\u00a0 a\u00a0 Igreja Cat\u00f3lica no s\u00e9culo XVI, defendendo-a vitoriosamente dos inimigos que contra ela\u00a0 se levantaram.\u00a0 \u00a0\u00a0\u00a0\u00a0\u00a0\u00a0\u00a0\u00a0\u00a0\u00a0\u00a0\u00a0\u00a0\u00a0\u00a0\u00a0\u00a0\u00a0\u00a0\u00a0\u00a0\u00a0\u00a0\u00a0\u00a0\u00a0\u00a0\u00a0\u00a0\u00a0\u00a0\u00a0\u00a0\u00a0\u00a0\u00a0\u00a0\u00a0\u00a0\u00a0\u00a0\u00a0\u00a0\u00a0\u00a0\u00a0 No calend\u00e1rio dos\u00a0 santos, figura Carlos com o nome dos ascendentes maternos.\u00a0 Os Borromeus, chamados antes Franchi, residiam antigamente na cidade de San [&hellip;]<\/p>\n","protected":false},"author":14,"featured_media":0,"comment_status":"open","ping_status":"open","sticky":false,"template":"","format":"standard","meta":{"ngg_post_thumbnail":0,"footnotes":""},"categories":[186],"tags":[],"yoast_head":"<!-- This site is optimized with the Yoast SEO plugin v23.5 - https:\/\/yoast.com\/wordpress\/plugins\/seo\/ -->\n<title>S\u00e3o Carlos Borromeu - O Arcanjo no ar<\/title>\n<meta name=\"robots\" content=\"index, follow, max-snippet:-1, max-image-preview:large, max-video-preview:-1\" \/>\n<link rel=\"canonical\" href=\"https:\/\/www.oarcanjo.net\/site\/sao-carlos-borromeu\/\" \/>\n<meta property=\"og:locale\" content=\"pt_BR\" \/>\n<meta property=\"og:type\" content=\"article\" \/>\n<meta property=\"og:title\" content=\"S\u00e3o Carlos Borromeu - O Arcanjo no ar\" \/>\n<meta property=\"og:description\" content=\"4 de Novembro Mui devidamente S\u00e3o Carlos Borromeu \u00e9 contado entre os maiores santos, que glorificaram\u00a0 a\u00a0 Igreja Cat\u00f3lica no s\u00e9culo XVI, defendendo-a vitoriosamente dos inimigos que contra ela\u00a0 se levantaram.\u00a0 \u00a0\u00a0\u00a0\u00a0\u00a0\u00a0\u00a0\u00a0\u00a0\u00a0\u00a0\u00a0\u00a0\u00a0\u00a0\u00a0\u00a0\u00a0\u00a0\u00a0\u00a0\u00a0\u00a0\u00a0\u00a0\u00a0\u00a0\u00a0\u00a0\u00a0\u00a0\u00a0\u00a0\u00a0\u00a0\u00a0\u00a0\u00a0\u00a0\u00a0\u00a0\u00a0\u00a0\u00a0\u00a0\u00a0 No calend\u00e1rio dos\u00a0 santos, figura Carlos com o nome dos ascendentes maternos.\u00a0 Os Borromeus, chamados antes Franchi, residiam antigamente na cidade de San [&hellip;]\" \/>\n<meta property=\"og:url\" content=\"https:\/\/www.oarcanjo.net\/site\/sao-carlos-borromeu\/\" \/>\n<meta property=\"og:site_name\" content=\"O Arcanjo no ar\" \/>\n<meta property=\"article:publisher\" content=\"https:\/\/www.facebook.com\/OArcanjoNoAr\/\" \/>\n<meta property=\"article:published_time\" content=\"2017-11-04T02:19:54+00:00\" \/>\n<meta property=\"article:modified_time\" content=\"2017-08-11T17:59:43+00:00\" \/>\n<meta property=\"og:image\" content=\"http:\/\/www.paroquiasaosebastiaomatao.com.br\/images\/Santos\/S%C3%A3o%20Carlos%20Borromeu.jpg\" \/>\n<meta name=\"author\" content=\"danilo\" \/>\n<meta name=\"twitter:card\" content=\"summary_large_image\" \/>\n<meta name=\"twitter:label1\" content=\"Escrito por\" \/>\n\t<meta name=\"twitter:data1\" content=\"danilo\" \/>\n\t<meta name=\"twitter:label2\" content=\"Est. tempo de leitura\" \/>\n\t<meta name=\"twitter:data2\" content=\"15 minutos\" \/>\n<script type=\"application\/ld+json\" class=\"yoast-schema-graph\">{\"@context\":\"https:\/\/schema.org\",\"@graph\":[{\"@type\":\"Article\",\"@id\":\"https:\/\/www.oarcanjo.net\/site\/sao-carlos-borromeu\/#article\",\"isPartOf\":{\"@id\":\"https:\/\/www.oarcanjo.net\/site\/sao-carlos-borromeu\/\"},\"author\":{\"name\":\"danilo\",\"@id\":\"https:\/\/www.oarcanjo.net\/site\/#\/schema\/person\/5eb9480bedd2f3c97e430ce128c29c6c\"},\"headline\":\"S\u00e3o Carlos Borromeu\",\"datePublished\":\"2017-11-04T02:19:54+00:00\",\"dateModified\":\"2017-08-11T17:59:43+00:00\",\"mainEntityOfPage\":{\"@id\":\"https:\/\/www.oarcanjo.net\/site\/sao-carlos-borromeu\/\"},\"wordCount\":2972,\"commentCount\":1,\"publisher\":{\"@id\":\"https:\/\/www.oarcanjo.net\/site\/#organization\"},\"image\":{\"@id\":\"https:\/\/www.oarcanjo.net\/site\/sao-carlos-borromeu\/#primaryimage\"},\"thumbnailUrl\":\"http:\/\/www.paroquiasaosebastiaomatao.com.br\/images\/Santos\/S%C3%A3o%20Carlos%20Borromeu.jpg\",\"articleSection\":[\"Testemunhos\"],\"inLanguage\":\"pt-BR\",\"potentialAction\":[{\"@type\":\"CommentAction\",\"name\":\"Comment\",\"target\":[\"https:\/\/www.oarcanjo.net\/site\/sao-carlos-borromeu\/#respond\"]}]},{\"@type\":\"WebPage\",\"@id\":\"https:\/\/www.oarcanjo.net\/site\/sao-carlos-borromeu\/\",\"url\":\"https:\/\/www.oarcanjo.net\/site\/sao-carlos-borromeu\/\",\"name\":\"S\u00e3o Carlos Borromeu - O Arcanjo no ar\",\"isPartOf\":{\"@id\":\"https:\/\/www.oarcanjo.net\/site\/#website\"},\"primaryImageOfPage\":{\"@id\":\"https:\/\/www.oarcanjo.net\/site\/sao-carlos-borromeu\/#primaryimage\"},\"image\":{\"@id\":\"https:\/\/www.oarcanjo.net\/site\/sao-carlos-borromeu\/#primaryimage\"},\"thumbnailUrl\":\"http:\/\/www.paroquiasaosebastiaomatao.com.br\/images\/Santos\/S%C3%A3o%20Carlos%20Borromeu.jpg\",\"datePublished\":\"2017-11-04T02:19:54+00:00\",\"dateModified\":\"2017-08-11T17:59:43+00:00\",\"breadcrumb\":{\"@id\":\"https:\/\/www.oarcanjo.net\/site\/sao-carlos-borromeu\/#breadcrumb\"},\"inLanguage\":\"pt-BR\",\"potentialAction\":[{\"@type\":\"ReadAction\",\"target\":[\"https:\/\/www.oarcanjo.net\/site\/sao-carlos-borromeu\/\"]}]},{\"@type\":\"ImageObject\",\"inLanguage\":\"pt-BR\",\"@id\":\"https:\/\/www.oarcanjo.net\/site\/sao-carlos-borromeu\/#primaryimage\",\"url\":\"http:\/\/www.paroquiasaosebastiaomatao.com.br\/images\/Santos\/S%C3%A3o%20Carlos%20Borromeu.jpg\",\"contentUrl\":\"http:\/\/www.paroquiasaosebastiaomatao.com.br\/images\/Santos\/S%C3%A3o%20Carlos%20Borromeu.jpg\"},{\"@type\":\"BreadcrumbList\",\"@id\":\"https:\/\/www.oarcanjo.net\/site\/sao-carlos-borromeu\/#breadcrumb\",\"itemListElement\":[{\"@type\":\"ListItem\",\"position\":1,\"name\":\"In\u00edcio\",\"item\":\"https:\/\/www.oarcanjo.net\/site\/\"},{\"@type\":\"ListItem\",\"position\":2,\"name\":\"S\u00e3o Carlos Borromeu\"}]},{\"@type\":\"WebSite\",\"@id\":\"https:\/\/www.oarcanjo.net\/site\/#website\",\"url\":\"https:\/\/www.oarcanjo.net\/site\/\",\"name\":\"O Arcanjo no ar\",\"description\":\"Site da Par\u00f3quia S\u00e3o Miguel Arcanjo (Arquidiocese de SP)\",\"publisher\":{\"@id\":\"https:\/\/www.oarcanjo.net\/site\/#organization\"},\"potentialAction\":[{\"@type\":\"SearchAction\",\"target\":{\"@type\":\"EntryPoint\",\"urlTemplate\":\"https:\/\/www.oarcanjo.net\/site\/?s={search_term_string}\"},\"query-input\":{\"@type\":\"PropertyValueSpecification\",\"valueRequired\":true,\"valueName\":\"search_term_string\"}}],\"inLanguage\":\"pt-BR\"},{\"@type\":\"Organization\",\"@id\":\"https:\/\/www.oarcanjo.net\/site\/#organization\",\"name\":\"Par\u00f3quia S\u00e3o Miguel Arcanjo\",\"url\":\"https:\/\/www.oarcanjo.net\/site\/\",\"logo\":{\"@type\":\"ImageObject\",\"inLanguage\":\"pt-BR\",\"@id\":\"https:\/\/www.oarcanjo.net\/site\/#\/schema\/logo\/image\/\",\"url\":\"https:\/\/www.oarcanjo.net\/site\/wp-content\/uploads\/LogoOArcanjo.png\",\"contentUrl\":\"https:\/\/www.oarcanjo.net\/site\/wp-content\/uploads\/LogoOArcanjo.png\",\"width\":319,\"height\":99,\"caption\":\"Par\u00f3quia S\u00e3o Miguel Arcanjo\"},\"image\":{\"@id\":\"https:\/\/www.oarcanjo.net\/site\/#\/schema\/logo\/image\/\"},\"sameAs\":[\"https:\/\/www.facebook.com\/OArcanjoNoAr\/\"]},{\"@type\":\"Person\",\"@id\":\"https:\/\/www.oarcanjo.net\/site\/#\/schema\/person\/5eb9480bedd2f3c97e430ce128c29c6c\",\"name\":\"danilo\"}]}<\/script>\n<!-- \/ Yoast SEO plugin. -->","yoast_head_json":{"title":"S\u00e3o Carlos Borromeu - O Arcanjo no ar","robots":{"index":"index","follow":"follow","max-snippet":"max-snippet:-1","max-image-preview":"max-image-preview:large","max-video-preview":"max-video-preview:-1"},"canonical":"https:\/\/www.oarcanjo.net\/site\/sao-carlos-borromeu\/","og_locale":"pt_BR","og_type":"article","og_title":"S\u00e3o Carlos Borromeu - O Arcanjo no ar","og_description":"4 de Novembro Mui devidamente S\u00e3o Carlos Borromeu \u00e9 contado entre os maiores santos, que glorificaram\u00a0 a\u00a0 Igreja Cat\u00f3lica no s\u00e9culo XVI, defendendo-a vitoriosamente dos inimigos que contra ela\u00a0 se levantaram.\u00a0 \u00a0\u00a0\u00a0\u00a0\u00a0\u00a0\u00a0\u00a0\u00a0\u00a0\u00a0\u00a0\u00a0\u00a0\u00a0\u00a0\u00a0\u00a0\u00a0\u00a0\u00a0\u00a0\u00a0\u00a0\u00a0\u00a0\u00a0\u00a0\u00a0\u00a0\u00a0\u00a0\u00a0\u00a0\u00a0\u00a0\u00a0\u00a0\u00a0\u00a0\u00a0\u00a0\u00a0\u00a0\u00a0\u00a0 No calend\u00e1rio dos\u00a0 santos, figura Carlos com o nome dos ascendentes maternos.\u00a0 Os Borromeus, chamados antes Franchi, residiam antigamente na cidade de San [&hellip;]","og_url":"https:\/\/www.oarcanjo.net\/site\/sao-carlos-borromeu\/","og_site_name":"O Arcanjo no ar","article_publisher":"https:\/\/www.facebook.com\/OArcanjoNoAr\/","article_published_time":"2017-11-04T02:19:54+00:00","article_modified_time":"2017-08-11T17:59:43+00:00","og_image":[{"url":"http:\/\/www.paroquiasaosebastiaomatao.com.br\/images\/Santos\/S%C3%A3o%20Carlos%20Borromeu.jpg"}],"author":"danilo","twitter_card":"summary_large_image","twitter_misc":{"Escrito por":"danilo","Est. tempo de leitura":"15 minutos"},"schema":{"@context":"https:\/\/schema.org","@graph":[{"@type":"Article","@id":"https:\/\/www.oarcanjo.net\/site\/sao-carlos-borromeu\/#article","isPartOf":{"@id":"https:\/\/www.oarcanjo.net\/site\/sao-carlos-borromeu\/"},"author":{"name":"danilo","@id":"https:\/\/www.oarcanjo.net\/site\/#\/schema\/person\/5eb9480bedd2f3c97e430ce128c29c6c"},"headline":"S\u00e3o Carlos Borromeu","datePublished":"2017-11-04T02:19:54+00:00","dateModified":"2017-08-11T17:59:43+00:00","mainEntityOfPage":{"@id":"https:\/\/www.oarcanjo.net\/site\/sao-carlos-borromeu\/"},"wordCount":2972,"commentCount":1,"publisher":{"@id":"https:\/\/www.oarcanjo.net\/site\/#organization"},"image":{"@id":"https:\/\/www.oarcanjo.net\/site\/sao-carlos-borromeu\/#primaryimage"},"thumbnailUrl":"http:\/\/www.paroquiasaosebastiaomatao.com.br\/images\/Santos\/S%C3%A3o%20Carlos%20Borromeu.jpg","articleSection":["Testemunhos"],"inLanguage":"pt-BR","potentialAction":[{"@type":"CommentAction","name":"Comment","target":["https:\/\/www.oarcanjo.net\/site\/sao-carlos-borromeu\/#respond"]}]},{"@type":"WebPage","@id":"https:\/\/www.oarcanjo.net\/site\/sao-carlos-borromeu\/","url":"https:\/\/www.oarcanjo.net\/site\/sao-carlos-borromeu\/","name":"S\u00e3o Carlos Borromeu - O Arcanjo no ar","isPartOf":{"@id":"https:\/\/www.oarcanjo.net\/site\/#website"},"primaryImageOfPage":{"@id":"https:\/\/www.oarcanjo.net\/site\/sao-carlos-borromeu\/#primaryimage"},"image":{"@id":"https:\/\/www.oarcanjo.net\/site\/sao-carlos-borromeu\/#primaryimage"},"thumbnailUrl":"http:\/\/www.paroquiasaosebastiaomatao.com.br\/images\/Santos\/S%C3%A3o%20Carlos%20Borromeu.jpg","datePublished":"2017-11-04T02:19:54+00:00","dateModified":"2017-08-11T17:59:43+00:00","breadcrumb":{"@id":"https:\/\/www.oarcanjo.net\/site\/sao-carlos-borromeu\/#breadcrumb"},"inLanguage":"pt-BR","potentialAction":[{"@type":"ReadAction","target":["https:\/\/www.oarcanjo.net\/site\/sao-carlos-borromeu\/"]}]},{"@type":"ImageObject","inLanguage":"pt-BR","@id":"https:\/\/www.oarcanjo.net\/site\/sao-carlos-borromeu\/#primaryimage","url":"http:\/\/www.paroquiasaosebastiaomatao.com.br\/images\/Santos\/S%C3%A3o%20Carlos%20Borromeu.jpg","contentUrl":"http:\/\/www.paroquiasaosebastiaomatao.com.br\/images\/Santos\/S%C3%A3o%20Carlos%20Borromeu.jpg"},{"@type":"BreadcrumbList","@id":"https:\/\/www.oarcanjo.net\/site\/sao-carlos-borromeu\/#breadcrumb","itemListElement":[{"@type":"ListItem","position":1,"name":"In\u00edcio","item":"https:\/\/www.oarcanjo.net\/site\/"},{"@type":"ListItem","position":2,"name":"S\u00e3o Carlos Borromeu"}]},{"@type":"WebSite","@id":"https:\/\/www.oarcanjo.net\/site\/#website","url":"https:\/\/www.oarcanjo.net\/site\/","name":"O Arcanjo no ar","description":"Site da Par\u00f3quia S\u00e3o Miguel Arcanjo (Arquidiocese de SP)","publisher":{"@id":"https:\/\/www.oarcanjo.net\/site\/#organization"},"potentialAction":[{"@type":"SearchAction","target":{"@type":"EntryPoint","urlTemplate":"https:\/\/www.oarcanjo.net\/site\/?s={search_term_string}"},"query-input":{"@type":"PropertyValueSpecification","valueRequired":true,"valueName":"search_term_string"}}],"inLanguage":"pt-BR"},{"@type":"Organization","@id":"https:\/\/www.oarcanjo.net\/site\/#organization","name":"Par\u00f3quia S\u00e3o Miguel Arcanjo","url":"https:\/\/www.oarcanjo.net\/site\/","logo":{"@type":"ImageObject","inLanguage":"pt-BR","@id":"https:\/\/www.oarcanjo.net\/site\/#\/schema\/logo\/image\/","url":"https:\/\/www.oarcanjo.net\/site\/wp-content\/uploads\/LogoOArcanjo.png","contentUrl":"https:\/\/www.oarcanjo.net\/site\/wp-content\/uploads\/LogoOArcanjo.png","width":319,"height":99,"caption":"Par\u00f3quia S\u00e3o Miguel Arcanjo"},"image":{"@id":"https:\/\/www.oarcanjo.net\/site\/#\/schema\/logo\/image\/"},"sameAs":["https:\/\/www.facebook.com\/OArcanjoNoAr\/"]},{"@type":"Person","@id":"https:\/\/www.oarcanjo.net\/site\/#\/schema\/person\/5eb9480bedd2f3c97e430ce128c29c6c","name":"danilo"}]}},"publishpress_future_action":{"enabled":false,"date":"2026-05-07 18:47:33","action":"category","newStatus":"draft","terms":[],"taxonomy":"category"},"publishpress_future_workflow_manual_trigger":{"enabledWorkflows":[]},"_links":{"self":[{"href":"https:\/\/www.oarcanjo.net\/site\/wp-json\/wp\/v2\/posts\/11548"}],"collection":[{"href":"https:\/\/www.oarcanjo.net\/site\/wp-json\/wp\/v2\/posts"}],"about":[{"href":"https:\/\/www.oarcanjo.net\/site\/wp-json\/wp\/v2\/types\/post"}],"author":[{"embeddable":true,"href":"https:\/\/www.oarcanjo.net\/site\/wp-json\/wp\/v2\/users\/14"}],"replies":[{"embeddable":true,"href":"https:\/\/www.oarcanjo.net\/site\/wp-json\/wp\/v2\/comments?post=11548"}],"version-history":[{"count":0,"href":"https:\/\/www.oarcanjo.net\/site\/wp-json\/wp\/v2\/posts\/11548\/revisions"}],"wp:attachment":[{"href":"https:\/\/www.oarcanjo.net\/site\/wp-json\/wp\/v2\/media?parent=11548"}],"wp:term":[{"taxonomy":"category","embeddable":true,"href":"https:\/\/www.oarcanjo.net\/site\/wp-json\/wp\/v2\/categories?post=11548"},{"taxonomy":"post_tag","embeddable":true,"href":"https:\/\/www.oarcanjo.net\/site\/wp-json\/wp\/v2\/tags?post=11548"}],"curies":[{"name":"wp","href":"https:\/\/api.w.org\/{rel}","templated":true}]}}