
{"id":11574,"date":"2010-11-01T23:52:00","date_gmt":"2010-11-02T01:52:00","guid":{"rendered":"http:\/\/www.oarcanjo.net\/site\/?p=11574"},"modified":"2010-11-02T13:24:21","modified_gmt":"2010-11-02T15:24:21","slug":"finados-e-a-pastoral-da-esperanca-na-comunidade-sao-miguel-arcanjo","status":"publish","type":"post","link":"https:\/\/www.oarcanjo.net\/site\/finados-e-a-pastoral-da-esperanca-na-comunidade-sao-miguel-arcanjo\/","title":{"rendered":"Finados e a Pastoral da Esperan\u00e7a na Comunidade S\u00e3o Miguel Arcanjo"},"content":{"rendered":"<p style=\"text-align: left;\">O dia de Finados foi institu\u00eddo pelo abade beneditino de Cluny, na Fran\u00e7a, para os mosteiros de sua ordem. No s\u00e9culo XIV, a Igreja Cat\u00f3lica incorporou essa data em seu calend\u00e1rio.<\/p>\n<p style=\"text-align: left;\">No dia de Finados, os cat\u00f3licos n\u00e3o celebram a morte, mas a certeza da ressurrei\u00e7\u00e3o. Em cada sepultura se v\u00ea a imagem da P\u00e1scoa Crist\u00e3: a promessa da vida eterna, como vontade e desejo de Deus.<\/p>\n<p style=\"text-align: left;\">O testemunho de vida daquele que morreu fica como luz acesa no cora\u00e7\u00e3o de quem continua a peregrina\u00e7\u00e3o. Esse \u00e9 um dos significados da vela que acendemos nos cemit\u00e9rios: a luz do irm\u00e3o n\u00e3o se apagou. A luz da f\u00e9 reacende a chama do nosso cora\u00e7\u00e3o.<\/p>\n<p style=\"text-align: left;\">Na visita aos cemit\u00e9rios no dia de Finados, emergem com muita for\u00e7a a saudade, o carinho, o amor e o respeito pelos nossos mortos. Velas s\u00e3o acesas, flores s\u00e3o colocadas nos t\u00famulos, sempre\u00a0acompanhadas de ora\u00e7\u00f5es. Muitas vezes tudo se resume \u00e0s l\u00e1grimas e uma ora\u00e7\u00e3o firme ao Senhor.<\/p>\n<p style=\"text-align: left;\">Assim, tamb\u00e9m \u00e9 oportuno falar das Ex\u00e9quias, que s\u00e3o ritos e ora\u00e7\u00f5es, em nome da Igreja Cat\u00f3lica, por aquele que se despede da nossa companhia. Quem celebra s\u00e3o os sacerdotes ou ministros que receberam a investidura ou un\u00e7\u00e3o pelo Bispo. Destacam-se desse momento o Acolhimento, a leitura da Sagrada Escritura, a Ora\u00e7\u00e3o Comunit\u00e1ria e a Encomenda\u00e7\u00e3o.<\/p>\n<p style=\"text-align: left;\">As par\u00f3quias do Setor Bel\u00e9m est\u00e3o presentes diariamente no Cemit\u00e9rio da Quarta Parada, organizadas em sistema de escala para as ex\u00e9quias, sob a coordena\u00e7\u00e3o do Di\u00e1cono Barbosa, da Igreja Nossa Senhora de Lourdes. \u00c9 a firme atua\u00e7\u00e3o volunt\u00e1ria da Pastoral da Esperan\u00e7a.<\/p>\n<p style=\"text-align: left;\">A comunidade S\u00e3o Miguel Arcanjo, tendo como ministro o Carlos Alberto Beatriz, agora acompanhado pelo Mauro Fagundes, participa dessa escala, nos s\u00e1bados, juntamente com a comunidade S\u00e3o Paulo Ap\u00f3stolo. Est\u00e3o ali para rezar junto com os familiares e amigos, bem como para confortar aqueles que perderam entes queridos.<\/p>\n<p style=\"text-align: left;\">Neste dia de finados, 02\/11\/2010, ser\u00e3o celebradas missas no Cemit\u00e9rio da Quarta Parada, a saber:<\/p>\n<p style=\"text-align: left;\">9h na Capela de cima (Rua Tobias Barreto);<br \/>\n12h na Capela ao lado do Vel\u00f3rio;<br \/>\n14h na Capela de cima (Rua Tobias Barreto);<br \/>\n16h na Capela ao lado do Vel\u00f3rio.<\/p>\n<p style=\"text-align: left;\">Na Igreja S\u00e3o Miguel Arcanjo teremos celebra\u00e7\u00e3o \u00e0s 7h da manh\u00e3 e tamb\u00e9m \u00e0s 18h. O Padre Julio h\u00e1 muitos anos igualmente celebra no Cemit\u00e9rio de Perus, em mem\u00f3ria dos moradores de rua falecidos.<\/p>\n<p style=\"text-align: left;\">Convidamos tamb\u00e9m para ler o artigo postado pelo Danilo sobre o &#8220;Finados&#8221;, acessando: <a href=\"http:\/\/www.oarcanjo.net\/site\/index.php\/testemunhos\/todos-os-finados\/\">http:\/\/www.oarcanjo.net\/site\/index.php\/testemunhos\/todos-os-finados\/<\/a><\/p>\n<div id=\"themify_builder_content-11574\" data-postid=\"11574\" class=\"themify_builder_content themify_builder_content-11574 themify_builder themify_builder_front\">\n\t<\/div>\n<!-- \/themify_builder_content -->","protected":false},"excerpt":{"rendered":"<p>O dia de Finados foi institu\u00eddo pelo abade beneditino de Cluny, na Fran\u00e7a, para os mosteiros de sua ordem. No s\u00e9culo XIV, a Igreja Cat\u00f3lica incorporou essa data em seu calend\u00e1rio. No dia de Finados, os cat\u00f3licos n\u00e3o celebram a morte, mas a certeza da ressurrei\u00e7\u00e3o. Em cada sepultura se v\u00ea a imagem da P\u00e1scoa [&hellip;]<\/p>\n","protected":false},"author":10,"featured_media":0,"comment_status":"open","ping_status":"open","sticky":false,"template":"","format":"standard","meta":{"ngg_post_thumbnail":0,"footnotes":""},"categories":[8,7],"tags":[1751,67],"yoast_head":"<!-- This site is optimized with the Yoast SEO plugin v23.5 - https:\/\/yoast.com\/wordpress\/plugins\/seo\/ -->\n<title>Finados e a Pastoral da Esperan\u00e7a na Comunidade S\u00e3o Miguel Arcanjo - O Arcanjo no ar<\/title>\n<meta name=\"robots\" content=\"index, follow, max-snippet:-1, max-image-preview:large, max-video-preview:-1\" \/>\n<link rel=\"canonical\" href=\"https:\/\/www.oarcanjo.net\/site\/finados-e-a-pastoral-da-esperanca-na-comunidade-sao-miguel-arcanjo\/\" \/>\n<meta property=\"og:locale\" content=\"pt_BR\" \/>\n<meta property=\"og:type\" content=\"article\" \/>\n<meta property=\"og:title\" content=\"Finados e a Pastoral da Esperan\u00e7a na Comunidade S\u00e3o Miguel Arcanjo - O Arcanjo no ar\" \/>\n<meta property=\"og:description\" content=\"O dia de Finados foi institu\u00eddo pelo abade beneditino de Cluny, na Fran\u00e7a, para os mosteiros de sua ordem. No s\u00e9culo XIV, a Igreja Cat\u00f3lica incorporou essa data em seu calend\u00e1rio. No dia de Finados, os cat\u00f3licos n\u00e3o celebram a morte, mas a certeza da ressurrei\u00e7\u00e3o. Em cada sepultura se v\u00ea a imagem da P\u00e1scoa [&hellip;]\" \/>\n<meta property=\"og:url\" content=\"https:\/\/www.oarcanjo.net\/site\/finados-e-a-pastoral-da-esperanca-na-comunidade-sao-miguel-arcanjo\/\" \/>\n<meta property=\"og:site_name\" content=\"O Arcanjo no ar\" \/>\n<meta property=\"article:publisher\" content=\"https:\/\/www.facebook.com\/OArcanjoNoAr\/\" \/>\n<meta property=\"article:published_time\" content=\"2010-11-02T01:52:00+00:00\" \/>\n<meta property=\"article:modified_time\" content=\"2010-11-02T15:24:21+00:00\" \/>\n<meta property=\"og:image\" content=\"https:\/\/www.oarcanjo.net\/site\/wp-content\/uploads\/logo-o-arcanjo-no-ar-facebook.png\" \/>\n\t<meta property=\"og:image:width\" content=\"300\" \/>\n\t<meta property=\"og:image:height\" content=\"300\" \/>\n\t<meta property=\"og:image:type\" content=\"image\/png\" \/>\n<meta name=\"author\" content=\"carlos\" \/>\n<meta name=\"twitter:card\" content=\"summary_large_image\" \/>\n<meta name=\"twitter:label1\" content=\"Escrito por\" \/>\n\t<meta name=\"twitter:data1\" content=\"carlos\" \/>\n\t<meta name=\"twitter:label2\" content=\"Est. tempo de leitura\" \/>\n\t<meta name=\"twitter:data2\" content=\"2 minutos\" \/>\n<script type=\"application\/ld+json\" class=\"yoast-schema-graph\">{\"@context\":\"https:\/\/schema.org\",\"@graph\":[{\"@type\":\"Article\",\"@id\":\"https:\/\/www.oarcanjo.net\/site\/finados-e-a-pastoral-da-esperanca-na-comunidade-sao-miguel-arcanjo\/#article\",\"isPartOf\":{\"@id\":\"https:\/\/www.oarcanjo.net\/site\/finados-e-a-pastoral-da-esperanca-na-comunidade-sao-miguel-arcanjo\/\"},\"author\":{\"name\":\"carlos\",\"@id\":\"https:\/\/www.oarcanjo.net\/site\/#\/schema\/person\/f7870e710d8c8c30673de3a0ac2e451d\"},\"headline\":\"Finados e a Pastoral da Esperan\u00e7a na Comunidade S\u00e3o Miguel Arcanjo\",\"datePublished\":\"2010-11-02T01:52:00+00:00\",\"dateModified\":\"2010-11-02T15:24:21+00:00\",\"mainEntityOfPage\":{\"@id\":\"https:\/\/www.oarcanjo.net\/site\/finados-e-a-pastoral-da-esperanca-na-comunidade-sao-miguel-arcanjo\/\"},\"wordCount\":476,\"commentCount\":3,\"publisher\":{\"@id\":\"https:\/\/www.oarcanjo.net\/site\/#organization\"},\"keywords\":[\"Cemit\u00e9rio da Quarta Parada\",\"finados\"],\"articleSection\":[\"Not\u00edcias\",\"Rosto da comunidade\"],\"inLanguage\":\"pt-BR\",\"potentialAction\":[{\"@type\":\"CommentAction\",\"name\":\"Comment\",\"target\":[\"https:\/\/www.oarcanjo.net\/site\/finados-e-a-pastoral-da-esperanca-na-comunidade-sao-miguel-arcanjo\/#respond\"]}]},{\"@type\":\"WebPage\",\"@id\":\"https:\/\/www.oarcanjo.net\/site\/finados-e-a-pastoral-da-esperanca-na-comunidade-sao-miguel-arcanjo\/\",\"url\":\"https:\/\/www.oarcanjo.net\/site\/finados-e-a-pastoral-da-esperanca-na-comunidade-sao-miguel-arcanjo\/\",\"name\":\"Finados e a Pastoral da Esperan\u00e7a na Comunidade S\u00e3o Miguel Arcanjo - O Arcanjo no ar\",\"isPartOf\":{\"@id\":\"https:\/\/www.oarcanjo.net\/site\/#website\"},\"datePublished\":\"2010-11-02T01:52:00+00:00\",\"dateModified\":\"2010-11-02T15:24:21+00:00\",\"breadcrumb\":{\"@id\":\"https:\/\/www.oarcanjo.net\/site\/finados-e-a-pastoral-da-esperanca-na-comunidade-sao-miguel-arcanjo\/#breadcrumb\"},\"inLanguage\":\"pt-BR\",\"potentialAction\":[{\"@type\":\"ReadAction\",\"target\":[\"https:\/\/www.oarcanjo.net\/site\/finados-e-a-pastoral-da-esperanca-na-comunidade-sao-miguel-arcanjo\/\"]}]},{\"@type\":\"BreadcrumbList\",\"@id\":\"https:\/\/www.oarcanjo.net\/site\/finados-e-a-pastoral-da-esperanca-na-comunidade-sao-miguel-arcanjo\/#breadcrumb\",\"itemListElement\":[{\"@type\":\"ListItem\",\"position\":1,\"name\":\"In\u00edcio\",\"item\":\"https:\/\/www.oarcanjo.net\/site\/\"},{\"@type\":\"ListItem\",\"position\":2,\"name\":\"Finados e a Pastoral da Esperan\u00e7a na Comunidade S\u00e3o Miguel Arcanjo\"}]},{\"@type\":\"WebSite\",\"@id\":\"https:\/\/www.oarcanjo.net\/site\/#website\",\"url\":\"https:\/\/www.oarcanjo.net\/site\/\",\"name\":\"O Arcanjo no ar\",\"description\":\"Site da Par\u00f3quia S\u00e3o Miguel Arcanjo (Arquidiocese de SP)\",\"publisher\":{\"@id\":\"https:\/\/www.oarcanjo.net\/site\/#organization\"},\"potentialAction\":[{\"@type\":\"SearchAction\",\"target\":{\"@type\":\"EntryPoint\",\"urlTemplate\":\"https:\/\/www.oarcanjo.net\/site\/?s={search_term_string}\"},\"query-input\":{\"@type\":\"PropertyValueSpecification\",\"valueRequired\":true,\"valueName\":\"search_term_string\"}}],\"inLanguage\":\"pt-BR\"},{\"@type\":\"Organization\",\"@id\":\"https:\/\/www.oarcanjo.net\/site\/#organization\",\"name\":\"Par\u00f3quia S\u00e3o Miguel Arcanjo\",\"url\":\"https:\/\/www.oarcanjo.net\/site\/\",\"logo\":{\"@type\":\"ImageObject\",\"inLanguage\":\"pt-BR\",\"@id\":\"https:\/\/www.oarcanjo.net\/site\/#\/schema\/logo\/image\/\",\"url\":\"https:\/\/www.oarcanjo.net\/site\/wp-content\/uploads\/LogoOArcanjo.png\",\"contentUrl\":\"https:\/\/www.oarcanjo.net\/site\/wp-content\/uploads\/LogoOArcanjo.png\",\"width\":319,\"height\":99,\"caption\":\"Par\u00f3quia S\u00e3o Miguel Arcanjo\"},\"image\":{\"@id\":\"https:\/\/www.oarcanjo.net\/site\/#\/schema\/logo\/image\/\"},\"sameAs\":[\"https:\/\/www.facebook.com\/OArcanjoNoAr\/\"]},{\"@type\":\"Person\",\"@id\":\"https:\/\/www.oarcanjo.net\/site\/#\/schema\/person\/f7870e710d8c8c30673de3a0ac2e451d\",\"name\":\"carlos\"}]}<\/script>\n<!-- \/ Yoast SEO plugin. -->","yoast_head_json":{"title":"Finados e a Pastoral da Esperan\u00e7a na Comunidade S\u00e3o Miguel Arcanjo - O Arcanjo no ar","robots":{"index":"index","follow":"follow","max-snippet":"max-snippet:-1","max-image-preview":"max-image-preview:large","max-video-preview":"max-video-preview:-1"},"canonical":"https:\/\/www.oarcanjo.net\/site\/finados-e-a-pastoral-da-esperanca-na-comunidade-sao-miguel-arcanjo\/","og_locale":"pt_BR","og_type":"article","og_title":"Finados e a Pastoral da Esperan\u00e7a na Comunidade S\u00e3o Miguel Arcanjo - O Arcanjo no ar","og_description":"O dia de Finados foi institu\u00eddo pelo abade beneditino de Cluny, na Fran\u00e7a, para os mosteiros de sua ordem. No s\u00e9culo XIV, a Igreja Cat\u00f3lica incorporou essa data em seu calend\u00e1rio. No dia de Finados, os cat\u00f3licos n\u00e3o celebram a morte, mas a certeza da ressurrei\u00e7\u00e3o. Em cada sepultura se v\u00ea a imagem da P\u00e1scoa [&hellip;]","og_url":"https:\/\/www.oarcanjo.net\/site\/finados-e-a-pastoral-da-esperanca-na-comunidade-sao-miguel-arcanjo\/","og_site_name":"O Arcanjo no ar","article_publisher":"https:\/\/www.facebook.com\/OArcanjoNoAr\/","article_published_time":"2010-11-02T01:52:00+00:00","article_modified_time":"2010-11-02T15:24:21+00:00","og_image":[{"width":300,"height":300,"url":"https:\/\/www.oarcanjo.net\/site\/wp-content\/uploads\/logo-o-arcanjo-no-ar-facebook.png","type":"image\/png"}],"author":"carlos","twitter_card":"summary_large_image","twitter_misc":{"Escrito por":"carlos","Est. tempo de leitura":"2 minutos"},"schema":{"@context":"https:\/\/schema.org","@graph":[{"@type":"Article","@id":"https:\/\/www.oarcanjo.net\/site\/finados-e-a-pastoral-da-esperanca-na-comunidade-sao-miguel-arcanjo\/#article","isPartOf":{"@id":"https:\/\/www.oarcanjo.net\/site\/finados-e-a-pastoral-da-esperanca-na-comunidade-sao-miguel-arcanjo\/"},"author":{"name":"carlos","@id":"https:\/\/www.oarcanjo.net\/site\/#\/schema\/person\/f7870e710d8c8c30673de3a0ac2e451d"},"headline":"Finados e a Pastoral da Esperan\u00e7a na Comunidade S\u00e3o Miguel Arcanjo","datePublished":"2010-11-02T01:52:00+00:00","dateModified":"2010-11-02T15:24:21+00:00","mainEntityOfPage":{"@id":"https:\/\/www.oarcanjo.net\/site\/finados-e-a-pastoral-da-esperanca-na-comunidade-sao-miguel-arcanjo\/"},"wordCount":476,"commentCount":3,"publisher":{"@id":"https:\/\/www.oarcanjo.net\/site\/#organization"},"keywords":["Cemit\u00e9rio da Quarta Parada","finados"],"articleSection":["Not\u00edcias","Rosto da comunidade"],"inLanguage":"pt-BR","potentialAction":[{"@type":"CommentAction","name":"Comment","target":["https:\/\/www.oarcanjo.net\/site\/finados-e-a-pastoral-da-esperanca-na-comunidade-sao-miguel-arcanjo\/#respond"]}]},{"@type":"WebPage","@id":"https:\/\/www.oarcanjo.net\/site\/finados-e-a-pastoral-da-esperanca-na-comunidade-sao-miguel-arcanjo\/","url":"https:\/\/www.oarcanjo.net\/site\/finados-e-a-pastoral-da-esperanca-na-comunidade-sao-miguel-arcanjo\/","name":"Finados e a Pastoral da Esperan\u00e7a na Comunidade S\u00e3o Miguel Arcanjo - O Arcanjo no ar","isPartOf":{"@id":"https:\/\/www.oarcanjo.net\/site\/#website"},"datePublished":"2010-11-02T01:52:00+00:00","dateModified":"2010-11-02T15:24:21+00:00","breadcrumb":{"@id":"https:\/\/www.oarcanjo.net\/site\/finados-e-a-pastoral-da-esperanca-na-comunidade-sao-miguel-arcanjo\/#breadcrumb"},"inLanguage":"pt-BR","potentialAction":[{"@type":"ReadAction","target":["https:\/\/www.oarcanjo.net\/site\/finados-e-a-pastoral-da-esperanca-na-comunidade-sao-miguel-arcanjo\/"]}]},{"@type":"BreadcrumbList","@id":"https:\/\/www.oarcanjo.net\/site\/finados-e-a-pastoral-da-esperanca-na-comunidade-sao-miguel-arcanjo\/#breadcrumb","itemListElement":[{"@type":"ListItem","position":1,"name":"In\u00edcio","item":"https:\/\/www.oarcanjo.net\/site\/"},{"@type":"ListItem","position":2,"name":"Finados e a Pastoral da Esperan\u00e7a na Comunidade S\u00e3o Miguel Arcanjo"}]},{"@type":"WebSite","@id":"https:\/\/www.oarcanjo.net\/site\/#website","url":"https:\/\/www.oarcanjo.net\/site\/","name":"O Arcanjo no ar","description":"Site da Par\u00f3quia S\u00e3o Miguel Arcanjo (Arquidiocese de SP)","publisher":{"@id":"https:\/\/www.oarcanjo.net\/site\/#organization"},"potentialAction":[{"@type":"SearchAction","target":{"@type":"EntryPoint","urlTemplate":"https:\/\/www.oarcanjo.net\/site\/?s={search_term_string}"},"query-input":{"@type":"PropertyValueSpecification","valueRequired":true,"valueName":"search_term_string"}}],"inLanguage":"pt-BR"},{"@type":"Organization","@id":"https:\/\/www.oarcanjo.net\/site\/#organization","name":"Par\u00f3quia S\u00e3o Miguel Arcanjo","url":"https:\/\/www.oarcanjo.net\/site\/","logo":{"@type":"ImageObject","inLanguage":"pt-BR","@id":"https:\/\/www.oarcanjo.net\/site\/#\/schema\/logo\/image\/","url":"https:\/\/www.oarcanjo.net\/site\/wp-content\/uploads\/LogoOArcanjo.png","contentUrl":"https:\/\/www.oarcanjo.net\/site\/wp-content\/uploads\/LogoOArcanjo.png","width":319,"height":99,"caption":"Par\u00f3quia S\u00e3o Miguel Arcanjo"},"image":{"@id":"https:\/\/www.oarcanjo.net\/site\/#\/schema\/logo\/image\/"},"sameAs":["https:\/\/www.facebook.com\/OArcanjoNoAr\/"]},{"@type":"Person","@id":"https:\/\/www.oarcanjo.net\/site\/#\/schema\/person\/f7870e710d8c8c30673de3a0ac2e451d","name":"carlos"}]}},"publishpress_future_action":{"enabled":false,"date":"2026-05-07 11:36:14","action":"category","newStatus":"draft","terms":[],"taxonomy":"category"},"publishpress_future_workflow_manual_trigger":{"enabledWorkflows":[]},"_links":{"self":[{"href":"https:\/\/www.oarcanjo.net\/site\/wp-json\/wp\/v2\/posts\/11574"}],"collection":[{"href":"https:\/\/www.oarcanjo.net\/site\/wp-json\/wp\/v2\/posts"}],"about":[{"href":"https:\/\/www.oarcanjo.net\/site\/wp-json\/wp\/v2\/types\/post"}],"author":[{"embeddable":true,"href":"https:\/\/www.oarcanjo.net\/site\/wp-json\/wp\/v2\/users\/10"}],"replies":[{"embeddable":true,"href":"https:\/\/www.oarcanjo.net\/site\/wp-json\/wp\/v2\/comments?post=11574"}],"version-history":[{"count":0,"href":"https:\/\/www.oarcanjo.net\/site\/wp-json\/wp\/v2\/posts\/11574\/revisions"}],"wp:attachment":[{"href":"https:\/\/www.oarcanjo.net\/site\/wp-json\/wp\/v2\/media?parent=11574"}],"wp:term":[{"taxonomy":"category","embeddable":true,"href":"https:\/\/www.oarcanjo.net\/site\/wp-json\/wp\/v2\/categories?post=11574"},{"taxonomy":"post_tag","embeddable":true,"href":"https:\/\/www.oarcanjo.net\/site\/wp-json\/wp\/v2\/tags?post=11574"}],"curies":[{"name":"wp","href":"https:\/\/api.w.org\/{rel}","templated":true}]}}