
{"id":1158,"date":"2008-12-22T12:04:31","date_gmt":"2008-12-22T14:04:31","guid":{"rendered":"http:\/\/www.oarcanjo.net\/site\/?p=1158"},"modified":"2009-02-03T23:28:45","modified_gmt":"2009-02-04T01:28:45","slug":"batizado-21-de-dezembro-de-2008","status":"publish","type":"post","link":"https:\/\/www.oarcanjo.net\/site\/batizado-21-de-dezembro-de-2008\/","title":{"rendered":"Batizado &#8211; 21 de dezembro de 2008"},"content":{"rendered":"<p>Neste domingo do Advento, 21 de dezembro de 2008, na Capela S\u00e3o Judas Tadeu, com emo\u00e7\u00e3o e alegria foram batizadas mais 16 crian\u00e7as: Maria Fernanda, Rodrigo, Gustavo Henrique, Ana Beatriz, Bruna, Laura, Lorena, Vinicius,  Sophia do Nascimento, Enzo, Rafaela, Luiza, Maria Clara de Melo, Sofia, Izaac e Maria Clara Hil\u00e1rio.<\/p>\n<p>A celebra\u00e7\u00e3o foi iniciada com o acolhimento, apresenta\u00e7\u00e3o das crian\u00e7as e a prociss\u00e3o de entrada na Capela. Essa prociss\u00e3o revela a entrada das crian\u00e7as na Igreja.<\/p>\n<p>O Padre J\u00falio tamb\u00e9m renovou o batismo dos presentes \u00e0 celebra\u00e7\u00e3o, aspergindo em todos, com alegria, a \u00e1gua da Pia Batismal. Pediu que os Pais e Padrinhos fizessem o sinal da Cruz no ouvido das crian\u00e7as batizadas, para que elas possam estar sempre ouvindo falar do amor de Deus.<\/p>\n<p>Tamb\u00e9m na ocasi\u00e3o, durante a Santa Missa, os pais de Sophia, Josuel e D\u00e9bora, celebraram seu casamento.<\/p>\n<p>Ao final da celebra\u00e7\u00e3o, a \u00e1rvore de Natal foi enfeitada coletivamente como um sinal da alegria de juntos formarmos esta comunidade.<\/p>\n<p>Veja abaixo as fotos da celebra\u00e7\u00e3o:<\/p>\nngg_shortcode_0_placeholder<br \/>\n<em>Fotos de S\u00e9rgio Carvalho, cedidadas gentilmente pela Universidade S\u00e3o Judas, e de Carlos Alberto Beatriz<\/em>.<\/p>\n<div id=\"themify_builder_content-1158\" data-postid=\"1158\" class=\"themify_builder_content themify_builder_content-1158 themify_builder themify_builder_front\">\n\t<\/div>\n<!-- \/themify_builder_content -->","protected":false},"excerpt":{"rendered":"<p>Neste domingo do Advento, 21 de dezembro de 2008, na Capela S\u00e3o Judas Tadeu, com emo\u00e7\u00e3o e alegria foram batizadas mais 16 crian\u00e7as: Maria Fernanda, Rodrigo, Gustavo Henrique, Ana Beatriz, Bruna, Laura, Lorena, Vinicius, Sophia do Nascimento, Enzo, Rafaela, Luiza, Maria Clara de Melo, Sofia, Izaac e Maria Clara Hil\u00e1rio. A celebra\u00e7\u00e3o foi iniciada com [&hellip;]<\/p>\n","protected":false},"author":5,"featured_media":0,"comment_status":"open","ping_status":"open","sticky":false,"template":"","format":"standard","meta":{"ngg_post_thumbnail":0,"footnotes":""},"categories":[8],"tags":[154],"yoast_head":"<!-- This site is optimized with the Yoast SEO plugin v23.5 - https:\/\/yoast.com\/wordpress\/plugins\/seo\/ -->\n<title>Batizado - 21 de dezembro de 2008 - O Arcanjo no ar<\/title>\n<meta name=\"robots\" content=\"index, follow, max-snippet:-1, max-image-preview:large, max-video-preview:-1\" \/>\n<link rel=\"canonical\" href=\"https:\/\/www.oarcanjo.net\/site\/batizado-21-de-dezembro-de-2008\/\" \/>\n<meta property=\"og:locale\" content=\"pt_BR\" \/>\n<meta property=\"og:type\" content=\"article\" \/>\n<meta property=\"og:title\" content=\"Batizado - 21 de dezembro de 2008 - O Arcanjo no ar\" \/>\n<meta property=\"og:description\" content=\"Neste domingo do Advento, 21 de dezembro de 2008, na Capela S\u00e3o Judas Tadeu, com emo\u00e7\u00e3o e alegria foram batizadas mais 16 crian\u00e7as: Maria Fernanda, Rodrigo, Gustavo Henrique, Ana Beatriz, Bruna, Laura, Lorena, Vinicius, Sophia do Nascimento, Enzo, Rafaela, Luiza, Maria Clara de Melo, Sofia, Izaac e Maria Clara Hil\u00e1rio. A celebra\u00e7\u00e3o foi iniciada com [&hellip;]\" \/>\n<meta property=\"og:url\" content=\"https:\/\/www.oarcanjo.net\/site\/batizado-21-de-dezembro-de-2008\/\" \/>\n<meta property=\"og:site_name\" content=\"O Arcanjo no ar\" \/>\n<meta property=\"article:publisher\" content=\"https:\/\/www.facebook.com\/OArcanjoNoAr\/\" \/>\n<meta property=\"article:published_time\" content=\"2008-12-22T14:04:31+00:00\" \/>\n<meta property=\"article:modified_time\" content=\"2009-02-04T01:28:45+00:00\" \/>\n<meta property=\"og:image\" content=\"https:\/\/www.oarcanjo.net\/site\/wp-content\/uploads\/banner-batizado-21-12-2008-150x150.jpg\" \/>\n<meta name=\"author\" content=\"editor\" \/>\n<meta name=\"twitter:card\" content=\"summary_large_image\" \/>\n<meta name=\"twitter:label1\" content=\"Escrito por\" \/>\n\t<meta name=\"twitter:data1\" content=\"editor\" \/>\n\t<meta name=\"twitter:label2\" content=\"Est. tempo de leitura\" \/>\n\t<meta name=\"twitter:data2\" content=\"1 minuto\" \/>\n<script type=\"application\/ld+json\" class=\"yoast-schema-graph\">{\"@context\":\"https:\/\/schema.org\",\"@graph\":[{\"@type\":\"Article\",\"@id\":\"https:\/\/www.oarcanjo.net\/site\/batizado-21-de-dezembro-de-2008\/#article\",\"isPartOf\":{\"@id\":\"https:\/\/www.oarcanjo.net\/site\/batizado-21-de-dezembro-de-2008\/\"},\"author\":{\"name\":\"editor\",\"@id\":\"https:\/\/www.oarcanjo.net\/site\/#\/schema\/person\/f7024d007863202483a31326673a0838\"},\"headline\":\"Batizado &#8211; 21 de dezembro de 2008\",\"datePublished\":\"2008-12-22T14:04:31+00:00\",\"dateModified\":\"2009-02-04T01:28:45+00:00\",\"mainEntityOfPage\":{\"@id\":\"https:\/\/www.oarcanjo.net\/site\/batizado-21-de-dezembro-de-2008\/\"},\"wordCount\":207,\"commentCount\":13,\"publisher\":{\"@id\":\"https:\/\/www.oarcanjo.net\/site\/#organization\"},\"keywords\":[\"Batismo\"],\"articleSection\":[\"Not\u00edcias\"],\"inLanguage\":\"pt-BR\",\"potentialAction\":[{\"@type\":\"CommentAction\",\"name\":\"Comment\",\"target\":[\"https:\/\/www.oarcanjo.net\/site\/batizado-21-de-dezembro-de-2008\/#respond\"]}]},{\"@type\":\"WebPage\",\"@id\":\"https:\/\/www.oarcanjo.net\/site\/batizado-21-de-dezembro-de-2008\/\",\"url\":\"https:\/\/www.oarcanjo.net\/site\/batizado-21-de-dezembro-de-2008\/\",\"name\":\"Batizado - 21 de dezembro de 2008 - O Arcanjo no ar\",\"isPartOf\":{\"@id\":\"https:\/\/www.oarcanjo.net\/site\/#website\"},\"datePublished\":\"2008-12-22T14:04:31+00:00\",\"dateModified\":\"2009-02-04T01:28:45+00:00\",\"breadcrumb\":{\"@id\":\"https:\/\/www.oarcanjo.net\/site\/batizado-21-de-dezembro-de-2008\/#breadcrumb\"},\"inLanguage\":\"pt-BR\",\"potentialAction\":[{\"@type\":\"ReadAction\",\"target\":[\"https:\/\/www.oarcanjo.net\/site\/batizado-21-de-dezembro-de-2008\/\"]}]},{\"@type\":\"BreadcrumbList\",\"@id\":\"https:\/\/www.oarcanjo.net\/site\/batizado-21-de-dezembro-de-2008\/#breadcrumb\",\"itemListElement\":[{\"@type\":\"ListItem\",\"position\":1,\"name\":\"In\u00edcio\",\"item\":\"https:\/\/www.oarcanjo.net\/site\/\"},{\"@type\":\"ListItem\",\"position\":2,\"name\":\"Batizado &#8211; 21 de dezembro de 2008\"}]},{\"@type\":\"WebSite\",\"@id\":\"https:\/\/www.oarcanjo.net\/site\/#website\",\"url\":\"https:\/\/www.oarcanjo.net\/site\/\",\"name\":\"O Arcanjo no ar\",\"description\":\"Site da Par\u00f3quia S\u00e3o Miguel Arcanjo (Arquidiocese de SP)\",\"publisher\":{\"@id\":\"https:\/\/www.oarcanjo.net\/site\/#organization\"},\"potentialAction\":[{\"@type\":\"SearchAction\",\"target\":{\"@type\":\"EntryPoint\",\"urlTemplate\":\"https:\/\/www.oarcanjo.net\/site\/?s={search_term_string}\"},\"query-input\":{\"@type\":\"PropertyValueSpecification\",\"valueRequired\":true,\"valueName\":\"search_term_string\"}}],\"inLanguage\":\"pt-BR\"},{\"@type\":\"Organization\",\"@id\":\"https:\/\/www.oarcanjo.net\/site\/#organization\",\"name\":\"Par\u00f3quia S\u00e3o Miguel Arcanjo\",\"url\":\"https:\/\/www.oarcanjo.net\/site\/\",\"logo\":{\"@type\":\"ImageObject\",\"inLanguage\":\"pt-BR\",\"@id\":\"https:\/\/www.oarcanjo.net\/site\/#\/schema\/logo\/image\/\",\"url\":\"https:\/\/www.oarcanjo.net\/site\/wp-content\/uploads\/LogoOArcanjo.png\",\"contentUrl\":\"https:\/\/www.oarcanjo.net\/site\/wp-content\/uploads\/LogoOArcanjo.png\",\"width\":319,\"height\":99,\"caption\":\"Par\u00f3quia S\u00e3o Miguel Arcanjo\"},\"image\":{\"@id\":\"https:\/\/www.oarcanjo.net\/site\/#\/schema\/logo\/image\/\"},\"sameAs\":[\"https:\/\/www.facebook.com\/OArcanjoNoAr\/\"]},{\"@type\":\"Person\",\"@id\":\"https:\/\/www.oarcanjo.net\/site\/#\/schema\/person\/f7024d007863202483a31326673a0838\",\"name\":\"editor\",\"sameAs\":[\"http:\/\/www.oarcanjo.net\"]}]}<\/script>\n<!-- \/ Yoast SEO plugin. -->","yoast_head_json":{"title":"Batizado - 21 de dezembro de 2008 - O Arcanjo no ar","robots":{"index":"index","follow":"follow","max-snippet":"max-snippet:-1","max-image-preview":"max-image-preview:large","max-video-preview":"max-video-preview:-1"},"canonical":"https:\/\/www.oarcanjo.net\/site\/batizado-21-de-dezembro-de-2008\/","og_locale":"pt_BR","og_type":"article","og_title":"Batizado - 21 de dezembro de 2008 - O Arcanjo no ar","og_description":"Neste domingo do Advento, 21 de dezembro de 2008, na Capela S\u00e3o Judas Tadeu, com emo\u00e7\u00e3o e alegria foram batizadas mais 16 crian\u00e7as: Maria Fernanda, Rodrigo, Gustavo Henrique, Ana Beatriz, Bruna, Laura, Lorena, Vinicius, Sophia do Nascimento, Enzo, Rafaela, Luiza, Maria Clara de Melo, Sofia, Izaac e Maria Clara Hil\u00e1rio. A celebra\u00e7\u00e3o foi iniciada com [&hellip;]","og_url":"https:\/\/www.oarcanjo.net\/site\/batizado-21-de-dezembro-de-2008\/","og_site_name":"O Arcanjo no ar","article_publisher":"https:\/\/www.facebook.com\/OArcanjoNoAr\/","article_published_time":"2008-12-22T14:04:31+00:00","article_modified_time":"2009-02-04T01:28:45+00:00","og_image":[{"url":"https:\/\/www.oarcanjo.net\/site\/wp-content\/uploads\/banner-batizado-21-12-2008-150x150.jpg"}],"author":"editor","twitter_card":"summary_large_image","twitter_misc":{"Escrito por":"editor","Est. tempo de leitura":"1 minuto"},"schema":{"@context":"https:\/\/schema.org","@graph":[{"@type":"Article","@id":"https:\/\/www.oarcanjo.net\/site\/batizado-21-de-dezembro-de-2008\/#article","isPartOf":{"@id":"https:\/\/www.oarcanjo.net\/site\/batizado-21-de-dezembro-de-2008\/"},"author":{"name":"editor","@id":"https:\/\/www.oarcanjo.net\/site\/#\/schema\/person\/f7024d007863202483a31326673a0838"},"headline":"Batizado &#8211; 21 de dezembro de 2008","datePublished":"2008-12-22T14:04:31+00:00","dateModified":"2009-02-04T01:28:45+00:00","mainEntityOfPage":{"@id":"https:\/\/www.oarcanjo.net\/site\/batizado-21-de-dezembro-de-2008\/"},"wordCount":207,"commentCount":13,"publisher":{"@id":"https:\/\/www.oarcanjo.net\/site\/#organization"},"keywords":["Batismo"],"articleSection":["Not\u00edcias"],"inLanguage":"pt-BR","potentialAction":[{"@type":"CommentAction","name":"Comment","target":["https:\/\/www.oarcanjo.net\/site\/batizado-21-de-dezembro-de-2008\/#respond"]}]},{"@type":"WebPage","@id":"https:\/\/www.oarcanjo.net\/site\/batizado-21-de-dezembro-de-2008\/","url":"https:\/\/www.oarcanjo.net\/site\/batizado-21-de-dezembro-de-2008\/","name":"Batizado - 21 de dezembro de 2008 - O Arcanjo no ar","isPartOf":{"@id":"https:\/\/www.oarcanjo.net\/site\/#website"},"datePublished":"2008-12-22T14:04:31+00:00","dateModified":"2009-02-04T01:28:45+00:00","breadcrumb":{"@id":"https:\/\/www.oarcanjo.net\/site\/batizado-21-de-dezembro-de-2008\/#breadcrumb"},"inLanguage":"pt-BR","potentialAction":[{"@type":"ReadAction","target":["https:\/\/www.oarcanjo.net\/site\/batizado-21-de-dezembro-de-2008\/"]}]},{"@type":"BreadcrumbList","@id":"https:\/\/www.oarcanjo.net\/site\/batizado-21-de-dezembro-de-2008\/#breadcrumb","itemListElement":[{"@type":"ListItem","position":1,"name":"In\u00edcio","item":"https:\/\/www.oarcanjo.net\/site\/"},{"@type":"ListItem","position":2,"name":"Batizado &#8211; 21 de dezembro de 2008"}]},{"@type":"WebSite","@id":"https:\/\/www.oarcanjo.net\/site\/#website","url":"https:\/\/www.oarcanjo.net\/site\/","name":"O Arcanjo no ar","description":"Site da Par\u00f3quia S\u00e3o Miguel Arcanjo (Arquidiocese de SP)","publisher":{"@id":"https:\/\/www.oarcanjo.net\/site\/#organization"},"potentialAction":[{"@type":"SearchAction","target":{"@type":"EntryPoint","urlTemplate":"https:\/\/www.oarcanjo.net\/site\/?s={search_term_string}"},"query-input":{"@type":"PropertyValueSpecification","valueRequired":true,"valueName":"search_term_string"}}],"inLanguage":"pt-BR"},{"@type":"Organization","@id":"https:\/\/www.oarcanjo.net\/site\/#organization","name":"Par\u00f3quia S\u00e3o Miguel Arcanjo","url":"https:\/\/www.oarcanjo.net\/site\/","logo":{"@type":"ImageObject","inLanguage":"pt-BR","@id":"https:\/\/www.oarcanjo.net\/site\/#\/schema\/logo\/image\/","url":"https:\/\/www.oarcanjo.net\/site\/wp-content\/uploads\/LogoOArcanjo.png","contentUrl":"https:\/\/www.oarcanjo.net\/site\/wp-content\/uploads\/LogoOArcanjo.png","width":319,"height":99,"caption":"Par\u00f3quia S\u00e3o Miguel Arcanjo"},"image":{"@id":"https:\/\/www.oarcanjo.net\/site\/#\/schema\/logo\/image\/"},"sameAs":["https:\/\/www.facebook.com\/OArcanjoNoAr\/"]},{"@type":"Person","@id":"https:\/\/www.oarcanjo.net\/site\/#\/schema\/person\/f7024d007863202483a31326673a0838","name":"editor","sameAs":["http:\/\/www.oarcanjo.net"]}]}},"publishpress_future_action":{"enabled":false,"date":"2026-05-08 18:01:23","action":"category","newStatus":"draft","terms":[],"taxonomy":"category"},"publishpress_future_workflow_manual_trigger":{"enabledWorkflows":[]},"_links":{"self":[{"href":"https:\/\/www.oarcanjo.net\/site\/wp-json\/wp\/v2\/posts\/1158"}],"collection":[{"href":"https:\/\/www.oarcanjo.net\/site\/wp-json\/wp\/v2\/posts"}],"about":[{"href":"https:\/\/www.oarcanjo.net\/site\/wp-json\/wp\/v2\/types\/post"}],"author":[{"embeddable":true,"href":"https:\/\/www.oarcanjo.net\/site\/wp-json\/wp\/v2\/users\/5"}],"replies":[{"embeddable":true,"href":"https:\/\/www.oarcanjo.net\/site\/wp-json\/wp\/v2\/comments?post=1158"}],"version-history":[{"count":0,"href":"https:\/\/www.oarcanjo.net\/site\/wp-json\/wp\/v2\/posts\/1158\/revisions"}],"wp:attachment":[{"href":"https:\/\/www.oarcanjo.net\/site\/wp-json\/wp\/v2\/media?parent=1158"}],"wp:term":[{"taxonomy":"category","embeddable":true,"href":"https:\/\/www.oarcanjo.net\/site\/wp-json\/wp\/v2\/categories?post=1158"},{"taxonomy":"post_tag","embeddable":true,"href":"https:\/\/www.oarcanjo.net\/site\/wp-json\/wp\/v2\/tags?post=1158"}],"curies":[{"name":"wp","href":"https:\/\/api.w.org\/{rel}","templated":true}]}}