
{"id":11610,"date":"2010-11-04T05:58:37","date_gmt":"2010-11-04T07:58:37","guid":{"rendered":"http:\/\/www.oarcanjo.net\/site\/?p=11610"},"modified":"2010-11-04T06:11:50","modified_gmt":"2010-11-04T08:11:50","slug":"leituras-do-domingo-07112010","status":"publish","type":"post","link":"https:\/\/www.oarcanjo.net\/site\/leituras-do-domingo-07112010\/","title":{"rendered":"Leituras do domingo 07\/11\/2010"},"content":{"rendered":"<div>\n<div>\n<div>\n<div>\n<div>\n<div>\n<h4>SOLENIDADE DE TODOS OS SANTOS<\/h4>\n<p><strong>Primeira leitura (Apocalipse 7,2-4.9-14)<\/strong><\/p>\n<p>Leitura do Livro do Apocalipse de S\u00e3o Jo\u00e3o:<\/p>\n<p>Eu, Jo\u00e3o,\u00a0<sup>2<\/sup>vi um outro anjo, que subia do lado onde nasce o sol. Ele trazia a marca do Deus vivo e gritava, em alta voz, aos quatro anjos que tinham recebido o poder de danificar a terra e o mar, dizendo-lhes:\u00a0<sup>3<\/sup>\u201cN\u00e3o fa\u00e7ais mal \u00e0 terra, nem ao mar, nem \u00e0s \u00e1rvores, at\u00e9 que tenhamos marcado na fronte os servos do nosso Deus\u201d.<br \/>\n<sup>4<\/sup>Ouvi ent\u00e3o o n\u00famero dos que tinham sido marcados: eram cento e quarenta e quatro mil, de todas as tribos dos filhos de Israel.<br \/>\n<sup>9<\/sup>Depois disso, vi uma multid\u00e3o imensa de gente de todas as na\u00e7\u00f5es, tribos, povos e l\u00ednguas, e que ningu\u00e9m podia contar. Estavam de p\u00e9 diante do trono e do Cordeiro; trajavam vestes brancas e traziam palmas na m\u00e3o.\u00a0<sup>10<\/sup>Todos proclamavam com voz forte: \u201cA salva\u00e7\u00e3o pertence ao nosso Deus, que est\u00e1 sentado no trono, e ao Cordeiro\u201d.<br \/>\n<sup>11<\/sup>Todos os anjos estavam de p\u00e9, em volta do trono e dos Anci\u00e3os, e dos quatro Seres vivos, e prostravam-se, com o rosto por terra, diante do trono. E adoravam a Deus, dizendo:<sup>12<\/sup>\u201cAm\u00e9m. O louvor, a gl\u00f3ria e a sabedoria, a a\u00e7\u00e3o de gra\u00e7as, a honra, o poder e a for\u00e7a pertencem ao nosso Deus para sempre. Am\u00e9m\u201d.\u00a0<sup>13<\/sup>E um dos Anci\u00e3os falou comigo e perguntou: \u201cQuem s\u00e3o esses vestidos com roupas brancas? De onde vieram?\u201d<br \/>\n<sup>14<\/sup>Eu respondi: \u201cTu \u00e9 que sabes, meu senhor\u201d.<br \/>\nE ent\u00e3o ele me disse: \u201cEsses s\u00e3o os que vieram da grande tribula\u00e7\u00e3o. Lavaram e alvejaram as suas roupas no sangue do Cordeiro\u201d.<\/p>\n<p><strong>Salmo (Salmos 23)<\/strong><\/p>\n<p>\u2014 \u00c9 assim a gera\u00e7\u00e3o dos que procuram o Senhor!<br \/>\n<strong>\u2014 \u00c9 assim a gera\u00e7\u00e3o dos que procuram o Senhor!<\/strong><\/p>\n<p>\u2014 Ao Senhor pertence a terra e o que ela encerra,\/ o mundo inteiro com os seres que o povoam;\/ porque ele a tornou firme sobre os mares,\/ e sobre as \u00e1guas a mant\u00e9m inabal\u00e1vel.<br \/>\n\u2014 \u201cQuem subir\u00e1 at\u00e9 o monte do Senhor,\/ quem ficar\u00e1 em sua santa habita\u00e7\u00e3o?\u201d\/ \u201cQuem tem m\u00e3os puras e inocente cora\u00e7\u00e3o,\/ quem n\u00e3o dirige sua mente para o crime.<br \/>\n\u2014 Sobre este desce a b\u00ean\u00e7\u00e3o do Senhor\/ e a recompensa de seu Deus e Salvador\u201d.\/ \u201c\u00c9 assim a gera\u00e7\u00e3o dos que o procuram,\/ e do Deus de Israel buscam a face\u201d.<\/p>\n<p><strong>Segunda leitura (1Jo\u00e3o 3,1-3)<\/strong><\/p>\n<p>Leitura da Primeira Carta de S\u00e3o Jo\u00e3o:<\/p>\n<p>Car\u00edssimos:\u00a0<sup>1<\/sup>Vede que grande presente de amor o Pai nos deu: de sermos chamados filhos de Deus! E n\u00f3s o somos! Se o mundo n\u00e3o nos conhece, \u00e9 porque n\u00e3o conheceu o Pai.<br \/>\n<sup>2<\/sup>Car\u00edssimos, desde j\u00e1 somos filhos de Deus, mas nem sequer se manifestou o que seremos! Sabemos que, quando Jesus se manifestar, seremos semelhantes a ele, porque o veremos tal como ele \u00e9.\u00a0<sup>3<\/sup>Todo o que espera nele purifica-se a si mesmo, como tamb\u00e9m ele \u00e9 puro.<\/p>\n<p><strong>Evangelho (Mateus 5,1-12a)<\/strong><\/p>\n<p>Naquele tempo,\u00a0<sup>1<\/sup>vendo Jesus as multid\u00f5es, subiu ao monte e sentou-se. Os disc\u00edpulos aproximaram-se,\u00a0<sup>2<\/sup>e Jesus come\u00e7ou a ensin\u00e1-los:<br \/>\n<sup>3<\/sup>\u201cBem-aventurados os pobres em esp\u00edrito, porque deles \u00e9 o Reino dos C\u00e9us.<br \/>\n<sup>4<\/sup>Bem-aventurados os aflitos, porque ser\u00e3o consolados.<br \/>\n<sup>5<\/sup>Bem-aventurados os mansos, porque possuir\u00e3o a terra.<br \/>\n<sup>6<\/sup>Bem-aventurados os que t\u00eam fome e sede de justi\u00e7a, porque ser\u00e3o saciados.<br \/>\n<sup>7<\/sup>Bem-aventurados os misericordiosos, porque alcan\u00e7ar\u00e3o miseric\u00f3rdia.<br \/>\n<sup>8<\/sup>Bem-aventurados os puros de cora\u00e7\u00e3o, porque ver\u00e3o a Deus.<br \/>\n<sup>9<\/sup>Bem-aventurados os que promovem a paz, porque ser\u00e3o chamados filhos de Deus.<br \/>\n<sup>10<\/sup>Bem-aventurados os que s\u00e3o perseguidos por causa da justi\u00e7a, porque deles \u00e9 o Reino dos C\u00e9us.<br \/>\n<sup>11<\/sup>Bem-aventurados sois v\u00f3s, quando vos injuriarem e perseguirem, e, mentindo, disserem todo tipo de mal contra v\u00f3s, por causa de mim.\u00a0<sup>12a<\/sup>Alegrai-vos e exultai, porque ser\u00e1 grande a vossa recompensa nos c\u00e9us\u201d.<\/p>\n<\/div>\n<\/div>\n<\/div>\n<\/div>\n<\/div>\n<\/div>\n<div id=\"themify_builder_content-11610\" data-postid=\"11610\" class=\"themify_builder_content themify_builder_content-11610 themify_builder themify_builder_front\">\n\t<\/div>\n<!-- \/themify_builder_content -->","protected":false},"excerpt":{"rendered":"<p>SOLENIDADE DE TODOS OS SANTOS Primeira leitura (Apocalipse 7,2-4.9-14) Leitura do Livro do Apocalipse de S\u00e3o Jo\u00e3o: Eu, Jo\u00e3o,\u00a02vi um outro anjo, que subia do lado onde nasce o sol. Ele trazia a marca do Deus vivo e gritava, em alta voz, aos quatro anjos que tinham recebido o poder de danificar a terra e [&hellip;]<\/p>\n","protected":false},"author":5,"featured_media":0,"comment_status":"open","ping_status":"open","sticky":false,"template":"","format":"standard","meta":{"ngg_post_thumbnail":0,"footnotes":""},"categories":[109],"tags":[3204],"yoast_head":"<!-- This site is optimized with the Yoast SEO plugin v23.5 - https:\/\/yoast.com\/wordpress\/plugins\/seo\/ -->\n<title>Leituras do domingo 07\/11\/2010 - O Arcanjo no ar<\/title>\n<meta name=\"robots\" content=\"index, follow, max-snippet:-1, max-image-preview:large, max-video-preview:-1\" \/>\n<link rel=\"canonical\" href=\"https:\/\/www.oarcanjo.net\/site\/leituras-do-domingo-07112010\/\" \/>\n<meta property=\"og:locale\" content=\"pt_BR\" \/>\n<meta property=\"og:type\" content=\"article\" \/>\n<meta property=\"og:title\" content=\"Leituras do domingo 07\/11\/2010 - O Arcanjo no ar\" \/>\n<meta property=\"og:description\" content=\"SOLENIDADE DE TODOS OS SANTOS Primeira leitura (Apocalipse 7,2-4.9-14) Leitura do Livro do Apocalipse de S\u00e3o Jo\u00e3o: Eu, Jo\u00e3o,\u00a02vi um outro anjo, que subia do lado onde nasce o sol. Ele trazia a marca do Deus vivo e gritava, em alta voz, aos quatro anjos que tinham recebido o poder de danificar a terra e [&hellip;]\" \/>\n<meta property=\"og:url\" content=\"https:\/\/www.oarcanjo.net\/site\/leituras-do-domingo-07112010\/\" \/>\n<meta property=\"og:site_name\" content=\"O Arcanjo no ar\" \/>\n<meta property=\"article:publisher\" content=\"https:\/\/www.facebook.com\/OArcanjoNoAr\/\" \/>\n<meta property=\"article:published_time\" content=\"2010-11-04T07:58:37+00:00\" \/>\n<meta property=\"article:modified_time\" content=\"2010-11-04T08:11:50+00:00\" \/>\n<meta property=\"og:image\" content=\"https:\/\/www.oarcanjo.net\/site\/wp-content\/uploads\/logo-o-arcanjo-no-ar-facebook.png\" \/>\n\t<meta property=\"og:image:width\" content=\"300\" \/>\n\t<meta property=\"og:image:height\" content=\"300\" \/>\n\t<meta property=\"og:image:type\" content=\"image\/png\" \/>\n<meta name=\"author\" content=\"editor\" \/>\n<meta name=\"twitter:card\" content=\"summary_large_image\" \/>\n<meta name=\"twitter:label1\" content=\"Escrito por\" \/>\n\t<meta name=\"twitter:data1\" content=\"editor\" \/>\n\t<meta name=\"twitter:label2\" content=\"Est. tempo de leitura\" \/>\n\t<meta name=\"twitter:data2\" content=\"3 minutos\" \/>\n<script type=\"application\/ld+json\" class=\"yoast-schema-graph\">{\"@context\":\"https:\/\/schema.org\",\"@graph\":[{\"@type\":\"Article\",\"@id\":\"https:\/\/www.oarcanjo.net\/site\/leituras-do-domingo-07112010\/#article\",\"isPartOf\":{\"@id\":\"https:\/\/www.oarcanjo.net\/site\/leituras-do-domingo-07112010\/\"},\"author\":{\"name\":\"editor\",\"@id\":\"https:\/\/www.oarcanjo.net\/site\/#\/schema\/person\/f7024d007863202483a31326673a0838\"},\"headline\":\"Leituras do domingo 07\/11\/2010\",\"datePublished\":\"2010-11-04T07:58:37+00:00\",\"dateModified\":\"2010-11-04T08:11:50+00:00\",\"mainEntityOfPage\":{\"@id\":\"https:\/\/www.oarcanjo.net\/site\/leituras-do-domingo-07112010\/\"},\"wordCount\":670,\"commentCount\":8,\"publisher\":{\"@id\":\"https:\/\/www.oarcanjo.net\/site\/#organization\"},\"keywords\":[\"Liturgia\"],\"articleSection\":[\"Liturgia\"],\"inLanguage\":\"pt-BR\",\"potentialAction\":[{\"@type\":\"CommentAction\",\"name\":\"Comment\",\"target\":[\"https:\/\/www.oarcanjo.net\/site\/leituras-do-domingo-07112010\/#respond\"]}]},{\"@type\":\"WebPage\",\"@id\":\"https:\/\/www.oarcanjo.net\/site\/leituras-do-domingo-07112010\/\",\"url\":\"https:\/\/www.oarcanjo.net\/site\/leituras-do-domingo-07112010\/\",\"name\":\"Leituras do domingo 07\/11\/2010 - O Arcanjo no ar\",\"isPartOf\":{\"@id\":\"https:\/\/www.oarcanjo.net\/site\/#website\"},\"datePublished\":\"2010-11-04T07:58:37+00:00\",\"dateModified\":\"2010-11-04T08:11:50+00:00\",\"breadcrumb\":{\"@id\":\"https:\/\/www.oarcanjo.net\/site\/leituras-do-domingo-07112010\/#breadcrumb\"},\"inLanguage\":\"pt-BR\",\"potentialAction\":[{\"@type\":\"ReadAction\",\"target\":[\"https:\/\/www.oarcanjo.net\/site\/leituras-do-domingo-07112010\/\"]}]},{\"@type\":\"BreadcrumbList\",\"@id\":\"https:\/\/www.oarcanjo.net\/site\/leituras-do-domingo-07112010\/#breadcrumb\",\"itemListElement\":[{\"@type\":\"ListItem\",\"position\":1,\"name\":\"In\u00edcio\",\"item\":\"https:\/\/www.oarcanjo.net\/site\/\"},{\"@type\":\"ListItem\",\"position\":2,\"name\":\"Leituras do domingo 07\/11\/2010\"}]},{\"@type\":\"WebSite\",\"@id\":\"https:\/\/www.oarcanjo.net\/site\/#website\",\"url\":\"https:\/\/www.oarcanjo.net\/site\/\",\"name\":\"O Arcanjo no ar\",\"description\":\"Site da Par\u00f3quia S\u00e3o Miguel Arcanjo (Arquidiocese de SP)\",\"publisher\":{\"@id\":\"https:\/\/www.oarcanjo.net\/site\/#organization\"},\"potentialAction\":[{\"@type\":\"SearchAction\",\"target\":{\"@type\":\"EntryPoint\",\"urlTemplate\":\"https:\/\/www.oarcanjo.net\/site\/?s={search_term_string}\"},\"query-input\":{\"@type\":\"PropertyValueSpecification\",\"valueRequired\":true,\"valueName\":\"search_term_string\"}}],\"inLanguage\":\"pt-BR\"},{\"@type\":\"Organization\",\"@id\":\"https:\/\/www.oarcanjo.net\/site\/#organization\",\"name\":\"Par\u00f3quia S\u00e3o Miguel Arcanjo\",\"url\":\"https:\/\/www.oarcanjo.net\/site\/\",\"logo\":{\"@type\":\"ImageObject\",\"inLanguage\":\"pt-BR\",\"@id\":\"https:\/\/www.oarcanjo.net\/site\/#\/schema\/logo\/image\/\",\"url\":\"https:\/\/www.oarcanjo.net\/site\/wp-content\/uploads\/LogoOArcanjo.png\",\"contentUrl\":\"https:\/\/www.oarcanjo.net\/site\/wp-content\/uploads\/LogoOArcanjo.png\",\"width\":319,\"height\":99,\"caption\":\"Par\u00f3quia S\u00e3o Miguel Arcanjo\"},\"image\":{\"@id\":\"https:\/\/www.oarcanjo.net\/site\/#\/schema\/logo\/image\/\"},\"sameAs\":[\"https:\/\/www.facebook.com\/OArcanjoNoAr\/\"]},{\"@type\":\"Person\",\"@id\":\"https:\/\/www.oarcanjo.net\/site\/#\/schema\/person\/f7024d007863202483a31326673a0838\",\"name\":\"editor\",\"sameAs\":[\"http:\/\/www.oarcanjo.net\"]}]}<\/script>\n<!-- \/ Yoast SEO plugin. -->","yoast_head_json":{"title":"Leituras do domingo 07\/11\/2010 - O Arcanjo no ar","robots":{"index":"index","follow":"follow","max-snippet":"max-snippet:-1","max-image-preview":"max-image-preview:large","max-video-preview":"max-video-preview:-1"},"canonical":"https:\/\/www.oarcanjo.net\/site\/leituras-do-domingo-07112010\/","og_locale":"pt_BR","og_type":"article","og_title":"Leituras do domingo 07\/11\/2010 - O Arcanjo no ar","og_description":"SOLENIDADE DE TODOS OS SANTOS Primeira leitura (Apocalipse 7,2-4.9-14) Leitura do Livro do Apocalipse de S\u00e3o Jo\u00e3o: Eu, Jo\u00e3o,\u00a02vi um outro anjo, que subia do lado onde nasce o sol. Ele trazia a marca do Deus vivo e gritava, em alta voz, aos quatro anjos que tinham recebido o poder de danificar a terra e [&hellip;]","og_url":"https:\/\/www.oarcanjo.net\/site\/leituras-do-domingo-07112010\/","og_site_name":"O Arcanjo no ar","article_publisher":"https:\/\/www.facebook.com\/OArcanjoNoAr\/","article_published_time":"2010-11-04T07:58:37+00:00","article_modified_time":"2010-11-04T08:11:50+00:00","og_image":[{"width":300,"height":300,"url":"https:\/\/www.oarcanjo.net\/site\/wp-content\/uploads\/logo-o-arcanjo-no-ar-facebook.png","type":"image\/png"}],"author":"editor","twitter_card":"summary_large_image","twitter_misc":{"Escrito por":"editor","Est. tempo de leitura":"3 minutos"},"schema":{"@context":"https:\/\/schema.org","@graph":[{"@type":"Article","@id":"https:\/\/www.oarcanjo.net\/site\/leituras-do-domingo-07112010\/#article","isPartOf":{"@id":"https:\/\/www.oarcanjo.net\/site\/leituras-do-domingo-07112010\/"},"author":{"name":"editor","@id":"https:\/\/www.oarcanjo.net\/site\/#\/schema\/person\/f7024d007863202483a31326673a0838"},"headline":"Leituras do domingo 07\/11\/2010","datePublished":"2010-11-04T07:58:37+00:00","dateModified":"2010-11-04T08:11:50+00:00","mainEntityOfPage":{"@id":"https:\/\/www.oarcanjo.net\/site\/leituras-do-domingo-07112010\/"},"wordCount":670,"commentCount":8,"publisher":{"@id":"https:\/\/www.oarcanjo.net\/site\/#organization"},"keywords":["Liturgia"],"articleSection":["Liturgia"],"inLanguage":"pt-BR","potentialAction":[{"@type":"CommentAction","name":"Comment","target":["https:\/\/www.oarcanjo.net\/site\/leituras-do-domingo-07112010\/#respond"]}]},{"@type":"WebPage","@id":"https:\/\/www.oarcanjo.net\/site\/leituras-do-domingo-07112010\/","url":"https:\/\/www.oarcanjo.net\/site\/leituras-do-domingo-07112010\/","name":"Leituras do domingo 07\/11\/2010 - O Arcanjo no ar","isPartOf":{"@id":"https:\/\/www.oarcanjo.net\/site\/#website"},"datePublished":"2010-11-04T07:58:37+00:00","dateModified":"2010-11-04T08:11:50+00:00","breadcrumb":{"@id":"https:\/\/www.oarcanjo.net\/site\/leituras-do-domingo-07112010\/#breadcrumb"},"inLanguage":"pt-BR","potentialAction":[{"@type":"ReadAction","target":["https:\/\/www.oarcanjo.net\/site\/leituras-do-domingo-07112010\/"]}]},{"@type":"BreadcrumbList","@id":"https:\/\/www.oarcanjo.net\/site\/leituras-do-domingo-07112010\/#breadcrumb","itemListElement":[{"@type":"ListItem","position":1,"name":"In\u00edcio","item":"https:\/\/www.oarcanjo.net\/site\/"},{"@type":"ListItem","position":2,"name":"Leituras do domingo 07\/11\/2010"}]},{"@type":"WebSite","@id":"https:\/\/www.oarcanjo.net\/site\/#website","url":"https:\/\/www.oarcanjo.net\/site\/","name":"O Arcanjo no ar","description":"Site da Par\u00f3quia S\u00e3o Miguel Arcanjo (Arquidiocese de SP)","publisher":{"@id":"https:\/\/www.oarcanjo.net\/site\/#organization"},"potentialAction":[{"@type":"SearchAction","target":{"@type":"EntryPoint","urlTemplate":"https:\/\/www.oarcanjo.net\/site\/?s={search_term_string}"},"query-input":{"@type":"PropertyValueSpecification","valueRequired":true,"valueName":"search_term_string"}}],"inLanguage":"pt-BR"},{"@type":"Organization","@id":"https:\/\/www.oarcanjo.net\/site\/#organization","name":"Par\u00f3quia S\u00e3o Miguel Arcanjo","url":"https:\/\/www.oarcanjo.net\/site\/","logo":{"@type":"ImageObject","inLanguage":"pt-BR","@id":"https:\/\/www.oarcanjo.net\/site\/#\/schema\/logo\/image\/","url":"https:\/\/www.oarcanjo.net\/site\/wp-content\/uploads\/LogoOArcanjo.png","contentUrl":"https:\/\/www.oarcanjo.net\/site\/wp-content\/uploads\/LogoOArcanjo.png","width":319,"height":99,"caption":"Par\u00f3quia S\u00e3o Miguel Arcanjo"},"image":{"@id":"https:\/\/www.oarcanjo.net\/site\/#\/schema\/logo\/image\/"},"sameAs":["https:\/\/www.facebook.com\/OArcanjoNoAr\/"]},{"@type":"Person","@id":"https:\/\/www.oarcanjo.net\/site\/#\/schema\/person\/f7024d007863202483a31326673a0838","name":"editor","sameAs":["http:\/\/www.oarcanjo.net"]}]}},"publishpress_future_action":{"enabled":false,"date":"2026-05-08 15:37:06","action":"category","newStatus":"draft","terms":[],"taxonomy":"category"},"publishpress_future_workflow_manual_trigger":{"enabledWorkflows":[]},"_links":{"self":[{"href":"https:\/\/www.oarcanjo.net\/site\/wp-json\/wp\/v2\/posts\/11610"}],"collection":[{"href":"https:\/\/www.oarcanjo.net\/site\/wp-json\/wp\/v2\/posts"}],"about":[{"href":"https:\/\/www.oarcanjo.net\/site\/wp-json\/wp\/v2\/types\/post"}],"author":[{"embeddable":true,"href":"https:\/\/www.oarcanjo.net\/site\/wp-json\/wp\/v2\/users\/5"}],"replies":[{"embeddable":true,"href":"https:\/\/www.oarcanjo.net\/site\/wp-json\/wp\/v2\/comments?post=11610"}],"version-history":[{"count":0,"href":"https:\/\/www.oarcanjo.net\/site\/wp-json\/wp\/v2\/posts\/11610\/revisions"}],"wp:attachment":[{"href":"https:\/\/www.oarcanjo.net\/site\/wp-json\/wp\/v2\/media?parent=11610"}],"wp:term":[{"taxonomy":"category","embeddable":true,"href":"https:\/\/www.oarcanjo.net\/site\/wp-json\/wp\/v2\/categories?post=11610"},{"taxonomy":"post_tag","embeddable":true,"href":"https:\/\/www.oarcanjo.net\/site\/wp-json\/wp\/v2\/tags?post=11610"}],"curies":[{"name":"wp","href":"https:\/\/api.w.org\/{rel}","templated":true}]}}