
{"id":11614,"date":"2010-11-04T06:05:10","date_gmt":"2010-11-04T08:05:10","guid":{"rendered":"http:\/\/www.oarcanjo.net\/site\/?p=11614"},"modified":"2010-11-04T06:05:51","modified_gmt":"2010-11-04T08:05:51","slug":"leituras-do-domingo-21112010","status":"publish","type":"post","link":"https:\/\/www.oarcanjo.net\/site\/leituras-do-domingo-21112010\/","title":{"rendered":"Leituras do domingo 21\/11\/2010"},"content":{"rendered":"<div>\n<div>\n<div>\n<div>\n<div>\n<div>\n<div>\n<div>\n<h4>Jesus Cristo Rei do Universo<\/h4>\n<p><strong>Primeira leitura (2\u00ba Samuel 5,1-3)<\/strong><\/p>\n<p>Leitura do Segundo Livro de Samuel:<\/p>\n<p>Naqueles dias,\u00a0<sup>1<\/sup>todas as tribos de Israel vieram encontrar-se com Davi em Hebron e disseram-lhe: \u201cAqui estamos. Somos teus ossos e tua carne.\u00a0<sup>2<\/sup>Tempos atr\u00e1s, quando Saul era nosso rei, eras tu que dirigias os neg\u00f3cios de Israel. E o Senhor te disse: \u2018Tu apascentar\u00e1s o meu povo Israel e ser\u00e1s o seu chefe\u2019\u201d.<br \/>\n<sup>3<\/sup>Vieram, pois, todos os anci\u00e3os de Israel at\u00e9 ao rei em Hebron. O rei Davi fez com eles uma alian\u00e7a em Hebron, na presen\u00e7a do Senhor, e eles o ungiram rei de Israel.<\/p>\n<p><strong>Salmo (Salmos 121)<\/strong><\/p>\n<p>\u2014 Quanta alegria e felicidade: vamos \u00e0 casa do Senhor!<br \/>\n<strong>\u2014 Quanta alegria e felicidade: vamos \u00e0 casa do Senhor!<\/strong><\/p>\n<p>\u2014 Que alegria, quando ouvi que me disseram:\/ \u201cVamos \u00e0 casa do Senhor!\u201d\/ E agora nossos p\u00e9s j\u00e1 se det\u00eam, Jerusal\u00e9m, em tuas portas.<br \/>\n\u2014 Para l\u00e1 sobem as tribos de Israel, as tribos do Senhor.\/ Para louvar, segundo a lei de Israel, o nome do Senhor. A sede da justi\u00e7a l\u00e1 est\u00e1 e o trono de Davi.<\/p>\n<p><strong>Segunda leitura (Colossenses 1,12-20)<\/strong><\/p>\n<p>Leitura da Carta de S\u00e3o Paulo aos Colossenses:<\/p>\n<p>Irm\u00e3os:\u00a0<sup>12<\/sup>Com alegria dai gra\u00e7as ao Pai, que vos tornou capazes de participar da luz, que \u00e9 a heran\u00e7a dos santos.\u00a0<sup>13<\/sup>Ele nos libertou do poder das trevas e nos recebeu no reino de seu Filho amado,\u00a0<sup>14<\/sup>por quem temos a reden\u00e7\u00e3o, o perd\u00e3o dos pecados.\u00a0<sup>15<\/sup>Ele \u00e9 a imagem do Deus invis\u00edvel, o primog\u00eanito de toda a cria\u00e7\u00e3o,\u00a0<sup>16<\/sup>pois por causa dele foram criadas todas as coisas no c\u00e9u e na terra, as vis\u00edveis e as invis\u00edveis, tronos e domina\u00e7\u00f5es, soberanias e poderes. Tudo foi criado por meio dele e para ele.<br \/>\n<sup>17<\/sup>Ele existe antes de todas as coisas e todas t\u00eam nele a sua consist\u00eancia.\u00a0<sup>18<\/sup>Ele \u00e9 a Cabe\u00e7a do Corpo, isto \u00e9, da Igreja. Ele \u00e9 o princ\u00edpio, o Primog\u00eanito dentre os mortos; de sorte que em tudo ele tem a primazia,\u00a0<sup>19<\/sup>porque Deus quis habitar nele com toda a sua plenitude\u00a0<sup>20<\/sup>e por ele reconciliar consigo todos os seres, os que est\u00e3o na terra e no c\u00e9u, realizando a paz pelo sangue da sua cruz.<\/p>\n<p><strong>Evangelho (Lucas 23,35-43)<\/strong><\/p>\n<p>Naquele tempo,\u00a0<sup>35<\/sup>os chefes zombavam de Jesus dizendo: \u201cA outros ele salvou. Salve-se a si mesmo, se, de fato, \u00e9 o Cristo de Deus, o Escolhido!\u201d<br \/>\n<sup>36<\/sup>Os soldados tamb\u00e9m ca\u00e7oavam dele; aproximavam-se, ofereciam-lhe vinagre,\u00a0<sup>37<\/sup>e diziam: \u201cSe \u00e9s o rei dos judeus, salva-te a ti mesmo!\u201d<br \/>\n<sup>38<\/sup>Acima dele havia um letreiro: \u201cEste \u00e9 o Rei dos Judeus\u201d.<br \/>\n<sup>39<\/sup>Um dos malfeitores crucificados o insultava, dizendo: \u201cTu n\u00e3o \u00e9s o Cristo? Salva-te a ti mesmo e a n\u00f3s!\u201d<br \/>\n<sup>40<\/sup>Mas o outro o repreendeu, dizendo: \u201cNem sequer temes a Deus, tu que sofres a mesma condena\u00e7\u00e3o?\u00a0<sup>41<\/sup>Para n\u00f3s, \u00e9 justo, porque estamos recebendo o que merecemos; mas ele n\u00e3o fez nada de mal\u201d.\u00a0<sup>42<\/sup>E acrescentou: \u201cJesus, lembra-te de mim, quando entrares no teu reinado\u201d.<br \/>\n<sup>43<\/sup>Jesus lhe respondeu: \u201cEm verdade eu te digo: ainda hoje estar\u00e1s comigo no Para\u00edso\u201d.<\/p>\n<\/div>\n<\/div>\n<\/div>\n<\/div>\n<\/div>\n<\/div>\n<\/div>\n<\/div>\n<div id=\"themify_builder_content-11614\" data-postid=\"11614\" class=\"themify_builder_content themify_builder_content-11614 themify_builder themify_builder_front\">\n\t<\/div>\n<!-- \/themify_builder_content -->","protected":false},"excerpt":{"rendered":"<p>Jesus Cristo Rei do Universo Primeira leitura (2\u00ba Samuel 5,1-3) Leitura do Segundo Livro de Samuel: Naqueles dias,\u00a01todas as tribos de Israel vieram encontrar-se com Davi em Hebron e disseram-lhe: \u201cAqui estamos. Somos teus ossos e tua carne.\u00a02Tempos atr\u00e1s, quando Saul era nosso rei, eras tu que dirigias os neg\u00f3cios de Israel. E o Senhor [&hellip;]<\/p>\n","protected":false},"author":5,"featured_media":0,"comment_status":"open","ping_status":"open","sticky":false,"template":"","format":"standard","meta":{"ngg_post_thumbnail":0,"footnotes":""},"categories":[109],"tags":[3204],"yoast_head":"<!-- This site is optimized with the Yoast SEO plugin v23.5 - https:\/\/yoast.com\/wordpress\/plugins\/seo\/ -->\n<title>Leituras do domingo 21\/11\/2010 - O Arcanjo no ar<\/title>\n<meta name=\"robots\" content=\"index, follow, max-snippet:-1, max-image-preview:large, max-video-preview:-1\" \/>\n<link rel=\"canonical\" href=\"https:\/\/www.oarcanjo.net\/site\/leituras-do-domingo-21112010\/\" \/>\n<meta property=\"og:locale\" content=\"pt_BR\" \/>\n<meta property=\"og:type\" content=\"article\" \/>\n<meta property=\"og:title\" content=\"Leituras do domingo 21\/11\/2010 - O Arcanjo no ar\" \/>\n<meta property=\"og:description\" content=\"Jesus Cristo Rei do Universo Primeira leitura (2\u00ba Samuel 5,1-3) Leitura do Segundo Livro de Samuel: Naqueles dias,\u00a01todas as tribos de Israel vieram encontrar-se com Davi em Hebron e disseram-lhe: \u201cAqui estamos. Somos teus ossos e tua carne.\u00a02Tempos atr\u00e1s, quando Saul era nosso rei, eras tu que dirigias os neg\u00f3cios de Israel. E o Senhor [&hellip;]\" \/>\n<meta property=\"og:url\" content=\"https:\/\/www.oarcanjo.net\/site\/leituras-do-domingo-21112010\/\" \/>\n<meta property=\"og:site_name\" content=\"O Arcanjo no ar\" \/>\n<meta property=\"article:publisher\" content=\"https:\/\/www.facebook.com\/OArcanjoNoAr\/\" \/>\n<meta property=\"article:published_time\" content=\"2010-11-04T08:05:10+00:00\" \/>\n<meta property=\"article:modified_time\" content=\"2010-11-04T08:05:51+00:00\" \/>\n<meta property=\"og:image\" content=\"https:\/\/www.oarcanjo.net\/site\/wp-content\/uploads\/logo-o-arcanjo-no-ar-facebook.png\" \/>\n\t<meta property=\"og:image:width\" content=\"300\" \/>\n\t<meta property=\"og:image:height\" content=\"300\" \/>\n\t<meta property=\"og:image:type\" content=\"image\/png\" \/>\n<meta name=\"author\" content=\"editor\" \/>\n<meta name=\"twitter:card\" content=\"summary_large_image\" \/>\n<meta name=\"twitter:label1\" content=\"Escrito por\" \/>\n\t<meta name=\"twitter:data1\" content=\"editor\" \/>\n\t<meta name=\"twitter:label2\" content=\"Est. tempo de leitura\" \/>\n\t<meta name=\"twitter:data2\" content=\"3 minutos\" \/>\n<script type=\"application\/ld+json\" class=\"yoast-schema-graph\">{\"@context\":\"https:\/\/schema.org\",\"@graph\":[{\"@type\":\"Article\",\"@id\":\"https:\/\/www.oarcanjo.net\/site\/leituras-do-domingo-21112010\/#article\",\"isPartOf\":{\"@id\":\"https:\/\/www.oarcanjo.net\/site\/leituras-do-domingo-21112010\/\"},\"author\":{\"name\":\"editor\",\"@id\":\"https:\/\/www.oarcanjo.net\/site\/#\/schema\/person\/f7024d007863202483a31326673a0838\"},\"headline\":\"Leituras do domingo 21\/11\/2010\",\"datePublished\":\"2010-11-04T08:05:10+00:00\",\"dateModified\":\"2010-11-04T08:05:51+00:00\",\"mainEntityOfPage\":{\"@id\":\"https:\/\/www.oarcanjo.net\/site\/leituras-do-domingo-21112010\/\"},\"wordCount\":529,\"commentCount\":0,\"publisher\":{\"@id\":\"https:\/\/www.oarcanjo.net\/site\/#organization\"},\"keywords\":[\"Liturgia\"],\"articleSection\":[\"Liturgia\"],\"inLanguage\":\"pt-BR\",\"potentialAction\":[{\"@type\":\"CommentAction\",\"name\":\"Comment\",\"target\":[\"https:\/\/www.oarcanjo.net\/site\/leituras-do-domingo-21112010\/#respond\"]}]},{\"@type\":\"WebPage\",\"@id\":\"https:\/\/www.oarcanjo.net\/site\/leituras-do-domingo-21112010\/\",\"url\":\"https:\/\/www.oarcanjo.net\/site\/leituras-do-domingo-21112010\/\",\"name\":\"Leituras do domingo 21\/11\/2010 - O Arcanjo no ar\",\"isPartOf\":{\"@id\":\"https:\/\/www.oarcanjo.net\/site\/#website\"},\"datePublished\":\"2010-11-04T08:05:10+00:00\",\"dateModified\":\"2010-11-04T08:05:51+00:00\",\"breadcrumb\":{\"@id\":\"https:\/\/www.oarcanjo.net\/site\/leituras-do-domingo-21112010\/#breadcrumb\"},\"inLanguage\":\"pt-BR\",\"potentialAction\":[{\"@type\":\"ReadAction\",\"target\":[\"https:\/\/www.oarcanjo.net\/site\/leituras-do-domingo-21112010\/\"]}]},{\"@type\":\"BreadcrumbList\",\"@id\":\"https:\/\/www.oarcanjo.net\/site\/leituras-do-domingo-21112010\/#breadcrumb\",\"itemListElement\":[{\"@type\":\"ListItem\",\"position\":1,\"name\":\"In\u00edcio\",\"item\":\"https:\/\/www.oarcanjo.net\/site\/\"},{\"@type\":\"ListItem\",\"position\":2,\"name\":\"Leituras do domingo 21\/11\/2010\"}]},{\"@type\":\"WebSite\",\"@id\":\"https:\/\/www.oarcanjo.net\/site\/#website\",\"url\":\"https:\/\/www.oarcanjo.net\/site\/\",\"name\":\"O Arcanjo no ar\",\"description\":\"Site da Par\u00f3quia S\u00e3o Miguel Arcanjo (Arquidiocese de SP)\",\"publisher\":{\"@id\":\"https:\/\/www.oarcanjo.net\/site\/#organization\"},\"potentialAction\":[{\"@type\":\"SearchAction\",\"target\":{\"@type\":\"EntryPoint\",\"urlTemplate\":\"https:\/\/www.oarcanjo.net\/site\/?s={search_term_string}\"},\"query-input\":{\"@type\":\"PropertyValueSpecification\",\"valueRequired\":true,\"valueName\":\"search_term_string\"}}],\"inLanguage\":\"pt-BR\"},{\"@type\":\"Organization\",\"@id\":\"https:\/\/www.oarcanjo.net\/site\/#organization\",\"name\":\"Par\u00f3quia S\u00e3o Miguel Arcanjo\",\"url\":\"https:\/\/www.oarcanjo.net\/site\/\",\"logo\":{\"@type\":\"ImageObject\",\"inLanguage\":\"pt-BR\",\"@id\":\"https:\/\/www.oarcanjo.net\/site\/#\/schema\/logo\/image\/\",\"url\":\"https:\/\/www.oarcanjo.net\/site\/wp-content\/uploads\/LogoOArcanjo.png\",\"contentUrl\":\"https:\/\/www.oarcanjo.net\/site\/wp-content\/uploads\/LogoOArcanjo.png\",\"width\":319,\"height\":99,\"caption\":\"Par\u00f3quia S\u00e3o Miguel Arcanjo\"},\"image\":{\"@id\":\"https:\/\/www.oarcanjo.net\/site\/#\/schema\/logo\/image\/\"},\"sameAs\":[\"https:\/\/www.facebook.com\/OArcanjoNoAr\/\"]},{\"@type\":\"Person\",\"@id\":\"https:\/\/www.oarcanjo.net\/site\/#\/schema\/person\/f7024d007863202483a31326673a0838\",\"name\":\"editor\",\"sameAs\":[\"http:\/\/www.oarcanjo.net\"]}]}<\/script>\n<!-- \/ Yoast SEO plugin. -->","yoast_head_json":{"title":"Leituras do domingo 21\/11\/2010 - O Arcanjo no ar","robots":{"index":"index","follow":"follow","max-snippet":"max-snippet:-1","max-image-preview":"max-image-preview:large","max-video-preview":"max-video-preview:-1"},"canonical":"https:\/\/www.oarcanjo.net\/site\/leituras-do-domingo-21112010\/","og_locale":"pt_BR","og_type":"article","og_title":"Leituras do domingo 21\/11\/2010 - O Arcanjo no ar","og_description":"Jesus Cristo Rei do Universo Primeira leitura (2\u00ba Samuel 5,1-3) Leitura do Segundo Livro de Samuel: Naqueles dias,\u00a01todas as tribos de Israel vieram encontrar-se com Davi em Hebron e disseram-lhe: \u201cAqui estamos. Somos teus ossos e tua carne.\u00a02Tempos atr\u00e1s, quando Saul era nosso rei, eras tu que dirigias os neg\u00f3cios de Israel. E o Senhor [&hellip;]","og_url":"https:\/\/www.oarcanjo.net\/site\/leituras-do-domingo-21112010\/","og_site_name":"O Arcanjo no ar","article_publisher":"https:\/\/www.facebook.com\/OArcanjoNoAr\/","article_published_time":"2010-11-04T08:05:10+00:00","article_modified_time":"2010-11-04T08:05:51+00:00","og_image":[{"width":300,"height":300,"url":"https:\/\/www.oarcanjo.net\/site\/wp-content\/uploads\/logo-o-arcanjo-no-ar-facebook.png","type":"image\/png"}],"author":"editor","twitter_card":"summary_large_image","twitter_misc":{"Escrito por":"editor","Est. tempo de leitura":"3 minutos"},"schema":{"@context":"https:\/\/schema.org","@graph":[{"@type":"Article","@id":"https:\/\/www.oarcanjo.net\/site\/leituras-do-domingo-21112010\/#article","isPartOf":{"@id":"https:\/\/www.oarcanjo.net\/site\/leituras-do-domingo-21112010\/"},"author":{"name":"editor","@id":"https:\/\/www.oarcanjo.net\/site\/#\/schema\/person\/f7024d007863202483a31326673a0838"},"headline":"Leituras do domingo 21\/11\/2010","datePublished":"2010-11-04T08:05:10+00:00","dateModified":"2010-11-04T08:05:51+00:00","mainEntityOfPage":{"@id":"https:\/\/www.oarcanjo.net\/site\/leituras-do-domingo-21112010\/"},"wordCount":529,"commentCount":0,"publisher":{"@id":"https:\/\/www.oarcanjo.net\/site\/#organization"},"keywords":["Liturgia"],"articleSection":["Liturgia"],"inLanguage":"pt-BR","potentialAction":[{"@type":"CommentAction","name":"Comment","target":["https:\/\/www.oarcanjo.net\/site\/leituras-do-domingo-21112010\/#respond"]}]},{"@type":"WebPage","@id":"https:\/\/www.oarcanjo.net\/site\/leituras-do-domingo-21112010\/","url":"https:\/\/www.oarcanjo.net\/site\/leituras-do-domingo-21112010\/","name":"Leituras do domingo 21\/11\/2010 - O Arcanjo no ar","isPartOf":{"@id":"https:\/\/www.oarcanjo.net\/site\/#website"},"datePublished":"2010-11-04T08:05:10+00:00","dateModified":"2010-11-04T08:05:51+00:00","breadcrumb":{"@id":"https:\/\/www.oarcanjo.net\/site\/leituras-do-domingo-21112010\/#breadcrumb"},"inLanguage":"pt-BR","potentialAction":[{"@type":"ReadAction","target":["https:\/\/www.oarcanjo.net\/site\/leituras-do-domingo-21112010\/"]}]},{"@type":"BreadcrumbList","@id":"https:\/\/www.oarcanjo.net\/site\/leituras-do-domingo-21112010\/#breadcrumb","itemListElement":[{"@type":"ListItem","position":1,"name":"In\u00edcio","item":"https:\/\/www.oarcanjo.net\/site\/"},{"@type":"ListItem","position":2,"name":"Leituras do domingo 21\/11\/2010"}]},{"@type":"WebSite","@id":"https:\/\/www.oarcanjo.net\/site\/#website","url":"https:\/\/www.oarcanjo.net\/site\/","name":"O Arcanjo no ar","description":"Site da Par\u00f3quia S\u00e3o Miguel Arcanjo (Arquidiocese de SP)","publisher":{"@id":"https:\/\/www.oarcanjo.net\/site\/#organization"},"potentialAction":[{"@type":"SearchAction","target":{"@type":"EntryPoint","urlTemplate":"https:\/\/www.oarcanjo.net\/site\/?s={search_term_string}"},"query-input":{"@type":"PropertyValueSpecification","valueRequired":true,"valueName":"search_term_string"}}],"inLanguage":"pt-BR"},{"@type":"Organization","@id":"https:\/\/www.oarcanjo.net\/site\/#organization","name":"Par\u00f3quia S\u00e3o Miguel Arcanjo","url":"https:\/\/www.oarcanjo.net\/site\/","logo":{"@type":"ImageObject","inLanguage":"pt-BR","@id":"https:\/\/www.oarcanjo.net\/site\/#\/schema\/logo\/image\/","url":"https:\/\/www.oarcanjo.net\/site\/wp-content\/uploads\/LogoOArcanjo.png","contentUrl":"https:\/\/www.oarcanjo.net\/site\/wp-content\/uploads\/LogoOArcanjo.png","width":319,"height":99,"caption":"Par\u00f3quia S\u00e3o Miguel Arcanjo"},"image":{"@id":"https:\/\/www.oarcanjo.net\/site\/#\/schema\/logo\/image\/"},"sameAs":["https:\/\/www.facebook.com\/OArcanjoNoAr\/"]},{"@type":"Person","@id":"https:\/\/www.oarcanjo.net\/site\/#\/schema\/person\/f7024d007863202483a31326673a0838","name":"editor","sameAs":["http:\/\/www.oarcanjo.net"]}]}},"publishpress_future_action":{"enabled":false,"date":"2026-05-08 18:06:31","action":"category","newStatus":"draft","terms":[],"taxonomy":"category"},"publishpress_future_workflow_manual_trigger":{"enabledWorkflows":[]},"_links":{"self":[{"href":"https:\/\/www.oarcanjo.net\/site\/wp-json\/wp\/v2\/posts\/11614"}],"collection":[{"href":"https:\/\/www.oarcanjo.net\/site\/wp-json\/wp\/v2\/posts"}],"about":[{"href":"https:\/\/www.oarcanjo.net\/site\/wp-json\/wp\/v2\/types\/post"}],"author":[{"embeddable":true,"href":"https:\/\/www.oarcanjo.net\/site\/wp-json\/wp\/v2\/users\/5"}],"replies":[{"embeddable":true,"href":"https:\/\/www.oarcanjo.net\/site\/wp-json\/wp\/v2\/comments?post=11614"}],"version-history":[{"count":0,"href":"https:\/\/www.oarcanjo.net\/site\/wp-json\/wp\/v2\/posts\/11614\/revisions"}],"wp:attachment":[{"href":"https:\/\/www.oarcanjo.net\/site\/wp-json\/wp\/v2\/media?parent=11614"}],"wp:term":[{"taxonomy":"category","embeddable":true,"href":"https:\/\/www.oarcanjo.net\/site\/wp-json\/wp\/v2\/categories?post=11614"},{"taxonomy":"post_tag","embeddable":true,"href":"https:\/\/www.oarcanjo.net\/site\/wp-json\/wp\/v2\/tags?post=11614"}],"curies":[{"name":"wp","href":"https:\/\/api.w.org\/{rel}","templated":true}]}}