
{"id":11617,"date":"2010-11-04T06:08:55","date_gmt":"2010-11-04T08:08:55","guid":{"rendered":"http:\/\/www.oarcanjo.net\/site\/?p=11617"},"modified":"2010-11-04T06:08:55","modified_gmt":"2010-11-04T08:08:55","slug":"leituras-do-domingo-28112010","status":"publish","type":"post","link":"https:\/\/www.oarcanjo.net\/site\/leituras-do-domingo-28112010\/","title":{"rendered":"Leituras do domingo 28\/11\/2010"},"content":{"rendered":"<div>\n<div>\n<div>\n<div>\n<div>\n<div>\n<div>\n<div>\n<div>\n<h4>1\u00ba Domingo do Advento<\/h4>\n<p><strong>Primeira leitura (Isa\u00edas 2,1-5)<\/strong><\/p>\n<p>Leitura do Livro do profeta Isa\u00edas:<\/p>\n<p><sup>1<\/sup>Vis\u00e3o de Isa\u00edas, filho de Am\u00f3s, sobre Jud\u00e1 e Jerusal\u00e9m.<br \/>\n<sup>2<\/sup>Acontecer\u00e1, nos \u00faltimos tempos, que o monte da casa do Senhor estar\u00e1 firmemente estabelecido no ponto mais alto das montanhas e dominar\u00e1 as colinas. A ele acorrer\u00e3o todas as na\u00e7\u00f5es,\u00a0<sup>3<\/sup>para l\u00e1 ir\u00e3o numerosos povos e dir\u00e3o: \u201cVamos subir ao monte do Senhor, \u00e0 casa do Deus de Jac\u00f3, para que ele nos mostre seus caminhos e nos ensine a cumprir seus preceitos\u201d; porque de Si\u00e3o prov\u00e9m a lei e de Jerusal\u00e9m, a palavra do Senhor.<br \/>\n<sup>4<\/sup>Ele h\u00e1 de julgar as na\u00e7\u00f5es e arguir numerosos povos; estes transformar\u00e3o suas espadas em arados e suas lan\u00e7as em foices; n\u00e3o pegar\u00e3o em armas uns contra os outros e n\u00e3o mais travar\u00e3o combate.<br \/>\n<sup>5<\/sup>Vinde, todos da casa de Jac\u00f3, e deixemo-nos guiar pela luz do Senhor.<\/p>\n<p><strong>Salmo (Salmos 121)<\/strong><\/p>\n<p>\u2014 Que alegria, quando me disseram:\/ \u201cVamos \u00e0 casa do Senhor!\u201d<br \/>\n<strong>\u2014 Que alegria, quando me disseram:\/ \u201cVamos \u00e0 casa do Senhor!\u201d<\/strong><\/p>\n<p>\u2014 Que alegria, quando ouvi que me disseram:\/ \u201cVamos \u00e0 casa do Senhor!\u201d\/ E agora nossos p\u00e9s j\u00e1 se det\u00eam,\/ Jerusal\u00e9m, em tuas portas.<br \/>\n\u2014 Para l\u00e1 sobem as tribos de Israel,\/ as tribos do Senhor.\/ Para louvar, segundo a lei de Israel,\/ o nome do Senhor.\/ A sede da justi\u00e7a l\u00e1 est\u00e1\/ e o trono de Davi.<br \/>\n\u2014 Rogai que viva em paz Jerusal\u00e9m,\/ e em seguran\u00e7a os que te amam!\/ Que a paz habite dentro de teus muros,\/ tranquilidade em teus pal\u00e1cios!<br \/>\n\u2014 Por amor a meus irm\u00e3os e meus amigos,\/ pe\u00e7o: \u201cA paz esteja em ti!\u201d\/ Pelo amor que tenho \u00e0 casa do Senhor,\/ eu te desejo todo bem!<\/p>\n<p><strong>Segunda leitura (Romanos 13,11-14a)<\/strong><\/p>\n<p>Leitura da Carta de S\u00e3o Paulo aos Romanos:<\/p>\n<p>Irm\u00e3os:\u00a0<sup>11<\/sup>V\u00f3s sabeis em que tempo estamos, pois j\u00e1 \u00e9 hora de despertar.\/ Com efeito, agora a salva\u00e7\u00e3o est\u00e1 mais perto de n\u00f3s do que quando abra\u00e7amos a f\u00e9.<br \/>\n<sup>12<\/sup>A noite j\u00e1 vai adiantada, o dia vem chegando; despojemo-nos das a\u00e7\u00f5es das trevas e vistamos as armas da luz.<br \/>\n<sup>13<\/sup>Procedamos honestamente, como em pleno dia; nada de glutonerias e bebedeiras, nem de orgias sexuais e imoralidades, nem de brigas e rivalidades.\u00a0<sup>14a<\/sup>Pelo contr\u00e1rio, revesti-vos do Senhor Jesus Cristo.<\/p>\n<p><strong>Evangelho (Mateus 24,37-44)<\/strong><\/p>\n<p>Naquele tempo, Jesus disse aos seus disc\u00edpulos:\u00a0<sup>37<\/sup>\u201cA vinda do Filho do Homem ser\u00e1 como no tempo de No\u00e9.\u00a0<sup>38<\/sup>Pois nos dias, antes do dil\u00favio, todos comiam e bebiam, casavam-se e davam-se em casamento, at\u00e9 o dia em que No\u00e9 entrou na arca.\u00a0<sup>39<\/sup>E eles nada perceberam, at\u00e9 que veio o dil\u00favio e arrastou a todos. Assim acontecer\u00e1 tamb\u00e9m na vinda do Filho do Homem.<br \/>\n<sup>40<\/sup>Dois homens estar\u00e3o trabalhando no campo: um ser\u00e1 levado e o outro ser\u00e1 deixado.<sup>41<\/sup>Duas mulheres estar\u00e3o moendo no moinho: uma ser\u00e1 levada e a outra ser\u00e1 deixada.<br \/>\n<sup>42<\/sup>Portanto, ficai atentos, porque n\u00e3o sabeis em que dia vir\u00e1 o Senhor.<br \/>\n<sup>43<\/sup>Compreendei bem isto: se o dono da casa soubesse a que horas viria o ladr\u00e3o, certamente vigiaria e n\u00e3o deixaria que a sua casa fosse arrombada.<br \/>\n<sup>44<\/sup>Por isso, tamb\u00e9m v\u00f3s ficai preparados! Porque, na hora em que menos pensais, o Filho do Homem vir\u00e1\u201d.<\/p>\n<\/div>\n<\/div>\n<\/div>\n<\/div>\n<\/div>\n<\/div>\n<\/div>\n<\/div>\n<\/div>\n<div id=\"themify_builder_content-11617\" data-postid=\"11617\" class=\"themify_builder_content themify_builder_content-11617 themify_builder themify_builder_front\">\n\t<\/div>\n<!-- \/themify_builder_content -->","protected":false},"excerpt":{"rendered":"<p>1\u00ba Domingo do Advento Primeira leitura (Isa\u00edas 2,1-5) Leitura do Livro do profeta Isa\u00edas: 1Vis\u00e3o de Isa\u00edas, filho de Am\u00f3s, sobre Jud\u00e1 e Jerusal\u00e9m. 2Acontecer\u00e1, nos \u00faltimos tempos, que o monte da casa do Senhor estar\u00e1 firmemente estabelecido no ponto mais alto das montanhas e dominar\u00e1 as colinas. A ele acorrer\u00e3o todas as na\u00e7\u00f5es,\u00a03para l\u00e1 [&hellip;]<\/p>\n","protected":false},"author":5,"featured_media":0,"comment_status":"open","ping_status":"open","sticky":false,"template":"","format":"standard","meta":{"ngg_post_thumbnail":0,"footnotes":""},"categories":[109],"tags":[3204],"yoast_head":"<!-- This site is optimized with the Yoast SEO plugin v23.5 - https:\/\/yoast.com\/wordpress\/plugins\/seo\/ -->\n<title>Leituras do domingo 28\/11\/2010 - O Arcanjo no ar<\/title>\n<meta name=\"robots\" content=\"index, follow, max-snippet:-1, max-image-preview:large, max-video-preview:-1\" \/>\n<link rel=\"canonical\" href=\"https:\/\/www.oarcanjo.net\/site\/leituras-do-domingo-28112010\/\" \/>\n<meta property=\"og:locale\" content=\"pt_BR\" \/>\n<meta property=\"og:type\" content=\"article\" \/>\n<meta property=\"og:title\" content=\"Leituras do domingo 28\/11\/2010 - O Arcanjo no ar\" \/>\n<meta property=\"og:description\" content=\"1\u00ba Domingo do Advento Primeira leitura (Isa\u00edas 2,1-5) Leitura do Livro do profeta Isa\u00edas: 1Vis\u00e3o de Isa\u00edas, filho de Am\u00f3s, sobre Jud\u00e1 e Jerusal\u00e9m. 2Acontecer\u00e1, nos \u00faltimos tempos, que o monte da casa do Senhor estar\u00e1 firmemente estabelecido no ponto mais alto das montanhas e dominar\u00e1 as colinas. A ele acorrer\u00e3o todas as na\u00e7\u00f5es,\u00a03para l\u00e1 [&hellip;]\" \/>\n<meta property=\"og:url\" content=\"https:\/\/www.oarcanjo.net\/site\/leituras-do-domingo-28112010\/\" \/>\n<meta property=\"og:site_name\" content=\"O Arcanjo no ar\" \/>\n<meta property=\"article:publisher\" content=\"https:\/\/www.facebook.com\/OArcanjoNoAr\/\" \/>\n<meta property=\"article:published_time\" content=\"2010-11-04T08:08:55+00:00\" \/>\n<meta property=\"og:image\" content=\"https:\/\/www.oarcanjo.net\/site\/wp-content\/uploads\/logo-o-arcanjo-no-ar-facebook.png\" \/>\n\t<meta property=\"og:image:width\" content=\"300\" \/>\n\t<meta property=\"og:image:height\" content=\"300\" \/>\n\t<meta property=\"og:image:type\" content=\"image\/png\" \/>\n<meta name=\"author\" content=\"editor\" \/>\n<meta name=\"twitter:card\" content=\"summary_large_image\" \/>\n<meta name=\"twitter:label1\" content=\"Escrito por\" \/>\n\t<meta name=\"twitter:data1\" content=\"editor\" \/>\n\t<meta name=\"twitter:label2\" content=\"Est. tempo de leitura\" \/>\n\t<meta name=\"twitter:data2\" content=\"3 minutos\" \/>\n<script type=\"application\/ld+json\" class=\"yoast-schema-graph\">{\"@context\":\"https:\/\/schema.org\",\"@graph\":[{\"@type\":\"Article\",\"@id\":\"https:\/\/www.oarcanjo.net\/site\/leituras-do-domingo-28112010\/#article\",\"isPartOf\":{\"@id\":\"https:\/\/www.oarcanjo.net\/site\/leituras-do-domingo-28112010\/\"},\"author\":{\"name\":\"editor\",\"@id\":\"https:\/\/www.oarcanjo.net\/site\/#\/schema\/person\/f7024d007863202483a31326673a0838\"},\"headline\":\"Leituras do domingo 28\/11\/2010\",\"datePublished\":\"2010-11-04T08:08:55+00:00\",\"dateModified\":\"2010-11-04T08:08:55+00:00\",\"mainEntityOfPage\":{\"@id\":\"https:\/\/www.oarcanjo.net\/site\/leituras-do-domingo-28112010\/\"},\"wordCount\":564,\"commentCount\":2,\"publisher\":{\"@id\":\"https:\/\/www.oarcanjo.net\/site\/#organization\"},\"keywords\":[\"Liturgia\"],\"articleSection\":[\"Liturgia\"],\"inLanguage\":\"pt-BR\",\"potentialAction\":[{\"@type\":\"CommentAction\",\"name\":\"Comment\",\"target\":[\"https:\/\/www.oarcanjo.net\/site\/leituras-do-domingo-28112010\/#respond\"]}]},{\"@type\":\"WebPage\",\"@id\":\"https:\/\/www.oarcanjo.net\/site\/leituras-do-domingo-28112010\/\",\"url\":\"https:\/\/www.oarcanjo.net\/site\/leituras-do-domingo-28112010\/\",\"name\":\"Leituras do domingo 28\/11\/2010 - O Arcanjo no ar\",\"isPartOf\":{\"@id\":\"https:\/\/www.oarcanjo.net\/site\/#website\"},\"datePublished\":\"2010-11-04T08:08:55+00:00\",\"dateModified\":\"2010-11-04T08:08:55+00:00\",\"breadcrumb\":{\"@id\":\"https:\/\/www.oarcanjo.net\/site\/leituras-do-domingo-28112010\/#breadcrumb\"},\"inLanguage\":\"pt-BR\",\"potentialAction\":[{\"@type\":\"ReadAction\",\"target\":[\"https:\/\/www.oarcanjo.net\/site\/leituras-do-domingo-28112010\/\"]}]},{\"@type\":\"BreadcrumbList\",\"@id\":\"https:\/\/www.oarcanjo.net\/site\/leituras-do-domingo-28112010\/#breadcrumb\",\"itemListElement\":[{\"@type\":\"ListItem\",\"position\":1,\"name\":\"In\u00edcio\",\"item\":\"https:\/\/www.oarcanjo.net\/site\/\"},{\"@type\":\"ListItem\",\"position\":2,\"name\":\"Leituras do domingo 28\/11\/2010\"}]},{\"@type\":\"WebSite\",\"@id\":\"https:\/\/www.oarcanjo.net\/site\/#website\",\"url\":\"https:\/\/www.oarcanjo.net\/site\/\",\"name\":\"O Arcanjo no ar\",\"description\":\"Site da Par\u00f3quia S\u00e3o Miguel Arcanjo (Arquidiocese de SP)\",\"publisher\":{\"@id\":\"https:\/\/www.oarcanjo.net\/site\/#organization\"},\"potentialAction\":[{\"@type\":\"SearchAction\",\"target\":{\"@type\":\"EntryPoint\",\"urlTemplate\":\"https:\/\/www.oarcanjo.net\/site\/?s={search_term_string}\"},\"query-input\":{\"@type\":\"PropertyValueSpecification\",\"valueRequired\":true,\"valueName\":\"search_term_string\"}}],\"inLanguage\":\"pt-BR\"},{\"@type\":\"Organization\",\"@id\":\"https:\/\/www.oarcanjo.net\/site\/#organization\",\"name\":\"Par\u00f3quia S\u00e3o Miguel Arcanjo\",\"url\":\"https:\/\/www.oarcanjo.net\/site\/\",\"logo\":{\"@type\":\"ImageObject\",\"inLanguage\":\"pt-BR\",\"@id\":\"https:\/\/www.oarcanjo.net\/site\/#\/schema\/logo\/image\/\",\"url\":\"https:\/\/www.oarcanjo.net\/site\/wp-content\/uploads\/LogoOArcanjo.png\",\"contentUrl\":\"https:\/\/www.oarcanjo.net\/site\/wp-content\/uploads\/LogoOArcanjo.png\",\"width\":319,\"height\":99,\"caption\":\"Par\u00f3quia S\u00e3o Miguel Arcanjo\"},\"image\":{\"@id\":\"https:\/\/www.oarcanjo.net\/site\/#\/schema\/logo\/image\/\"},\"sameAs\":[\"https:\/\/www.facebook.com\/OArcanjoNoAr\/\"]},{\"@type\":\"Person\",\"@id\":\"https:\/\/www.oarcanjo.net\/site\/#\/schema\/person\/f7024d007863202483a31326673a0838\",\"name\":\"editor\",\"sameAs\":[\"http:\/\/www.oarcanjo.net\"]}]}<\/script>\n<!-- \/ Yoast SEO plugin. -->","yoast_head_json":{"title":"Leituras do domingo 28\/11\/2010 - O Arcanjo no ar","robots":{"index":"index","follow":"follow","max-snippet":"max-snippet:-1","max-image-preview":"max-image-preview:large","max-video-preview":"max-video-preview:-1"},"canonical":"https:\/\/www.oarcanjo.net\/site\/leituras-do-domingo-28112010\/","og_locale":"pt_BR","og_type":"article","og_title":"Leituras do domingo 28\/11\/2010 - O Arcanjo no ar","og_description":"1\u00ba Domingo do Advento Primeira leitura (Isa\u00edas 2,1-5) Leitura do Livro do profeta Isa\u00edas: 1Vis\u00e3o de Isa\u00edas, filho de Am\u00f3s, sobre Jud\u00e1 e Jerusal\u00e9m. 2Acontecer\u00e1, nos \u00faltimos tempos, que o monte da casa do Senhor estar\u00e1 firmemente estabelecido no ponto mais alto das montanhas e dominar\u00e1 as colinas. A ele acorrer\u00e3o todas as na\u00e7\u00f5es,\u00a03para l\u00e1 [&hellip;]","og_url":"https:\/\/www.oarcanjo.net\/site\/leituras-do-domingo-28112010\/","og_site_name":"O Arcanjo no ar","article_publisher":"https:\/\/www.facebook.com\/OArcanjoNoAr\/","article_published_time":"2010-11-04T08:08:55+00:00","og_image":[{"width":300,"height":300,"url":"https:\/\/www.oarcanjo.net\/site\/wp-content\/uploads\/logo-o-arcanjo-no-ar-facebook.png","type":"image\/png"}],"author":"editor","twitter_card":"summary_large_image","twitter_misc":{"Escrito por":"editor","Est. tempo de leitura":"3 minutos"},"schema":{"@context":"https:\/\/schema.org","@graph":[{"@type":"Article","@id":"https:\/\/www.oarcanjo.net\/site\/leituras-do-domingo-28112010\/#article","isPartOf":{"@id":"https:\/\/www.oarcanjo.net\/site\/leituras-do-domingo-28112010\/"},"author":{"name":"editor","@id":"https:\/\/www.oarcanjo.net\/site\/#\/schema\/person\/f7024d007863202483a31326673a0838"},"headline":"Leituras do domingo 28\/11\/2010","datePublished":"2010-11-04T08:08:55+00:00","dateModified":"2010-11-04T08:08:55+00:00","mainEntityOfPage":{"@id":"https:\/\/www.oarcanjo.net\/site\/leituras-do-domingo-28112010\/"},"wordCount":564,"commentCount":2,"publisher":{"@id":"https:\/\/www.oarcanjo.net\/site\/#organization"},"keywords":["Liturgia"],"articleSection":["Liturgia"],"inLanguage":"pt-BR","potentialAction":[{"@type":"CommentAction","name":"Comment","target":["https:\/\/www.oarcanjo.net\/site\/leituras-do-domingo-28112010\/#respond"]}]},{"@type":"WebPage","@id":"https:\/\/www.oarcanjo.net\/site\/leituras-do-domingo-28112010\/","url":"https:\/\/www.oarcanjo.net\/site\/leituras-do-domingo-28112010\/","name":"Leituras do domingo 28\/11\/2010 - O Arcanjo no ar","isPartOf":{"@id":"https:\/\/www.oarcanjo.net\/site\/#website"},"datePublished":"2010-11-04T08:08:55+00:00","dateModified":"2010-11-04T08:08:55+00:00","breadcrumb":{"@id":"https:\/\/www.oarcanjo.net\/site\/leituras-do-domingo-28112010\/#breadcrumb"},"inLanguage":"pt-BR","potentialAction":[{"@type":"ReadAction","target":["https:\/\/www.oarcanjo.net\/site\/leituras-do-domingo-28112010\/"]}]},{"@type":"BreadcrumbList","@id":"https:\/\/www.oarcanjo.net\/site\/leituras-do-domingo-28112010\/#breadcrumb","itemListElement":[{"@type":"ListItem","position":1,"name":"In\u00edcio","item":"https:\/\/www.oarcanjo.net\/site\/"},{"@type":"ListItem","position":2,"name":"Leituras do domingo 28\/11\/2010"}]},{"@type":"WebSite","@id":"https:\/\/www.oarcanjo.net\/site\/#website","url":"https:\/\/www.oarcanjo.net\/site\/","name":"O Arcanjo no ar","description":"Site da Par\u00f3quia S\u00e3o Miguel Arcanjo (Arquidiocese de SP)","publisher":{"@id":"https:\/\/www.oarcanjo.net\/site\/#organization"},"potentialAction":[{"@type":"SearchAction","target":{"@type":"EntryPoint","urlTemplate":"https:\/\/www.oarcanjo.net\/site\/?s={search_term_string}"},"query-input":{"@type":"PropertyValueSpecification","valueRequired":true,"valueName":"search_term_string"}}],"inLanguage":"pt-BR"},{"@type":"Organization","@id":"https:\/\/www.oarcanjo.net\/site\/#organization","name":"Par\u00f3quia S\u00e3o Miguel Arcanjo","url":"https:\/\/www.oarcanjo.net\/site\/","logo":{"@type":"ImageObject","inLanguage":"pt-BR","@id":"https:\/\/www.oarcanjo.net\/site\/#\/schema\/logo\/image\/","url":"https:\/\/www.oarcanjo.net\/site\/wp-content\/uploads\/LogoOArcanjo.png","contentUrl":"https:\/\/www.oarcanjo.net\/site\/wp-content\/uploads\/LogoOArcanjo.png","width":319,"height":99,"caption":"Par\u00f3quia S\u00e3o Miguel Arcanjo"},"image":{"@id":"https:\/\/www.oarcanjo.net\/site\/#\/schema\/logo\/image\/"},"sameAs":["https:\/\/www.facebook.com\/OArcanjoNoAr\/"]},{"@type":"Person","@id":"https:\/\/www.oarcanjo.net\/site\/#\/schema\/person\/f7024d007863202483a31326673a0838","name":"editor","sameAs":["http:\/\/www.oarcanjo.net"]}]}},"publishpress_future_action":{"enabled":false,"date":"2026-05-08 19:34:41","action":"category","newStatus":"draft","terms":[],"taxonomy":"category"},"publishpress_future_workflow_manual_trigger":{"enabledWorkflows":[]},"_links":{"self":[{"href":"https:\/\/www.oarcanjo.net\/site\/wp-json\/wp\/v2\/posts\/11617"}],"collection":[{"href":"https:\/\/www.oarcanjo.net\/site\/wp-json\/wp\/v2\/posts"}],"about":[{"href":"https:\/\/www.oarcanjo.net\/site\/wp-json\/wp\/v2\/types\/post"}],"author":[{"embeddable":true,"href":"https:\/\/www.oarcanjo.net\/site\/wp-json\/wp\/v2\/users\/5"}],"replies":[{"embeddable":true,"href":"https:\/\/www.oarcanjo.net\/site\/wp-json\/wp\/v2\/comments?post=11617"}],"version-history":[{"count":0,"href":"https:\/\/www.oarcanjo.net\/site\/wp-json\/wp\/v2\/posts\/11617\/revisions"}],"wp:attachment":[{"href":"https:\/\/www.oarcanjo.net\/site\/wp-json\/wp\/v2\/media?parent=11617"}],"wp:term":[{"taxonomy":"category","embeddable":true,"href":"https:\/\/www.oarcanjo.net\/site\/wp-json\/wp\/v2\/categories?post=11617"},{"taxonomy":"post_tag","embeddable":true,"href":"https:\/\/www.oarcanjo.net\/site\/wp-json\/wp\/v2\/tags?post=11617"}],"curies":[{"name":"wp","href":"https:\/\/api.w.org\/{rel}","templated":true}]}}