
{"id":11628,"date":"2017-11-05T08:41:52","date_gmt":"2017-11-05T10:41:52","guid":{"rendered":"http:\/\/www.oarcanjo.net\/site\/?p=11628"},"modified":"2017-08-11T14:59:25","modified_gmt":"2017-08-11T17:59:25","slug":"santa-bertila","status":"publish","type":"post","link":"https:\/\/www.oarcanjo.net\/site\/santa-bertila\/","title":{"rendered":"Santa Bertila"},"content":{"rendered":"<p><img decoding=\"async\" src=\"http:\/\/1.bp.blogspot.com\/_iMPtMovrmdk\/SRF7rBr16oI\/AAAAAAAAAUM\/w-Kz0SfT0RQ\/s400\/DIA_DE_SANTA_BERTILA.jpg\" alt=\"\" \/><\/p>\n<p>5 de Novembro<\/p>\n<p>S\u00e9culo VII. Na Fran\u00e7a, a pequena Bertila, nascida em 630, de pais nobres e piedosos, n\u00e3o sentia satisfa\u00e7\u00e3o com a vida f\u00fatil s\u00f3 de folguedos e festas. Com o passar dos anos, aumentou essa insatisfa\u00e7\u00e3o e a certeza de que n\u00e3o encontraria a felicidade nos prazeres que o mundo oferecia, nas aldeias e nos pal\u00e1cios. Dizia sempre que sua vida estava destinada \u00e0 caridade e \u00e0 humildade a servi\u00e7o de Deus. E assim aconteceu.<\/p>\n<p>No in\u00edcio da adolesc\u00eancia, a seu pedido e com aprova\u00e7\u00e3o dos pais, ingressou no Mosteiro beneditino de Jouarre, pr\u00f3ximo de Paris. A superiora era a pr\u00f3pria santa Teodequildes, que logo percebeu a extrema voca\u00e7\u00e3o de Bertila. De fato, mesmo com pouca idade, ela assumiu com dedica\u00e7\u00e3o v\u00e1rios cargos de responsabilidade. Acabou sendo indicada para dirigir o novo Mosteiro de Chelles, fundado pela rainha Batildes, esposa do rei Cl\u00f3vis II, e constru\u00eddo tamb\u00e9m nos arredores de Paris.<\/p>\n<p>Bertila foi para l\u00e1 no ano 659, como abadessa. O fervor que transmitia na piedade e caridade contagiou todas as religiosas. A fama de celeiro de santidades do mosteiro ganhou as cortes de toda Europa. E os pedidos para ingressar no Mosteiro de Chelles come\u00e7aram a chegar de todos os lugares. Eram dezenas e mais dezenas de mulheres que queriam seguir o exemplo de humildade da abadessa Bertila, abandonando a nobreza para dedicar a vida \u00e0 penitencia, ora\u00e7\u00e3o e caridade, aos pobres e doentes abandonados.<\/p>\n<p>Assim, no Mosteiro de Chelles ingressaram v\u00e1rias princesas e rainhas. At\u00e9 mesmo a sua fundadora, rainha Batildes, que, influenciada pela jovem abadessa, trocou a coroa pelo h\u00e1bito beneditino.<\/p>\n<p>A incans\u00e1vel santa Bertila, como era chamada por todos ainda em vida, dirigiu a institui\u00e7\u00e3o por quarenta e seis anos, at\u00e9 morrer em 5 de novembro de 705. O seu corpo foi sepultado no cemit\u00e9rio do mosteiro, local que logo se tornou rota de peregrina\u00e7\u00e3o dos fi\u00e9is, desejosos de agradecer a intercess\u00e3o da querida santa.<\/p>\n<p>Mais tarde, o culto foi confirmado pela Igreja e tamb\u00e9m a festa de santa Bertila, que ocorre no dia de sua morte. As suas rel\u00edquias, hoje, est\u00e3o guardadas na bela Catedral de Chelles.<\/p>\n<div id=\"themify_builder_content-11628\" data-postid=\"11628\" class=\"themify_builder_content themify_builder_content-11628 themify_builder themify_builder_front\">\n\t<\/div>\n<!-- \/themify_builder_content -->","protected":false},"excerpt":{"rendered":"<p>5 de Novembro S\u00e9culo VII. Na Fran\u00e7a, a pequena Bertila, nascida em 630, de pais nobres e piedosos, n\u00e3o sentia satisfa\u00e7\u00e3o com a vida f\u00fatil s\u00f3 de folguedos e festas. Com o passar dos anos, aumentou essa insatisfa\u00e7\u00e3o e a certeza de que n\u00e3o encontraria a felicidade nos prazeres que o mundo oferecia, nas aldeias [&hellip;]<\/p>\n","protected":false},"author":14,"featured_media":0,"comment_status":"open","ping_status":"open","sticky":false,"template":"","format":"standard","meta":{"ngg_post_thumbnail":0,"footnotes":""},"categories":[186],"tags":[],"yoast_head":"<!-- This site is optimized with the Yoast SEO plugin v23.5 - https:\/\/yoast.com\/wordpress\/plugins\/seo\/ -->\n<title>Santa Bertila - O Arcanjo no ar<\/title>\n<meta name=\"robots\" content=\"index, follow, max-snippet:-1, max-image-preview:large, max-video-preview:-1\" \/>\n<link rel=\"canonical\" href=\"https:\/\/www.oarcanjo.net\/site\/santa-bertila\/\" \/>\n<meta property=\"og:locale\" content=\"pt_BR\" \/>\n<meta property=\"og:type\" content=\"article\" \/>\n<meta property=\"og:title\" content=\"Santa Bertila - O Arcanjo no ar\" \/>\n<meta property=\"og:description\" content=\"5 de Novembro S\u00e9culo VII. Na Fran\u00e7a, a pequena Bertila, nascida em 630, de pais nobres e piedosos, n\u00e3o sentia satisfa\u00e7\u00e3o com a vida f\u00fatil s\u00f3 de folguedos e festas. Com o passar dos anos, aumentou essa insatisfa\u00e7\u00e3o e a certeza de que n\u00e3o encontraria a felicidade nos prazeres que o mundo oferecia, nas aldeias [&hellip;]\" \/>\n<meta property=\"og:url\" content=\"https:\/\/www.oarcanjo.net\/site\/santa-bertila\/\" \/>\n<meta property=\"og:site_name\" content=\"O Arcanjo no ar\" \/>\n<meta property=\"article:publisher\" content=\"https:\/\/www.facebook.com\/OArcanjoNoAr\/\" \/>\n<meta property=\"article:published_time\" content=\"2017-11-05T10:41:52+00:00\" \/>\n<meta property=\"article:modified_time\" content=\"2017-08-11T17:59:25+00:00\" \/>\n<meta property=\"og:image\" content=\"http:\/\/1.bp.blogspot.com\/_iMPtMovrmdk\/SRF7rBr16oI\/AAAAAAAAAUM\/w-Kz0SfT0RQ\/s400\/DIA_DE_SANTA_BERTILA.jpg\" \/>\n<meta name=\"author\" content=\"danilo\" \/>\n<meta name=\"twitter:card\" content=\"summary_large_image\" \/>\n<meta name=\"twitter:label1\" content=\"Escrito por\" \/>\n\t<meta name=\"twitter:data1\" content=\"danilo\" \/>\n\t<meta name=\"twitter:label2\" content=\"Est. tempo de leitura\" \/>\n\t<meta name=\"twitter:data2\" content=\"2 minutos\" \/>\n<script type=\"application\/ld+json\" class=\"yoast-schema-graph\">{\"@context\":\"https:\/\/schema.org\",\"@graph\":[{\"@type\":\"Article\",\"@id\":\"https:\/\/www.oarcanjo.net\/site\/santa-bertila\/#article\",\"isPartOf\":{\"@id\":\"https:\/\/www.oarcanjo.net\/site\/santa-bertila\/\"},\"author\":{\"name\":\"danilo\",\"@id\":\"https:\/\/www.oarcanjo.net\/site\/#\/schema\/person\/5eb9480bedd2f3c97e430ce128c29c6c\"},\"headline\":\"Santa Bertila\",\"datePublished\":\"2017-11-05T10:41:52+00:00\",\"dateModified\":\"2017-08-11T17:59:25+00:00\",\"mainEntityOfPage\":{\"@id\":\"https:\/\/www.oarcanjo.net\/site\/santa-bertila\/\"},\"wordCount\":381,\"commentCount\":2,\"publisher\":{\"@id\":\"https:\/\/www.oarcanjo.net\/site\/#organization\"},\"image\":{\"@id\":\"https:\/\/www.oarcanjo.net\/site\/santa-bertila\/#primaryimage\"},\"thumbnailUrl\":\"http:\/\/1.bp.blogspot.com\/_iMPtMovrmdk\/SRF7rBr16oI\/AAAAAAAAAUM\/w-Kz0SfT0RQ\/s400\/DIA_DE_SANTA_BERTILA.jpg\",\"articleSection\":[\"Testemunhos\"],\"inLanguage\":\"pt-BR\",\"potentialAction\":[{\"@type\":\"CommentAction\",\"name\":\"Comment\",\"target\":[\"https:\/\/www.oarcanjo.net\/site\/santa-bertila\/#respond\"]}]},{\"@type\":\"WebPage\",\"@id\":\"https:\/\/www.oarcanjo.net\/site\/santa-bertila\/\",\"url\":\"https:\/\/www.oarcanjo.net\/site\/santa-bertila\/\",\"name\":\"Santa Bertila - O Arcanjo no ar\",\"isPartOf\":{\"@id\":\"https:\/\/www.oarcanjo.net\/site\/#website\"},\"primaryImageOfPage\":{\"@id\":\"https:\/\/www.oarcanjo.net\/site\/santa-bertila\/#primaryimage\"},\"image\":{\"@id\":\"https:\/\/www.oarcanjo.net\/site\/santa-bertila\/#primaryimage\"},\"thumbnailUrl\":\"http:\/\/1.bp.blogspot.com\/_iMPtMovrmdk\/SRF7rBr16oI\/AAAAAAAAAUM\/w-Kz0SfT0RQ\/s400\/DIA_DE_SANTA_BERTILA.jpg\",\"datePublished\":\"2017-11-05T10:41:52+00:00\",\"dateModified\":\"2017-08-11T17:59:25+00:00\",\"breadcrumb\":{\"@id\":\"https:\/\/www.oarcanjo.net\/site\/santa-bertila\/#breadcrumb\"},\"inLanguage\":\"pt-BR\",\"potentialAction\":[{\"@type\":\"ReadAction\",\"target\":[\"https:\/\/www.oarcanjo.net\/site\/santa-bertila\/\"]}]},{\"@type\":\"ImageObject\",\"inLanguage\":\"pt-BR\",\"@id\":\"https:\/\/www.oarcanjo.net\/site\/santa-bertila\/#primaryimage\",\"url\":\"http:\/\/1.bp.blogspot.com\/_iMPtMovrmdk\/SRF7rBr16oI\/AAAAAAAAAUM\/w-Kz0SfT0RQ\/s400\/DIA_DE_SANTA_BERTILA.jpg\",\"contentUrl\":\"http:\/\/1.bp.blogspot.com\/_iMPtMovrmdk\/SRF7rBr16oI\/AAAAAAAAAUM\/w-Kz0SfT0RQ\/s400\/DIA_DE_SANTA_BERTILA.jpg\"},{\"@type\":\"BreadcrumbList\",\"@id\":\"https:\/\/www.oarcanjo.net\/site\/santa-bertila\/#breadcrumb\",\"itemListElement\":[{\"@type\":\"ListItem\",\"position\":1,\"name\":\"In\u00edcio\",\"item\":\"https:\/\/www.oarcanjo.net\/site\/\"},{\"@type\":\"ListItem\",\"position\":2,\"name\":\"Santa Bertila\"}]},{\"@type\":\"WebSite\",\"@id\":\"https:\/\/www.oarcanjo.net\/site\/#website\",\"url\":\"https:\/\/www.oarcanjo.net\/site\/\",\"name\":\"O Arcanjo no ar\",\"description\":\"Site da Par\u00f3quia S\u00e3o Miguel Arcanjo (Arquidiocese de SP)\",\"publisher\":{\"@id\":\"https:\/\/www.oarcanjo.net\/site\/#organization\"},\"potentialAction\":[{\"@type\":\"SearchAction\",\"target\":{\"@type\":\"EntryPoint\",\"urlTemplate\":\"https:\/\/www.oarcanjo.net\/site\/?s={search_term_string}\"},\"query-input\":{\"@type\":\"PropertyValueSpecification\",\"valueRequired\":true,\"valueName\":\"search_term_string\"}}],\"inLanguage\":\"pt-BR\"},{\"@type\":\"Organization\",\"@id\":\"https:\/\/www.oarcanjo.net\/site\/#organization\",\"name\":\"Par\u00f3quia S\u00e3o Miguel Arcanjo\",\"url\":\"https:\/\/www.oarcanjo.net\/site\/\",\"logo\":{\"@type\":\"ImageObject\",\"inLanguage\":\"pt-BR\",\"@id\":\"https:\/\/www.oarcanjo.net\/site\/#\/schema\/logo\/image\/\",\"url\":\"https:\/\/www.oarcanjo.net\/site\/wp-content\/uploads\/LogoOArcanjo.png\",\"contentUrl\":\"https:\/\/www.oarcanjo.net\/site\/wp-content\/uploads\/LogoOArcanjo.png\",\"width\":319,\"height\":99,\"caption\":\"Par\u00f3quia S\u00e3o Miguel Arcanjo\"},\"image\":{\"@id\":\"https:\/\/www.oarcanjo.net\/site\/#\/schema\/logo\/image\/\"},\"sameAs\":[\"https:\/\/www.facebook.com\/OArcanjoNoAr\/\"]},{\"@type\":\"Person\",\"@id\":\"https:\/\/www.oarcanjo.net\/site\/#\/schema\/person\/5eb9480bedd2f3c97e430ce128c29c6c\",\"name\":\"danilo\"}]}<\/script>\n<!-- \/ Yoast SEO plugin. -->","yoast_head_json":{"title":"Santa Bertila - O Arcanjo no ar","robots":{"index":"index","follow":"follow","max-snippet":"max-snippet:-1","max-image-preview":"max-image-preview:large","max-video-preview":"max-video-preview:-1"},"canonical":"https:\/\/www.oarcanjo.net\/site\/santa-bertila\/","og_locale":"pt_BR","og_type":"article","og_title":"Santa Bertila - O Arcanjo no ar","og_description":"5 de Novembro S\u00e9culo VII. Na Fran\u00e7a, a pequena Bertila, nascida em 630, de pais nobres e piedosos, n\u00e3o sentia satisfa\u00e7\u00e3o com a vida f\u00fatil s\u00f3 de folguedos e festas. Com o passar dos anos, aumentou essa insatisfa\u00e7\u00e3o e a certeza de que n\u00e3o encontraria a felicidade nos prazeres que o mundo oferecia, nas aldeias [&hellip;]","og_url":"https:\/\/www.oarcanjo.net\/site\/santa-bertila\/","og_site_name":"O Arcanjo no ar","article_publisher":"https:\/\/www.facebook.com\/OArcanjoNoAr\/","article_published_time":"2017-11-05T10:41:52+00:00","article_modified_time":"2017-08-11T17:59:25+00:00","og_image":[{"url":"http:\/\/1.bp.blogspot.com\/_iMPtMovrmdk\/SRF7rBr16oI\/AAAAAAAAAUM\/w-Kz0SfT0RQ\/s400\/DIA_DE_SANTA_BERTILA.jpg"}],"author":"danilo","twitter_card":"summary_large_image","twitter_misc":{"Escrito por":"danilo","Est. tempo de leitura":"2 minutos"},"schema":{"@context":"https:\/\/schema.org","@graph":[{"@type":"Article","@id":"https:\/\/www.oarcanjo.net\/site\/santa-bertila\/#article","isPartOf":{"@id":"https:\/\/www.oarcanjo.net\/site\/santa-bertila\/"},"author":{"name":"danilo","@id":"https:\/\/www.oarcanjo.net\/site\/#\/schema\/person\/5eb9480bedd2f3c97e430ce128c29c6c"},"headline":"Santa Bertila","datePublished":"2017-11-05T10:41:52+00:00","dateModified":"2017-08-11T17:59:25+00:00","mainEntityOfPage":{"@id":"https:\/\/www.oarcanjo.net\/site\/santa-bertila\/"},"wordCount":381,"commentCount":2,"publisher":{"@id":"https:\/\/www.oarcanjo.net\/site\/#organization"},"image":{"@id":"https:\/\/www.oarcanjo.net\/site\/santa-bertila\/#primaryimage"},"thumbnailUrl":"http:\/\/1.bp.blogspot.com\/_iMPtMovrmdk\/SRF7rBr16oI\/AAAAAAAAAUM\/w-Kz0SfT0RQ\/s400\/DIA_DE_SANTA_BERTILA.jpg","articleSection":["Testemunhos"],"inLanguage":"pt-BR","potentialAction":[{"@type":"CommentAction","name":"Comment","target":["https:\/\/www.oarcanjo.net\/site\/santa-bertila\/#respond"]}]},{"@type":"WebPage","@id":"https:\/\/www.oarcanjo.net\/site\/santa-bertila\/","url":"https:\/\/www.oarcanjo.net\/site\/santa-bertila\/","name":"Santa Bertila - O Arcanjo no ar","isPartOf":{"@id":"https:\/\/www.oarcanjo.net\/site\/#website"},"primaryImageOfPage":{"@id":"https:\/\/www.oarcanjo.net\/site\/santa-bertila\/#primaryimage"},"image":{"@id":"https:\/\/www.oarcanjo.net\/site\/santa-bertila\/#primaryimage"},"thumbnailUrl":"http:\/\/1.bp.blogspot.com\/_iMPtMovrmdk\/SRF7rBr16oI\/AAAAAAAAAUM\/w-Kz0SfT0RQ\/s400\/DIA_DE_SANTA_BERTILA.jpg","datePublished":"2017-11-05T10:41:52+00:00","dateModified":"2017-08-11T17:59:25+00:00","breadcrumb":{"@id":"https:\/\/www.oarcanjo.net\/site\/santa-bertila\/#breadcrumb"},"inLanguage":"pt-BR","potentialAction":[{"@type":"ReadAction","target":["https:\/\/www.oarcanjo.net\/site\/santa-bertila\/"]}]},{"@type":"ImageObject","inLanguage":"pt-BR","@id":"https:\/\/www.oarcanjo.net\/site\/santa-bertila\/#primaryimage","url":"http:\/\/1.bp.blogspot.com\/_iMPtMovrmdk\/SRF7rBr16oI\/AAAAAAAAAUM\/w-Kz0SfT0RQ\/s400\/DIA_DE_SANTA_BERTILA.jpg","contentUrl":"http:\/\/1.bp.blogspot.com\/_iMPtMovrmdk\/SRF7rBr16oI\/AAAAAAAAAUM\/w-Kz0SfT0RQ\/s400\/DIA_DE_SANTA_BERTILA.jpg"},{"@type":"BreadcrumbList","@id":"https:\/\/www.oarcanjo.net\/site\/santa-bertila\/#breadcrumb","itemListElement":[{"@type":"ListItem","position":1,"name":"In\u00edcio","item":"https:\/\/www.oarcanjo.net\/site\/"},{"@type":"ListItem","position":2,"name":"Santa Bertila"}]},{"@type":"WebSite","@id":"https:\/\/www.oarcanjo.net\/site\/#website","url":"https:\/\/www.oarcanjo.net\/site\/","name":"O Arcanjo no ar","description":"Site da Par\u00f3quia S\u00e3o Miguel Arcanjo (Arquidiocese de SP)","publisher":{"@id":"https:\/\/www.oarcanjo.net\/site\/#organization"},"potentialAction":[{"@type":"SearchAction","target":{"@type":"EntryPoint","urlTemplate":"https:\/\/www.oarcanjo.net\/site\/?s={search_term_string}"},"query-input":{"@type":"PropertyValueSpecification","valueRequired":true,"valueName":"search_term_string"}}],"inLanguage":"pt-BR"},{"@type":"Organization","@id":"https:\/\/www.oarcanjo.net\/site\/#organization","name":"Par\u00f3quia S\u00e3o Miguel Arcanjo","url":"https:\/\/www.oarcanjo.net\/site\/","logo":{"@type":"ImageObject","inLanguage":"pt-BR","@id":"https:\/\/www.oarcanjo.net\/site\/#\/schema\/logo\/image\/","url":"https:\/\/www.oarcanjo.net\/site\/wp-content\/uploads\/LogoOArcanjo.png","contentUrl":"https:\/\/www.oarcanjo.net\/site\/wp-content\/uploads\/LogoOArcanjo.png","width":319,"height":99,"caption":"Par\u00f3quia S\u00e3o Miguel Arcanjo"},"image":{"@id":"https:\/\/www.oarcanjo.net\/site\/#\/schema\/logo\/image\/"},"sameAs":["https:\/\/www.facebook.com\/OArcanjoNoAr\/"]},{"@type":"Person","@id":"https:\/\/www.oarcanjo.net\/site\/#\/schema\/person\/5eb9480bedd2f3c97e430ce128c29c6c","name":"danilo"}]}},"publishpress_future_action":{"enabled":false,"date":"2026-05-07 20:18:19","action":"category","newStatus":"draft","terms":[],"taxonomy":"category"},"publishpress_future_workflow_manual_trigger":{"enabledWorkflows":[]},"_links":{"self":[{"href":"https:\/\/www.oarcanjo.net\/site\/wp-json\/wp\/v2\/posts\/11628"}],"collection":[{"href":"https:\/\/www.oarcanjo.net\/site\/wp-json\/wp\/v2\/posts"}],"about":[{"href":"https:\/\/www.oarcanjo.net\/site\/wp-json\/wp\/v2\/types\/post"}],"author":[{"embeddable":true,"href":"https:\/\/www.oarcanjo.net\/site\/wp-json\/wp\/v2\/users\/14"}],"replies":[{"embeddable":true,"href":"https:\/\/www.oarcanjo.net\/site\/wp-json\/wp\/v2\/comments?post=11628"}],"version-history":[{"count":0,"href":"https:\/\/www.oarcanjo.net\/site\/wp-json\/wp\/v2\/posts\/11628\/revisions"}],"wp:attachment":[{"href":"https:\/\/www.oarcanjo.net\/site\/wp-json\/wp\/v2\/media?parent=11628"}],"wp:term":[{"taxonomy":"category","embeddable":true,"href":"https:\/\/www.oarcanjo.net\/site\/wp-json\/wp\/v2\/categories?post=11628"},{"taxonomy":"post_tag","embeddable":true,"href":"https:\/\/www.oarcanjo.net\/site\/wp-json\/wp\/v2\/tags?post=11628"}],"curies":[{"name":"wp","href":"https:\/\/api.w.org\/{rel}","templated":true}]}}