
{"id":11630,"date":"2017-11-05T08:43:36","date_gmt":"2017-11-05T10:43:36","guid":{"rendered":"http:\/\/www.oarcanjo.net\/site\/?p=11630"},"modified":"2017-08-11T14:59:37","modified_gmt":"2017-08-11T17:59:37","slug":"bem-aventurado-guido-maria-conforti","status":"publish","type":"post","link":"https:\/\/www.oarcanjo.net\/site\/bem-aventurado-guido-maria-conforti\/","title":{"rendered":"Bem Aventurado Guido Maria Conforti"},"content":{"rendered":"<p><img loading=\"lazy\" decoding=\"async\" src=\"http:\/\/upload.wikimedia.org\/wikipedia\/commons\/b\/ba\/Guido_Maria_Conforti.gif\" alt=\"\" width=\"359\" height=\"534\" \/><\/p>\n<p>5 de Novembro<\/p>\n<p>Fundou a Congrega\u00e7\u00e3o dos Mission\u00e1rios Xaverianos<\/p>\n<p>Guido Maria Conforti nasceu no dia 30 de mar\u00e7o de 1865, em Ravadese, prov\u00edncia de Parma, norte da It\u00e1lia. Filho de pais piedosos, foi educado no amor a Deus e ao pr\u00f3ximo. Concluiu o estudo elementar com irm\u00e3os das escolas crist\u00e3s. Nessa oportunidade, seu pai compreendeu que o sonho de ver o filho dirigindo os neg\u00f3cios agr\u00edcolas da fam\u00edlia jamais seria realizado. Guido tinha voca\u00e7\u00e3o para a vida religiosa.<\/p>\n<p>Assim, ingressou no semin\u00e1rio, estimulado pelos pais. L\u00e1, ap\u00f3s ler a biografia de s\u00e3o Francisco Xavier, foi a vez de Guido abra\u00e7ar um sonho: ir para a China, continuar a miss\u00e3o do santo. Aos dezessete anos de idade, enfrentou dificuldades de sa\u00fade, o mal da epilepsia, que quase o impediu de continuar. Rezou para Nossa Senhora com muita f\u00e9 e obteve a gra\u00e7a para superar a doen\u00e7a. Em 1888, recebeu a ordena\u00e7\u00e3o sacerdotal. Mas foi designado para professor do semin\u00e1rio e depois nomeado vice-reitor. O que fez o sonho das miss\u00f5es no Oriente permanecer adormecido no seu cora\u00e7\u00e3o.<\/p>\n<p>Aos vinte e oito anos, quando Guido Conforti j\u00e1 era c\u00f4nego da catedral de Parma, decidiu que era hora de executar seu sonho. Dois anos depois, em 1895, devido \u00e0 falta de recursos, fundou a Congrega\u00e7\u00e3o dos Mission\u00e1rios Xaverianos para a Evangeliza\u00e7\u00e3o dos N\u00e3o-Crist\u00e3os, hoje chamado apenas de Instituto Xaveriano. Nessa \u00e9poca, seu pai morreu e toda a heran\u00e7a que recebeu aplicou na sua Obra. Comprou uma casa, onde abrigou os primeiros dezessete seminaristas. N\u00e3o precisou aguardar muito, pois em mar\u00e7o de 1899 os dois primeiros xaverianos seguiram em miss\u00e3o para a China. Pouco depois, em 1902, o pr\u00f3prio fundador emitiu os votos religiosos e recebeu o h\u00e1bito dos xaverianos, em Roma, para dedicar-se s\u00f3 \u00e0s miss\u00f5es.<\/p>\n<p>Entretanto qual n\u00e3o foi sua surpresa ao ser nomeado arcebispo de Ravena. Obediente, Guido Conforti assumiu o posto. Um ano depois, por motivos de sa\u00fade, pediu \u00e0 Santa S\u00e9 para poder renunciar o cargo. Voltou para Parma, onde trabalhou na consolida\u00e7\u00e3o da sua Obra. Ocorre que o carisma do Instituto atendia plenamente os anseios da Igreja, que nesse per\u00edodo estava instalando a prefeitura apost\u00f3lica de Honan, na China. Foi ent\u00e3o que a Santa S\u00e9 confiou essa administra\u00e7\u00e3o ao Instituto Xaveriano, em 1906. Desde ent\u00e3o, pequenos grupos de mission\u00e1rios xaverianos come\u00e7aram a seguir para o Oriente.<\/p>\n<p>Em 1907, Guido Conforti foi novamente solicitado para o servi\u00e7o episcopal. Agora, como auxiliar do bispo de Parma, depois como seu sucessor. Administrou a diocese por vinte e cinco anos, numa intensa atividade: foram dois s\u00ednodos e cinco visitas pastorais nas trezentas par\u00f3quias. Enquanto isso o Instituto tamb\u00e9m se expandia por toda a It\u00e1lia.<br \/>\nA alegria estampava o rosto do fundador, quando, em 1912, na condi\u00e7\u00e3o de bispo de Parma, ele consagrou, naquela catedral, o primeiro bispo xaveriano, Luigi Calza, nomeado para Cheng-Chow, na China. O Instituto consolidava-se cada vez mais no mundo. Mas para que a Obra ficasse completa, ele criou, junto com padre Paulo Manna, a Uni\u00e3o Mission\u00e1ria do Clero, sendo eleito o primeiro presidente.<\/p>\n<p>Guido Conforti viajou s\u00f3 uma vez para a China, em 1928, para visitar e encorajar os seus filhos xaverianos. Depois de algum tempo, morreu, com apenas sessenta e seis anos, no dia 5 de novembro de 1931. Mas a sua Obra floresceu em 1945, quando foi fundado o Instituto das Mission\u00e1rias de Maria, ou xaverianas, pelo padre Giacomo Spagnolo e a leiga Celestina Bottego.<\/p>\n<p>Em 1996, o papa Jo\u00e3o Paulo II proclamou-o bem-aventurado. Atualmente, os xaverianos e as xaverianas dirigem e trabalham em v\u00e1rios pa\u00edses de todos os continentes, inclusive no Brasil. A festa do bem-aventurado Guido Maria Conforti ocorre no dia de sua morte.<\/p>\n<div id=\"themify_builder_content-11630\" data-postid=\"11630\" class=\"themify_builder_content themify_builder_content-11630 themify_builder themify_builder_front\">\n\t<\/div>\n<!-- \/themify_builder_content -->","protected":false},"excerpt":{"rendered":"<p>5 de Novembro Fundou a Congrega\u00e7\u00e3o dos Mission\u00e1rios Xaverianos Guido Maria Conforti nasceu no dia 30 de mar\u00e7o de 1865, em Ravadese, prov\u00edncia de Parma, norte da It\u00e1lia. Filho de pais piedosos, foi educado no amor a Deus e ao pr\u00f3ximo. Concluiu o estudo elementar com irm\u00e3os das escolas crist\u00e3s. Nessa oportunidade, seu pai compreendeu [&hellip;]<\/p>\n","protected":false},"author":14,"featured_media":0,"comment_status":"open","ping_status":"open","sticky":false,"template":"","format":"standard","meta":{"ngg_post_thumbnail":0,"footnotes":""},"categories":[186],"tags":[],"yoast_head":"<!-- This site is optimized with the Yoast SEO plugin v23.5 - https:\/\/yoast.com\/wordpress\/plugins\/seo\/ -->\n<title>Bem Aventurado Guido Maria Conforti - O Arcanjo no ar<\/title>\n<meta name=\"robots\" content=\"index, follow, max-snippet:-1, max-image-preview:large, max-video-preview:-1\" \/>\n<link rel=\"canonical\" href=\"https:\/\/www.oarcanjo.net\/site\/bem-aventurado-guido-maria-conforti\/\" \/>\n<meta property=\"og:locale\" content=\"pt_BR\" \/>\n<meta property=\"og:type\" content=\"article\" \/>\n<meta property=\"og:title\" content=\"Bem Aventurado Guido Maria Conforti - O Arcanjo no ar\" \/>\n<meta property=\"og:description\" content=\"5 de Novembro Fundou a Congrega\u00e7\u00e3o dos Mission\u00e1rios Xaverianos Guido Maria Conforti nasceu no dia 30 de mar\u00e7o de 1865, em Ravadese, prov\u00edncia de Parma, norte da It\u00e1lia. Filho de pais piedosos, foi educado no amor a Deus e ao pr\u00f3ximo. Concluiu o estudo elementar com irm\u00e3os das escolas crist\u00e3s. Nessa oportunidade, seu pai compreendeu [&hellip;]\" \/>\n<meta property=\"og:url\" content=\"https:\/\/www.oarcanjo.net\/site\/bem-aventurado-guido-maria-conforti\/\" \/>\n<meta property=\"og:site_name\" content=\"O Arcanjo no ar\" \/>\n<meta property=\"article:publisher\" content=\"https:\/\/www.facebook.com\/OArcanjoNoAr\/\" \/>\n<meta property=\"article:published_time\" content=\"2017-11-05T10:43:36+00:00\" \/>\n<meta property=\"article:modified_time\" content=\"2017-08-11T17:59:37+00:00\" \/>\n<meta property=\"og:image\" content=\"http:\/\/upload.wikimedia.org\/wikipedia\/commons\/b\/ba\/Guido_Maria_Conforti.gif\" \/>\n<meta name=\"author\" content=\"danilo\" \/>\n<meta name=\"twitter:card\" content=\"summary_large_image\" \/>\n<meta name=\"twitter:label1\" content=\"Escrito por\" \/>\n\t<meta name=\"twitter:data1\" content=\"danilo\" \/>\n\t<meta name=\"twitter:label2\" content=\"Est. tempo de leitura\" \/>\n\t<meta name=\"twitter:data2\" content=\"3 minutos\" \/>\n<script type=\"application\/ld+json\" class=\"yoast-schema-graph\">{\"@context\":\"https:\/\/schema.org\",\"@graph\":[{\"@type\":\"Article\",\"@id\":\"https:\/\/www.oarcanjo.net\/site\/bem-aventurado-guido-maria-conforti\/#article\",\"isPartOf\":{\"@id\":\"https:\/\/www.oarcanjo.net\/site\/bem-aventurado-guido-maria-conforti\/\"},\"author\":{\"name\":\"danilo\",\"@id\":\"https:\/\/www.oarcanjo.net\/site\/#\/schema\/person\/5eb9480bedd2f3c97e430ce128c29c6c\"},\"headline\":\"Bem Aventurado Guido Maria Conforti\",\"datePublished\":\"2017-11-05T10:43:36+00:00\",\"dateModified\":\"2017-08-11T17:59:37+00:00\",\"mainEntityOfPage\":{\"@id\":\"https:\/\/www.oarcanjo.net\/site\/bem-aventurado-guido-maria-conforti\/\"},\"wordCount\":657,\"commentCount\":0,\"publisher\":{\"@id\":\"https:\/\/www.oarcanjo.net\/site\/#organization\"},\"image\":{\"@id\":\"https:\/\/www.oarcanjo.net\/site\/bem-aventurado-guido-maria-conforti\/#primaryimage\"},\"thumbnailUrl\":\"http:\/\/upload.wikimedia.org\/wikipedia\/commons\/b\/ba\/Guido_Maria_Conforti.gif\",\"articleSection\":[\"Testemunhos\"],\"inLanguage\":\"pt-BR\",\"potentialAction\":[{\"@type\":\"CommentAction\",\"name\":\"Comment\",\"target\":[\"https:\/\/www.oarcanjo.net\/site\/bem-aventurado-guido-maria-conforti\/#respond\"]}]},{\"@type\":\"WebPage\",\"@id\":\"https:\/\/www.oarcanjo.net\/site\/bem-aventurado-guido-maria-conforti\/\",\"url\":\"https:\/\/www.oarcanjo.net\/site\/bem-aventurado-guido-maria-conforti\/\",\"name\":\"Bem Aventurado Guido Maria Conforti - O Arcanjo no ar\",\"isPartOf\":{\"@id\":\"https:\/\/www.oarcanjo.net\/site\/#website\"},\"primaryImageOfPage\":{\"@id\":\"https:\/\/www.oarcanjo.net\/site\/bem-aventurado-guido-maria-conforti\/#primaryimage\"},\"image\":{\"@id\":\"https:\/\/www.oarcanjo.net\/site\/bem-aventurado-guido-maria-conforti\/#primaryimage\"},\"thumbnailUrl\":\"http:\/\/upload.wikimedia.org\/wikipedia\/commons\/b\/ba\/Guido_Maria_Conforti.gif\",\"datePublished\":\"2017-11-05T10:43:36+00:00\",\"dateModified\":\"2017-08-11T17:59:37+00:00\",\"breadcrumb\":{\"@id\":\"https:\/\/www.oarcanjo.net\/site\/bem-aventurado-guido-maria-conforti\/#breadcrumb\"},\"inLanguage\":\"pt-BR\",\"potentialAction\":[{\"@type\":\"ReadAction\",\"target\":[\"https:\/\/www.oarcanjo.net\/site\/bem-aventurado-guido-maria-conforti\/\"]}]},{\"@type\":\"ImageObject\",\"inLanguage\":\"pt-BR\",\"@id\":\"https:\/\/www.oarcanjo.net\/site\/bem-aventurado-guido-maria-conforti\/#primaryimage\",\"url\":\"http:\/\/upload.wikimedia.org\/wikipedia\/commons\/b\/ba\/Guido_Maria_Conforti.gif\",\"contentUrl\":\"http:\/\/upload.wikimedia.org\/wikipedia\/commons\/b\/ba\/Guido_Maria_Conforti.gif\"},{\"@type\":\"BreadcrumbList\",\"@id\":\"https:\/\/www.oarcanjo.net\/site\/bem-aventurado-guido-maria-conforti\/#breadcrumb\",\"itemListElement\":[{\"@type\":\"ListItem\",\"position\":1,\"name\":\"In\u00edcio\",\"item\":\"https:\/\/www.oarcanjo.net\/site\/\"},{\"@type\":\"ListItem\",\"position\":2,\"name\":\"Bem Aventurado Guido Maria Conforti\"}]},{\"@type\":\"WebSite\",\"@id\":\"https:\/\/www.oarcanjo.net\/site\/#website\",\"url\":\"https:\/\/www.oarcanjo.net\/site\/\",\"name\":\"O Arcanjo no ar\",\"description\":\"Site da Par\u00f3quia S\u00e3o Miguel Arcanjo (Arquidiocese de SP)\",\"publisher\":{\"@id\":\"https:\/\/www.oarcanjo.net\/site\/#organization\"},\"potentialAction\":[{\"@type\":\"SearchAction\",\"target\":{\"@type\":\"EntryPoint\",\"urlTemplate\":\"https:\/\/www.oarcanjo.net\/site\/?s={search_term_string}\"},\"query-input\":{\"@type\":\"PropertyValueSpecification\",\"valueRequired\":true,\"valueName\":\"search_term_string\"}}],\"inLanguage\":\"pt-BR\"},{\"@type\":\"Organization\",\"@id\":\"https:\/\/www.oarcanjo.net\/site\/#organization\",\"name\":\"Par\u00f3quia S\u00e3o Miguel Arcanjo\",\"url\":\"https:\/\/www.oarcanjo.net\/site\/\",\"logo\":{\"@type\":\"ImageObject\",\"inLanguage\":\"pt-BR\",\"@id\":\"https:\/\/www.oarcanjo.net\/site\/#\/schema\/logo\/image\/\",\"url\":\"https:\/\/www.oarcanjo.net\/site\/wp-content\/uploads\/LogoOArcanjo.png\",\"contentUrl\":\"https:\/\/www.oarcanjo.net\/site\/wp-content\/uploads\/LogoOArcanjo.png\",\"width\":319,\"height\":99,\"caption\":\"Par\u00f3quia S\u00e3o Miguel Arcanjo\"},\"image\":{\"@id\":\"https:\/\/www.oarcanjo.net\/site\/#\/schema\/logo\/image\/\"},\"sameAs\":[\"https:\/\/www.facebook.com\/OArcanjoNoAr\/\"]},{\"@type\":\"Person\",\"@id\":\"https:\/\/www.oarcanjo.net\/site\/#\/schema\/person\/5eb9480bedd2f3c97e430ce128c29c6c\",\"name\":\"danilo\"}]}<\/script>\n<!-- \/ Yoast SEO plugin. -->","yoast_head_json":{"title":"Bem Aventurado Guido Maria Conforti - O Arcanjo no ar","robots":{"index":"index","follow":"follow","max-snippet":"max-snippet:-1","max-image-preview":"max-image-preview:large","max-video-preview":"max-video-preview:-1"},"canonical":"https:\/\/www.oarcanjo.net\/site\/bem-aventurado-guido-maria-conforti\/","og_locale":"pt_BR","og_type":"article","og_title":"Bem Aventurado Guido Maria Conforti - O Arcanjo no ar","og_description":"5 de Novembro Fundou a Congrega\u00e7\u00e3o dos Mission\u00e1rios Xaverianos Guido Maria Conforti nasceu no dia 30 de mar\u00e7o de 1865, em Ravadese, prov\u00edncia de Parma, norte da It\u00e1lia. Filho de pais piedosos, foi educado no amor a Deus e ao pr\u00f3ximo. Concluiu o estudo elementar com irm\u00e3os das escolas crist\u00e3s. Nessa oportunidade, seu pai compreendeu [&hellip;]","og_url":"https:\/\/www.oarcanjo.net\/site\/bem-aventurado-guido-maria-conforti\/","og_site_name":"O Arcanjo no ar","article_publisher":"https:\/\/www.facebook.com\/OArcanjoNoAr\/","article_published_time":"2017-11-05T10:43:36+00:00","article_modified_time":"2017-08-11T17:59:37+00:00","og_image":[{"url":"http:\/\/upload.wikimedia.org\/wikipedia\/commons\/b\/ba\/Guido_Maria_Conforti.gif"}],"author":"danilo","twitter_card":"summary_large_image","twitter_misc":{"Escrito por":"danilo","Est. tempo de leitura":"3 minutos"},"schema":{"@context":"https:\/\/schema.org","@graph":[{"@type":"Article","@id":"https:\/\/www.oarcanjo.net\/site\/bem-aventurado-guido-maria-conforti\/#article","isPartOf":{"@id":"https:\/\/www.oarcanjo.net\/site\/bem-aventurado-guido-maria-conforti\/"},"author":{"name":"danilo","@id":"https:\/\/www.oarcanjo.net\/site\/#\/schema\/person\/5eb9480bedd2f3c97e430ce128c29c6c"},"headline":"Bem Aventurado Guido Maria Conforti","datePublished":"2017-11-05T10:43:36+00:00","dateModified":"2017-08-11T17:59:37+00:00","mainEntityOfPage":{"@id":"https:\/\/www.oarcanjo.net\/site\/bem-aventurado-guido-maria-conforti\/"},"wordCount":657,"commentCount":0,"publisher":{"@id":"https:\/\/www.oarcanjo.net\/site\/#organization"},"image":{"@id":"https:\/\/www.oarcanjo.net\/site\/bem-aventurado-guido-maria-conforti\/#primaryimage"},"thumbnailUrl":"http:\/\/upload.wikimedia.org\/wikipedia\/commons\/b\/ba\/Guido_Maria_Conforti.gif","articleSection":["Testemunhos"],"inLanguage":"pt-BR","potentialAction":[{"@type":"CommentAction","name":"Comment","target":["https:\/\/www.oarcanjo.net\/site\/bem-aventurado-guido-maria-conforti\/#respond"]}]},{"@type":"WebPage","@id":"https:\/\/www.oarcanjo.net\/site\/bem-aventurado-guido-maria-conforti\/","url":"https:\/\/www.oarcanjo.net\/site\/bem-aventurado-guido-maria-conforti\/","name":"Bem Aventurado Guido Maria Conforti - O Arcanjo no ar","isPartOf":{"@id":"https:\/\/www.oarcanjo.net\/site\/#website"},"primaryImageOfPage":{"@id":"https:\/\/www.oarcanjo.net\/site\/bem-aventurado-guido-maria-conforti\/#primaryimage"},"image":{"@id":"https:\/\/www.oarcanjo.net\/site\/bem-aventurado-guido-maria-conforti\/#primaryimage"},"thumbnailUrl":"http:\/\/upload.wikimedia.org\/wikipedia\/commons\/b\/ba\/Guido_Maria_Conforti.gif","datePublished":"2017-11-05T10:43:36+00:00","dateModified":"2017-08-11T17:59:37+00:00","breadcrumb":{"@id":"https:\/\/www.oarcanjo.net\/site\/bem-aventurado-guido-maria-conforti\/#breadcrumb"},"inLanguage":"pt-BR","potentialAction":[{"@type":"ReadAction","target":["https:\/\/www.oarcanjo.net\/site\/bem-aventurado-guido-maria-conforti\/"]}]},{"@type":"ImageObject","inLanguage":"pt-BR","@id":"https:\/\/www.oarcanjo.net\/site\/bem-aventurado-guido-maria-conforti\/#primaryimage","url":"http:\/\/upload.wikimedia.org\/wikipedia\/commons\/b\/ba\/Guido_Maria_Conforti.gif","contentUrl":"http:\/\/upload.wikimedia.org\/wikipedia\/commons\/b\/ba\/Guido_Maria_Conforti.gif"},{"@type":"BreadcrumbList","@id":"https:\/\/www.oarcanjo.net\/site\/bem-aventurado-guido-maria-conforti\/#breadcrumb","itemListElement":[{"@type":"ListItem","position":1,"name":"In\u00edcio","item":"https:\/\/www.oarcanjo.net\/site\/"},{"@type":"ListItem","position":2,"name":"Bem Aventurado Guido Maria Conforti"}]},{"@type":"WebSite","@id":"https:\/\/www.oarcanjo.net\/site\/#website","url":"https:\/\/www.oarcanjo.net\/site\/","name":"O Arcanjo no ar","description":"Site da Par\u00f3quia S\u00e3o Miguel Arcanjo (Arquidiocese de SP)","publisher":{"@id":"https:\/\/www.oarcanjo.net\/site\/#organization"},"potentialAction":[{"@type":"SearchAction","target":{"@type":"EntryPoint","urlTemplate":"https:\/\/www.oarcanjo.net\/site\/?s={search_term_string}"},"query-input":{"@type":"PropertyValueSpecification","valueRequired":true,"valueName":"search_term_string"}}],"inLanguage":"pt-BR"},{"@type":"Organization","@id":"https:\/\/www.oarcanjo.net\/site\/#organization","name":"Par\u00f3quia S\u00e3o Miguel Arcanjo","url":"https:\/\/www.oarcanjo.net\/site\/","logo":{"@type":"ImageObject","inLanguage":"pt-BR","@id":"https:\/\/www.oarcanjo.net\/site\/#\/schema\/logo\/image\/","url":"https:\/\/www.oarcanjo.net\/site\/wp-content\/uploads\/LogoOArcanjo.png","contentUrl":"https:\/\/www.oarcanjo.net\/site\/wp-content\/uploads\/LogoOArcanjo.png","width":319,"height":99,"caption":"Par\u00f3quia S\u00e3o Miguel Arcanjo"},"image":{"@id":"https:\/\/www.oarcanjo.net\/site\/#\/schema\/logo\/image\/"},"sameAs":["https:\/\/www.facebook.com\/OArcanjoNoAr\/"]},{"@type":"Person","@id":"https:\/\/www.oarcanjo.net\/site\/#\/schema\/person\/5eb9480bedd2f3c97e430ce128c29c6c","name":"danilo"}]}},"publishpress_future_action":{"enabled":false,"date":"2026-05-07 21:40:10","action":"category","newStatus":"draft","terms":[],"taxonomy":"category"},"publishpress_future_workflow_manual_trigger":{"enabledWorkflows":[]},"_links":{"self":[{"href":"https:\/\/www.oarcanjo.net\/site\/wp-json\/wp\/v2\/posts\/11630"}],"collection":[{"href":"https:\/\/www.oarcanjo.net\/site\/wp-json\/wp\/v2\/posts"}],"about":[{"href":"https:\/\/www.oarcanjo.net\/site\/wp-json\/wp\/v2\/types\/post"}],"author":[{"embeddable":true,"href":"https:\/\/www.oarcanjo.net\/site\/wp-json\/wp\/v2\/users\/14"}],"replies":[{"embeddable":true,"href":"https:\/\/www.oarcanjo.net\/site\/wp-json\/wp\/v2\/comments?post=11630"}],"version-history":[{"count":0,"href":"https:\/\/www.oarcanjo.net\/site\/wp-json\/wp\/v2\/posts\/11630\/revisions"}],"wp:attachment":[{"href":"https:\/\/www.oarcanjo.net\/site\/wp-json\/wp\/v2\/media?parent=11630"}],"wp:term":[{"taxonomy":"category","embeddable":true,"href":"https:\/\/www.oarcanjo.net\/site\/wp-json\/wp\/v2\/categories?post=11630"},{"taxonomy":"post_tag","embeddable":true,"href":"https:\/\/www.oarcanjo.net\/site\/wp-json\/wp\/v2\/tags?post=11630"}],"curies":[{"name":"wp","href":"https:\/\/api.w.org\/{rel}","templated":true}]}}