
{"id":11637,"date":"2017-11-06T00:50:00","date_gmt":"2017-11-06T02:50:00","guid":{"rendered":"http:\/\/www.oarcanjo.net\/site\/?p=11637"},"modified":"2017-08-11T14:59:33","modified_gmt":"2017-08-11T17:59:33","slug":"sao-leonardo-de-noblac","status":"publish","type":"post","link":"https:\/\/www.oarcanjo.net\/site\/sao-leonardo-de-noblac\/","title":{"rendered":"S\u00e3o Leonardo de Noblac"},"content":{"rendered":"<p><img decoding=\"async\" src=\"http:\/\/4.bp.blogspot.com\/_H_QQWfUIxFY\/SvCk6kMHGHI\/AAAAAAAAAkc\/DAZceLn5YvE\/s400\/Leonardo+de+Noblac+Santo.jpg\" alt=\"\" \/><\/p>\n<p>6 de Novembro<\/p>\n<p>Leonardo, filho de nobres da Corte de Fran\u00e7a, nasceu no ano 491, quando o imperador era Anast\u00e1cio. Segundo narrativas, o rei Clodoveu era seu padrinho de batismo. Na juventude, Leonardo n\u00e3o quis seguir a carreira das armas, por isso o seu padrinho quis consagr\u00e1-lo seu bispo. Leonardo n\u00e3o aceitou, preferiu ficar ao lado de s\u00e3o Rem\u00edgio, ent\u00e3o bispo de Reims. Mas pediu um privil\u00e9gio, s\u00f3 destinado aos bispos: poder libertar os prisioneiros que viesse encontrar encarcerados, no que foi prontamente atendido.<\/p>\n<p>S\u00f3 mais tarde Leonardo decidiu ingressar num mosteiro para dedicar-se totalmente \u00e0 vida religiosa. Primeiro, esteve no de S\u00e3o Maximino em Micy. Depois, foi para um antigo, fundado por santo Eusp\u00edcio, perto de Orleans. J\u00e1 sacerdote, foi enviado a Berry, onde converteu muitos pag\u00e3os.<\/p>\n<p>Mais tarde, buscou o isolamento para meditar e viver sua f\u00e9 na ora\u00e7\u00e3o. Encontrou o lugar certo para isso num bosque afastado, perto de Limonges. L\u00e1, havia apenas uma casa tosca e simples, que lhe servia de morada. O seu ermo virou ponto de visita\u00e7\u00e3o de mais e mais pessoas que buscavam seus conselhos, ora\u00e7\u00f5es e consolo.<\/p>\n<p>Certo dia, sua solid\u00e3o foi interrompida de um modo especial. A chegada do rei Clodoveu, que praticava uma ca\u00e7ada, acompanhado da rainha Clotilde, ent\u00e3o gr\u00e1vida, e que nessa ocasi\u00e3o foi surpreendida pelas dores do parto. O rei, aflito, buscou os cuidados de Leonardo, que eliminou as dores com suas ora\u00e7\u00f5es e conduziu o nascimento de um lindo menino horas depois. Como recompensa, o rei Clodoveu doou aquelas terras a Leonardo.<\/p>\n<p>No local, que ele chamou de &#8220;Nobiliacum&#8221;, para lembrar o gesto nobil\u00edssimo do seu padrinho, ergueu um altar a Nossa Senhora, que, aos poucos, tornou-se uma intensa e fervorosa comunidade religiosa, culminando com a constru\u00e7\u00e3o do Mosteiro de Noblac.<\/p>\n<p>Diz a tradi\u00e7\u00e3o que o monge Leonardo s\u00f3 deixava o mosteiro quando alguma miss\u00e3o o exigia, especialmente quando se tratava de resgatar e converter os pag\u00e3os encarcerados. E ainda, ele teria sido visto libertando nobres franceses que estavam prisioneiros dos turcos mu\u00e7ulmanos invasores. O prod\u00edgio teria ocorrido por volta do ano 1000, muitos s\u00e9culos depois de sua morte, em 6 de novembro de 545.<\/p>\n<p>O culto de s\u00e3o Leonardo de Noblac, uma das devo\u00e7\u00f5es mais antigas dos fi\u00e9is franceses, propagou-se em todo o mundo crist\u00e3o e foi reconhecido pela Igreja. A festa ocorre no dia 6 de novembro, considerado o dia de sua morte<\/p>\n<div id=\"themify_builder_content-11637\" data-postid=\"11637\" class=\"themify_builder_content themify_builder_content-11637 themify_builder themify_builder_front\">\n\t<\/div>\n<!-- \/themify_builder_content -->","protected":false},"excerpt":{"rendered":"<p>6 de Novembro Leonardo, filho de nobres da Corte de Fran\u00e7a, nasceu no ano 491, quando o imperador era Anast\u00e1cio. Segundo narrativas, o rei Clodoveu era seu padrinho de batismo. Na juventude, Leonardo n\u00e3o quis seguir a carreira das armas, por isso o seu padrinho quis consagr\u00e1-lo seu bispo. Leonardo n\u00e3o aceitou, preferiu ficar ao [&hellip;]<\/p>\n","protected":false},"author":14,"featured_media":0,"comment_status":"open","ping_status":"open","sticky":false,"template":"","format":"standard","meta":{"ngg_post_thumbnail":0,"footnotes":""},"categories":[186],"tags":[],"yoast_head":"<!-- This site is optimized with the Yoast SEO plugin v23.5 - https:\/\/yoast.com\/wordpress\/plugins\/seo\/ -->\n<title>S\u00e3o Leonardo de Noblac - O Arcanjo no ar<\/title>\n<meta name=\"robots\" content=\"index, follow, max-snippet:-1, max-image-preview:large, max-video-preview:-1\" \/>\n<link rel=\"canonical\" href=\"https:\/\/www.oarcanjo.net\/site\/sao-leonardo-de-noblac\/\" \/>\n<meta property=\"og:locale\" content=\"pt_BR\" \/>\n<meta property=\"og:type\" content=\"article\" \/>\n<meta property=\"og:title\" content=\"S\u00e3o Leonardo de Noblac - O Arcanjo no ar\" \/>\n<meta property=\"og:description\" content=\"6 de Novembro Leonardo, filho de nobres da Corte de Fran\u00e7a, nasceu no ano 491, quando o imperador era Anast\u00e1cio. Segundo narrativas, o rei Clodoveu era seu padrinho de batismo. Na juventude, Leonardo n\u00e3o quis seguir a carreira das armas, por isso o seu padrinho quis consagr\u00e1-lo seu bispo. Leonardo n\u00e3o aceitou, preferiu ficar ao [&hellip;]\" \/>\n<meta property=\"og:url\" content=\"https:\/\/www.oarcanjo.net\/site\/sao-leonardo-de-noblac\/\" \/>\n<meta property=\"og:site_name\" content=\"O Arcanjo no ar\" \/>\n<meta property=\"article:publisher\" content=\"https:\/\/www.facebook.com\/OArcanjoNoAr\/\" \/>\n<meta property=\"article:published_time\" content=\"2017-11-06T02:50:00+00:00\" \/>\n<meta property=\"article:modified_time\" content=\"2017-08-11T17:59:33+00:00\" \/>\n<meta property=\"og:image\" content=\"http:\/\/4.bp.blogspot.com\/_H_QQWfUIxFY\/SvCk6kMHGHI\/AAAAAAAAAkc\/DAZceLn5YvE\/s400\/Leonardo+de+Noblac+Santo.jpg\" \/>\n<meta name=\"author\" content=\"danilo\" \/>\n<meta name=\"twitter:card\" content=\"summary_large_image\" \/>\n<meta name=\"twitter:label1\" content=\"Escrito por\" \/>\n\t<meta name=\"twitter:data1\" content=\"danilo\" \/>\n\t<meta name=\"twitter:label2\" content=\"Est. tempo de leitura\" \/>\n\t<meta name=\"twitter:data2\" content=\"2 minutos\" \/>\n<script type=\"application\/ld+json\" class=\"yoast-schema-graph\">{\"@context\":\"https:\/\/schema.org\",\"@graph\":[{\"@type\":\"Article\",\"@id\":\"https:\/\/www.oarcanjo.net\/site\/sao-leonardo-de-noblac\/#article\",\"isPartOf\":{\"@id\":\"https:\/\/www.oarcanjo.net\/site\/sao-leonardo-de-noblac\/\"},\"author\":{\"name\":\"danilo\",\"@id\":\"https:\/\/www.oarcanjo.net\/site\/#\/schema\/person\/5eb9480bedd2f3c97e430ce128c29c6c\"},\"headline\":\"S\u00e3o Leonardo de Noblac\",\"datePublished\":\"2017-11-06T02:50:00+00:00\",\"dateModified\":\"2017-08-11T17:59:33+00:00\",\"mainEntityOfPage\":{\"@id\":\"https:\/\/www.oarcanjo.net\/site\/sao-leonardo-de-noblac\/\"},\"wordCount\":429,\"commentCount\":0,\"publisher\":{\"@id\":\"https:\/\/www.oarcanjo.net\/site\/#organization\"},\"image\":{\"@id\":\"https:\/\/www.oarcanjo.net\/site\/sao-leonardo-de-noblac\/#primaryimage\"},\"thumbnailUrl\":\"http:\/\/4.bp.blogspot.com\/_H_QQWfUIxFY\/SvCk6kMHGHI\/AAAAAAAAAkc\/DAZceLn5YvE\/s400\/Leonardo+de+Noblac+Santo.jpg\",\"articleSection\":[\"Testemunhos\"],\"inLanguage\":\"pt-BR\",\"potentialAction\":[{\"@type\":\"CommentAction\",\"name\":\"Comment\",\"target\":[\"https:\/\/www.oarcanjo.net\/site\/sao-leonardo-de-noblac\/#respond\"]}]},{\"@type\":\"WebPage\",\"@id\":\"https:\/\/www.oarcanjo.net\/site\/sao-leonardo-de-noblac\/\",\"url\":\"https:\/\/www.oarcanjo.net\/site\/sao-leonardo-de-noblac\/\",\"name\":\"S\u00e3o Leonardo de Noblac - O Arcanjo no ar\",\"isPartOf\":{\"@id\":\"https:\/\/www.oarcanjo.net\/site\/#website\"},\"primaryImageOfPage\":{\"@id\":\"https:\/\/www.oarcanjo.net\/site\/sao-leonardo-de-noblac\/#primaryimage\"},\"image\":{\"@id\":\"https:\/\/www.oarcanjo.net\/site\/sao-leonardo-de-noblac\/#primaryimage\"},\"thumbnailUrl\":\"http:\/\/4.bp.blogspot.com\/_H_QQWfUIxFY\/SvCk6kMHGHI\/AAAAAAAAAkc\/DAZceLn5YvE\/s400\/Leonardo+de+Noblac+Santo.jpg\",\"datePublished\":\"2017-11-06T02:50:00+00:00\",\"dateModified\":\"2017-08-11T17:59:33+00:00\",\"breadcrumb\":{\"@id\":\"https:\/\/www.oarcanjo.net\/site\/sao-leonardo-de-noblac\/#breadcrumb\"},\"inLanguage\":\"pt-BR\",\"potentialAction\":[{\"@type\":\"ReadAction\",\"target\":[\"https:\/\/www.oarcanjo.net\/site\/sao-leonardo-de-noblac\/\"]}]},{\"@type\":\"ImageObject\",\"inLanguage\":\"pt-BR\",\"@id\":\"https:\/\/www.oarcanjo.net\/site\/sao-leonardo-de-noblac\/#primaryimage\",\"url\":\"http:\/\/4.bp.blogspot.com\/_H_QQWfUIxFY\/SvCk6kMHGHI\/AAAAAAAAAkc\/DAZceLn5YvE\/s400\/Leonardo+de+Noblac+Santo.jpg\",\"contentUrl\":\"http:\/\/4.bp.blogspot.com\/_H_QQWfUIxFY\/SvCk6kMHGHI\/AAAAAAAAAkc\/DAZceLn5YvE\/s400\/Leonardo+de+Noblac+Santo.jpg\"},{\"@type\":\"BreadcrumbList\",\"@id\":\"https:\/\/www.oarcanjo.net\/site\/sao-leonardo-de-noblac\/#breadcrumb\",\"itemListElement\":[{\"@type\":\"ListItem\",\"position\":1,\"name\":\"In\u00edcio\",\"item\":\"https:\/\/www.oarcanjo.net\/site\/\"},{\"@type\":\"ListItem\",\"position\":2,\"name\":\"S\u00e3o Leonardo de Noblac\"}]},{\"@type\":\"WebSite\",\"@id\":\"https:\/\/www.oarcanjo.net\/site\/#website\",\"url\":\"https:\/\/www.oarcanjo.net\/site\/\",\"name\":\"O Arcanjo no ar\",\"description\":\"Site da Par\u00f3quia S\u00e3o Miguel Arcanjo (Arquidiocese de SP)\",\"publisher\":{\"@id\":\"https:\/\/www.oarcanjo.net\/site\/#organization\"},\"potentialAction\":[{\"@type\":\"SearchAction\",\"target\":{\"@type\":\"EntryPoint\",\"urlTemplate\":\"https:\/\/www.oarcanjo.net\/site\/?s={search_term_string}\"},\"query-input\":{\"@type\":\"PropertyValueSpecification\",\"valueRequired\":true,\"valueName\":\"search_term_string\"}}],\"inLanguage\":\"pt-BR\"},{\"@type\":\"Organization\",\"@id\":\"https:\/\/www.oarcanjo.net\/site\/#organization\",\"name\":\"Par\u00f3quia S\u00e3o Miguel Arcanjo\",\"url\":\"https:\/\/www.oarcanjo.net\/site\/\",\"logo\":{\"@type\":\"ImageObject\",\"inLanguage\":\"pt-BR\",\"@id\":\"https:\/\/www.oarcanjo.net\/site\/#\/schema\/logo\/image\/\",\"url\":\"https:\/\/www.oarcanjo.net\/site\/wp-content\/uploads\/LogoOArcanjo.png\",\"contentUrl\":\"https:\/\/www.oarcanjo.net\/site\/wp-content\/uploads\/LogoOArcanjo.png\",\"width\":319,\"height\":99,\"caption\":\"Par\u00f3quia S\u00e3o Miguel Arcanjo\"},\"image\":{\"@id\":\"https:\/\/www.oarcanjo.net\/site\/#\/schema\/logo\/image\/\"},\"sameAs\":[\"https:\/\/www.facebook.com\/OArcanjoNoAr\/\"]},{\"@type\":\"Person\",\"@id\":\"https:\/\/www.oarcanjo.net\/site\/#\/schema\/person\/5eb9480bedd2f3c97e430ce128c29c6c\",\"name\":\"danilo\"}]}<\/script>\n<!-- \/ Yoast SEO plugin. -->","yoast_head_json":{"title":"S\u00e3o Leonardo de Noblac - O Arcanjo no ar","robots":{"index":"index","follow":"follow","max-snippet":"max-snippet:-1","max-image-preview":"max-image-preview:large","max-video-preview":"max-video-preview:-1"},"canonical":"https:\/\/www.oarcanjo.net\/site\/sao-leonardo-de-noblac\/","og_locale":"pt_BR","og_type":"article","og_title":"S\u00e3o Leonardo de Noblac - O Arcanjo no ar","og_description":"6 de Novembro Leonardo, filho de nobres da Corte de Fran\u00e7a, nasceu no ano 491, quando o imperador era Anast\u00e1cio. Segundo narrativas, o rei Clodoveu era seu padrinho de batismo. Na juventude, Leonardo n\u00e3o quis seguir a carreira das armas, por isso o seu padrinho quis consagr\u00e1-lo seu bispo. Leonardo n\u00e3o aceitou, preferiu ficar ao [&hellip;]","og_url":"https:\/\/www.oarcanjo.net\/site\/sao-leonardo-de-noblac\/","og_site_name":"O Arcanjo no ar","article_publisher":"https:\/\/www.facebook.com\/OArcanjoNoAr\/","article_published_time":"2017-11-06T02:50:00+00:00","article_modified_time":"2017-08-11T17:59:33+00:00","og_image":[{"url":"http:\/\/4.bp.blogspot.com\/_H_QQWfUIxFY\/SvCk6kMHGHI\/AAAAAAAAAkc\/DAZceLn5YvE\/s400\/Leonardo+de+Noblac+Santo.jpg"}],"author":"danilo","twitter_card":"summary_large_image","twitter_misc":{"Escrito por":"danilo","Est. tempo de leitura":"2 minutos"},"schema":{"@context":"https:\/\/schema.org","@graph":[{"@type":"Article","@id":"https:\/\/www.oarcanjo.net\/site\/sao-leonardo-de-noblac\/#article","isPartOf":{"@id":"https:\/\/www.oarcanjo.net\/site\/sao-leonardo-de-noblac\/"},"author":{"name":"danilo","@id":"https:\/\/www.oarcanjo.net\/site\/#\/schema\/person\/5eb9480bedd2f3c97e430ce128c29c6c"},"headline":"S\u00e3o Leonardo de Noblac","datePublished":"2017-11-06T02:50:00+00:00","dateModified":"2017-08-11T17:59:33+00:00","mainEntityOfPage":{"@id":"https:\/\/www.oarcanjo.net\/site\/sao-leonardo-de-noblac\/"},"wordCount":429,"commentCount":0,"publisher":{"@id":"https:\/\/www.oarcanjo.net\/site\/#organization"},"image":{"@id":"https:\/\/www.oarcanjo.net\/site\/sao-leonardo-de-noblac\/#primaryimage"},"thumbnailUrl":"http:\/\/4.bp.blogspot.com\/_H_QQWfUIxFY\/SvCk6kMHGHI\/AAAAAAAAAkc\/DAZceLn5YvE\/s400\/Leonardo+de+Noblac+Santo.jpg","articleSection":["Testemunhos"],"inLanguage":"pt-BR","potentialAction":[{"@type":"CommentAction","name":"Comment","target":["https:\/\/www.oarcanjo.net\/site\/sao-leonardo-de-noblac\/#respond"]}]},{"@type":"WebPage","@id":"https:\/\/www.oarcanjo.net\/site\/sao-leonardo-de-noblac\/","url":"https:\/\/www.oarcanjo.net\/site\/sao-leonardo-de-noblac\/","name":"S\u00e3o Leonardo de Noblac - O Arcanjo no ar","isPartOf":{"@id":"https:\/\/www.oarcanjo.net\/site\/#website"},"primaryImageOfPage":{"@id":"https:\/\/www.oarcanjo.net\/site\/sao-leonardo-de-noblac\/#primaryimage"},"image":{"@id":"https:\/\/www.oarcanjo.net\/site\/sao-leonardo-de-noblac\/#primaryimage"},"thumbnailUrl":"http:\/\/4.bp.blogspot.com\/_H_QQWfUIxFY\/SvCk6kMHGHI\/AAAAAAAAAkc\/DAZceLn5YvE\/s400\/Leonardo+de+Noblac+Santo.jpg","datePublished":"2017-11-06T02:50:00+00:00","dateModified":"2017-08-11T17:59:33+00:00","breadcrumb":{"@id":"https:\/\/www.oarcanjo.net\/site\/sao-leonardo-de-noblac\/#breadcrumb"},"inLanguage":"pt-BR","potentialAction":[{"@type":"ReadAction","target":["https:\/\/www.oarcanjo.net\/site\/sao-leonardo-de-noblac\/"]}]},{"@type":"ImageObject","inLanguage":"pt-BR","@id":"https:\/\/www.oarcanjo.net\/site\/sao-leonardo-de-noblac\/#primaryimage","url":"http:\/\/4.bp.blogspot.com\/_H_QQWfUIxFY\/SvCk6kMHGHI\/AAAAAAAAAkc\/DAZceLn5YvE\/s400\/Leonardo+de+Noblac+Santo.jpg","contentUrl":"http:\/\/4.bp.blogspot.com\/_H_QQWfUIxFY\/SvCk6kMHGHI\/AAAAAAAAAkc\/DAZceLn5YvE\/s400\/Leonardo+de+Noblac+Santo.jpg"},{"@type":"BreadcrumbList","@id":"https:\/\/www.oarcanjo.net\/site\/sao-leonardo-de-noblac\/#breadcrumb","itemListElement":[{"@type":"ListItem","position":1,"name":"In\u00edcio","item":"https:\/\/www.oarcanjo.net\/site\/"},{"@type":"ListItem","position":2,"name":"S\u00e3o Leonardo de Noblac"}]},{"@type":"WebSite","@id":"https:\/\/www.oarcanjo.net\/site\/#website","url":"https:\/\/www.oarcanjo.net\/site\/","name":"O Arcanjo no ar","description":"Site da Par\u00f3quia S\u00e3o Miguel Arcanjo (Arquidiocese de SP)","publisher":{"@id":"https:\/\/www.oarcanjo.net\/site\/#organization"},"potentialAction":[{"@type":"SearchAction","target":{"@type":"EntryPoint","urlTemplate":"https:\/\/www.oarcanjo.net\/site\/?s={search_term_string}"},"query-input":{"@type":"PropertyValueSpecification","valueRequired":true,"valueName":"search_term_string"}}],"inLanguage":"pt-BR"},{"@type":"Organization","@id":"https:\/\/www.oarcanjo.net\/site\/#organization","name":"Par\u00f3quia S\u00e3o Miguel Arcanjo","url":"https:\/\/www.oarcanjo.net\/site\/","logo":{"@type":"ImageObject","inLanguage":"pt-BR","@id":"https:\/\/www.oarcanjo.net\/site\/#\/schema\/logo\/image\/","url":"https:\/\/www.oarcanjo.net\/site\/wp-content\/uploads\/LogoOArcanjo.png","contentUrl":"https:\/\/www.oarcanjo.net\/site\/wp-content\/uploads\/LogoOArcanjo.png","width":319,"height":99,"caption":"Par\u00f3quia S\u00e3o Miguel Arcanjo"},"image":{"@id":"https:\/\/www.oarcanjo.net\/site\/#\/schema\/logo\/image\/"},"sameAs":["https:\/\/www.facebook.com\/OArcanjoNoAr\/"]},{"@type":"Person","@id":"https:\/\/www.oarcanjo.net\/site\/#\/schema\/person\/5eb9480bedd2f3c97e430ce128c29c6c","name":"danilo"}]}},"publishpress_future_action":{"enabled":false,"date":"2026-05-08 00:46:24","action":"category","newStatus":"draft","terms":[],"taxonomy":"category"},"publishpress_future_workflow_manual_trigger":{"enabledWorkflows":[]},"_links":{"self":[{"href":"https:\/\/www.oarcanjo.net\/site\/wp-json\/wp\/v2\/posts\/11637"}],"collection":[{"href":"https:\/\/www.oarcanjo.net\/site\/wp-json\/wp\/v2\/posts"}],"about":[{"href":"https:\/\/www.oarcanjo.net\/site\/wp-json\/wp\/v2\/types\/post"}],"author":[{"embeddable":true,"href":"https:\/\/www.oarcanjo.net\/site\/wp-json\/wp\/v2\/users\/14"}],"replies":[{"embeddable":true,"href":"https:\/\/www.oarcanjo.net\/site\/wp-json\/wp\/v2\/comments?post=11637"}],"version-history":[{"count":0,"href":"https:\/\/www.oarcanjo.net\/site\/wp-json\/wp\/v2\/posts\/11637\/revisions"}],"wp:attachment":[{"href":"https:\/\/www.oarcanjo.net\/site\/wp-json\/wp\/v2\/media?parent=11637"}],"wp:term":[{"taxonomy":"category","embeddable":true,"href":"https:\/\/www.oarcanjo.net\/site\/wp-json\/wp\/v2\/categories?post=11637"},{"taxonomy":"post_tag","embeddable":true,"href":"https:\/\/www.oarcanjo.net\/site\/wp-json\/wp\/v2\/tags?post=11637"}],"curies":[{"name":"wp","href":"https:\/\/api.w.org\/{rel}","templated":true}]}}