
{"id":11640,"date":"2017-11-07T00:52:26","date_gmt":"2017-11-07T02:52:26","guid":{"rendered":"http:\/\/www.oarcanjo.net\/site\/?p=11640"},"modified":"2017-08-11T15:00:13","modified_gmt":"2017-08-11T18:00:13","slug":"sao-wilibrordo","status":"publish","type":"post","link":"https:\/\/www.oarcanjo.net\/site\/sao-wilibrordo\/","title":{"rendered":"S\u00e3o Wilibrordo"},"content":{"rendered":"<p><img decoding=\"async\" src=\"http:\/\/www.derradeirasgracas.com\/images\/1.%20O%20Santo%20do%20Dia%20-%20Fotos\/Santos%20de%20Novembro%20-%20Fotos\/S%C3%A3o%20Wilibrordo.gif\" alt=\"\" \/><\/p>\n<p>7 de Novembro<\/p>\n<p>A evangeliza\u00e7\u00e3o da Alemanha do transreno teve in\u00edcio no s\u00e9culo VII, no fim da \u00e9poca merov\u00edngia, por obra dos monges irlandeses e anglo-sax\u00f5es da Inglaterra meridional, e atingiu o m\u00e1ximo desenvolvimento no s\u00e9culo seguinte com a a\u00e7\u00e3o mission\u00e1ria de s\u00e3o Bonif\u00e1cio. O primeiro a desembarcar na Fr\u00edsia, nos Pa\u00edses Baixos, foi Wilfrido de York. Depois o abade Egberto, mestre de vida espiritual da \u00e9poca, a\u00ed mandou Wilibrordo, origin\u00e1rio de Nort\u00fambria, onde nascera em 658; <strong><em>seu zelo pela difus\u00e3o do Reino de Deus ser\u00e1 o \u00fanico motivo de sua din\u00e2mica exist\u00eancia.<\/em><\/strong><\/p>\n<p>Aos cinco anos, seu pai consagrou-o a Cristo e entregou-o aos beneditinos do Mosteiro de York, onde foi educado. Ainda jovem, demonstrou, realmente, <strong><em>voca\u00e7\u00e3o religiosa, dando prefer\u00eancia \u00e0 vida de reclus\u00e3o<\/em><\/strong>. Aos vinte anos, seguiu para a Irlanda, a p\u00e1tria dos monges, para aperfei\u00e7oar seus conhecimentos teol\u00f3gicos. Pouco antes de completar trinta anos de idade, recebeu ordena\u00e7\u00e3o sacerdotal.<\/p>\n<p>Em 690, Wilibrordo seguiu para a primeira e \u00fanica miss\u00e3o. Junto com outros onze companheiros mission\u00e1rios, foram evangelizar as regi\u00f5es no norte da Europa, povoadas pelos b\u00e1rbaros pag\u00e3os.<\/p>\n<p>O ponto inicial foi a Holanda, antiga Fr\u00edsia, onde o rei Pepino, que era crist\u00e3o, os acolheu muito bem. Esse reino tinha acabado de anexar um territ\u00f3rio, antes dominado pelo duque pag\u00e3o Ratbodo. Era um lugar selvagem, onde os habitantes n\u00e3o aceitavam o Evangelho, motivo da miss\u00e3o.<\/p>\n<p>Wilibrordo aceitou, mas antes quis receber a aprova\u00e7\u00e3o e a b\u00ean\u00e7\u00e3o do papa S\u00e9rgio I, do qual era muito devotado. <strong><em>Em Roma, ganhou n\u00e3o s\u00f3 o apoio como algumas rel\u00edquias de santos m\u00e1rtires para serem colocadas nas igrejas que seriam constru\u00eddas durante o processo da evangeliza\u00e7\u00e3o.<\/em><\/strong><\/p>\n<p>Cinco anos depois, voltou e entregou ao mesmo papa um relat\u00f3rio dos resultados que conseguira. O papa, em agradecimento, consagrou-o bispo de Utrecht, e acrescentou ao seu nome um outro, de origem latina: Clemente.<\/p>\n<p>Ao chegar \u00e0 Holanda, Wilibrordo fundou a primeira sede episcopal, em Utrecht, e construiu a Catedral do Sant\u00edssimo Redentor. Depois, na condi\u00e7\u00e3o de primeiro bispo, formou uma equipe de bispos auxiliares, conseguindo importantes convers\u00f5es naquele territ\u00f3rio. S\u00e3o lend\u00e1rias e in\u00fameras as viagens que fez pelo rio Reno em dire\u00e7\u00e3o \u00e0 Dinamarca e \u00e0 Holanda.<\/p>\n<p>Quando seu protetor, o rei Pepino, morreu, parte das terras da Holanda voltaram para o dom\u00ednio do pag\u00e3o Ratbodo. Por isso Wilibrordo teve de sair de cena, indo refugiar-se no mosteiro que fundara em Tr\u00e8ves, n\u00e3o muito distante. E ao receber a not\u00edcia que tamb\u00e9m Ratbodo morrera, voltou para sua miss\u00e3o. Nessa ocasi\u00e3o, contou com a ajuda do sobrinho, Bonif\u00e1cio, outro grande mission\u00e1rio que a Igreja incluiu no seu livro de santos.<\/p>\n<p>Morreu no seu Mosteiro de Echeternach, constru\u00eddo sobre o rio Reno, em 7 de novembro de 739, j\u00e1 bem idoso.<\/p>\n<p>A Igreja canonizou-o como o <strong><em>&#8220;Ap\u00f3stolo dos Fris\u00f5es&#8221;<\/em><\/strong>.<\/p>\n<p>A festa de s\u00e3o Wilibrordo, que ocorre no dia de sua morte, \u00e9 uma das mais celebradas em toda a Holanda.<\/p>\n<div id=\"themify_builder_content-11640\" data-postid=\"11640\" class=\"themify_builder_content themify_builder_content-11640 themify_builder themify_builder_front\">\n\t<\/div>\n<!-- \/themify_builder_content -->","protected":false},"excerpt":{"rendered":"<p>7 de Novembro A evangeliza\u00e7\u00e3o da Alemanha do transreno teve in\u00edcio no s\u00e9culo VII, no fim da \u00e9poca merov\u00edngia, por obra dos monges irlandeses e anglo-sax\u00f5es da Inglaterra meridional, e atingiu o m\u00e1ximo desenvolvimento no s\u00e9culo seguinte com a a\u00e7\u00e3o mission\u00e1ria de s\u00e3o Bonif\u00e1cio. O primeiro a desembarcar na Fr\u00edsia, nos Pa\u00edses Baixos, foi Wilfrido [&hellip;]<\/p>\n","protected":false},"author":14,"featured_media":0,"comment_status":"open","ping_status":"open","sticky":false,"template":"","format":"standard","meta":{"ngg_post_thumbnail":0,"footnotes":""},"categories":[186],"tags":[],"yoast_head":"<!-- This site is optimized with the Yoast SEO plugin v23.5 - https:\/\/yoast.com\/wordpress\/plugins\/seo\/ -->\n<title>S\u00e3o Wilibrordo - O Arcanjo no ar<\/title>\n<meta name=\"robots\" content=\"index, follow, max-snippet:-1, max-image-preview:large, max-video-preview:-1\" \/>\n<link rel=\"canonical\" href=\"https:\/\/www.oarcanjo.net\/site\/sao-wilibrordo\/\" \/>\n<meta property=\"og:locale\" content=\"pt_BR\" \/>\n<meta property=\"og:type\" content=\"article\" \/>\n<meta property=\"og:title\" content=\"S\u00e3o Wilibrordo - O Arcanjo no ar\" \/>\n<meta property=\"og:description\" content=\"7 de Novembro A evangeliza\u00e7\u00e3o da Alemanha do transreno teve in\u00edcio no s\u00e9culo VII, no fim da \u00e9poca merov\u00edngia, por obra dos monges irlandeses e anglo-sax\u00f5es da Inglaterra meridional, e atingiu o m\u00e1ximo desenvolvimento no s\u00e9culo seguinte com a a\u00e7\u00e3o mission\u00e1ria de s\u00e3o Bonif\u00e1cio. O primeiro a desembarcar na Fr\u00edsia, nos Pa\u00edses Baixos, foi Wilfrido [&hellip;]\" \/>\n<meta property=\"og:url\" content=\"https:\/\/www.oarcanjo.net\/site\/sao-wilibrordo\/\" \/>\n<meta property=\"og:site_name\" content=\"O Arcanjo no ar\" \/>\n<meta property=\"article:publisher\" content=\"https:\/\/www.facebook.com\/OArcanjoNoAr\/\" \/>\n<meta property=\"article:published_time\" content=\"2017-11-07T02:52:26+00:00\" \/>\n<meta property=\"article:modified_time\" content=\"2017-08-11T18:00:13+00:00\" \/>\n<meta property=\"og:image\" content=\"http:\/\/www.derradeirasgracas.com\/images\/1.%20O%20Santo%20do%20Dia%20-%20Fotos\/Santos%20de%20Novembro%20-%20Fotos\/S%C3%A3o%20Wilibrordo.gif\" \/>\n<meta name=\"author\" content=\"danilo\" \/>\n<meta name=\"twitter:card\" content=\"summary_large_image\" \/>\n<meta name=\"twitter:label1\" content=\"Escrito por\" \/>\n\t<meta name=\"twitter:data1\" content=\"danilo\" \/>\n\t<meta name=\"twitter:label2\" content=\"Est. tempo de leitura\" \/>\n\t<meta name=\"twitter:data2\" content=\"3 minutos\" \/>\n<script type=\"application\/ld+json\" class=\"yoast-schema-graph\">{\"@context\":\"https:\/\/schema.org\",\"@graph\":[{\"@type\":\"Article\",\"@id\":\"https:\/\/www.oarcanjo.net\/site\/sao-wilibrordo\/#article\",\"isPartOf\":{\"@id\":\"https:\/\/www.oarcanjo.net\/site\/sao-wilibrordo\/\"},\"author\":{\"name\":\"danilo\",\"@id\":\"https:\/\/www.oarcanjo.net\/site\/#\/schema\/person\/5eb9480bedd2f3c97e430ce128c29c6c\"},\"headline\":\"S\u00e3o Wilibrordo\",\"datePublished\":\"2017-11-07T02:52:26+00:00\",\"dateModified\":\"2017-08-11T18:00:13+00:00\",\"mainEntityOfPage\":{\"@id\":\"https:\/\/www.oarcanjo.net\/site\/sao-wilibrordo\/\"},\"wordCount\":542,\"commentCount\":0,\"publisher\":{\"@id\":\"https:\/\/www.oarcanjo.net\/site\/#organization\"},\"image\":{\"@id\":\"https:\/\/www.oarcanjo.net\/site\/sao-wilibrordo\/#primaryimage\"},\"thumbnailUrl\":\"http:\/\/www.derradeirasgracas.com\/images\/1.%20O%20Santo%20do%20Dia%20-%20Fotos\/Santos%20de%20Novembro%20-%20Fotos\/S%C3%A3o%20Wilibrordo.gif\",\"articleSection\":[\"Testemunhos\"],\"inLanguage\":\"pt-BR\",\"potentialAction\":[{\"@type\":\"CommentAction\",\"name\":\"Comment\",\"target\":[\"https:\/\/www.oarcanjo.net\/site\/sao-wilibrordo\/#respond\"]}]},{\"@type\":\"WebPage\",\"@id\":\"https:\/\/www.oarcanjo.net\/site\/sao-wilibrordo\/\",\"url\":\"https:\/\/www.oarcanjo.net\/site\/sao-wilibrordo\/\",\"name\":\"S\u00e3o Wilibrordo - O Arcanjo no ar\",\"isPartOf\":{\"@id\":\"https:\/\/www.oarcanjo.net\/site\/#website\"},\"primaryImageOfPage\":{\"@id\":\"https:\/\/www.oarcanjo.net\/site\/sao-wilibrordo\/#primaryimage\"},\"image\":{\"@id\":\"https:\/\/www.oarcanjo.net\/site\/sao-wilibrordo\/#primaryimage\"},\"thumbnailUrl\":\"http:\/\/www.derradeirasgracas.com\/images\/1.%20O%20Santo%20do%20Dia%20-%20Fotos\/Santos%20de%20Novembro%20-%20Fotos\/S%C3%A3o%20Wilibrordo.gif\",\"datePublished\":\"2017-11-07T02:52:26+00:00\",\"dateModified\":\"2017-08-11T18:00:13+00:00\",\"breadcrumb\":{\"@id\":\"https:\/\/www.oarcanjo.net\/site\/sao-wilibrordo\/#breadcrumb\"},\"inLanguage\":\"pt-BR\",\"potentialAction\":[{\"@type\":\"ReadAction\",\"target\":[\"https:\/\/www.oarcanjo.net\/site\/sao-wilibrordo\/\"]}]},{\"@type\":\"ImageObject\",\"inLanguage\":\"pt-BR\",\"@id\":\"https:\/\/www.oarcanjo.net\/site\/sao-wilibrordo\/#primaryimage\",\"url\":\"http:\/\/www.derradeirasgracas.com\/images\/1.%20O%20Santo%20do%20Dia%20-%20Fotos\/Santos%20de%20Novembro%20-%20Fotos\/S%C3%A3o%20Wilibrordo.gif\",\"contentUrl\":\"http:\/\/www.derradeirasgracas.com\/images\/1.%20O%20Santo%20do%20Dia%20-%20Fotos\/Santos%20de%20Novembro%20-%20Fotos\/S%C3%A3o%20Wilibrordo.gif\"},{\"@type\":\"BreadcrumbList\",\"@id\":\"https:\/\/www.oarcanjo.net\/site\/sao-wilibrordo\/#breadcrumb\",\"itemListElement\":[{\"@type\":\"ListItem\",\"position\":1,\"name\":\"In\u00edcio\",\"item\":\"https:\/\/www.oarcanjo.net\/site\/\"},{\"@type\":\"ListItem\",\"position\":2,\"name\":\"S\u00e3o Wilibrordo\"}]},{\"@type\":\"WebSite\",\"@id\":\"https:\/\/www.oarcanjo.net\/site\/#website\",\"url\":\"https:\/\/www.oarcanjo.net\/site\/\",\"name\":\"O Arcanjo no ar\",\"description\":\"Site da Par\u00f3quia S\u00e3o Miguel Arcanjo (Arquidiocese de SP)\",\"publisher\":{\"@id\":\"https:\/\/www.oarcanjo.net\/site\/#organization\"},\"potentialAction\":[{\"@type\":\"SearchAction\",\"target\":{\"@type\":\"EntryPoint\",\"urlTemplate\":\"https:\/\/www.oarcanjo.net\/site\/?s={search_term_string}\"},\"query-input\":{\"@type\":\"PropertyValueSpecification\",\"valueRequired\":true,\"valueName\":\"search_term_string\"}}],\"inLanguage\":\"pt-BR\"},{\"@type\":\"Organization\",\"@id\":\"https:\/\/www.oarcanjo.net\/site\/#organization\",\"name\":\"Par\u00f3quia S\u00e3o Miguel Arcanjo\",\"url\":\"https:\/\/www.oarcanjo.net\/site\/\",\"logo\":{\"@type\":\"ImageObject\",\"inLanguage\":\"pt-BR\",\"@id\":\"https:\/\/www.oarcanjo.net\/site\/#\/schema\/logo\/image\/\",\"url\":\"https:\/\/www.oarcanjo.net\/site\/wp-content\/uploads\/LogoOArcanjo.png\",\"contentUrl\":\"https:\/\/www.oarcanjo.net\/site\/wp-content\/uploads\/LogoOArcanjo.png\",\"width\":319,\"height\":99,\"caption\":\"Par\u00f3quia S\u00e3o Miguel Arcanjo\"},\"image\":{\"@id\":\"https:\/\/www.oarcanjo.net\/site\/#\/schema\/logo\/image\/\"},\"sameAs\":[\"https:\/\/www.facebook.com\/OArcanjoNoAr\/\"]},{\"@type\":\"Person\",\"@id\":\"https:\/\/www.oarcanjo.net\/site\/#\/schema\/person\/5eb9480bedd2f3c97e430ce128c29c6c\",\"name\":\"danilo\"}]}<\/script>\n<!-- \/ Yoast SEO plugin. -->","yoast_head_json":{"title":"S\u00e3o Wilibrordo - O Arcanjo no ar","robots":{"index":"index","follow":"follow","max-snippet":"max-snippet:-1","max-image-preview":"max-image-preview:large","max-video-preview":"max-video-preview:-1"},"canonical":"https:\/\/www.oarcanjo.net\/site\/sao-wilibrordo\/","og_locale":"pt_BR","og_type":"article","og_title":"S\u00e3o Wilibrordo - O Arcanjo no ar","og_description":"7 de Novembro A evangeliza\u00e7\u00e3o da Alemanha do transreno teve in\u00edcio no s\u00e9culo VII, no fim da \u00e9poca merov\u00edngia, por obra dos monges irlandeses e anglo-sax\u00f5es da Inglaterra meridional, e atingiu o m\u00e1ximo desenvolvimento no s\u00e9culo seguinte com a a\u00e7\u00e3o mission\u00e1ria de s\u00e3o Bonif\u00e1cio. O primeiro a desembarcar na Fr\u00edsia, nos Pa\u00edses Baixos, foi Wilfrido [&hellip;]","og_url":"https:\/\/www.oarcanjo.net\/site\/sao-wilibrordo\/","og_site_name":"O Arcanjo no ar","article_publisher":"https:\/\/www.facebook.com\/OArcanjoNoAr\/","article_published_time":"2017-11-07T02:52:26+00:00","article_modified_time":"2017-08-11T18:00:13+00:00","og_image":[{"url":"http:\/\/www.derradeirasgracas.com\/images\/1.%20O%20Santo%20do%20Dia%20-%20Fotos\/Santos%20de%20Novembro%20-%20Fotos\/S%C3%A3o%20Wilibrordo.gif"}],"author":"danilo","twitter_card":"summary_large_image","twitter_misc":{"Escrito por":"danilo","Est. tempo de leitura":"3 minutos"},"schema":{"@context":"https:\/\/schema.org","@graph":[{"@type":"Article","@id":"https:\/\/www.oarcanjo.net\/site\/sao-wilibrordo\/#article","isPartOf":{"@id":"https:\/\/www.oarcanjo.net\/site\/sao-wilibrordo\/"},"author":{"name":"danilo","@id":"https:\/\/www.oarcanjo.net\/site\/#\/schema\/person\/5eb9480bedd2f3c97e430ce128c29c6c"},"headline":"S\u00e3o Wilibrordo","datePublished":"2017-11-07T02:52:26+00:00","dateModified":"2017-08-11T18:00:13+00:00","mainEntityOfPage":{"@id":"https:\/\/www.oarcanjo.net\/site\/sao-wilibrordo\/"},"wordCount":542,"commentCount":0,"publisher":{"@id":"https:\/\/www.oarcanjo.net\/site\/#organization"},"image":{"@id":"https:\/\/www.oarcanjo.net\/site\/sao-wilibrordo\/#primaryimage"},"thumbnailUrl":"http:\/\/www.derradeirasgracas.com\/images\/1.%20O%20Santo%20do%20Dia%20-%20Fotos\/Santos%20de%20Novembro%20-%20Fotos\/S%C3%A3o%20Wilibrordo.gif","articleSection":["Testemunhos"],"inLanguage":"pt-BR","potentialAction":[{"@type":"CommentAction","name":"Comment","target":["https:\/\/www.oarcanjo.net\/site\/sao-wilibrordo\/#respond"]}]},{"@type":"WebPage","@id":"https:\/\/www.oarcanjo.net\/site\/sao-wilibrordo\/","url":"https:\/\/www.oarcanjo.net\/site\/sao-wilibrordo\/","name":"S\u00e3o Wilibrordo - O Arcanjo no ar","isPartOf":{"@id":"https:\/\/www.oarcanjo.net\/site\/#website"},"primaryImageOfPage":{"@id":"https:\/\/www.oarcanjo.net\/site\/sao-wilibrordo\/#primaryimage"},"image":{"@id":"https:\/\/www.oarcanjo.net\/site\/sao-wilibrordo\/#primaryimage"},"thumbnailUrl":"http:\/\/www.derradeirasgracas.com\/images\/1.%20O%20Santo%20do%20Dia%20-%20Fotos\/Santos%20de%20Novembro%20-%20Fotos\/S%C3%A3o%20Wilibrordo.gif","datePublished":"2017-11-07T02:52:26+00:00","dateModified":"2017-08-11T18:00:13+00:00","breadcrumb":{"@id":"https:\/\/www.oarcanjo.net\/site\/sao-wilibrordo\/#breadcrumb"},"inLanguage":"pt-BR","potentialAction":[{"@type":"ReadAction","target":["https:\/\/www.oarcanjo.net\/site\/sao-wilibrordo\/"]}]},{"@type":"ImageObject","inLanguage":"pt-BR","@id":"https:\/\/www.oarcanjo.net\/site\/sao-wilibrordo\/#primaryimage","url":"http:\/\/www.derradeirasgracas.com\/images\/1.%20O%20Santo%20do%20Dia%20-%20Fotos\/Santos%20de%20Novembro%20-%20Fotos\/S%C3%A3o%20Wilibrordo.gif","contentUrl":"http:\/\/www.derradeirasgracas.com\/images\/1.%20O%20Santo%20do%20Dia%20-%20Fotos\/Santos%20de%20Novembro%20-%20Fotos\/S%C3%A3o%20Wilibrordo.gif"},{"@type":"BreadcrumbList","@id":"https:\/\/www.oarcanjo.net\/site\/sao-wilibrordo\/#breadcrumb","itemListElement":[{"@type":"ListItem","position":1,"name":"In\u00edcio","item":"https:\/\/www.oarcanjo.net\/site\/"},{"@type":"ListItem","position":2,"name":"S\u00e3o Wilibrordo"}]},{"@type":"WebSite","@id":"https:\/\/www.oarcanjo.net\/site\/#website","url":"https:\/\/www.oarcanjo.net\/site\/","name":"O Arcanjo no ar","description":"Site da Par\u00f3quia S\u00e3o Miguel Arcanjo (Arquidiocese de SP)","publisher":{"@id":"https:\/\/www.oarcanjo.net\/site\/#organization"},"potentialAction":[{"@type":"SearchAction","target":{"@type":"EntryPoint","urlTemplate":"https:\/\/www.oarcanjo.net\/site\/?s={search_term_string}"},"query-input":{"@type":"PropertyValueSpecification","valueRequired":true,"valueName":"search_term_string"}}],"inLanguage":"pt-BR"},{"@type":"Organization","@id":"https:\/\/www.oarcanjo.net\/site\/#organization","name":"Par\u00f3quia S\u00e3o Miguel Arcanjo","url":"https:\/\/www.oarcanjo.net\/site\/","logo":{"@type":"ImageObject","inLanguage":"pt-BR","@id":"https:\/\/www.oarcanjo.net\/site\/#\/schema\/logo\/image\/","url":"https:\/\/www.oarcanjo.net\/site\/wp-content\/uploads\/LogoOArcanjo.png","contentUrl":"https:\/\/www.oarcanjo.net\/site\/wp-content\/uploads\/LogoOArcanjo.png","width":319,"height":99,"caption":"Par\u00f3quia S\u00e3o Miguel Arcanjo"},"image":{"@id":"https:\/\/www.oarcanjo.net\/site\/#\/schema\/logo\/image\/"},"sameAs":["https:\/\/www.facebook.com\/OArcanjoNoAr\/"]},{"@type":"Person","@id":"https:\/\/www.oarcanjo.net\/site\/#\/schema\/person\/5eb9480bedd2f3c97e430ce128c29c6c","name":"danilo"}]}},"publishpress_future_action":{"enabled":false,"date":"2026-05-08 02:06:50","action":"category","newStatus":"draft","terms":[],"taxonomy":"category"},"publishpress_future_workflow_manual_trigger":{"enabledWorkflows":[]},"_links":{"self":[{"href":"https:\/\/www.oarcanjo.net\/site\/wp-json\/wp\/v2\/posts\/11640"}],"collection":[{"href":"https:\/\/www.oarcanjo.net\/site\/wp-json\/wp\/v2\/posts"}],"about":[{"href":"https:\/\/www.oarcanjo.net\/site\/wp-json\/wp\/v2\/types\/post"}],"author":[{"embeddable":true,"href":"https:\/\/www.oarcanjo.net\/site\/wp-json\/wp\/v2\/users\/14"}],"replies":[{"embeddable":true,"href":"https:\/\/www.oarcanjo.net\/site\/wp-json\/wp\/v2\/comments?post=11640"}],"version-history":[{"count":0,"href":"https:\/\/www.oarcanjo.net\/site\/wp-json\/wp\/v2\/posts\/11640\/revisions"}],"wp:attachment":[{"href":"https:\/\/www.oarcanjo.net\/site\/wp-json\/wp\/v2\/media?parent=11640"}],"wp:term":[{"taxonomy":"category","embeddable":true,"href":"https:\/\/www.oarcanjo.net\/site\/wp-json\/wp\/v2\/categories?post=11640"},{"taxonomy":"post_tag","embeddable":true,"href":"https:\/\/www.oarcanjo.net\/site\/wp-json\/wp\/v2\/tags?post=11640"}],"curies":[{"name":"wp","href":"https:\/\/api.w.org\/{rel}","templated":true}]}}