
{"id":11642,"date":"2017-11-07T00:54:56","date_gmt":"2017-11-07T02:54:56","guid":{"rendered":"http:\/\/www.oarcanjo.net\/site\/?p=11642"},"modified":"2017-08-11T15:00:06","modified_gmt":"2017-08-11T18:00:06","slug":"sao-prosdocimo","status":"publish","type":"post","link":"https:\/\/www.oarcanjo.net\/site\/sao-prosdocimo\/","title":{"rendered":"S\u00e3o Prosd\u00f3cimo"},"content":{"rendered":"<p><img decoding=\"async\" src=\"http:\/\/www.derradeirasgracas.com\/images\/1.%20O%20Santo%20do%20Dia%20-%20Fotos\/Santos%20de%20Novembro%20-%20Fotos\/S%C3%A3o%20Prosd%C3%B3cimo.gif\" alt=\"\" \/><\/p>\n<p>7 de Novembro<\/p>\n<p>S\u00e3o muitos os nomes que soam familiares e t\u00edpicos de certas localidades italianas, mesmo parecendo ins\u00f3litos, estranhos ou exclusivos. Tais nomes est\u00e3o ligados ao culto de um santo local, em muitos casos de um antigo bispo e, em outros, de um m\u00e1rtir.<\/p>\n<p>O nome Prosd\u00f3cimo, pouco freq\u00fcente atualmente, para os familiarizados, imediatamente mostra sua origem da regi\u00e3o do V\u00eaneto, da cidade de P\u00e1dua e, mais tarde, tamb\u00e9m de Rieti. Isso porque o culto a este santo vem de uma tradi\u00e7\u00e3o muito antiga, do s\u00e9culo II, que homenageia o primeiro bispo de P\u00e1dua, de Rieti e, tamb\u00e9m, padroeiro dessas duas cidades. Segundo narram os registros oficiais da Igreja, Prosd\u00f3cimo teria evangelizado tamb\u00e9m toda a Veneza ocidental, numa grande obra de difus\u00e3o que fixou, definitivamente, o cristianismo no cora\u00e7\u00e3o daquelas popula\u00e7\u00f5es.<\/p>\n<p>At\u00e9 a mais bela imagem dedicada a ele acabou sendo feita por um ilustre artista italiano, faz parte de um conjunto dedicado a santa Justina, outra m\u00e1rtir c\u00e9lebre daquela regi\u00e3o. Na tela, Prosd\u00f3cimo aparece com o t\u00edpico atributo do jarro, s\u00edmbolo da sua incans\u00e1vel atividade de batizador, ou seja, formador do rebanho do Senhor.<\/p>\n<p>Nas v\u00e1rias regi\u00f5es de Rieti e P\u00e1dua, o bispo Prosd\u00f3cimo teria patrocinado prod\u00edgios e milagres, que as mais antigas tradi\u00e7\u00f5es descrevem com toda a liberdade de express\u00e3o, refor\u00e7ando ainda mais seus exemplos edificantes de f\u00e9 em Cristo. \u00c0s vezes, por\u00e9m, os poucos documentos tornam mais redundantes as tradi\u00e7\u00f5es. Como foi o caso deste bispo. Depois de sua morte, encontrou-se o registro citando que a comunidade erguera, fora das muralhas de P\u00e1dua, a igreja de Santo Prosd\u00f3cimo, que mais tarde tornou-se a Bas\u00edlica de Santa Justina, uma das mais belas da cidade.<\/p>\n<p>A gl\u00f3ria do bispo Prosd\u00f3cimo teria sido, de fato, Justina ter sido convertida por ele. Essa nova crist\u00e3 soube manter intacta a sua f\u00e9, enfrentando o mart\u00edrio na persegui\u00e7\u00e3o de Nero. Entretanto Prosd\u00f3cimo foi poupado, n\u00e3o havendo nenhum registro, ou tradi\u00e7\u00e3o, que explique o porqu\u00ea.<\/p>\n<p>O bispo Prosd\u00f3cimo morreu naturalmente, carregado de merecimentos e de anos. O seu culto ainda \u00e9 vigoroso, sendo venerado pelos fi\u00e9is, que rezam por sua paternal intercess\u00e3o nas situa\u00e7\u00f5es de afli\u00e7\u00e3o e des\u00e2nimo. A Igreja confirmou a sua celebra\u00e7\u00e3o e, no calend\u00e1rio lit\u00fargico, s\u00e3o Prosd\u00f3cimo deve ser homenageado no dia 7 de novembro.<\/p>\n<p>O nome Prosd\u00f3cimo, em grego, significa &#8220;esperado&#8221;. Ele foi o primeiro evangelizador dessas cidades. De fato, verdadeiramente, o esperado por elas, que ainda eram pag\u00e3s. A tradi\u00e7\u00e3o diz que ele teria sido enviado para atend\u00ea-las pelo pr\u00f3prio s\u00e3o Pedro, que para isso o consagrou primeiro bispo de l\u00e1.<\/p>\n<div id=\"themify_builder_content-11642\" data-postid=\"11642\" class=\"themify_builder_content themify_builder_content-11642 themify_builder themify_builder_front\">\n\t<\/div>\n<!-- \/themify_builder_content -->","protected":false},"excerpt":{"rendered":"<p>7 de Novembro S\u00e3o muitos os nomes que soam familiares e t\u00edpicos de certas localidades italianas, mesmo parecendo ins\u00f3litos, estranhos ou exclusivos. Tais nomes est\u00e3o ligados ao culto de um santo local, em muitos casos de um antigo bispo e, em outros, de um m\u00e1rtir. O nome Prosd\u00f3cimo, pouco freq\u00fcente atualmente, para os familiarizados, imediatamente [&hellip;]<\/p>\n","protected":false},"author":14,"featured_media":0,"comment_status":"open","ping_status":"open","sticky":false,"template":"","format":"standard","meta":{"ngg_post_thumbnail":0,"footnotes":""},"categories":[186],"tags":[],"yoast_head":"<!-- This site is optimized with the Yoast SEO plugin v23.5 - https:\/\/yoast.com\/wordpress\/plugins\/seo\/ -->\n<title>S\u00e3o Prosd\u00f3cimo - O Arcanjo no ar<\/title>\n<meta name=\"robots\" content=\"index, follow, max-snippet:-1, max-image-preview:large, max-video-preview:-1\" \/>\n<link rel=\"canonical\" href=\"https:\/\/www.oarcanjo.net\/site\/sao-prosdocimo\/\" \/>\n<meta property=\"og:locale\" content=\"pt_BR\" \/>\n<meta property=\"og:type\" content=\"article\" \/>\n<meta property=\"og:title\" content=\"S\u00e3o Prosd\u00f3cimo - O Arcanjo no ar\" \/>\n<meta property=\"og:description\" content=\"7 de Novembro S\u00e3o muitos os nomes que soam familiares e t\u00edpicos de certas localidades italianas, mesmo parecendo ins\u00f3litos, estranhos ou exclusivos. Tais nomes est\u00e3o ligados ao culto de um santo local, em muitos casos de um antigo bispo e, em outros, de um m\u00e1rtir. O nome Prosd\u00f3cimo, pouco freq\u00fcente atualmente, para os familiarizados, imediatamente [&hellip;]\" \/>\n<meta property=\"og:url\" content=\"https:\/\/www.oarcanjo.net\/site\/sao-prosdocimo\/\" \/>\n<meta property=\"og:site_name\" content=\"O Arcanjo no ar\" \/>\n<meta property=\"article:publisher\" content=\"https:\/\/www.facebook.com\/OArcanjoNoAr\/\" \/>\n<meta property=\"article:published_time\" content=\"2017-11-07T02:54:56+00:00\" \/>\n<meta property=\"article:modified_time\" content=\"2017-08-11T18:00:06+00:00\" \/>\n<meta property=\"og:image\" content=\"http:\/\/www.derradeirasgracas.com\/images\/1.%20O%20Santo%20do%20Dia%20-%20Fotos\/Santos%20de%20Novembro%20-%20Fotos\/S%C3%A3o%20Prosd%C3%B3cimo.gif\" \/>\n<meta name=\"author\" content=\"danilo\" \/>\n<meta name=\"twitter:card\" content=\"summary_large_image\" \/>\n<meta name=\"twitter:label1\" content=\"Escrito por\" \/>\n\t<meta name=\"twitter:data1\" content=\"danilo\" \/>\n\t<meta name=\"twitter:label2\" content=\"Est. tempo de leitura\" \/>\n\t<meta name=\"twitter:data2\" content=\"2 minutos\" \/>\n<script type=\"application\/ld+json\" class=\"yoast-schema-graph\">{\"@context\":\"https:\/\/schema.org\",\"@graph\":[{\"@type\":\"Article\",\"@id\":\"https:\/\/www.oarcanjo.net\/site\/sao-prosdocimo\/#article\",\"isPartOf\":{\"@id\":\"https:\/\/www.oarcanjo.net\/site\/sao-prosdocimo\/\"},\"author\":{\"name\":\"danilo\",\"@id\":\"https:\/\/www.oarcanjo.net\/site\/#\/schema\/person\/5eb9480bedd2f3c97e430ce128c29c6c\"},\"headline\":\"S\u00e3o Prosd\u00f3cimo\",\"datePublished\":\"2017-11-07T02:54:56+00:00\",\"dateModified\":\"2017-08-11T18:00:06+00:00\",\"mainEntityOfPage\":{\"@id\":\"https:\/\/www.oarcanjo.net\/site\/sao-prosdocimo\/\"},\"wordCount\":488,\"commentCount\":0,\"publisher\":{\"@id\":\"https:\/\/www.oarcanjo.net\/site\/#organization\"},\"image\":{\"@id\":\"https:\/\/www.oarcanjo.net\/site\/sao-prosdocimo\/#primaryimage\"},\"thumbnailUrl\":\"http:\/\/www.derradeirasgracas.com\/images\/1.%20O%20Santo%20do%20Dia%20-%20Fotos\/Santos%20de%20Novembro%20-%20Fotos\/S%C3%A3o%20Prosd%C3%B3cimo.gif\",\"articleSection\":[\"Testemunhos\"],\"inLanguage\":\"pt-BR\",\"potentialAction\":[{\"@type\":\"CommentAction\",\"name\":\"Comment\",\"target\":[\"https:\/\/www.oarcanjo.net\/site\/sao-prosdocimo\/#respond\"]}]},{\"@type\":\"WebPage\",\"@id\":\"https:\/\/www.oarcanjo.net\/site\/sao-prosdocimo\/\",\"url\":\"https:\/\/www.oarcanjo.net\/site\/sao-prosdocimo\/\",\"name\":\"S\u00e3o Prosd\u00f3cimo - O Arcanjo no ar\",\"isPartOf\":{\"@id\":\"https:\/\/www.oarcanjo.net\/site\/#website\"},\"primaryImageOfPage\":{\"@id\":\"https:\/\/www.oarcanjo.net\/site\/sao-prosdocimo\/#primaryimage\"},\"image\":{\"@id\":\"https:\/\/www.oarcanjo.net\/site\/sao-prosdocimo\/#primaryimage\"},\"thumbnailUrl\":\"http:\/\/www.derradeirasgracas.com\/images\/1.%20O%20Santo%20do%20Dia%20-%20Fotos\/Santos%20de%20Novembro%20-%20Fotos\/S%C3%A3o%20Prosd%C3%B3cimo.gif\",\"datePublished\":\"2017-11-07T02:54:56+00:00\",\"dateModified\":\"2017-08-11T18:00:06+00:00\",\"breadcrumb\":{\"@id\":\"https:\/\/www.oarcanjo.net\/site\/sao-prosdocimo\/#breadcrumb\"},\"inLanguage\":\"pt-BR\",\"potentialAction\":[{\"@type\":\"ReadAction\",\"target\":[\"https:\/\/www.oarcanjo.net\/site\/sao-prosdocimo\/\"]}]},{\"@type\":\"ImageObject\",\"inLanguage\":\"pt-BR\",\"@id\":\"https:\/\/www.oarcanjo.net\/site\/sao-prosdocimo\/#primaryimage\",\"url\":\"http:\/\/www.derradeirasgracas.com\/images\/1.%20O%20Santo%20do%20Dia%20-%20Fotos\/Santos%20de%20Novembro%20-%20Fotos\/S%C3%A3o%20Prosd%C3%B3cimo.gif\",\"contentUrl\":\"http:\/\/www.derradeirasgracas.com\/images\/1.%20O%20Santo%20do%20Dia%20-%20Fotos\/Santos%20de%20Novembro%20-%20Fotos\/S%C3%A3o%20Prosd%C3%B3cimo.gif\"},{\"@type\":\"BreadcrumbList\",\"@id\":\"https:\/\/www.oarcanjo.net\/site\/sao-prosdocimo\/#breadcrumb\",\"itemListElement\":[{\"@type\":\"ListItem\",\"position\":1,\"name\":\"In\u00edcio\",\"item\":\"https:\/\/www.oarcanjo.net\/site\/\"},{\"@type\":\"ListItem\",\"position\":2,\"name\":\"S\u00e3o Prosd\u00f3cimo\"}]},{\"@type\":\"WebSite\",\"@id\":\"https:\/\/www.oarcanjo.net\/site\/#website\",\"url\":\"https:\/\/www.oarcanjo.net\/site\/\",\"name\":\"O Arcanjo no ar\",\"description\":\"Site da Par\u00f3quia S\u00e3o Miguel Arcanjo (Arquidiocese de SP)\",\"publisher\":{\"@id\":\"https:\/\/www.oarcanjo.net\/site\/#organization\"},\"potentialAction\":[{\"@type\":\"SearchAction\",\"target\":{\"@type\":\"EntryPoint\",\"urlTemplate\":\"https:\/\/www.oarcanjo.net\/site\/?s={search_term_string}\"},\"query-input\":{\"@type\":\"PropertyValueSpecification\",\"valueRequired\":true,\"valueName\":\"search_term_string\"}}],\"inLanguage\":\"pt-BR\"},{\"@type\":\"Organization\",\"@id\":\"https:\/\/www.oarcanjo.net\/site\/#organization\",\"name\":\"Par\u00f3quia S\u00e3o Miguel Arcanjo\",\"url\":\"https:\/\/www.oarcanjo.net\/site\/\",\"logo\":{\"@type\":\"ImageObject\",\"inLanguage\":\"pt-BR\",\"@id\":\"https:\/\/www.oarcanjo.net\/site\/#\/schema\/logo\/image\/\",\"url\":\"https:\/\/www.oarcanjo.net\/site\/wp-content\/uploads\/LogoOArcanjo.png\",\"contentUrl\":\"https:\/\/www.oarcanjo.net\/site\/wp-content\/uploads\/LogoOArcanjo.png\",\"width\":319,\"height\":99,\"caption\":\"Par\u00f3quia S\u00e3o Miguel Arcanjo\"},\"image\":{\"@id\":\"https:\/\/www.oarcanjo.net\/site\/#\/schema\/logo\/image\/\"},\"sameAs\":[\"https:\/\/www.facebook.com\/OArcanjoNoAr\/\"]},{\"@type\":\"Person\",\"@id\":\"https:\/\/www.oarcanjo.net\/site\/#\/schema\/person\/5eb9480bedd2f3c97e430ce128c29c6c\",\"name\":\"danilo\"}]}<\/script>\n<!-- \/ Yoast SEO plugin. -->","yoast_head_json":{"title":"S\u00e3o Prosd\u00f3cimo - O Arcanjo no ar","robots":{"index":"index","follow":"follow","max-snippet":"max-snippet:-1","max-image-preview":"max-image-preview:large","max-video-preview":"max-video-preview:-1"},"canonical":"https:\/\/www.oarcanjo.net\/site\/sao-prosdocimo\/","og_locale":"pt_BR","og_type":"article","og_title":"S\u00e3o Prosd\u00f3cimo - O Arcanjo no ar","og_description":"7 de Novembro S\u00e3o muitos os nomes que soam familiares e t\u00edpicos de certas localidades italianas, mesmo parecendo ins\u00f3litos, estranhos ou exclusivos. Tais nomes est\u00e3o ligados ao culto de um santo local, em muitos casos de um antigo bispo e, em outros, de um m\u00e1rtir. O nome Prosd\u00f3cimo, pouco freq\u00fcente atualmente, para os familiarizados, imediatamente [&hellip;]","og_url":"https:\/\/www.oarcanjo.net\/site\/sao-prosdocimo\/","og_site_name":"O Arcanjo no ar","article_publisher":"https:\/\/www.facebook.com\/OArcanjoNoAr\/","article_published_time":"2017-11-07T02:54:56+00:00","article_modified_time":"2017-08-11T18:00:06+00:00","og_image":[{"url":"http:\/\/www.derradeirasgracas.com\/images\/1.%20O%20Santo%20do%20Dia%20-%20Fotos\/Santos%20de%20Novembro%20-%20Fotos\/S%C3%A3o%20Prosd%C3%B3cimo.gif"}],"author":"danilo","twitter_card":"summary_large_image","twitter_misc":{"Escrito por":"danilo","Est. tempo de leitura":"2 minutos"},"schema":{"@context":"https:\/\/schema.org","@graph":[{"@type":"Article","@id":"https:\/\/www.oarcanjo.net\/site\/sao-prosdocimo\/#article","isPartOf":{"@id":"https:\/\/www.oarcanjo.net\/site\/sao-prosdocimo\/"},"author":{"name":"danilo","@id":"https:\/\/www.oarcanjo.net\/site\/#\/schema\/person\/5eb9480bedd2f3c97e430ce128c29c6c"},"headline":"S\u00e3o Prosd\u00f3cimo","datePublished":"2017-11-07T02:54:56+00:00","dateModified":"2017-08-11T18:00:06+00:00","mainEntityOfPage":{"@id":"https:\/\/www.oarcanjo.net\/site\/sao-prosdocimo\/"},"wordCount":488,"commentCount":0,"publisher":{"@id":"https:\/\/www.oarcanjo.net\/site\/#organization"},"image":{"@id":"https:\/\/www.oarcanjo.net\/site\/sao-prosdocimo\/#primaryimage"},"thumbnailUrl":"http:\/\/www.derradeirasgracas.com\/images\/1.%20O%20Santo%20do%20Dia%20-%20Fotos\/Santos%20de%20Novembro%20-%20Fotos\/S%C3%A3o%20Prosd%C3%B3cimo.gif","articleSection":["Testemunhos"],"inLanguage":"pt-BR","potentialAction":[{"@type":"CommentAction","name":"Comment","target":["https:\/\/www.oarcanjo.net\/site\/sao-prosdocimo\/#respond"]}]},{"@type":"WebPage","@id":"https:\/\/www.oarcanjo.net\/site\/sao-prosdocimo\/","url":"https:\/\/www.oarcanjo.net\/site\/sao-prosdocimo\/","name":"S\u00e3o Prosd\u00f3cimo - O Arcanjo no ar","isPartOf":{"@id":"https:\/\/www.oarcanjo.net\/site\/#website"},"primaryImageOfPage":{"@id":"https:\/\/www.oarcanjo.net\/site\/sao-prosdocimo\/#primaryimage"},"image":{"@id":"https:\/\/www.oarcanjo.net\/site\/sao-prosdocimo\/#primaryimage"},"thumbnailUrl":"http:\/\/www.derradeirasgracas.com\/images\/1.%20O%20Santo%20do%20Dia%20-%20Fotos\/Santos%20de%20Novembro%20-%20Fotos\/S%C3%A3o%20Prosd%C3%B3cimo.gif","datePublished":"2017-11-07T02:54:56+00:00","dateModified":"2017-08-11T18:00:06+00:00","breadcrumb":{"@id":"https:\/\/www.oarcanjo.net\/site\/sao-prosdocimo\/#breadcrumb"},"inLanguage":"pt-BR","potentialAction":[{"@type":"ReadAction","target":["https:\/\/www.oarcanjo.net\/site\/sao-prosdocimo\/"]}]},{"@type":"ImageObject","inLanguage":"pt-BR","@id":"https:\/\/www.oarcanjo.net\/site\/sao-prosdocimo\/#primaryimage","url":"http:\/\/www.derradeirasgracas.com\/images\/1.%20O%20Santo%20do%20Dia%20-%20Fotos\/Santos%20de%20Novembro%20-%20Fotos\/S%C3%A3o%20Prosd%C3%B3cimo.gif","contentUrl":"http:\/\/www.derradeirasgracas.com\/images\/1.%20O%20Santo%20do%20Dia%20-%20Fotos\/Santos%20de%20Novembro%20-%20Fotos\/S%C3%A3o%20Prosd%C3%B3cimo.gif"},{"@type":"BreadcrumbList","@id":"https:\/\/www.oarcanjo.net\/site\/sao-prosdocimo\/#breadcrumb","itemListElement":[{"@type":"ListItem","position":1,"name":"In\u00edcio","item":"https:\/\/www.oarcanjo.net\/site\/"},{"@type":"ListItem","position":2,"name":"S\u00e3o Prosd\u00f3cimo"}]},{"@type":"WebSite","@id":"https:\/\/www.oarcanjo.net\/site\/#website","url":"https:\/\/www.oarcanjo.net\/site\/","name":"O Arcanjo no ar","description":"Site da Par\u00f3quia S\u00e3o Miguel Arcanjo (Arquidiocese de SP)","publisher":{"@id":"https:\/\/www.oarcanjo.net\/site\/#organization"},"potentialAction":[{"@type":"SearchAction","target":{"@type":"EntryPoint","urlTemplate":"https:\/\/www.oarcanjo.net\/site\/?s={search_term_string}"},"query-input":{"@type":"PropertyValueSpecification","valueRequired":true,"valueName":"search_term_string"}}],"inLanguage":"pt-BR"},{"@type":"Organization","@id":"https:\/\/www.oarcanjo.net\/site\/#organization","name":"Par\u00f3quia S\u00e3o Miguel Arcanjo","url":"https:\/\/www.oarcanjo.net\/site\/","logo":{"@type":"ImageObject","inLanguage":"pt-BR","@id":"https:\/\/www.oarcanjo.net\/site\/#\/schema\/logo\/image\/","url":"https:\/\/www.oarcanjo.net\/site\/wp-content\/uploads\/LogoOArcanjo.png","contentUrl":"https:\/\/www.oarcanjo.net\/site\/wp-content\/uploads\/LogoOArcanjo.png","width":319,"height":99,"caption":"Par\u00f3quia S\u00e3o Miguel Arcanjo"},"image":{"@id":"https:\/\/www.oarcanjo.net\/site\/#\/schema\/logo\/image\/"},"sameAs":["https:\/\/www.facebook.com\/OArcanjoNoAr\/"]},{"@type":"Person","@id":"https:\/\/www.oarcanjo.net\/site\/#\/schema\/person\/5eb9480bedd2f3c97e430ce128c29c6c","name":"danilo"}]}},"publishpress_future_action":{"enabled":false,"date":"2026-05-08 03:32:15","action":"category","newStatus":"draft","terms":[],"taxonomy":"category"},"publishpress_future_workflow_manual_trigger":{"enabledWorkflows":[]},"_links":{"self":[{"href":"https:\/\/www.oarcanjo.net\/site\/wp-json\/wp\/v2\/posts\/11642"}],"collection":[{"href":"https:\/\/www.oarcanjo.net\/site\/wp-json\/wp\/v2\/posts"}],"about":[{"href":"https:\/\/www.oarcanjo.net\/site\/wp-json\/wp\/v2\/types\/post"}],"author":[{"embeddable":true,"href":"https:\/\/www.oarcanjo.net\/site\/wp-json\/wp\/v2\/users\/14"}],"replies":[{"embeddable":true,"href":"https:\/\/www.oarcanjo.net\/site\/wp-json\/wp\/v2\/comments?post=11642"}],"version-history":[{"count":0,"href":"https:\/\/www.oarcanjo.net\/site\/wp-json\/wp\/v2\/posts\/11642\/revisions"}],"wp:attachment":[{"href":"https:\/\/www.oarcanjo.net\/site\/wp-json\/wp\/v2\/media?parent=11642"}],"wp:term":[{"taxonomy":"category","embeddable":true,"href":"https:\/\/www.oarcanjo.net\/site\/wp-json\/wp\/v2\/categories?post=11642"},{"taxonomy":"post_tag","embeddable":true,"href":"https:\/\/www.oarcanjo.net\/site\/wp-json\/wp\/v2\/tags?post=11642"}],"curies":[{"name":"wp","href":"https:\/\/api.w.org\/{rel}","templated":true}]}}