
{"id":11644,"date":"2017-11-08T00:56:14","date_gmt":"2017-11-08T02:56:14","guid":{"rendered":"http:\/\/www.oarcanjo.net\/site\/?p=11644"},"modified":"2017-08-11T14:59:54","modified_gmt":"2017-08-11T17:59:54","slug":"sao-godofredo","status":"publish","type":"post","link":"https:\/\/www.oarcanjo.net\/site\/sao-godofredo\/","title":{"rendered":"S\u00e3o Godofredo"},"content":{"rendered":"<p><img decoding=\"async\" src=\"http:\/\/4.bp.blogspot.com\/_z-c0Sh5Zlrs\/SK2IHGpIH8I\/AAAAAAAACBs\/mJ0_PbFWNxI\/s400\/S%C3%A3o+Godofredo.jpg\" alt=\"\" \/><\/p>\n<p>8 de Outubro<\/p>\n<p>Os pais de Godofredo rezaram muito para que Deus lhes desse um herdeiro. At\u00e9 que, em 1066, ele nasceu no castelo da fam\u00edlia em Soissons, onde foi batizado com um nome que j\u00e1 apontava a dire\u00e7\u00e3o que seguiria. Godofredo quer dizer paz de Deus, e foi o que este franc\u00eas espalhou por onde passou durante toda a vida.<\/p>\n<p>Com cinco anos, foi entregue para ser educado pelos monges beneditinos e do conv\u00edvio com a religiosidade nunca mais se afastou. Quando a educa\u00e7\u00e3o se completou, foi para o Convento de S\u00e3o Quintino e ordenou-se sacerdote aos vinte e cinco anos de idade.<\/p>\n<p>A sua integridade de car\u00e1ter, profundidade nos conhecimentos dos assuntos da f\u00e9, bem como a vis\u00e3o social que demonstrava, logo chamaram a aten\u00e7\u00e3o dos superiores. Tanto que foi nomeado abade do Convento de Nogent, com a delicada miss\u00e3o de restabelecer as regras disciplinares dos monges, muito afastados do ideal da vida crist\u00e3. Em poucos anos a comunidade mudou completamente, tornando-se um centro que atra\u00eda religiosos de outras localidades que ali passaram a buscar orienta\u00e7\u00e3o e conselhos de Godofredo.<\/p>\n<p>Quando os monges de um convento famoso, rico e poderoso o convidaram para ser o abade, ele recusou. O que desejava era viver no seguimento de Cristo, dedicando-se \u00e0 caridade e trabalhando no amparo e prote\u00e7\u00e3o aos pobres e doentes, e n\u00e3o o poder ou a ostenta\u00e7\u00e3o. Era comum ver os mendigos e leprosos participando da sua mesa, pois acolhia todos os necessitados com abrigo e esmolas fartas. Suas virtudes levaram o povo e o clero a eleger Godofredo bispo de Amiens, mas ele s\u00f3 aceitou a diocese depois de receber ordem escrita do pr\u00f3prio papa.<\/p>\n<p>Outra miss\u00e3o dif\u00edcil para Godofredo. L\u00e1, os ricos e poderosos preferiam a vida de muitos v\u00edcios, prazeres e luxos, sem nenhuma virtude e liga\u00e7\u00e3o com os ensinamentos crist\u00e3os. Come\u00e7ou empregando toda a for\u00e7a e eloq\u00fc\u00eancia de sua prega\u00e7\u00e3o contra esses abusos denunciando-os do pr\u00f3prio p\u00falpito. O que quase lhe causou a morte num atentado encomendado. Colocaram veneno em seu vinho, mas o plano foi descoberto antes.<\/p>\n<p>Considerando-se inapto, renunciou ao cargo e retirou-se para um local ermo. S\u00f3 que nem os superiores, nem o povo aceitaram a demiss\u00e3o e Godofredo foi reconduzido ao cargo. Mas foi por pouco tempo. Durante uma peregrina\u00e7\u00e3o \u00e0 igreja de S\u00e3o Crispim e S\u00e3o Crispiniano, situada em Soissons, sua cidade natal, ele adoeceu. Morreu no dia 8 de novembro de 1115, no convento dedicada aos dois santos padroeiros dos sapateiros, onde foi enterrado<\/p>\n<div id=\"themify_builder_content-11644\" data-postid=\"11644\" class=\"themify_builder_content themify_builder_content-11644 themify_builder themify_builder_front\">\n\t<\/div>\n<!-- \/themify_builder_content -->","protected":false},"excerpt":{"rendered":"<p>8 de Outubro Os pais de Godofredo rezaram muito para que Deus lhes desse um herdeiro. At\u00e9 que, em 1066, ele nasceu no castelo da fam\u00edlia em Soissons, onde foi batizado com um nome que j\u00e1 apontava a dire\u00e7\u00e3o que seguiria. Godofredo quer dizer paz de Deus, e foi o que este franc\u00eas espalhou por [&hellip;]<\/p>\n","protected":false},"author":14,"featured_media":0,"comment_status":"open","ping_status":"open","sticky":false,"template":"","format":"standard","meta":{"ngg_post_thumbnail":0,"footnotes":""},"categories":[186],"tags":[],"yoast_head":"<!-- This site is optimized with the Yoast SEO plugin v23.5 - https:\/\/yoast.com\/wordpress\/plugins\/seo\/ -->\n<title>S\u00e3o Godofredo - O Arcanjo no ar<\/title>\n<meta name=\"robots\" content=\"index, follow, max-snippet:-1, max-image-preview:large, max-video-preview:-1\" \/>\n<link rel=\"canonical\" href=\"https:\/\/www.oarcanjo.net\/site\/sao-godofredo\/\" \/>\n<meta property=\"og:locale\" content=\"pt_BR\" \/>\n<meta property=\"og:type\" content=\"article\" \/>\n<meta property=\"og:title\" content=\"S\u00e3o Godofredo - O Arcanjo no ar\" \/>\n<meta property=\"og:description\" content=\"8 de Outubro Os pais de Godofredo rezaram muito para que Deus lhes desse um herdeiro. At\u00e9 que, em 1066, ele nasceu no castelo da fam\u00edlia em Soissons, onde foi batizado com um nome que j\u00e1 apontava a dire\u00e7\u00e3o que seguiria. Godofredo quer dizer paz de Deus, e foi o que este franc\u00eas espalhou por [&hellip;]\" \/>\n<meta property=\"og:url\" content=\"https:\/\/www.oarcanjo.net\/site\/sao-godofredo\/\" \/>\n<meta property=\"og:site_name\" content=\"O Arcanjo no ar\" \/>\n<meta property=\"article:publisher\" content=\"https:\/\/www.facebook.com\/OArcanjoNoAr\/\" \/>\n<meta property=\"article:published_time\" content=\"2017-11-08T02:56:14+00:00\" \/>\n<meta property=\"article:modified_time\" content=\"2017-08-11T17:59:54+00:00\" \/>\n<meta property=\"og:image\" content=\"http:\/\/4.bp.blogspot.com\/_z-c0Sh5Zlrs\/SK2IHGpIH8I\/AAAAAAAACBs\/mJ0_PbFWNxI\/s400\/S%C3%A3o+Godofredo.jpg\" \/>\n<meta name=\"author\" content=\"danilo\" \/>\n<meta name=\"twitter:card\" content=\"summary_large_image\" \/>\n<meta name=\"twitter:label1\" content=\"Escrito por\" \/>\n\t<meta name=\"twitter:data1\" content=\"danilo\" \/>\n\t<meta name=\"twitter:label2\" content=\"Est. tempo de leitura\" \/>\n\t<meta name=\"twitter:data2\" content=\"2 minutos\" \/>\n<script type=\"application\/ld+json\" class=\"yoast-schema-graph\">{\"@context\":\"https:\/\/schema.org\",\"@graph\":[{\"@type\":\"Article\",\"@id\":\"https:\/\/www.oarcanjo.net\/site\/sao-godofredo\/#article\",\"isPartOf\":{\"@id\":\"https:\/\/www.oarcanjo.net\/site\/sao-godofredo\/\"},\"author\":{\"name\":\"danilo\",\"@id\":\"https:\/\/www.oarcanjo.net\/site\/#\/schema\/person\/5eb9480bedd2f3c97e430ce128c29c6c\"},\"headline\":\"S\u00e3o Godofredo\",\"datePublished\":\"2017-11-08T02:56:14+00:00\",\"dateModified\":\"2017-08-11T17:59:54+00:00\",\"mainEntityOfPage\":{\"@id\":\"https:\/\/www.oarcanjo.net\/site\/sao-godofredo\/\"},\"wordCount\":444,\"commentCount\":0,\"publisher\":{\"@id\":\"https:\/\/www.oarcanjo.net\/site\/#organization\"},\"image\":{\"@id\":\"https:\/\/www.oarcanjo.net\/site\/sao-godofredo\/#primaryimage\"},\"thumbnailUrl\":\"http:\/\/4.bp.blogspot.com\/_z-c0Sh5Zlrs\/SK2IHGpIH8I\/AAAAAAAACBs\/mJ0_PbFWNxI\/s400\/S%C3%A3o+Godofredo.jpg\",\"articleSection\":[\"Testemunhos\"],\"inLanguage\":\"pt-BR\",\"potentialAction\":[{\"@type\":\"CommentAction\",\"name\":\"Comment\",\"target\":[\"https:\/\/www.oarcanjo.net\/site\/sao-godofredo\/#respond\"]}]},{\"@type\":\"WebPage\",\"@id\":\"https:\/\/www.oarcanjo.net\/site\/sao-godofredo\/\",\"url\":\"https:\/\/www.oarcanjo.net\/site\/sao-godofredo\/\",\"name\":\"S\u00e3o Godofredo - O Arcanjo no ar\",\"isPartOf\":{\"@id\":\"https:\/\/www.oarcanjo.net\/site\/#website\"},\"primaryImageOfPage\":{\"@id\":\"https:\/\/www.oarcanjo.net\/site\/sao-godofredo\/#primaryimage\"},\"image\":{\"@id\":\"https:\/\/www.oarcanjo.net\/site\/sao-godofredo\/#primaryimage\"},\"thumbnailUrl\":\"http:\/\/4.bp.blogspot.com\/_z-c0Sh5Zlrs\/SK2IHGpIH8I\/AAAAAAAACBs\/mJ0_PbFWNxI\/s400\/S%C3%A3o+Godofredo.jpg\",\"datePublished\":\"2017-11-08T02:56:14+00:00\",\"dateModified\":\"2017-08-11T17:59:54+00:00\",\"breadcrumb\":{\"@id\":\"https:\/\/www.oarcanjo.net\/site\/sao-godofredo\/#breadcrumb\"},\"inLanguage\":\"pt-BR\",\"potentialAction\":[{\"@type\":\"ReadAction\",\"target\":[\"https:\/\/www.oarcanjo.net\/site\/sao-godofredo\/\"]}]},{\"@type\":\"ImageObject\",\"inLanguage\":\"pt-BR\",\"@id\":\"https:\/\/www.oarcanjo.net\/site\/sao-godofredo\/#primaryimage\",\"url\":\"http:\/\/4.bp.blogspot.com\/_z-c0Sh5Zlrs\/SK2IHGpIH8I\/AAAAAAAACBs\/mJ0_PbFWNxI\/s400\/S%C3%A3o+Godofredo.jpg\",\"contentUrl\":\"http:\/\/4.bp.blogspot.com\/_z-c0Sh5Zlrs\/SK2IHGpIH8I\/AAAAAAAACBs\/mJ0_PbFWNxI\/s400\/S%C3%A3o+Godofredo.jpg\"},{\"@type\":\"BreadcrumbList\",\"@id\":\"https:\/\/www.oarcanjo.net\/site\/sao-godofredo\/#breadcrumb\",\"itemListElement\":[{\"@type\":\"ListItem\",\"position\":1,\"name\":\"In\u00edcio\",\"item\":\"https:\/\/www.oarcanjo.net\/site\/\"},{\"@type\":\"ListItem\",\"position\":2,\"name\":\"S\u00e3o Godofredo\"}]},{\"@type\":\"WebSite\",\"@id\":\"https:\/\/www.oarcanjo.net\/site\/#website\",\"url\":\"https:\/\/www.oarcanjo.net\/site\/\",\"name\":\"O Arcanjo no ar\",\"description\":\"Site da Par\u00f3quia S\u00e3o Miguel Arcanjo (Arquidiocese de SP)\",\"publisher\":{\"@id\":\"https:\/\/www.oarcanjo.net\/site\/#organization\"},\"potentialAction\":[{\"@type\":\"SearchAction\",\"target\":{\"@type\":\"EntryPoint\",\"urlTemplate\":\"https:\/\/www.oarcanjo.net\/site\/?s={search_term_string}\"},\"query-input\":{\"@type\":\"PropertyValueSpecification\",\"valueRequired\":true,\"valueName\":\"search_term_string\"}}],\"inLanguage\":\"pt-BR\"},{\"@type\":\"Organization\",\"@id\":\"https:\/\/www.oarcanjo.net\/site\/#organization\",\"name\":\"Par\u00f3quia S\u00e3o Miguel Arcanjo\",\"url\":\"https:\/\/www.oarcanjo.net\/site\/\",\"logo\":{\"@type\":\"ImageObject\",\"inLanguage\":\"pt-BR\",\"@id\":\"https:\/\/www.oarcanjo.net\/site\/#\/schema\/logo\/image\/\",\"url\":\"https:\/\/www.oarcanjo.net\/site\/wp-content\/uploads\/LogoOArcanjo.png\",\"contentUrl\":\"https:\/\/www.oarcanjo.net\/site\/wp-content\/uploads\/LogoOArcanjo.png\",\"width\":319,\"height\":99,\"caption\":\"Par\u00f3quia S\u00e3o Miguel Arcanjo\"},\"image\":{\"@id\":\"https:\/\/www.oarcanjo.net\/site\/#\/schema\/logo\/image\/\"},\"sameAs\":[\"https:\/\/www.facebook.com\/OArcanjoNoAr\/\"]},{\"@type\":\"Person\",\"@id\":\"https:\/\/www.oarcanjo.net\/site\/#\/schema\/person\/5eb9480bedd2f3c97e430ce128c29c6c\",\"name\":\"danilo\"}]}<\/script>\n<!-- \/ Yoast SEO plugin. -->","yoast_head_json":{"title":"S\u00e3o Godofredo - O Arcanjo no ar","robots":{"index":"index","follow":"follow","max-snippet":"max-snippet:-1","max-image-preview":"max-image-preview:large","max-video-preview":"max-video-preview:-1"},"canonical":"https:\/\/www.oarcanjo.net\/site\/sao-godofredo\/","og_locale":"pt_BR","og_type":"article","og_title":"S\u00e3o Godofredo - O Arcanjo no ar","og_description":"8 de Outubro Os pais de Godofredo rezaram muito para que Deus lhes desse um herdeiro. At\u00e9 que, em 1066, ele nasceu no castelo da fam\u00edlia em Soissons, onde foi batizado com um nome que j\u00e1 apontava a dire\u00e7\u00e3o que seguiria. Godofredo quer dizer paz de Deus, e foi o que este franc\u00eas espalhou por [&hellip;]","og_url":"https:\/\/www.oarcanjo.net\/site\/sao-godofredo\/","og_site_name":"O Arcanjo no ar","article_publisher":"https:\/\/www.facebook.com\/OArcanjoNoAr\/","article_published_time":"2017-11-08T02:56:14+00:00","article_modified_time":"2017-08-11T17:59:54+00:00","og_image":[{"url":"http:\/\/4.bp.blogspot.com\/_z-c0Sh5Zlrs\/SK2IHGpIH8I\/AAAAAAAACBs\/mJ0_PbFWNxI\/s400\/S%C3%A3o+Godofredo.jpg"}],"author":"danilo","twitter_card":"summary_large_image","twitter_misc":{"Escrito por":"danilo","Est. tempo de leitura":"2 minutos"},"schema":{"@context":"https:\/\/schema.org","@graph":[{"@type":"Article","@id":"https:\/\/www.oarcanjo.net\/site\/sao-godofredo\/#article","isPartOf":{"@id":"https:\/\/www.oarcanjo.net\/site\/sao-godofredo\/"},"author":{"name":"danilo","@id":"https:\/\/www.oarcanjo.net\/site\/#\/schema\/person\/5eb9480bedd2f3c97e430ce128c29c6c"},"headline":"S\u00e3o Godofredo","datePublished":"2017-11-08T02:56:14+00:00","dateModified":"2017-08-11T17:59:54+00:00","mainEntityOfPage":{"@id":"https:\/\/www.oarcanjo.net\/site\/sao-godofredo\/"},"wordCount":444,"commentCount":0,"publisher":{"@id":"https:\/\/www.oarcanjo.net\/site\/#organization"},"image":{"@id":"https:\/\/www.oarcanjo.net\/site\/sao-godofredo\/#primaryimage"},"thumbnailUrl":"http:\/\/4.bp.blogspot.com\/_z-c0Sh5Zlrs\/SK2IHGpIH8I\/AAAAAAAACBs\/mJ0_PbFWNxI\/s400\/S%C3%A3o+Godofredo.jpg","articleSection":["Testemunhos"],"inLanguage":"pt-BR","potentialAction":[{"@type":"CommentAction","name":"Comment","target":["https:\/\/www.oarcanjo.net\/site\/sao-godofredo\/#respond"]}]},{"@type":"WebPage","@id":"https:\/\/www.oarcanjo.net\/site\/sao-godofredo\/","url":"https:\/\/www.oarcanjo.net\/site\/sao-godofredo\/","name":"S\u00e3o Godofredo - O Arcanjo no ar","isPartOf":{"@id":"https:\/\/www.oarcanjo.net\/site\/#website"},"primaryImageOfPage":{"@id":"https:\/\/www.oarcanjo.net\/site\/sao-godofredo\/#primaryimage"},"image":{"@id":"https:\/\/www.oarcanjo.net\/site\/sao-godofredo\/#primaryimage"},"thumbnailUrl":"http:\/\/4.bp.blogspot.com\/_z-c0Sh5Zlrs\/SK2IHGpIH8I\/AAAAAAAACBs\/mJ0_PbFWNxI\/s400\/S%C3%A3o+Godofredo.jpg","datePublished":"2017-11-08T02:56:14+00:00","dateModified":"2017-08-11T17:59:54+00:00","breadcrumb":{"@id":"https:\/\/www.oarcanjo.net\/site\/sao-godofredo\/#breadcrumb"},"inLanguage":"pt-BR","potentialAction":[{"@type":"ReadAction","target":["https:\/\/www.oarcanjo.net\/site\/sao-godofredo\/"]}]},{"@type":"ImageObject","inLanguage":"pt-BR","@id":"https:\/\/www.oarcanjo.net\/site\/sao-godofredo\/#primaryimage","url":"http:\/\/4.bp.blogspot.com\/_z-c0Sh5Zlrs\/SK2IHGpIH8I\/AAAAAAAACBs\/mJ0_PbFWNxI\/s400\/S%C3%A3o+Godofredo.jpg","contentUrl":"http:\/\/4.bp.blogspot.com\/_z-c0Sh5Zlrs\/SK2IHGpIH8I\/AAAAAAAACBs\/mJ0_PbFWNxI\/s400\/S%C3%A3o+Godofredo.jpg"},{"@type":"BreadcrumbList","@id":"https:\/\/www.oarcanjo.net\/site\/sao-godofredo\/#breadcrumb","itemListElement":[{"@type":"ListItem","position":1,"name":"In\u00edcio","item":"https:\/\/www.oarcanjo.net\/site\/"},{"@type":"ListItem","position":2,"name":"S\u00e3o Godofredo"}]},{"@type":"WebSite","@id":"https:\/\/www.oarcanjo.net\/site\/#website","url":"https:\/\/www.oarcanjo.net\/site\/","name":"O Arcanjo no ar","description":"Site da Par\u00f3quia S\u00e3o Miguel Arcanjo (Arquidiocese de SP)","publisher":{"@id":"https:\/\/www.oarcanjo.net\/site\/#organization"},"potentialAction":[{"@type":"SearchAction","target":{"@type":"EntryPoint","urlTemplate":"https:\/\/www.oarcanjo.net\/site\/?s={search_term_string}"},"query-input":{"@type":"PropertyValueSpecification","valueRequired":true,"valueName":"search_term_string"}}],"inLanguage":"pt-BR"},{"@type":"Organization","@id":"https:\/\/www.oarcanjo.net\/site\/#organization","name":"Par\u00f3quia S\u00e3o Miguel Arcanjo","url":"https:\/\/www.oarcanjo.net\/site\/","logo":{"@type":"ImageObject","inLanguage":"pt-BR","@id":"https:\/\/www.oarcanjo.net\/site\/#\/schema\/logo\/image\/","url":"https:\/\/www.oarcanjo.net\/site\/wp-content\/uploads\/LogoOArcanjo.png","contentUrl":"https:\/\/www.oarcanjo.net\/site\/wp-content\/uploads\/LogoOArcanjo.png","width":319,"height":99,"caption":"Par\u00f3quia S\u00e3o Miguel Arcanjo"},"image":{"@id":"https:\/\/www.oarcanjo.net\/site\/#\/schema\/logo\/image\/"},"sameAs":["https:\/\/www.facebook.com\/OArcanjoNoAr\/"]},{"@type":"Person","@id":"https:\/\/www.oarcanjo.net\/site\/#\/schema\/person\/5eb9480bedd2f3c97e430ce128c29c6c","name":"danilo"}]}},"publishpress_future_action":{"enabled":false,"date":"2026-05-08 04:44:29","action":"category","newStatus":"draft","terms":[],"taxonomy":"category"},"publishpress_future_workflow_manual_trigger":{"enabledWorkflows":[]},"_links":{"self":[{"href":"https:\/\/www.oarcanjo.net\/site\/wp-json\/wp\/v2\/posts\/11644"}],"collection":[{"href":"https:\/\/www.oarcanjo.net\/site\/wp-json\/wp\/v2\/posts"}],"about":[{"href":"https:\/\/www.oarcanjo.net\/site\/wp-json\/wp\/v2\/types\/post"}],"author":[{"embeddable":true,"href":"https:\/\/www.oarcanjo.net\/site\/wp-json\/wp\/v2\/users\/14"}],"replies":[{"embeddable":true,"href":"https:\/\/www.oarcanjo.net\/site\/wp-json\/wp\/v2\/comments?post=11644"}],"version-history":[{"count":0,"href":"https:\/\/www.oarcanjo.net\/site\/wp-json\/wp\/v2\/posts\/11644\/revisions"}],"wp:attachment":[{"href":"https:\/\/www.oarcanjo.net\/site\/wp-json\/wp\/v2\/media?parent=11644"}],"wp:term":[{"taxonomy":"category","embeddable":true,"href":"https:\/\/www.oarcanjo.net\/site\/wp-json\/wp\/v2\/categories?post=11644"},{"taxonomy":"post_tag","embeddable":true,"href":"https:\/\/www.oarcanjo.net\/site\/wp-json\/wp\/v2\/tags?post=11644"}],"curies":[{"name":"wp","href":"https:\/\/api.w.org\/{rel}","templated":true}]}}