
{"id":11650,"date":"2010-11-08T00:03:32","date_gmt":"2010-11-08T02:03:32","guid":{"rendered":"http:\/\/www.oarcanjo.net\/site\/?p=11650"},"modified":"2010-11-10T03:51:09","modified_gmt":"2010-11-10T05:51:09","slug":"congresso-de-leigos-%e2%80%93-oficina-da-comunicacao","status":"publish","type":"post","link":"https:\/\/www.oarcanjo.net\/site\/congresso-de-leigos-%e2%80%93-oficina-da-comunicacao\/","title":{"rendered":"Congresso de Leigos \u2013 Oficina da Comunica\u00e7\u00e3o"},"content":{"rendered":"<p><strong>Oficina Tem\u00e1tica Vida e Miss\u00e3o do Leigo no Mundo da Comunica\u00e7\u00e3o Social<\/strong><\/p>\n<p>Neste s\u00e1bado, dia 06 de novembro de 2010, foi realizada a Oficina Tem\u00e1tica Vida e Miss\u00e3o do Leigo no Mundo da Comunica\u00e7\u00e3o Social. Os Delegados das seis Regi\u00f5es Episcopais da Arquidiocese de S\u00e3o Paulo (Bel\u00e9m, Brasil\u00e2ndia, Ipiranga, Lapa, Santana e S\u00e9) se reuniram na sede do Sindicato dos Jornalistas para avaliar as propostas das oficinas regionais. Tamb\u00e9m avaliaram as propostas do Vicariato Episcopal para a Pastoral da Comunica\u00e7\u00e3o, bem como da Oficina An\u00fancio Querigm\u00e1tico.<\/p>\n<p><img loading=\"lazy\" decoding=\"async\" class=\"alignnone size-full wp-image-11692\" title=\"Oficina de Comunica\u00e7\u00e3o - Congresso de Leigos 2010\" src=\"http:\/\/www.oarcanjo.net\/site\/wp-content\/uploads\/oficina-comunicacao-congresso-leigos-01.jpg\" alt=\"Oficina de Comunica\u00e7\u00e3o - Congresso de Leigos 2010\" width=\"450\" height=\"300\" srcset=\"https:\/\/www.oarcanjo.net\/site\/wp-content\/uploads\/oficina-comunicacao-congresso-leigos-01.jpg 450w, https:\/\/www.oarcanjo.net\/site\/wp-content\/uploads\/oficina-comunicacao-congresso-leigos-01-300x200.jpg 300w\" sizes=\"(max-width: 450px) 100vw, 450px\" \/><\/p>\n<p>A Regi\u00e3o Bel\u00e9m participou ativamente dos trabalhos com sete delegados. O Carlos, do site O Arcanjo no Ar e da Par\u00f3quia S\u00e3o Miguel Arcanjo, participou como um dos delegados da Regi\u00e3o Bel\u00e9m.<\/p>\n<p><a href=\"http:\/\/www.oarcanjo.net\/site\/wp-content\/uploads\/oficina-comunicacao-congresso-leigos-02.jpg\"><img loading=\"lazy\" decoding=\"async\" class=\"alignnone size-full wp-image-11693\" title=\"Oficina de Comunica\u00e7\u00e3o - Congresso de Leigos 2010\" src=\"http:\/\/www.oarcanjo.net\/site\/wp-content\/uploads\/oficina-comunicacao-congresso-leigos-02.jpg\" alt=\"Oficina de Comunica\u00e7\u00e3o - Congresso de Leigos 2010\" width=\"450\" height=\"300\" srcset=\"https:\/\/www.oarcanjo.net\/site\/wp-content\/uploads\/oficina-comunicacao-congresso-leigos-02.jpg 450w, https:\/\/www.oarcanjo.net\/site\/wp-content\/uploads\/oficina-comunicacao-congresso-leigos-02-300x200.jpg 300w\" sizes=\"(max-width: 450px) 100vw, 450px\" \/><\/a><\/p>\n<p><a href=\"http:\/\/www.oarcanjo.net\/site\/wp-content\/uploads\/oficina-comunicacao-congresso-leigos-02.jpg\"><\/a>O objetivo da oficina em n\u00edvel arquidiocesano consistia em analisar e agrupar as propostas nos tr\u00eas eixos, Forma\u00e7\u00e3o, Organiza\u00e7\u00e3o e A\u00e7\u00e3o. Objetivou, ainda, n\u00e3o buscar nessas propostas as solu\u00e7\u00f5es para os problemas encontrados nas respectivas \u00e1reas abordadas, mas concentrar-se na supera\u00e7\u00e3o dos desafios, para que haja uma atua\u00e7\u00e3o efetiva, competente e organizada dos crist\u00e3os leigos.<\/p>\n<p>A organiza\u00e7\u00e3o do evento contou com a participa\u00e7\u00e3o do Vicariato da Comunica\u00e7\u00e3o, inclusive com a equipe do Jornal O S\u00e3o Paulo, tendo disponibilizado material de excelente qualidade para possibilitar a triagem das propostas, de modo a possibilitar seu enquadramento na forma\u00e7\u00e3o, organiza\u00e7\u00e3o e a\u00e7\u00e3o. No final foram elaborados por seis grupos um projeto arquidiocesano para o tema da comunica\u00e7\u00e3o social.<\/p>\n<p><a href=\"http:\/\/www.oarcanjo.net\/site\/wp-content\/uploads\/oficina-comunicacao-congresso-leigos-03.jpg\"><img loading=\"lazy\" decoding=\"async\" class=\"alignnone size-full wp-image-11694\" title=\"Oficina de Comunica\u00e7\u00e3o - Congresso de Leigos 2010\" src=\"http:\/\/www.oarcanjo.net\/site\/wp-content\/uploads\/oficina-comunicacao-congresso-leigos-03.jpg\" alt=\"Oficina de Comunica\u00e7\u00e3o - Congresso de Leigos 2010\" width=\"450\" height=\"300\" srcset=\"https:\/\/www.oarcanjo.net\/site\/wp-content\/uploads\/oficina-comunicacao-congresso-leigos-03.jpg 450w, https:\/\/www.oarcanjo.net\/site\/wp-content\/uploads\/oficina-comunicacao-congresso-leigos-03-300x200.jpg 300w\" sizes=\"(max-width: 450px) 100vw, 450px\" \/><\/a><\/p>\n<p><a href=\"http:\/\/www.oarcanjo.net\/site\/wp-content\/uploads\/oficina-comunicacao-congresso-leigos-03.jpg\"><\/a>No pr\u00f3ximo dia 21 de novembro, no Gin\u00e1sio Poliesportivo do Ibirapuera, \u00a0ocorrer\u00e1 a apresenta\u00e7\u00e3o dos projetos do Congresso de Leigos, com a reflex\u00e3o e aprova\u00e7\u00e3o daqueles produzidos pelas oficinas tem\u00e1ticas. Haver\u00e1 um momento cultural e depois a celebra\u00e7\u00e3o da Santa Missa presidida pelo Cardeal Dom Odilo Pedro Scherer.<\/p>\n<div id=\"themify_builder_content-11650\" data-postid=\"11650\" class=\"themify_builder_content themify_builder_content-11650 themify_builder themify_builder_front\">\n\t<\/div>\n<!-- \/themify_builder_content -->","protected":false},"excerpt":{"rendered":"<p>Oficina Tem\u00e1tica Vida e Miss\u00e3o do Leigo no Mundo da Comunica\u00e7\u00e3o Social Neste s\u00e1bado, dia 06 de novembro de 2010, foi realizada a Oficina Tem\u00e1tica Vida e Miss\u00e3o do Leigo no Mundo da Comunica\u00e7\u00e3o Social. Os Delegados das seis Regi\u00f5es Episcopais da Arquidiocese de S\u00e3o Paulo (Bel\u00e9m, Brasil\u00e2ndia, Ipiranga, Lapa, Santana e S\u00e9) se reuniram [&hellip;]<\/p>\n","protected":false},"author":10,"featured_media":0,"comment_status":"open","ping_status":"open","sticky":false,"template":"","format":"standard","meta":{"ngg_post_thumbnail":0,"footnotes":""},"categories":[8],"tags":[239,27,1434],"yoast_head":"<!-- This site is optimized with the Yoast SEO plugin v23.5 - https:\/\/yoast.com\/wordpress\/plugins\/seo\/ -->\n<title>Congresso de Leigos \u2013 Oficina da Comunica\u00e7\u00e3o - O Arcanjo no ar<\/title>\n<meta name=\"robots\" content=\"index, follow, max-snippet:-1, max-image-preview:large, max-video-preview:-1\" \/>\n<link rel=\"canonical\" href=\"https:\/\/www.oarcanjo.net\/site\/congresso-de-leigos-\u2013-oficina-da-comunicacao\/\" \/>\n<meta property=\"og:locale\" content=\"pt_BR\" \/>\n<meta property=\"og:type\" content=\"article\" \/>\n<meta property=\"og:title\" content=\"Congresso de Leigos \u2013 Oficina da Comunica\u00e7\u00e3o - O Arcanjo no ar\" \/>\n<meta property=\"og:description\" content=\"Oficina Tem\u00e1tica Vida e Miss\u00e3o do Leigo no Mundo da Comunica\u00e7\u00e3o Social Neste s\u00e1bado, dia 06 de novembro de 2010, foi realizada a Oficina Tem\u00e1tica Vida e Miss\u00e3o do Leigo no Mundo da Comunica\u00e7\u00e3o Social. Os Delegados das seis Regi\u00f5es Episcopais da Arquidiocese de S\u00e3o Paulo (Bel\u00e9m, Brasil\u00e2ndia, Ipiranga, Lapa, Santana e S\u00e9) se reuniram [&hellip;]\" \/>\n<meta property=\"og:url\" content=\"https:\/\/www.oarcanjo.net\/site\/congresso-de-leigos-\u2013-oficina-da-comunicacao\/\" \/>\n<meta property=\"og:site_name\" content=\"O Arcanjo no ar\" \/>\n<meta property=\"article:publisher\" content=\"https:\/\/www.facebook.com\/OArcanjoNoAr\/\" \/>\n<meta property=\"article:published_time\" content=\"2010-11-08T02:03:32+00:00\" \/>\n<meta property=\"article:modified_time\" content=\"2010-11-10T05:51:09+00:00\" \/>\n<meta property=\"og:image\" content=\"http:\/\/www.oarcanjo.net\/site\/wp-content\/uploads\/oficina-comunicacao-congresso-leigos-01.jpg\" \/>\n<meta name=\"author\" content=\"carlos\" \/>\n<meta name=\"twitter:card\" content=\"summary_large_image\" \/>\n<meta name=\"twitter:label1\" content=\"Escrito por\" \/>\n\t<meta name=\"twitter:data1\" content=\"carlos\" \/>\n\t<meta name=\"twitter:label2\" content=\"Est. tempo de leitura\" \/>\n\t<meta name=\"twitter:data2\" content=\"2 minutos\" \/>\n<script type=\"application\/ld+json\" class=\"yoast-schema-graph\">{\"@context\":\"https:\/\/schema.org\",\"@graph\":[{\"@type\":\"Article\",\"@id\":\"https:\/\/www.oarcanjo.net\/site\/congresso-de-leigos-%e2%80%93-oficina-da-comunicacao\/#article\",\"isPartOf\":{\"@id\":\"https:\/\/www.oarcanjo.net\/site\/congresso-de-leigos-%e2%80%93-oficina-da-comunicacao\/\"},\"author\":{\"name\":\"carlos\",\"@id\":\"https:\/\/www.oarcanjo.net\/site\/#\/schema\/person\/f7870e710d8c8c30673de3a0ac2e451d\"},\"headline\":\"Congresso de Leigos \u2013 Oficina da Comunica\u00e7\u00e3o\",\"datePublished\":\"2010-11-08T02:03:32+00:00\",\"dateModified\":\"2010-11-10T05:51:09+00:00\",\"mainEntityOfPage\":{\"@id\":\"https:\/\/www.oarcanjo.net\/site\/congresso-de-leigos-%e2%80%93-oficina-da-comunicacao\/\"},\"wordCount\":331,\"commentCount\":1,\"publisher\":{\"@id\":\"https:\/\/www.oarcanjo.net\/site\/#organization\"},\"image\":{\"@id\":\"https:\/\/www.oarcanjo.net\/site\/congresso-de-leigos-%e2%80%93-oficina-da-comunicacao\/#primaryimage\"},\"thumbnailUrl\":\"http:\/\/www.oarcanjo.net\/site\/wp-content\/uploads\/oficina-comunicacao-congresso-leigos-01.jpg\",\"keywords\":[\"Arquidiocese de S\u00e3o Paulo\",\"comunica\u00e7\u00e3o\",\"Congresso de Leigos\"],\"articleSection\":[\"Not\u00edcias\"],\"inLanguage\":\"pt-BR\",\"potentialAction\":[{\"@type\":\"CommentAction\",\"name\":\"Comment\",\"target\":[\"https:\/\/www.oarcanjo.net\/site\/congresso-de-leigos-%e2%80%93-oficina-da-comunicacao\/#respond\"]}]},{\"@type\":\"WebPage\",\"@id\":\"https:\/\/www.oarcanjo.net\/site\/congresso-de-leigos-%e2%80%93-oficina-da-comunicacao\/\",\"url\":\"https:\/\/www.oarcanjo.net\/site\/congresso-de-leigos-%e2%80%93-oficina-da-comunicacao\/\",\"name\":\"Congresso de Leigos \u2013 Oficina da Comunica\u00e7\u00e3o - O Arcanjo no ar\",\"isPartOf\":{\"@id\":\"https:\/\/www.oarcanjo.net\/site\/#website\"},\"primaryImageOfPage\":{\"@id\":\"https:\/\/www.oarcanjo.net\/site\/congresso-de-leigos-%e2%80%93-oficina-da-comunicacao\/#primaryimage\"},\"image\":{\"@id\":\"https:\/\/www.oarcanjo.net\/site\/congresso-de-leigos-%e2%80%93-oficina-da-comunicacao\/#primaryimage\"},\"thumbnailUrl\":\"http:\/\/www.oarcanjo.net\/site\/wp-content\/uploads\/oficina-comunicacao-congresso-leigos-01.jpg\",\"datePublished\":\"2010-11-08T02:03:32+00:00\",\"dateModified\":\"2010-11-10T05:51:09+00:00\",\"breadcrumb\":{\"@id\":\"https:\/\/www.oarcanjo.net\/site\/congresso-de-leigos-%e2%80%93-oficina-da-comunicacao\/#breadcrumb\"},\"inLanguage\":\"pt-BR\",\"potentialAction\":[{\"@type\":\"ReadAction\",\"target\":[\"https:\/\/www.oarcanjo.net\/site\/congresso-de-leigos-%e2%80%93-oficina-da-comunicacao\/\"]}]},{\"@type\":\"ImageObject\",\"inLanguage\":\"pt-BR\",\"@id\":\"https:\/\/www.oarcanjo.net\/site\/congresso-de-leigos-%e2%80%93-oficina-da-comunicacao\/#primaryimage\",\"url\":\"https:\/\/www.oarcanjo.net\/site\/wp-content\/uploads\/oficina-comunicacao-congresso-leigos-01.jpg\",\"contentUrl\":\"https:\/\/www.oarcanjo.net\/site\/wp-content\/uploads\/oficina-comunicacao-congresso-leigos-01.jpg\",\"width\":\"450\",\"height\":\"300\",\"caption\":\"Oficina de Comunica\u00e7\u00e3o - Congresso de Leigos 2010\"},{\"@type\":\"BreadcrumbList\",\"@id\":\"https:\/\/www.oarcanjo.net\/site\/congresso-de-leigos-%e2%80%93-oficina-da-comunicacao\/#breadcrumb\",\"itemListElement\":[{\"@type\":\"ListItem\",\"position\":1,\"name\":\"In\u00edcio\",\"item\":\"https:\/\/www.oarcanjo.net\/site\/\"},{\"@type\":\"ListItem\",\"position\":2,\"name\":\"Congresso de Leigos \u2013 Oficina da Comunica\u00e7\u00e3o\"}]},{\"@type\":\"WebSite\",\"@id\":\"https:\/\/www.oarcanjo.net\/site\/#website\",\"url\":\"https:\/\/www.oarcanjo.net\/site\/\",\"name\":\"O Arcanjo no ar\",\"description\":\"Site da Par\u00f3quia S\u00e3o Miguel Arcanjo (Arquidiocese de SP)\",\"publisher\":{\"@id\":\"https:\/\/www.oarcanjo.net\/site\/#organization\"},\"potentialAction\":[{\"@type\":\"SearchAction\",\"target\":{\"@type\":\"EntryPoint\",\"urlTemplate\":\"https:\/\/www.oarcanjo.net\/site\/?s={search_term_string}\"},\"query-input\":{\"@type\":\"PropertyValueSpecification\",\"valueRequired\":true,\"valueName\":\"search_term_string\"}}],\"inLanguage\":\"pt-BR\"},{\"@type\":\"Organization\",\"@id\":\"https:\/\/www.oarcanjo.net\/site\/#organization\",\"name\":\"Par\u00f3quia S\u00e3o Miguel Arcanjo\",\"url\":\"https:\/\/www.oarcanjo.net\/site\/\",\"logo\":{\"@type\":\"ImageObject\",\"inLanguage\":\"pt-BR\",\"@id\":\"https:\/\/www.oarcanjo.net\/site\/#\/schema\/logo\/image\/\",\"url\":\"https:\/\/www.oarcanjo.net\/site\/wp-content\/uploads\/LogoOArcanjo.png\",\"contentUrl\":\"https:\/\/www.oarcanjo.net\/site\/wp-content\/uploads\/LogoOArcanjo.png\",\"width\":319,\"height\":99,\"caption\":\"Par\u00f3quia S\u00e3o Miguel Arcanjo\"},\"image\":{\"@id\":\"https:\/\/www.oarcanjo.net\/site\/#\/schema\/logo\/image\/\"},\"sameAs\":[\"https:\/\/www.facebook.com\/OArcanjoNoAr\/\"]},{\"@type\":\"Person\",\"@id\":\"https:\/\/www.oarcanjo.net\/site\/#\/schema\/person\/f7870e710d8c8c30673de3a0ac2e451d\",\"name\":\"carlos\"}]}<\/script>\n<!-- \/ Yoast SEO plugin. -->","yoast_head_json":{"title":"Congresso de Leigos \u2013 Oficina da Comunica\u00e7\u00e3o - O Arcanjo no ar","robots":{"index":"index","follow":"follow","max-snippet":"max-snippet:-1","max-image-preview":"max-image-preview:large","max-video-preview":"max-video-preview:-1"},"canonical":"https:\/\/www.oarcanjo.net\/site\/congresso-de-leigos-\u2013-oficina-da-comunicacao\/","og_locale":"pt_BR","og_type":"article","og_title":"Congresso de Leigos \u2013 Oficina da Comunica\u00e7\u00e3o - O Arcanjo no ar","og_description":"Oficina Tem\u00e1tica Vida e Miss\u00e3o do Leigo no Mundo da Comunica\u00e7\u00e3o Social Neste s\u00e1bado, dia 06 de novembro de 2010, foi realizada a Oficina Tem\u00e1tica Vida e Miss\u00e3o do Leigo no Mundo da Comunica\u00e7\u00e3o Social. Os Delegados das seis Regi\u00f5es Episcopais da Arquidiocese de S\u00e3o Paulo (Bel\u00e9m, Brasil\u00e2ndia, Ipiranga, Lapa, Santana e S\u00e9) se reuniram [&hellip;]","og_url":"https:\/\/www.oarcanjo.net\/site\/congresso-de-leigos-\u2013-oficina-da-comunicacao\/","og_site_name":"O Arcanjo no ar","article_publisher":"https:\/\/www.facebook.com\/OArcanjoNoAr\/","article_published_time":"2010-11-08T02:03:32+00:00","article_modified_time":"2010-11-10T05:51:09+00:00","og_image":[{"url":"http:\/\/www.oarcanjo.net\/site\/wp-content\/uploads\/oficina-comunicacao-congresso-leigos-01.jpg"}],"author":"carlos","twitter_card":"summary_large_image","twitter_misc":{"Escrito por":"carlos","Est. tempo de leitura":"2 minutos"},"schema":{"@context":"https:\/\/schema.org","@graph":[{"@type":"Article","@id":"https:\/\/www.oarcanjo.net\/site\/congresso-de-leigos-%e2%80%93-oficina-da-comunicacao\/#article","isPartOf":{"@id":"https:\/\/www.oarcanjo.net\/site\/congresso-de-leigos-%e2%80%93-oficina-da-comunicacao\/"},"author":{"name":"carlos","@id":"https:\/\/www.oarcanjo.net\/site\/#\/schema\/person\/f7870e710d8c8c30673de3a0ac2e451d"},"headline":"Congresso de Leigos \u2013 Oficina da Comunica\u00e7\u00e3o","datePublished":"2010-11-08T02:03:32+00:00","dateModified":"2010-11-10T05:51:09+00:00","mainEntityOfPage":{"@id":"https:\/\/www.oarcanjo.net\/site\/congresso-de-leigos-%e2%80%93-oficina-da-comunicacao\/"},"wordCount":331,"commentCount":1,"publisher":{"@id":"https:\/\/www.oarcanjo.net\/site\/#organization"},"image":{"@id":"https:\/\/www.oarcanjo.net\/site\/congresso-de-leigos-%e2%80%93-oficina-da-comunicacao\/#primaryimage"},"thumbnailUrl":"http:\/\/www.oarcanjo.net\/site\/wp-content\/uploads\/oficina-comunicacao-congresso-leigos-01.jpg","keywords":["Arquidiocese de S\u00e3o Paulo","comunica\u00e7\u00e3o","Congresso de Leigos"],"articleSection":["Not\u00edcias"],"inLanguage":"pt-BR","potentialAction":[{"@type":"CommentAction","name":"Comment","target":["https:\/\/www.oarcanjo.net\/site\/congresso-de-leigos-%e2%80%93-oficina-da-comunicacao\/#respond"]}]},{"@type":"WebPage","@id":"https:\/\/www.oarcanjo.net\/site\/congresso-de-leigos-%e2%80%93-oficina-da-comunicacao\/","url":"https:\/\/www.oarcanjo.net\/site\/congresso-de-leigos-%e2%80%93-oficina-da-comunicacao\/","name":"Congresso de Leigos \u2013 Oficina da Comunica\u00e7\u00e3o - O Arcanjo no ar","isPartOf":{"@id":"https:\/\/www.oarcanjo.net\/site\/#website"},"primaryImageOfPage":{"@id":"https:\/\/www.oarcanjo.net\/site\/congresso-de-leigos-%e2%80%93-oficina-da-comunicacao\/#primaryimage"},"image":{"@id":"https:\/\/www.oarcanjo.net\/site\/congresso-de-leigos-%e2%80%93-oficina-da-comunicacao\/#primaryimage"},"thumbnailUrl":"http:\/\/www.oarcanjo.net\/site\/wp-content\/uploads\/oficina-comunicacao-congresso-leigos-01.jpg","datePublished":"2010-11-08T02:03:32+00:00","dateModified":"2010-11-10T05:51:09+00:00","breadcrumb":{"@id":"https:\/\/www.oarcanjo.net\/site\/congresso-de-leigos-%e2%80%93-oficina-da-comunicacao\/#breadcrumb"},"inLanguage":"pt-BR","potentialAction":[{"@type":"ReadAction","target":["https:\/\/www.oarcanjo.net\/site\/congresso-de-leigos-%e2%80%93-oficina-da-comunicacao\/"]}]},{"@type":"ImageObject","inLanguage":"pt-BR","@id":"https:\/\/www.oarcanjo.net\/site\/congresso-de-leigos-%e2%80%93-oficina-da-comunicacao\/#primaryimage","url":"https:\/\/www.oarcanjo.net\/site\/wp-content\/uploads\/oficina-comunicacao-congresso-leigos-01.jpg","contentUrl":"https:\/\/www.oarcanjo.net\/site\/wp-content\/uploads\/oficina-comunicacao-congresso-leigos-01.jpg","width":"450","height":"300","caption":"Oficina de Comunica\u00e7\u00e3o - Congresso de Leigos 2010"},{"@type":"BreadcrumbList","@id":"https:\/\/www.oarcanjo.net\/site\/congresso-de-leigos-%e2%80%93-oficina-da-comunicacao\/#breadcrumb","itemListElement":[{"@type":"ListItem","position":1,"name":"In\u00edcio","item":"https:\/\/www.oarcanjo.net\/site\/"},{"@type":"ListItem","position":2,"name":"Congresso de Leigos \u2013 Oficina da Comunica\u00e7\u00e3o"}]},{"@type":"WebSite","@id":"https:\/\/www.oarcanjo.net\/site\/#website","url":"https:\/\/www.oarcanjo.net\/site\/","name":"O Arcanjo no ar","description":"Site da Par\u00f3quia S\u00e3o Miguel Arcanjo (Arquidiocese de SP)","publisher":{"@id":"https:\/\/www.oarcanjo.net\/site\/#organization"},"potentialAction":[{"@type":"SearchAction","target":{"@type":"EntryPoint","urlTemplate":"https:\/\/www.oarcanjo.net\/site\/?s={search_term_string}"},"query-input":{"@type":"PropertyValueSpecification","valueRequired":true,"valueName":"search_term_string"}}],"inLanguage":"pt-BR"},{"@type":"Organization","@id":"https:\/\/www.oarcanjo.net\/site\/#organization","name":"Par\u00f3quia S\u00e3o Miguel Arcanjo","url":"https:\/\/www.oarcanjo.net\/site\/","logo":{"@type":"ImageObject","inLanguage":"pt-BR","@id":"https:\/\/www.oarcanjo.net\/site\/#\/schema\/logo\/image\/","url":"https:\/\/www.oarcanjo.net\/site\/wp-content\/uploads\/LogoOArcanjo.png","contentUrl":"https:\/\/www.oarcanjo.net\/site\/wp-content\/uploads\/LogoOArcanjo.png","width":319,"height":99,"caption":"Par\u00f3quia S\u00e3o Miguel Arcanjo"},"image":{"@id":"https:\/\/www.oarcanjo.net\/site\/#\/schema\/logo\/image\/"},"sameAs":["https:\/\/www.facebook.com\/OArcanjoNoAr\/"]},{"@type":"Person","@id":"https:\/\/www.oarcanjo.net\/site\/#\/schema\/person\/f7870e710d8c8c30673de3a0ac2e451d","name":"carlos"}]}},"publishpress_future_action":{"enabled":false,"date":"2026-05-07 14:33:37","action":"category","newStatus":"draft","terms":[],"taxonomy":"category"},"publishpress_future_workflow_manual_trigger":{"enabledWorkflows":[]},"_links":{"self":[{"href":"https:\/\/www.oarcanjo.net\/site\/wp-json\/wp\/v2\/posts\/11650"}],"collection":[{"href":"https:\/\/www.oarcanjo.net\/site\/wp-json\/wp\/v2\/posts"}],"about":[{"href":"https:\/\/www.oarcanjo.net\/site\/wp-json\/wp\/v2\/types\/post"}],"author":[{"embeddable":true,"href":"https:\/\/www.oarcanjo.net\/site\/wp-json\/wp\/v2\/users\/10"}],"replies":[{"embeddable":true,"href":"https:\/\/www.oarcanjo.net\/site\/wp-json\/wp\/v2\/comments?post=11650"}],"version-history":[{"count":0,"href":"https:\/\/www.oarcanjo.net\/site\/wp-json\/wp\/v2\/posts\/11650\/revisions"}],"wp:attachment":[{"href":"https:\/\/www.oarcanjo.net\/site\/wp-json\/wp\/v2\/media?parent=11650"}],"wp:term":[{"taxonomy":"category","embeddable":true,"href":"https:\/\/www.oarcanjo.net\/site\/wp-json\/wp\/v2\/categories?post=11650"},{"taxonomy":"post_tag","embeddable":true,"href":"https:\/\/www.oarcanjo.net\/site\/wp-json\/wp\/v2\/tags?post=11650"}],"curies":[{"name":"wp","href":"https:\/\/api.w.org\/{rel}","templated":true}]}}