
{"id":11671,"date":"2010-11-07T21:57:43","date_gmt":"2010-11-07T23:57:43","guid":{"rendered":"http:\/\/www.oarcanjo.net\/site\/?p=11671"},"modified":"2010-11-08T22:35:23","modified_gmt":"2010-11-09T00:35:23","slug":"brasil-tem-uma-nova-beata-madre-barbara-maix","status":"publish","type":"post","link":"https:\/\/www.oarcanjo.net\/site\/brasil-tem-uma-nova-beata-madre-barbara-maix\/","title":{"rendered":"Brasil tem uma nova beata: Madre B\u00e1rbara Maix"},"content":{"rendered":"<p>Mais de 15 mil fi\u00e9is lotaram o gin\u00e1sio Gigantinho, no s\u00e1bado,  6, em Porto Alegre (RS), para a cerim\u00f4nia de beatifica\u00e7\u00e3o de Madre B\u00e1rbara Maix. A missa foi de apresenta\u00e7\u00f5es art\u00edsticas e de dan\u00e7a que representaram a trajet\u00f3ria de B\u00e1rbara Maix, desde sua inf\u00e2ncia at\u00e9 o momento de sua morte, realizada por crian\u00e7as e jovens, alunos de escolas cat\u00f3licas, e participantes de projetos sociais ligados a Congrega\u00e7\u00e3o do Imaculado Cora\u00e7\u00e3o de Maria, fundada pela agora beata.<\/p>\n<p>No in\u00edcio da missa, o n\u00fancio apost\u00f3lico no Brasil, dom Lorenzo Baldisseri, fez a  leitura da Carta Apost\u00f3lica, comunicando a beatifica\u00e7\u00e3o de Madre B\u00e1rbara Maix. A cerim\u00f4nia foi presidida pelo arcebispo de Porto Alegre, dom Dadeus Grings, e n\u00e3o pelo prefeito da Congrega\u00e7\u00e3o para a Causa dos Santos, dom Angelo Amato, que n\u00e3o pode vir por motivo de sa\u00fade. Dom Angelo enviou a homilia que foi lida por dom Dadeus. Segundo dom Amato, a Madre Maix, apesar de sua origem vianense, &#8220;tornou-se praticamente brasileira com os brasileiros&#8221;.<\/p>\n<p>&#8220;Sua figura n\u00e3o desapareceu na n\u00e9voa do esquecimento, porque ela falou a l\u00edngua evang\u00e9lica da caridade, uma l\u00edngua compreendida por todos, grandes e pequenos, cultos e ignorantes. \u00c9 uma l\u00edngua universal que atravessa os s\u00e9culos&#8221;, disse dom Amato.<\/p>\n<p>O milagre descrito para a beatifica\u00e7\u00e3o da Madre foi a cura do menino Onorino Ecker. Queimado por brasas em 1944, ele foi hospitalizado com queimaduras de terceiro grau e ficou em estado de choque. Segundo o relato, ap\u00f3s um m\u00e9dico dizer que &#8220;somente um milagre&#8221; o salvaria, iniciou-se uma novena pela intercess\u00e3o de B\u00e1rbara Maix. A crian\u00e7a se recuperou e deixou o hospital curada em 25 de julho. Atualmente com 69 anos, Onorino esteve presente \u00e0 cerim\u00f4nia de beatifica\u00e7\u00e3o.<\/p>\n<p><strong>Sauda\u00e7\u00e3o do papa<\/strong><\/p>\n<p>O papa Bento XVI, durante o \u00c2ngelus deste domingo, 7, em Barcelona (Espanha), recordou a cerim\u00f4nia de beatifica\u00e7\u00e3o da Madre no Brasil.<\/p>\n<p>\u201cOntem [s\u00e1bado], em Porto Alegre, Brasil, foi realizada a cerim\u00f4nia de beatifica\u00e7\u00e3o da Serva de Deus Maria B\u00e1rbara da Sant\u00edssima Trindade, fundadora da Congrega\u00e7\u00e3o das Irm\u00e3s do Imaculado Cora\u00e7\u00e3o de Maria. Que a f\u00e9 profunda e a ardente caridade com que ela seguiu Cristo suscitem em muitos o desejo de entregar por completo sua vida \u00e0 maior gl\u00f3ria de Deus e ao servi\u00e7o generoso dos irm\u00e3os, especialmente dos mais pobres e necessitados\u201d, disse o papa.<\/p>\n<p><strong>Dom Lorenzo Baldisseri<\/strong><\/p>\n<p>Antes da missa de beatifica\u00e7\u00e3o, o n\u00fancio apost\u00f3lico no Brasil, dom Lorenzo Baldisseri, atendeu \u00e0 imprensa, juntamente como arcebispo de Porto Alegre, dom Dadeus Grings. Segundo dom Lorenzo, \u201cB\u00e1rbara Maix mostra \u00e0 Igreja do Brasil que a santidade \u00e9 poss\u00edvel\u201d. Dom Dadeus, por sua vez, salientou a import\u00e2ncia do acontecimento dentro do ano do centen\u00e1rio da Arquidiocese de Porto Alegre. Para a postuladora da Causa junto a Santa S\u00e9, irm\u00e3 Gentila Richetti, , o compromisso para a Congrega\u00e7\u00e3o, ap\u00f3s a beatifica\u00e7\u00e3o, \u201c\u00e9 dar continuidade e levar adiante as obras deixadas por Madre B\u00e1rbara\u201d.<\/p>\n<p><strong>Hist\u00f3ria<\/strong><\/p>\n<p>B\u00e1rbara Maix nasceu em Viena, na \u00c1ustria, em 1818, mas a persegui\u00e7\u00e3o \u00e0s ordens religiosas, movida pela revolu\u00e7\u00e3o de 1848, fez com que ela e outras 21 companheiras fossem expulsas do pa\u00eds. Em maio de 1849, j\u00e1 no Brasil, a religiosa fundou a congrega\u00e7\u00e3o das Irm\u00e3s do Imaculado Cora\u00e7\u00e3o de Maria, no Rio de Janeiro, atuando nas \u00e1reas da educa\u00e7\u00e3o e sa\u00fade dos \u00f3rf\u00e3os, crian\u00e7as e mulheres pobres<\/p>\n<p>A Congrega\u00e7\u00e3o das Irm\u00e3s do Imaculado Cora\u00e7\u00e3o de Maria est\u00e1 presente no Brasil e em mais oito pa\u00edses: Argentina, Estados Unidos, Paraguai, Venezuela, Mo\u00e7ambique, Bol\u00edvia, It\u00e1lia e Haiti.<\/p>\n<p>Madre B\u00e1rbara Maix viveu 14 anos na capital ga\u00facha e retornou ao Rio de Janeiro, onde morreu no dia 17 de mar\u00e7o de 1873, aos 54 anos. Seus restos mortais est\u00e3o depositados na Capela S\u00e3o Rafael, em Porto Alegre.<\/p>\n<div id=\"themify_builder_content-11671\" data-postid=\"11671\" class=\"themify_builder_content themify_builder_content-11671 themify_builder themify_builder_front\">\n\t<\/div>\n<!-- \/themify_builder_content -->","protected":false},"excerpt":{"rendered":"<p>Mais de 15 mil fi\u00e9is lotaram o gin\u00e1sio Gigantinho, no s\u00e1bado, 6, em Porto Alegre (RS), para a cerim\u00f4nia de beatifica\u00e7\u00e3o de Madre B\u00e1rbara Maix. A missa foi de apresenta\u00e7\u00f5es art\u00edsticas e de dan\u00e7a que representaram a trajet\u00f3ria de B\u00e1rbara Maix, desde sua inf\u00e2ncia at\u00e9 o momento de sua morte, realizada por crian\u00e7as e jovens, [&hellip;]<\/p>\n","protected":false},"author":5,"featured_media":0,"comment_status":"open","ping_status":"open","sticky":false,"template":"","format":"standard","meta":{"ngg_post_thumbnail":0,"footnotes":""},"categories":[8],"tags":[1759,1758],"yoast_head":"<!-- This site is optimized with the Yoast SEO plugin v23.5 - https:\/\/yoast.com\/wordpress\/plugins\/seo\/ -->\n<title>Brasil tem uma nova beata: Madre B\u00e1rbara Maix - O Arcanjo no ar<\/title>\n<meta name=\"robots\" content=\"index, follow, max-snippet:-1, max-image-preview:large, max-video-preview:-1\" \/>\n<link rel=\"canonical\" href=\"https:\/\/www.oarcanjo.net\/site\/brasil-tem-uma-nova-beata-madre-barbara-maix\/\" \/>\n<meta property=\"og:locale\" content=\"pt_BR\" \/>\n<meta property=\"og:type\" content=\"article\" \/>\n<meta property=\"og:title\" content=\"Brasil tem uma nova beata: Madre B\u00e1rbara Maix - O Arcanjo no ar\" \/>\n<meta property=\"og:description\" content=\"Mais de 15 mil fi\u00e9is lotaram o gin\u00e1sio Gigantinho, no s\u00e1bado, 6, em Porto Alegre (RS), para a cerim\u00f4nia de beatifica\u00e7\u00e3o de Madre B\u00e1rbara Maix. A missa foi de apresenta\u00e7\u00f5es art\u00edsticas e de dan\u00e7a que representaram a trajet\u00f3ria de B\u00e1rbara Maix, desde sua inf\u00e2ncia at\u00e9 o momento de sua morte, realizada por crian\u00e7as e jovens, [&hellip;]\" \/>\n<meta property=\"og:url\" content=\"https:\/\/www.oarcanjo.net\/site\/brasil-tem-uma-nova-beata-madre-barbara-maix\/\" \/>\n<meta property=\"og:site_name\" content=\"O Arcanjo no ar\" \/>\n<meta property=\"article:publisher\" content=\"https:\/\/www.facebook.com\/OArcanjoNoAr\/\" \/>\n<meta property=\"article:published_time\" content=\"2010-11-07T23:57:43+00:00\" \/>\n<meta property=\"article:modified_time\" content=\"2010-11-09T00:35:23+00:00\" \/>\n<meta property=\"og:image\" content=\"https:\/\/www.oarcanjo.net\/site\/wp-content\/uploads\/logo-o-arcanjo-no-ar-facebook.png\" \/>\n\t<meta property=\"og:image:width\" content=\"300\" \/>\n\t<meta property=\"og:image:height\" content=\"300\" \/>\n\t<meta property=\"og:image:type\" content=\"image\/png\" \/>\n<meta name=\"author\" content=\"editor\" \/>\n<meta name=\"twitter:card\" content=\"summary_large_image\" \/>\n<meta name=\"twitter:label1\" content=\"Escrito por\" \/>\n\t<meta name=\"twitter:data1\" content=\"editor\" \/>\n\t<meta name=\"twitter:label2\" content=\"Est. tempo de leitura\" \/>\n\t<meta name=\"twitter:data2\" content=\"3 minutos\" \/>\n<script type=\"application\/ld+json\" class=\"yoast-schema-graph\">{\"@context\":\"https:\/\/schema.org\",\"@graph\":[{\"@type\":\"Article\",\"@id\":\"https:\/\/www.oarcanjo.net\/site\/brasil-tem-uma-nova-beata-madre-barbara-maix\/#article\",\"isPartOf\":{\"@id\":\"https:\/\/www.oarcanjo.net\/site\/brasil-tem-uma-nova-beata-madre-barbara-maix\/\"},\"author\":{\"name\":\"editor\",\"@id\":\"https:\/\/www.oarcanjo.net\/site\/#\/schema\/person\/f7024d007863202483a31326673a0838\"},\"headline\":\"Brasil tem uma nova beata: Madre B\u00e1rbara Maix\",\"datePublished\":\"2010-11-07T23:57:43+00:00\",\"dateModified\":\"2010-11-09T00:35:23+00:00\",\"mainEntityOfPage\":{\"@id\":\"https:\/\/www.oarcanjo.net\/site\/brasil-tem-uma-nova-beata-madre-barbara-maix\/\"},\"wordCount\":690,\"commentCount\":1,\"publisher\":{\"@id\":\"https:\/\/www.oarcanjo.net\/site\/#organization\"},\"keywords\":[\"Congrega\u00e7\u00e3o do Imaculado Cora\u00e7\u00e3o de Maria\",\"Madre B\u00e1rbara Maix\"],\"articleSection\":[\"Not\u00edcias\"],\"inLanguage\":\"pt-BR\",\"potentialAction\":[{\"@type\":\"CommentAction\",\"name\":\"Comment\",\"target\":[\"https:\/\/www.oarcanjo.net\/site\/brasil-tem-uma-nova-beata-madre-barbara-maix\/#respond\"]}]},{\"@type\":\"WebPage\",\"@id\":\"https:\/\/www.oarcanjo.net\/site\/brasil-tem-uma-nova-beata-madre-barbara-maix\/\",\"url\":\"https:\/\/www.oarcanjo.net\/site\/brasil-tem-uma-nova-beata-madre-barbara-maix\/\",\"name\":\"Brasil tem uma nova beata: Madre B\u00e1rbara Maix - O Arcanjo no ar\",\"isPartOf\":{\"@id\":\"https:\/\/www.oarcanjo.net\/site\/#website\"},\"datePublished\":\"2010-11-07T23:57:43+00:00\",\"dateModified\":\"2010-11-09T00:35:23+00:00\",\"breadcrumb\":{\"@id\":\"https:\/\/www.oarcanjo.net\/site\/brasil-tem-uma-nova-beata-madre-barbara-maix\/#breadcrumb\"},\"inLanguage\":\"pt-BR\",\"potentialAction\":[{\"@type\":\"ReadAction\",\"target\":[\"https:\/\/www.oarcanjo.net\/site\/brasil-tem-uma-nova-beata-madre-barbara-maix\/\"]}]},{\"@type\":\"BreadcrumbList\",\"@id\":\"https:\/\/www.oarcanjo.net\/site\/brasil-tem-uma-nova-beata-madre-barbara-maix\/#breadcrumb\",\"itemListElement\":[{\"@type\":\"ListItem\",\"position\":1,\"name\":\"In\u00edcio\",\"item\":\"https:\/\/www.oarcanjo.net\/site\/\"},{\"@type\":\"ListItem\",\"position\":2,\"name\":\"Brasil tem uma nova beata: Madre B\u00e1rbara Maix\"}]},{\"@type\":\"WebSite\",\"@id\":\"https:\/\/www.oarcanjo.net\/site\/#website\",\"url\":\"https:\/\/www.oarcanjo.net\/site\/\",\"name\":\"O Arcanjo no ar\",\"description\":\"Site da Par\u00f3quia S\u00e3o Miguel Arcanjo (Arquidiocese de SP)\",\"publisher\":{\"@id\":\"https:\/\/www.oarcanjo.net\/site\/#organization\"},\"potentialAction\":[{\"@type\":\"SearchAction\",\"target\":{\"@type\":\"EntryPoint\",\"urlTemplate\":\"https:\/\/www.oarcanjo.net\/site\/?s={search_term_string}\"},\"query-input\":{\"@type\":\"PropertyValueSpecification\",\"valueRequired\":true,\"valueName\":\"search_term_string\"}}],\"inLanguage\":\"pt-BR\"},{\"@type\":\"Organization\",\"@id\":\"https:\/\/www.oarcanjo.net\/site\/#organization\",\"name\":\"Par\u00f3quia S\u00e3o Miguel Arcanjo\",\"url\":\"https:\/\/www.oarcanjo.net\/site\/\",\"logo\":{\"@type\":\"ImageObject\",\"inLanguage\":\"pt-BR\",\"@id\":\"https:\/\/www.oarcanjo.net\/site\/#\/schema\/logo\/image\/\",\"url\":\"https:\/\/www.oarcanjo.net\/site\/wp-content\/uploads\/LogoOArcanjo.png\",\"contentUrl\":\"https:\/\/www.oarcanjo.net\/site\/wp-content\/uploads\/LogoOArcanjo.png\",\"width\":319,\"height\":99,\"caption\":\"Par\u00f3quia S\u00e3o Miguel Arcanjo\"},\"image\":{\"@id\":\"https:\/\/www.oarcanjo.net\/site\/#\/schema\/logo\/image\/\"},\"sameAs\":[\"https:\/\/www.facebook.com\/OArcanjoNoAr\/\"]},{\"@type\":\"Person\",\"@id\":\"https:\/\/www.oarcanjo.net\/site\/#\/schema\/person\/f7024d007863202483a31326673a0838\",\"name\":\"editor\",\"sameAs\":[\"http:\/\/www.oarcanjo.net\"]}]}<\/script>\n<!-- \/ Yoast SEO plugin. -->","yoast_head_json":{"title":"Brasil tem uma nova beata: Madre B\u00e1rbara Maix - O Arcanjo no ar","robots":{"index":"index","follow":"follow","max-snippet":"max-snippet:-1","max-image-preview":"max-image-preview:large","max-video-preview":"max-video-preview:-1"},"canonical":"https:\/\/www.oarcanjo.net\/site\/brasil-tem-uma-nova-beata-madre-barbara-maix\/","og_locale":"pt_BR","og_type":"article","og_title":"Brasil tem uma nova beata: Madre B\u00e1rbara Maix - O Arcanjo no ar","og_description":"Mais de 15 mil fi\u00e9is lotaram o gin\u00e1sio Gigantinho, no s\u00e1bado, 6, em Porto Alegre (RS), para a cerim\u00f4nia de beatifica\u00e7\u00e3o de Madre B\u00e1rbara Maix. A missa foi de apresenta\u00e7\u00f5es art\u00edsticas e de dan\u00e7a que representaram a trajet\u00f3ria de B\u00e1rbara Maix, desde sua inf\u00e2ncia at\u00e9 o momento de sua morte, realizada por crian\u00e7as e jovens, [&hellip;]","og_url":"https:\/\/www.oarcanjo.net\/site\/brasil-tem-uma-nova-beata-madre-barbara-maix\/","og_site_name":"O Arcanjo no ar","article_publisher":"https:\/\/www.facebook.com\/OArcanjoNoAr\/","article_published_time":"2010-11-07T23:57:43+00:00","article_modified_time":"2010-11-09T00:35:23+00:00","og_image":[{"width":300,"height":300,"url":"https:\/\/www.oarcanjo.net\/site\/wp-content\/uploads\/logo-o-arcanjo-no-ar-facebook.png","type":"image\/png"}],"author":"editor","twitter_card":"summary_large_image","twitter_misc":{"Escrito por":"editor","Est. tempo de leitura":"3 minutos"},"schema":{"@context":"https:\/\/schema.org","@graph":[{"@type":"Article","@id":"https:\/\/www.oarcanjo.net\/site\/brasil-tem-uma-nova-beata-madre-barbara-maix\/#article","isPartOf":{"@id":"https:\/\/www.oarcanjo.net\/site\/brasil-tem-uma-nova-beata-madre-barbara-maix\/"},"author":{"name":"editor","@id":"https:\/\/www.oarcanjo.net\/site\/#\/schema\/person\/f7024d007863202483a31326673a0838"},"headline":"Brasil tem uma nova beata: Madre B\u00e1rbara Maix","datePublished":"2010-11-07T23:57:43+00:00","dateModified":"2010-11-09T00:35:23+00:00","mainEntityOfPage":{"@id":"https:\/\/www.oarcanjo.net\/site\/brasil-tem-uma-nova-beata-madre-barbara-maix\/"},"wordCount":690,"commentCount":1,"publisher":{"@id":"https:\/\/www.oarcanjo.net\/site\/#organization"},"keywords":["Congrega\u00e7\u00e3o do Imaculado Cora\u00e7\u00e3o de Maria","Madre B\u00e1rbara Maix"],"articleSection":["Not\u00edcias"],"inLanguage":"pt-BR","potentialAction":[{"@type":"CommentAction","name":"Comment","target":["https:\/\/www.oarcanjo.net\/site\/brasil-tem-uma-nova-beata-madre-barbara-maix\/#respond"]}]},{"@type":"WebPage","@id":"https:\/\/www.oarcanjo.net\/site\/brasil-tem-uma-nova-beata-madre-barbara-maix\/","url":"https:\/\/www.oarcanjo.net\/site\/brasil-tem-uma-nova-beata-madre-barbara-maix\/","name":"Brasil tem uma nova beata: Madre B\u00e1rbara Maix - O Arcanjo no ar","isPartOf":{"@id":"https:\/\/www.oarcanjo.net\/site\/#website"},"datePublished":"2010-11-07T23:57:43+00:00","dateModified":"2010-11-09T00:35:23+00:00","breadcrumb":{"@id":"https:\/\/www.oarcanjo.net\/site\/brasil-tem-uma-nova-beata-madre-barbara-maix\/#breadcrumb"},"inLanguage":"pt-BR","potentialAction":[{"@type":"ReadAction","target":["https:\/\/www.oarcanjo.net\/site\/brasil-tem-uma-nova-beata-madre-barbara-maix\/"]}]},{"@type":"BreadcrumbList","@id":"https:\/\/www.oarcanjo.net\/site\/brasil-tem-uma-nova-beata-madre-barbara-maix\/#breadcrumb","itemListElement":[{"@type":"ListItem","position":1,"name":"In\u00edcio","item":"https:\/\/www.oarcanjo.net\/site\/"},{"@type":"ListItem","position":2,"name":"Brasil tem uma nova beata: Madre B\u00e1rbara Maix"}]},{"@type":"WebSite","@id":"https:\/\/www.oarcanjo.net\/site\/#website","url":"https:\/\/www.oarcanjo.net\/site\/","name":"O Arcanjo no ar","description":"Site da Par\u00f3quia S\u00e3o Miguel Arcanjo (Arquidiocese de SP)","publisher":{"@id":"https:\/\/www.oarcanjo.net\/site\/#organization"},"potentialAction":[{"@type":"SearchAction","target":{"@type":"EntryPoint","urlTemplate":"https:\/\/www.oarcanjo.net\/site\/?s={search_term_string}"},"query-input":{"@type":"PropertyValueSpecification","valueRequired":true,"valueName":"search_term_string"}}],"inLanguage":"pt-BR"},{"@type":"Organization","@id":"https:\/\/www.oarcanjo.net\/site\/#organization","name":"Par\u00f3quia S\u00e3o Miguel Arcanjo","url":"https:\/\/www.oarcanjo.net\/site\/","logo":{"@type":"ImageObject","inLanguage":"pt-BR","@id":"https:\/\/www.oarcanjo.net\/site\/#\/schema\/logo\/image\/","url":"https:\/\/www.oarcanjo.net\/site\/wp-content\/uploads\/LogoOArcanjo.png","contentUrl":"https:\/\/www.oarcanjo.net\/site\/wp-content\/uploads\/LogoOArcanjo.png","width":319,"height":99,"caption":"Par\u00f3quia S\u00e3o Miguel Arcanjo"},"image":{"@id":"https:\/\/www.oarcanjo.net\/site\/#\/schema\/logo\/image\/"},"sameAs":["https:\/\/www.facebook.com\/OArcanjoNoAr\/"]},{"@type":"Person","@id":"https:\/\/www.oarcanjo.net\/site\/#\/schema\/person\/f7024d007863202483a31326673a0838","name":"editor","sameAs":["http:\/\/www.oarcanjo.net"]}]}},"publishpress_future_action":{"enabled":false,"date":"2026-05-07 13:03:19","action":"category","newStatus":"draft","terms":[],"taxonomy":"category"},"publishpress_future_workflow_manual_trigger":{"enabledWorkflows":[]},"_links":{"self":[{"href":"https:\/\/www.oarcanjo.net\/site\/wp-json\/wp\/v2\/posts\/11671"}],"collection":[{"href":"https:\/\/www.oarcanjo.net\/site\/wp-json\/wp\/v2\/posts"}],"about":[{"href":"https:\/\/www.oarcanjo.net\/site\/wp-json\/wp\/v2\/types\/post"}],"author":[{"embeddable":true,"href":"https:\/\/www.oarcanjo.net\/site\/wp-json\/wp\/v2\/users\/5"}],"replies":[{"embeddable":true,"href":"https:\/\/www.oarcanjo.net\/site\/wp-json\/wp\/v2\/comments?post=11671"}],"version-history":[{"count":0,"href":"https:\/\/www.oarcanjo.net\/site\/wp-json\/wp\/v2\/posts\/11671\/revisions"}],"wp:attachment":[{"href":"https:\/\/www.oarcanjo.net\/site\/wp-json\/wp\/v2\/media?parent=11671"}],"wp:term":[{"taxonomy":"category","embeddable":true,"href":"https:\/\/www.oarcanjo.net\/site\/wp-json\/wp\/v2\/categories?post=11671"},{"taxonomy":"post_tag","embeddable":true,"href":"https:\/\/www.oarcanjo.net\/site\/wp-json\/wp\/v2\/tags?post=11671"}],"curies":[{"name":"wp","href":"https:\/\/api.w.org\/{rel}","templated":true}]}}