
{"id":1169,"date":"2008-12-22T12:39:13","date_gmt":"2008-12-22T14:39:13","guid":{"rendered":"http:\/\/www.oarcanjo.net\/site\/?p=1169"},"modified":"2008-12-22T12:39:13","modified_gmt":"2008-12-22T14:39:13","slug":"misterioso-cartao-de-natal","status":"publish","type":"post","link":"https:\/\/www.oarcanjo.net\/site\/misterioso-cartao-de-natal\/","title":{"rendered":"Misterioso cart\u00e3o de Natal"},"content":{"rendered":"<p>Leonardo Boff *<\/p>\n<p>O Natal \u00e9 a festa das crian\u00e7as e da divina Crian\u00e7a que se esconde dentro de cada adulto. \u00c9 altamente inspiradora a cren\u00e7a de que Deus se acercou dos seres humanos na forma de uma crian\u00e7a. Assim ningu\u00e9m pode alegar que Ele \u00e9 apenas um mist\u00e9rio insond\u00e1vel, fascinante por um lado e aterrador por outro. N\u00e3o. Ele se aproximou de n\u00f3s na fragilidade de um rec\u00e9m-nascido que choraminga de frio e que busca, faminto, o seio materno. Precisamos respeitar e amar esta forma como Deus quis entrar no nosso mundo. Pelos fundos, numa gruta de animais, numa noite escura e cheia de neve &#8220;porque n\u00e3o havia lugar para ele nas pousadinhas de Bel\u00e9m&#8221;. <\/p>\n<p>Mais consoladora \u00e9 ainda a ideia de que seremos julgados por uma crian\u00e7a e n\u00e3o por um juiz severo e esquadrinhador. Crian\u00e7a quer brincar. Ela se enturma imediatamente com todas as outras, pobres, ricas, japonesas, negras e loiras. \u00c9 a inoc\u00eancia origin\u00e1ria que ainda n\u00e3o conheceu as mal\u00edcias da vida adulta.<\/p>\n<p>A divina Crian\u00e7a nos introduzir\u00e1 na dan\u00e7a celeste e no festim que a fam\u00edlia divina do Pai, do Filho e do Esp\u00edrito Santo prepara para todos os seus filhos e as suas filhas, n\u00e3o exclu\u00eddos  aqueles que, um dia,  foram desgarrados.<\/p>\n<p>Estava refletindo sobre esta realidade bem-aventurada quando um anjo, daqueles que cantaram aos pastores nos campos de Bel\u00e9m, se aproximou espiritualmente e me entregou um cart\u00e3ozinho de Natal. De quem seria? Comecei a ler. Nele se dizia:<\/p>\n<p>&#8220;Queridos irm\u00e3ozinhos e irm\u00e3zinhas:<\/p>\n<p>Se voc\u00eas ao olharem o pres\u00e9pio e ao verem l\u00e1 o Menino Jesus no meio de Maria e de Jos\u00e9 e junto do boi e do jumento, se encherem de f\u00e9 de que Deus se fez crian\u00e7a, como qualquer um de voc\u00eas;<\/p>\n<p>Se voc\u00eas conseguirem ver nos outros meninos e meninas a presen\u00e7a inef\u00e1vel do Menino Jesus que uma vez nascido em Bel\u00e9m, nunca nos deixou sozinhos neste mundo;<\/p>\n<p>Se voc\u00eas forem capazes de fazer renascer a crian\u00e7a escondida nos seus pais, nos seus tios e tias e nas outras pessoas que voc\u00eas conhecem para que surja nelas o amor, a ternura, o cuidado com todo mundo, tamb\u00e9m com a natureza;<\/p>\n<p>Se voc\u00eas, ao olharem para o pres\u00e9pio, descobrirem Jesus pobremente vestido, quase nuzinho e lembrarem de tantas crian\u00e7as igualmente mal vestidas e se sofrerem no fundo do cora\u00e7\u00e3o por esta situa\u00e7\u00e3o e se puderem dividir o que voc\u00eas t\u00eam de sobra e desejarem j\u00e1 agora  mudar este estado de coisas;<\/p>\n<p>Se voc\u00eas, ao verem a vaquinha, o burrinho, as ovelhas, os cabritos, os c\u00e3es, os camelos e o elefante no pres\u00e9pio e pensarem que o universo inteiro \u00e9 tamb\u00e9m iluminado pela divina Crian\u00e7a e que todos eles fazem parte da grande Casa de Deus;<\/p>\n<p>Se voc\u00eas olharem para o alto e virem a estrela com sua cauda luminosa e recordarem que sempre h\u00e1 uma estrela como a de Bel\u00e9m sobre voc\u00eas, acompanho-os, iluminando-os, mostrando-lhes os melhores caminhos;<\/p>\n<p>Se voc\u00eas se lembrarem que os reis magos, vindos de terras distantes, eram, na verdade, s\u00e1bios e que ainda hoje representam os cientistas e os mestres que conseguem ver nesta Crian\u00e7a o sentido secreto da vida e do universo;<\/p>\n<p>Se voc\u00eas pensaram que esse Menino \u00e9 simultaneamente homem e Deus e por ser homem \u00e9 seu irm\u00e3o e por ser Deus existe uma por\u00e7\u00e3o Deus em voc\u00eas e por causa disso, se encherem de alegria e de leg\u00edtimo orgulho;<\/p>\n<p>Se pensarem tudo isso ent\u00e3o fiquem sabendo que eu estou nascendo de novo e renovando o Natal entre voc\u00eas. Estarei sempre perto, caminhando com voc\u00eas, chorando com voc\u00eas e brincando com voc\u00eas at\u00e9 aquele dia em que chegaremos todos, humanidade e universo, na Casa de Deus que \u00e9 Pai e M\u00e3e de infinita bondade, para morarmos sempre juntos e sermos eternamente felizes&#8221;.<\/p>\n<p>Bel\u00e9m, 25 de dezembro do ano 1.<\/p>\n<p>Assinado: Menino Jesus<\/p>\n<p>* Te\u00f3logo<\/p>\n<div id=\"themify_builder_content-1169\" data-postid=\"1169\" class=\"themify_builder_content themify_builder_content-1169 themify_builder themify_builder_front\">\n\t<\/div>\n<!-- \/themify_builder_content -->","protected":false},"excerpt":{"rendered":"<p>Leonardo Boff * O Natal \u00e9 a festa das crian\u00e7as e da divina Crian\u00e7a que se esconde dentro de cada adulto. \u00c9 altamente inspiradora a cren\u00e7a de que Deus se acercou dos seres humanos na forma de uma crian\u00e7a. Assim ningu\u00e9m pode alegar que Ele \u00e9 apenas um mist\u00e9rio insond\u00e1vel, fascinante por um lado e [&hellip;]<\/p>\n","protected":false},"author":5,"featured_media":0,"comment_status":"open","ping_status":"open","sticky":false,"template":"","format":"standard","meta":{"ngg_post_thumbnail":0,"footnotes":""},"categories":[9],"tags":[60],"yoast_head":"<!-- This site is optimized with the Yoast SEO plugin v23.5 - https:\/\/yoast.com\/wordpress\/plugins\/seo\/ -->\n<title>Misterioso cart\u00e3o de Natal - O Arcanjo no ar<\/title>\n<meta name=\"robots\" content=\"index, follow, max-snippet:-1, max-image-preview:large, max-video-preview:-1\" \/>\n<link rel=\"canonical\" href=\"https:\/\/www.oarcanjo.net\/site\/misterioso-cartao-de-natal\/\" \/>\n<meta property=\"og:locale\" content=\"pt_BR\" \/>\n<meta property=\"og:type\" content=\"article\" \/>\n<meta property=\"og:title\" content=\"Misterioso cart\u00e3o de Natal - O Arcanjo no ar\" \/>\n<meta property=\"og:description\" content=\"Leonardo Boff * O Natal \u00e9 a festa das crian\u00e7as e da divina Crian\u00e7a que se esconde dentro de cada adulto. \u00c9 altamente inspiradora a cren\u00e7a de que Deus se acercou dos seres humanos na forma de uma crian\u00e7a. Assim ningu\u00e9m pode alegar que Ele \u00e9 apenas um mist\u00e9rio insond\u00e1vel, fascinante por um lado e [&hellip;]\" \/>\n<meta property=\"og:url\" content=\"https:\/\/www.oarcanjo.net\/site\/misterioso-cartao-de-natal\/\" \/>\n<meta property=\"og:site_name\" content=\"O Arcanjo no ar\" \/>\n<meta property=\"article:publisher\" content=\"https:\/\/www.facebook.com\/OArcanjoNoAr\/\" \/>\n<meta property=\"article:published_time\" content=\"2008-12-22T14:39:13+00:00\" \/>\n<meta property=\"og:image\" content=\"https:\/\/www.oarcanjo.net\/site\/wp-content\/uploads\/logo-o-arcanjo-no-ar-facebook.png\" \/>\n\t<meta property=\"og:image:width\" content=\"300\" \/>\n\t<meta property=\"og:image:height\" content=\"300\" \/>\n\t<meta property=\"og:image:type\" content=\"image\/png\" \/>\n<meta name=\"author\" content=\"editor\" \/>\n<meta name=\"twitter:card\" content=\"summary_large_image\" \/>\n<meta name=\"twitter:label1\" content=\"Escrito por\" \/>\n\t<meta name=\"twitter:data1\" content=\"editor\" \/>\n\t<meta name=\"twitter:label2\" content=\"Est. tempo de leitura\" \/>\n\t<meta name=\"twitter:data2\" content=\"3 minutos\" \/>\n<script type=\"application\/ld+json\" class=\"yoast-schema-graph\">{\"@context\":\"https:\/\/schema.org\",\"@graph\":[{\"@type\":\"Article\",\"@id\":\"https:\/\/www.oarcanjo.net\/site\/misterioso-cartao-de-natal\/#article\",\"isPartOf\":{\"@id\":\"https:\/\/www.oarcanjo.net\/site\/misterioso-cartao-de-natal\/\"},\"author\":{\"name\":\"editor\",\"@id\":\"https:\/\/www.oarcanjo.net\/site\/#\/schema\/person\/f7024d007863202483a31326673a0838\"},\"headline\":\"Misterioso cart\u00e3o de Natal\",\"datePublished\":\"2008-12-22T14:39:13+00:00\",\"dateModified\":\"2008-12-22T14:39:13+00:00\",\"mainEntityOfPage\":{\"@id\":\"https:\/\/www.oarcanjo.net\/site\/misterioso-cartao-de-natal\/\"},\"wordCount\":704,\"commentCount\":2,\"publisher\":{\"@id\":\"https:\/\/www.oarcanjo.net\/site\/#organization\"},\"keywords\":[\"natal\"],\"articleSection\":[\"Reflex\u00f5es\"],\"inLanguage\":\"pt-BR\",\"potentialAction\":[{\"@type\":\"CommentAction\",\"name\":\"Comment\",\"target\":[\"https:\/\/www.oarcanjo.net\/site\/misterioso-cartao-de-natal\/#respond\"]}]},{\"@type\":\"WebPage\",\"@id\":\"https:\/\/www.oarcanjo.net\/site\/misterioso-cartao-de-natal\/\",\"url\":\"https:\/\/www.oarcanjo.net\/site\/misterioso-cartao-de-natal\/\",\"name\":\"Misterioso cart\u00e3o de Natal - O Arcanjo no ar\",\"isPartOf\":{\"@id\":\"https:\/\/www.oarcanjo.net\/site\/#website\"},\"datePublished\":\"2008-12-22T14:39:13+00:00\",\"dateModified\":\"2008-12-22T14:39:13+00:00\",\"breadcrumb\":{\"@id\":\"https:\/\/www.oarcanjo.net\/site\/misterioso-cartao-de-natal\/#breadcrumb\"},\"inLanguage\":\"pt-BR\",\"potentialAction\":[{\"@type\":\"ReadAction\",\"target\":[\"https:\/\/www.oarcanjo.net\/site\/misterioso-cartao-de-natal\/\"]}]},{\"@type\":\"BreadcrumbList\",\"@id\":\"https:\/\/www.oarcanjo.net\/site\/misterioso-cartao-de-natal\/#breadcrumb\",\"itemListElement\":[{\"@type\":\"ListItem\",\"position\":1,\"name\":\"In\u00edcio\",\"item\":\"https:\/\/www.oarcanjo.net\/site\/\"},{\"@type\":\"ListItem\",\"position\":2,\"name\":\"Misterioso cart\u00e3o de Natal\"}]},{\"@type\":\"WebSite\",\"@id\":\"https:\/\/www.oarcanjo.net\/site\/#website\",\"url\":\"https:\/\/www.oarcanjo.net\/site\/\",\"name\":\"O Arcanjo no ar\",\"description\":\"Site da Par\u00f3quia S\u00e3o Miguel Arcanjo (Arquidiocese de SP)\",\"publisher\":{\"@id\":\"https:\/\/www.oarcanjo.net\/site\/#organization\"},\"potentialAction\":[{\"@type\":\"SearchAction\",\"target\":{\"@type\":\"EntryPoint\",\"urlTemplate\":\"https:\/\/www.oarcanjo.net\/site\/?s={search_term_string}\"},\"query-input\":{\"@type\":\"PropertyValueSpecification\",\"valueRequired\":true,\"valueName\":\"search_term_string\"}}],\"inLanguage\":\"pt-BR\"},{\"@type\":\"Organization\",\"@id\":\"https:\/\/www.oarcanjo.net\/site\/#organization\",\"name\":\"Par\u00f3quia S\u00e3o Miguel Arcanjo\",\"url\":\"https:\/\/www.oarcanjo.net\/site\/\",\"logo\":{\"@type\":\"ImageObject\",\"inLanguage\":\"pt-BR\",\"@id\":\"https:\/\/www.oarcanjo.net\/site\/#\/schema\/logo\/image\/\",\"url\":\"https:\/\/www.oarcanjo.net\/site\/wp-content\/uploads\/LogoOArcanjo.png\",\"contentUrl\":\"https:\/\/www.oarcanjo.net\/site\/wp-content\/uploads\/LogoOArcanjo.png\",\"width\":319,\"height\":99,\"caption\":\"Par\u00f3quia S\u00e3o Miguel Arcanjo\"},\"image\":{\"@id\":\"https:\/\/www.oarcanjo.net\/site\/#\/schema\/logo\/image\/\"},\"sameAs\":[\"https:\/\/www.facebook.com\/OArcanjoNoAr\/\"]},{\"@type\":\"Person\",\"@id\":\"https:\/\/www.oarcanjo.net\/site\/#\/schema\/person\/f7024d007863202483a31326673a0838\",\"name\":\"editor\",\"sameAs\":[\"http:\/\/www.oarcanjo.net\"]}]}<\/script>\n<!-- \/ Yoast SEO plugin. -->","yoast_head_json":{"title":"Misterioso cart\u00e3o de Natal - O Arcanjo no ar","robots":{"index":"index","follow":"follow","max-snippet":"max-snippet:-1","max-image-preview":"max-image-preview:large","max-video-preview":"max-video-preview:-1"},"canonical":"https:\/\/www.oarcanjo.net\/site\/misterioso-cartao-de-natal\/","og_locale":"pt_BR","og_type":"article","og_title":"Misterioso cart\u00e3o de Natal - O Arcanjo no ar","og_description":"Leonardo Boff * O Natal \u00e9 a festa das crian\u00e7as e da divina Crian\u00e7a que se esconde dentro de cada adulto. \u00c9 altamente inspiradora a cren\u00e7a de que Deus se acercou dos seres humanos na forma de uma crian\u00e7a. Assim ningu\u00e9m pode alegar que Ele \u00e9 apenas um mist\u00e9rio insond\u00e1vel, fascinante por um lado e [&hellip;]","og_url":"https:\/\/www.oarcanjo.net\/site\/misterioso-cartao-de-natal\/","og_site_name":"O Arcanjo no ar","article_publisher":"https:\/\/www.facebook.com\/OArcanjoNoAr\/","article_published_time":"2008-12-22T14:39:13+00:00","og_image":[{"width":300,"height":300,"url":"https:\/\/www.oarcanjo.net\/site\/wp-content\/uploads\/logo-o-arcanjo-no-ar-facebook.png","type":"image\/png"}],"author":"editor","twitter_card":"summary_large_image","twitter_misc":{"Escrito por":"editor","Est. tempo de leitura":"3 minutos"},"schema":{"@context":"https:\/\/schema.org","@graph":[{"@type":"Article","@id":"https:\/\/www.oarcanjo.net\/site\/misterioso-cartao-de-natal\/#article","isPartOf":{"@id":"https:\/\/www.oarcanjo.net\/site\/misterioso-cartao-de-natal\/"},"author":{"name":"editor","@id":"https:\/\/www.oarcanjo.net\/site\/#\/schema\/person\/f7024d007863202483a31326673a0838"},"headline":"Misterioso cart\u00e3o de Natal","datePublished":"2008-12-22T14:39:13+00:00","dateModified":"2008-12-22T14:39:13+00:00","mainEntityOfPage":{"@id":"https:\/\/www.oarcanjo.net\/site\/misterioso-cartao-de-natal\/"},"wordCount":704,"commentCount":2,"publisher":{"@id":"https:\/\/www.oarcanjo.net\/site\/#organization"},"keywords":["natal"],"articleSection":["Reflex\u00f5es"],"inLanguage":"pt-BR","potentialAction":[{"@type":"CommentAction","name":"Comment","target":["https:\/\/www.oarcanjo.net\/site\/misterioso-cartao-de-natal\/#respond"]}]},{"@type":"WebPage","@id":"https:\/\/www.oarcanjo.net\/site\/misterioso-cartao-de-natal\/","url":"https:\/\/www.oarcanjo.net\/site\/misterioso-cartao-de-natal\/","name":"Misterioso cart\u00e3o de Natal - O Arcanjo no ar","isPartOf":{"@id":"https:\/\/www.oarcanjo.net\/site\/#website"},"datePublished":"2008-12-22T14:39:13+00:00","dateModified":"2008-12-22T14:39:13+00:00","breadcrumb":{"@id":"https:\/\/www.oarcanjo.net\/site\/misterioso-cartao-de-natal\/#breadcrumb"},"inLanguage":"pt-BR","potentialAction":[{"@type":"ReadAction","target":["https:\/\/www.oarcanjo.net\/site\/misterioso-cartao-de-natal\/"]}]},{"@type":"BreadcrumbList","@id":"https:\/\/www.oarcanjo.net\/site\/misterioso-cartao-de-natal\/#breadcrumb","itemListElement":[{"@type":"ListItem","position":1,"name":"In\u00edcio","item":"https:\/\/www.oarcanjo.net\/site\/"},{"@type":"ListItem","position":2,"name":"Misterioso cart\u00e3o de Natal"}]},{"@type":"WebSite","@id":"https:\/\/www.oarcanjo.net\/site\/#website","url":"https:\/\/www.oarcanjo.net\/site\/","name":"O Arcanjo no ar","description":"Site da Par\u00f3quia S\u00e3o Miguel Arcanjo (Arquidiocese de SP)","publisher":{"@id":"https:\/\/www.oarcanjo.net\/site\/#organization"},"potentialAction":[{"@type":"SearchAction","target":{"@type":"EntryPoint","urlTemplate":"https:\/\/www.oarcanjo.net\/site\/?s={search_term_string}"},"query-input":{"@type":"PropertyValueSpecification","valueRequired":true,"valueName":"search_term_string"}}],"inLanguage":"pt-BR"},{"@type":"Organization","@id":"https:\/\/www.oarcanjo.net\/site\/#organization","name":"Par\u00f3quia S\u00e3o Miguel Arcanjo","url":"https:\/\/www.oarcanjo.net\/site\/","logo":{"@type":"ImageObject","inLanguage":"pt-BR","@id":"https:\/\/www.oarcanjo.net\/site\/#\/schema\/logo\/image\/","url":"https:\/\/www.oarcanjo.net\/site\/wp-content\/uploads\/LogoOArcanjo.png","contentUrl":"https:\/\/www.oarcanjo.net\/site\/wp-content\/uploads\/LogoOArcanjo.png","width":319,"height":99,"caption":"Par\u00f3quia S\u00e3o Miguel Arcanjo"},"image":{"@id":"https:\/\/www.oarcanjo.net\/site\/#\/schema\/logo\/image\/"},"sameAs":["https:\/\/www.facebook.com\/OArcanjoNoAr\/"]},{"@type":"Person","@id":"https:\/\/www.oarcanjo.net\/site\/#\/schema\/person\/f7024d007863202483a31326673a0838","name":"editor","sameAs":["http:\/\/www.oarcanjo.net"]}]}},"publishpress_future_action":{"enabled":false,"date":"2026-05-08 02:07:50","action":"category","newStatus":"draft","terms":[],"taxonomy":"category"},"publishpress_future_workflow_manual_trigger":{"enabledWorkflows":[]},"_links":{"self":[{"href":"https:\/\/www.oarcanjo.net\/site\/wp-json\/wp\/v2\/posts\/1169"}],"collection":[{"href":"https:\/\/www.oarcanjo.net\/site\/wp-json\/wp\/v2\/posts"}],"about":[{"href":"https:\/\/www.oarcanjo.net\/site\/wp-json\/wp\/v2\/types\/post"}],"author":[{"embeddable":true,"href":"https:\/\/www.oarcanjo.net\/site\/wp-json\/wp\/v2\/users\/5"}],"replies":[{"embeddable":true,"href":"https:\/\/www.oarcanjo.net\/site\/wp-json\/wp\/v2\/comments?post=1169"}],"version-history":[{"count":0,"href":"https:\/\/www.oarcanjo.net\/site\/wp-json\/wp\/v2\/posts\/1169\/revisions"}],"wp:attachment":[{"href":"https:\/\/www.oarcanjo.net\/site\/wp-json\/wp\/v2\/media?parent=1169"}],"wp:term":[{"taxonomy":"category","embeddable":true,"href":"https:\/\/www.oarcanjo.net\/site\/wp-json\/wp\/v2\/categories?post=1169"},{"taxonomy":"post_tag","embeddable":true,"href":"https:\/\/www.oarcanjo.net\/site\/wp-json\/wp\/v2\/tags?post=1169"}],"curies":[{"name":"wp","href":"https:\/\/api.w.org\/{rel}","templated":true}]}}