
{"id":11698,"date":"2017-11-10T14:18:54","date_gmt":"2017-11-10T16:18:54","guid":{"rendered":"http:\/\/www.oarcanjo.net\/site\/?p=11698"},"modified":"2017-08-11T15:00:45","modified_gmt":"2017-08-11T18:00:45","slug":"sao-leao-i","status":"publish","type":"post","link":"https:\/\/www.oarcanjo.net\/site\/sao-leao-i\/","title":{"rendered":"S\u00e3o Le\u00e3o I"},"content":{"rendered":"<p><img loading=\"lazy\" decoding=\"async\" src=\"http:\/\/www.paroquiadenazaremanaus.org.br\/imagens\/santos\/sao_leao_I_-_magno.jpg\" alt=\"\" width=\"150\" height=\"190\" \/><\/p>\n<p>10 de Novembro<\/p>\n<p>Eleito com o nome de Le\u00e3o I, foi um dos maiores pont\u00edfices da hist\u00f3ria do cristianismo, embora pouco se saiba sobre sua vida antes de ocupar a C\u00e1tedra de Pedro. \u00c9 venerado por sua profunda sabedoria, suas extraordin\u00e1rias virtudes e sua brilhante dire\u00e7\u00e3o, como relatam os historiadores e te\u00f3logos.<\/p>\n<p>Le\u00e3o nasceu por volta do ano 400, na regi\u00e3o da Toscana, onde est\u00e1 situada a cidade de Roma. Tornou-se sacerdote muito jovem e fez carreira consolidada num trabalho brilhante. Em 430, j\u00e1 era arcedi\u00e1cono e depois foi conselheiro dos papas Celestino I e Xisto III. Era t\u00e3o respeitado e conceituado que, ap\u00f3s a morte deste \u00faltimo papa, foi eleito para substitu\u00ed-lo Com o t\u00edtulo de Le\u00e3o I, assumiu o governo da Igreja em agosto do ano 440.<\/p>\n<p>Eram tempos dif\u00edceis. Por um lado, o Imp\u00e9rio Romano esfacelava-se e j\u00e1 n\u00e3o conseguia conter as hordas de b\u00e1rbaros que invadiam e saqueavam seus dom\u00ednios. Por outro lado, a Igreja enfrentava divis\u00f5es e dissid\u00eancias doutrin\u00e1rias em seu interior. Um panorama t\u00e3o sombrio que s\u00f3 n\u00e3o levou o Ocidente ao caos por causa da atua\u00e7\u00e3o de Le\u00e3o I nos dois terrenos: o espiritual e o material.<\/p>\n<p>Na esfera espiritual, ele permaneceu firme, defendendo as verdades do catolicismo diante das grandes heresias que sacudiram o s\u00e9culo V, e atuou participando de discuss\u00f5es, encontros e conc\u00edlios. Foi nessa \u00e9poca que escreveu um dos documentos mais importantes para a f\u00e9: a &#8220;Carta dogm\u00e1tica a Flaviano&#8221;, o patriarca de Constantinopla, defendendo as posi\u00e7\u00f5es ortodoxas do cristianismo. &#8220;Pedro falou pela boca de Le\u00e3o&#8221;, diziam os sacerdotes da Igreja que acabavam concordando com os argumentos. Est\u00e3o guardados mais de cem dos seus serm\u00f5es, al\u00e9m de cento e quarenta e tr\u00eas cartas contendo ensinamentos sobre a f\u00e9 crist\u00e3, seguidos e respeitados ainda hoje.<\/p>\n<p>J\u00e1 no plano material, era o \u00fanico que poderia conseguir, gra\u00e7as ao seu prest\u00edgio e \u00e0 sua eloq\u00fc\u00eancia, que o terr\u00edvel rei \u00c1tila, comandante dos b\u00e1rbaros hunos, n\u00e3o destru\u00edsse Roma e a It\u00e1lia. A miss\u00e3o poderia ser fatal, pois \u00c1tila j\u00e1 invadira, conquistara e destru\u00edra a ferro e fogo o norte do pa\u00eds. Mesmo assim Le\u00e3o I foi ao seu encontro e saiu vitorioso da situa\u00e7\u00e3o. Mais tarde, foi a vez de conter os v\u00e2ndalos, que, liderados pelo chefe b\u00e1rbaro Genserico, entraram em Roma. S\u00f3 n\u00e3o atearam fogo \u00e0 Cidade Eterna e n\u00e3o dizimaram sua popula\u00e7\u00e3o gra\u00e7as \u00e0 atua\u00e7\u00e3o do grande pont\u00edfice.<\/p>\n<p>N\u00e3o existem relatos sobre os seus \u00faltimos dias de vida. O livro dos papas diz que Le\u00e3o I governou vinte e um anos, um m\u00eas e treze dias. Faleceu no dia 10 de novembro de 461 e foi sepultado na Bas\u00edlica de S\u00e3o Pedro, em Roma. O papa Bento XIV proclamou-o doutor da Igreja em 1754. Le\u00e3o I foi o primeiro papa a receber o t\u00edtulo de &#8220;o Magno&#8221;.<\/p>\n<div id=\"themify_builder_content-11698\" data-postid=\"11698\" class=\"themify_builder_content themify_builder_content-11698 themify_builder themify_builder_front\">\n\t<\/div>\n<!-- \/themify_builder_content -->","protected":false},"excerpt":{"rendered":"<p>10 de Novembro Eleito com o nome de Le\u00e3o I, foi um dos maiores pont\u00edfices da hist\u00f3ria do cristianismo, embora pouco se saiba sobre sua vida antes de ocupar a C\u00e1tedra de Pedro. \u00c9 venerado por sua profunda sabedoria, suas extraordin\u00e1rias virtudes e sua brilhante dire\u00e7\u00e3o, como relatam os historiadores e te\u00f3logos. Le\u00e3o nasceu por [&hellip;]<\/p>\n","protected":false},"author":14,"featured_media":0,"comment_status":"open","ping_status":"open","sticky":false,"template":"","format":"standard","meta":{"ngg_post_thumbnail":0,"footnotes":""},"categories":[186],"tags":[],"yoast_head":"<!-- This site is optimized with the Yoast SEO plugin v23.5 - https:\/\/yoast.com\/wordpress\/plugins\/seo\/ -->\n<title>S\u00e3o Le\u00e3o I - O Arcanjo no ar<\/title>\n<meta name=\"robots\" content=\"index, follow, max-snippet:-1, max-image-preview:large, max-video-preview:-1\" \/>\n<link rel=\"canonical\" href=\"https:\/\/www.oarcanjo.net\/site\/sao-leao-i\/\" \/>\n<meta property=\"og:locale\" content=\"pt_BR\" \/>\n<meta property=\"og:type\" content=\"article\" \/>\n<meta property=\"og:title\" content=\"S\u00e3o Le\u00e3o I - O Arcanjo no ar\" \/>\n<meta property=\"og:description\" content=\"10 de Novembro Eleito com o nome de Le\u00e3o I, foi um dos maiores pont\u00edfices da hist\u00f3ria do cristianismo, embora pouco se saiba sobre sua vida antes de ocupar a C\u00e1tedra de Pedro. \u00c9 venerado por sua profunda sabedoria, suas extraordin\u00e1rias virtudes e sua brilhante dire\u00e7\u00e3o, como relatam os historiadores e te\u00f3logos. Le\u00e3o nasceu por [&hellip;]\" \/>\n<meta property=\"og:url\" content=\"https:\/\/www.oarcanjo.net\/site\/sao-leao-i\/\" \/>\n<meta property=\"og:site_name\" content=\"O Arcanjo no ar\" \/>\n<meta property=\"article:publisher\" content=\"https:\/\/www.facebook.com\/OArcanjoNoAr\/\" \/>\n<meta property=\"article:published_time\" content=\"2017-11-10T16:18:54+00:00\" \/>\n<meta property=\"article:modified_time\" content=\"2017-08-11T18:00:45+00:00\" \/>\n<meta property=\"og:image\" content=\"http:\/\/www.paroquiadenazaremanaus.org.br\/imagens\/santos\/sao_leao_I_-_magno.jpg\" \/>\n<meta name=\"author\" content=\"danilo\" \/>\n<meta name=\"twitter:card\" content=\"summary_large_image\" \/>\n<meta name=\"twitter:label1\" content=\"Escrito por\" \/>\n\t<meta name=\"twitter:data1\" content=\"danilo\" \/>\n\t<meta name=\"twitter:label2\" content=\"Est. tempo de leitura\" \/>\n\t<meta name=\"twitter:data2\" content=\"3 minutos\" \/>\n<script type=\"application\/ld+json\" class=\"yoast-schema-graph\">{\"@context\":\"https:\/\/schema.org\",\"@graph\":[{\"@type\":\"Article\",\"@id\":\"https:\/\/www.oarcanjo.net\/site\/sao-leao-i\/#article\",\"isPartOf\":{\"@id\":\"https:\/\/www.oarcanjo.net\/site\/sao-leao-i\/\"},\"author\":{\"name\":\"danilo\",\"@id\":\"https:\/\/www.oarcanjo.net\/site\/#\/schema\/person\/5eb9480bedd2f3c97e430ce128c29c6c\"},\"headline\":\"S\u00e3o Le\u00e3o I\",\"datePublished\":\"2017-11-10T16:18:54+00:00\",\"dateModified\":\"2017-08-11T18:00:45+00:00\",\"mainEntityOfPage\":{\"@id\":\"https:\/\/www.oarcanjo.net\/site\/sao-leao-i\/\"},\"wordCount\":524,\"commentCount\":0,\"publisher\":{\"@id\":\"https:\/\/www.oarcanjo.net\/site\/#organization\"},\"image\":{\"@id\":\"https:\/\/www.oarcanjo.net\/site\/sao-leao-i\/#primaryimage\"},\"thumbnailUrl\":\"http:\/\/www.paroquiadenazaremanaus.org.br\/imagens\/santos\/sao_leao_I_-_magno.jpg\",\"articleSection\":[\"Testemunhos\"],\"inLanguage\":\"pt-BR\",\"potentialAction\":[{\"@type\":\"CommentAction\",\"name\":\"Comment\",\"target\":[\"https:\/\/www.oarcanjo.net\/site\/sao-leao-i\/#respond\"]}]},{\"@type\":\"WebPage\",\"@id\":\"https:\/\/www.oarcanjo.net\/site\/sao-leao-i\/\",\"url\":\"https:\/\/www.oarcanjo.net\/site\/sao-leao-i\/\",\"name\":\"S\u00e3o Le\u00e3o I - O Arcanjo no ar\",\"isPartOf\":{\"@id\":\"https:\/\/www.oarcanjo.net\/site\/#website\"},\"primaryImageOfPage\":{\"@id\":\"https:\/\/www.oarcanjo.net\/site\/sao-leao-i\/#primaryimage\"},\"image\":{\"@id\":\"https:\/\/www.oarcanjo.net\/site\/sao-leao-i\/#primaryimage\"},\"thumbnailUrl\":\"http:\/\/www.paroquiadenazaremanaus.org.br\/imagens\/santos\/sao_leao_I_-_magno.jpg\",\"datePublished\":\"2017-11-10T16:18:54+00:00\",\"dateModified\":\"2017-08-11T18:00:45+00:00\",\"breadcrumb\":{\"@id\":\"https:\/\/www.oarcanjo.net\/site\/sao-leao-i\/#breadcrumb\"},\"inLanguage\":\"pt-BR\",\"potentialAction\":[{\"@type\":\"ReadAction\",\"target\":[\"https:\/\/www.oarcanjo.net\/site\/sao-leao-i\/\"]}]},{\"@type\":\"ImageObject\",\"inLanguage\":\"pt-BR\",\"@id\":\"https:\/\/www.oarcanjo.net\/site\/sao-leao-i\/#primaryimage\",\"url\":\"http:\/\/www.paroquiadenazaremanaus.org.br\/imagens\/santos\/sao_leao_I_-_magno.jpg\",\"contentUrl\":\"http:\/\/www.paroquiadenazaremanaus.org.br\/imagens\/santos\/sao_leao_I_-_magno.jpg\"},{\"@type\":\"BreadcrumbList\",\"@id\":\"https:\/\/www.oarcanjo.net\/site\/sao-leao-i\/#breadcrumb\",\"itemListElement\":[{\"@type\":\"ListItem\",\"position\":1,\"name\":\"In\u00edcio\",\"item\":\"https:\/\/www.oarcanjo.net\/site\/\"},{\"@type\":\"ListItem\",\"position\":2,\"name\":\"S\u00e3o Le\u00e3o I\"}]},{\"@type\":\"WebSite\",\"@id\":\"https:\/\/www.oarcanjo.net\/site\/#website\",\"url\":\"https:\/\/www.oarcanjo.net\/site\/\",\"name\":\"O Arcanjo no ar\",\"description\":\"Site da Par\u00f3quia S\u00e3o Miguel Arcanjo (Arquidiocese de SP)\",\"publisher\":{\"@id\":\"https:\/\/www.oarcanjo.net\/site\/#organization\"},\"potentialAction\":[{\"@type\":\"SearchAction\",\"target\":{\"@type\":\"EntryPoint\",\"urlTemplate\":\"https:\/\/www.oarcanjo.net\/site\/?s={search_term_string}\"},\"query-input\":{\"@type\":\"PropertyValueSpecification\",\"valueRequired\":true,\"valueName\":\"search_term_string\"}}],\"inLanguage\":\"pt-BR\"},{\"@type\":\"Organization\",\"@id\":\"https:\/\/www.oarcanjo.net\/site\/#organization\",\"name\":\"Par\u00f3quia S\u00e3o Miguel Arcanjo\",\"url\":\"https:\/\/www.oarcanjo.net\/site\/\",\"logo\":{\"@type\":\"ImageObject\",\"inLanguage\":\"pt-BR\",\"@id\":\"https:\/\/www.oarcanjo.net\/site\/#\/schema\/logo\/image\/\",\"url\":\"https:\/\/www.oarcanjo.net\/site\/wp-content\/uploads\/LogoOArcanjo.png\",\"contentUrl\":\"https:\/\/www.oarcanjo.net\/site\/wp-content\/uploads\/LogoOArcanjo.png\",\"width\":319,\"height\":99,\"caption\":\"Par\u00f3quia S\u00e3o Miguel Arcanjo\"},\"image\":{\"@id\":\"https:\/\/www.oarcanjo.net\/site\/#\/schema\/logo\/image\/\"},\"sameAs\":[\"https:\/\/www.facebook.com\/OArcanjoNoAr\/\"]},{\"@type\":\"Person\",\"@id\":\"https:\/\/www.oarcanjo.net\/site\/#\/schema\/person\/5eb9480bedd2f3c97e430ce128c29c6c\",\"name\":\"danilo\"}]}<\/script>\n<!-- \/ Yoast SEO plugin. -->","yoast_head_json":{"title":"S\u00e3o Le\u00e3o I - O Arcanjo no ar","robots":{"index":"index","follow":"follow","max-snippet":"max-snippet:-1","max-image-preview":"max-image-preview:large","max-video-preview":"max-video-preview:-1"},"canonical":"https:\/\/www.oarcanjo.net\/site\/sao-leao-i\/","og_locale":"pt_BR","og_type":"article","og_title":"S\u00e3o Le\u00e3o I - O Arcanjo no ar","og_description":"10 de Novembro Eleito com o nome de Le\u00e3o I, foi um dos maiores pont\u00edfices da hist\u00f3ria do cristianismo, embora pouco se saiba sobre sua vida antes de ocupar a C\u00e1tedra de Pedro. \u00c9 venerado por sua profunda sabedoria, suas extraordin\u00e1rias virtudes e sua brilhante dire\u00e7\u00e3o, como relatam os historiadores e te\u00f3logos. Le\u00e3o nasceu por [&hellip;]","og_url":"https:\/\/www.oarcanjo.net\/site\/sao-leao-i\/","og_site_name":"O Arcanjo no ar","article_publisher":"https:\/\/www.facebook.com\/OArcanjoNoAr\/","article_published_time":"2017-11-10T16:18:54+00:00","article_modified_time":"2017-08-11T18:00:45+00:00","og_image":[{"url":"http:\/\/www.paroquiadenazaremanaus.org.br\/imagens\/santos\/sao_leao_I_-_magno.jpg"}],"author":"danilo","twitter_card":"summary_large_image","twitter_misc":{"Escrito por":"danilo","Est. tempo de leitura":"3 minutos"},"schema":{"@context":"https:\/\/schema.org","@graph":[{"@type":"Article","@id":"https:\/\/www.oarcanjo.net\/site\/sao-leao-i\/#article","isPartOf":{"@id":"https:\/\/www.oarcanjo.net\/site\/sao-leao-i\/"},"author":{"name":"danilo","@id":"https:\/\/www.oarcanjo.net\/site\/#\/schema\/person\/5eb9480bedd2f3c97e430ce128c29c6c"},"headline":"S\u00e3o Le\u00e3o I","datePublished":"2017-11-10T16:18:54+00:00","dateModified":"2017-08-11T18:00:45+00:00","mainEntityOfPage":{"@id":"https:\/\/www.oarcanjo.net\/site\/sao-leao-i\/"},"wordCount":524,"commentCount":0,"publisher":{"@id":"https:\/\/www.oarcanjo.net\/site\/#organization"},"image":{"@id":"https:\/\/www.oarcanjo.net\/site\/sao-leao-i\/#primaryimage"},"thumbnailUrl":"http:\/\/www.paroquiadenazaremanaus.org.br\/imagens\/santos\/sao_leao_I_-_magno.jpg","articleSection":["Testemunhos"],"inLanguage":"pt-BR","potentialAction":[{"@type":"CommentAction","name":"Comment","target":["https:\/\/www.oarcanjo.net\/site\/sao-leao-i\/#respond"]}]},{"@type":"WebPage","@id":"https:\/\/www.oarcanjo.net\/site\/sao-leao-i\/","url":"https:\/\/www.oarcanjo.net\/site\/sao-leao-i\/","name":"S\u00e3o Le\u00e3o I - O Arcanjo no ar","isPartOf":{"@id":"https:\/\/www.oarcanjo.net\/site\/#website"},"primaryImageOfPage":{"@id":"https:\/\/www.oarcanjo.net\/site\/sao-leao-i\/#primaryimage"},"image":{"@id":"https:\/\/www.oarcanjo.net\/site\/sao-leao-i\/#primaryimage"},"thumbnailUrl":"http:\/\/www.paroquiadenazaremanaus.org.br\/imagens\/santos\/sao_leao_I_-_magno.jpg","datePublished":"2017-11-10T16:18:54+00:00","dateModified":"2017-08-11T18:00:45+00:00","breadcrumb":{"@id":"https:\/\/www.oarcanjo.net\/site\/sao-leao-i\/#breadcrumb"},"inLanguage":"pt-BR","potentialAction":[{"@type":"ReadAction","target":["https:\/\/www.oarcanjo.net\/site\/sao-leao-i\/"]}]},{"@type":"ImageObject","inLanguage":"pt-BR","@id":"https:\/\/www.oarcanjo.net\/site\/sao-leao-i\/#primaryimage","url":"http:\/\/www.paroquiadenazaremanaus.org.br\/imagens\/santos\/sao_leao_I_-_magno.jpg","contentUrl":"http:\/\/www.paroquiadenazaremanaus.org.br\/imagens\/santos\/sao_leao_I_-_magno.jpg"},{"@type":"BreadcrumbList","@id":"https:\/\/www.oarcanjo.net\/site\/sao-leao-i\/#breadcrumb","itemListElement":[{"@type":"ListItem","position":1,"name":"In\u00edcio","item":"https:\/\/www.oarcanjo.net\/site\/"},{"@type":"ListItem","position":2,"name":"S\u00e3o Le\u00e3o I"}]},{"@type":"WebSite","@id":"https:\/\/www.oarcanjo.net\/site\/#website","url":"https:\/\/www.oarcanjo.net\/site\/","name":"O Arcanjo no ar","description":"Site da Par\u00f3quia S\u00e3o Miguel Arcanjo (Arquidiocese de SP)","publisher":{"@id":"https:\/\/www.oarcanjo.net\/site\/#organization"},"potentialAction":[{"@type":"SearchAction","target":{"@type":"EntryPoint","urlTemplate":"https:\/\/www.oarcanjo.net\/site\/?s={search_term_string}"},"query-input":{"@type":"PropertyValueSpecification","valueRequired":true,"valueName":"search_term_string"}}],"inLanguage":"pt-BR"},{"@type":"Organization","@id":"https:\/\/www.oarcanjo.net\/site\/#organization","name":"Par\u00f3quia S\u00e3o Miguel Arcanjo","url":"https:\/\/www.oarcanjo.net\/site\/","logo":{"@type":"ImageObject","inLanguage":"pt-BR","@id":"https:\/\/www.oarcanjo.net\/site\/#\/schema\/logo\/image\/","url":"https:\/\/www.oarcanjo.net\/site\/wp-content\/uploads\/LogoOArcanjo.png","contentUrl":"https:\/\/www.oarcanjo.net\/site\/wp-content\/uploads\/LogoOArcanjo.png","width":319,"height":99,"caption":"Par\u00f3quia S\u00e3o Miguel Arcanjo"},"image":{"@id":"https:\/\/www.oarcanjo.net\/site\/#\/schema\/logo\/image\/"},"sameAs":["https:\/\/www.facebook.com\/OArcanjoNoAr\/"]},{"@type":"Person","@id":"https:\/\/www.oarcanjo.net\/site\/#\/schema\/person\/5eb9480bedd2f3c97e430ce128c29c6c","name":"danilo"}]}},"publishpress_future_action":{"enabled":false,"date":"2026-05-08 07:48:56","action":"category","newStatus":"draft","terms":[],"taxonomy":"category"},"publishpress_future_workflow_manual_trigger":{"enabledWorkflows":[]},"_links":{"self":[{"href":"https:\/\/www.oarcanjo.net\/site\/wp-json\/wp\/v2\/posts\/11698"}],"collection":[{"href":"https:\/\/www.oarcanjo.net\/site\/wp-json\/wp\/v2\/posts"}],"about":[{"href":"https:\/\/www.oarcanjo.net\/site\/wp-json\/wp\/v2\/types\/post"}],"author":[{"embeddable":true,"href":"https:\/\/www.oarcanjo.net\/site\/wp-json\/wp\/v2\/users\/14"}],"replies":[{"embeddable":true,"href":"https:\/\/www.oarcanjo.net\/site\/wp-json\/wp\/v2\/comments?post=11698"}],"version-history":[{"count":0,"href":"https:\/\/www.oarcanjo.net\/site\/wp-json\/wp\/v2\/posts\/11698\/revisions"}],"wp:attachment":[{"href":"https:\/\/www.oarcanjo.net\/site\/wp-json\/wp\/v2\/media?parent=11698"}],"wp:term":[{"taxonomy":"category","embeddable":true,"href":"https:\/\/www.oarcanjo.net\/site\/wp-json\/wp\/v2\/categories?post=11698"},{"taxonomy":"post_tag","embeddable":true,"href":"https:\/\/www.oarcanjo.net\/site\/wp-json\/wp\/v2\/tags?post=11698"}],"curies":[{"name":"wp","href":"https:\/\/api.w.org\/{rel}","templated":true}]}}