
{"id":11700,"date":"2017-11-10T14:20:49","date_gmt":"2017-11-10T16:20:49","guid":{"rendered":"http:\/\/www.oarcanjo.net\/site\/?p=11700"},"modified":"2017-08-11T15:00:51","modified_gmt":"2017-08-11T18:00:51","slug":"santo-andre-avelino","status":"publish","type":"post","link":"https:\/\/www.oarcanjo.net\/site\/santo-andre-avelino\/","title":{"rendered":"Santo Andr\u00e9 Avelino"},"content":{"rendered":"<p><img loading=\"lazy\" decoding=\"async\" src=\"http:\/\/1.bp.blogspot.com\/_z-c0Sh5Zlrs\/SK2JABRdK7I\/AAAAAAAACCM\/ug5Fre8aTJs\/s400\/Santo+Andr%C3%A9+Avelino.jpg\" alt=\"\" width=\"150\" height=\"190\" \/><\/p>\n<p>10 de Novembro<\/p>\n<p>Lanceloti Avelino nasceu no ano 1520, em Castelnuovo, uma prov\u00edncia que pertencia ao ent\u00e3o reino de N\u00e1poles. Os pais, Jo\u00e3o e Margarida, muito religiosos, criaram o filho dentro dos ensinamentos de Cristo. Na \u00e9poca oportuna, enviaram o pequeno Lanceloti para estudar com o tio, p\u00e1roco da vizinha Senise. L\u00e1 ele come\u00e7ou sua vida religiosa exercitando-se no apostolado catequ\u00e9tico dos jovens da cidade. Em 1545, j\u00e1 era um sacerdote.<\/p>\n<p>Dois anos depois, seguiu para a cidade de N\u00e1poles, onde, na universidade, diplomou-se em direito can\u00f4nico. No exerc\u00edcio da profiss\u00e3o, assistindo a defesa de um sacerdote, decepcionou-se com as artimanhas legais permitidas e, amargurado com a situa\u00e7\u00e3o, abandonou o processo e a carreira, em 1551.<\/p>\n<p>Prosseguiu o seu apostolado como auxiliar do vig\u00e1rio geral de N\u00e1poles, sendo um exemplo pela humildade, disciplina e dedica\u00e7\u00e3o total \u00e0 caridade, atendendo com amor os pobres e doentes. S\u00f3 deixou de rezar seis horas por dia quando recebeu a incumb\u00eancia de vigiar os conventos teatinos, que estavam submetidos \u00e0 arquidiocese a que pertencia. Al\u00e9m disso, tornou-se evangelizador e confessor de N\u00e1poles e de cidades vizinhas. Mas devido \u00e0 sua atua\u00e7\u00e3o no combate aos abusos dos conventos, sofreu dois atentados, em 1555, dos quais s\u00f3 escapou vivo por milagre.<\/p>\n<p>No ano seguinte, Lanceloti entrou para a Ordem dos Teatinos e, em 1558, vestiu o h\u00e1bito, tomando o nome de Andr\u00e9 Avelino. Durante toda a vida, dedicou-se aos pobres, encarcerados e agonizantes, sendo tamb\u00e9m diretor espiritual. Mas ainda se achava pecador e pedia mais sofrimento a Deus em suas ora\u00e7\u00f5es.<\/p>\n<p>Morreu no dia 10 de novembro em 1608, acometido por um ataque quando se aproximava do altar para a celebra\u00e7\u00e3o da missa. Foi canonizado pelo papa Clemente VI. Santo Andr\u00e9 Avelino \u00e9 invocado pelos devotos como protetor celestial contra a morte repentina.<\/p>\n<div id=\"themify_builder_content-11700\" data-postid=\"11700\" class=\"themify_builder_content themify_builder_content-11700 themify_builder themify_builder_front\">\n\t<\/div>\n<!-- \/themify_builder_content -->","protected":false},"excerpt":{"rendered":"<p>10 de Novembro Lanceloti Avelino nasceu no ano 1520, em Castelnuovo, uma prov\u00edncia que pertencia ao ent\u00e3o reino de N\u00e1poles. Os pais, Jo\u00e3o e Margarida, muito religiosos, criaram o filho dentro dos ensinamentos de Cristo. Na \u00e9poca oportuna, enviaram o pequeno Lanceloti para estudar com o tio, p\u00e1roco da vizinha Senise. L\u00e1 ele come\u00e7ou sua [&hellip;]<\/p>\n","protected":false},"author":14,"featured_media":0,"comment_status":"open","ping_status":"open","sticky":false,"template":"","format":"standard","meta":{"ngg_post_thumbnail":0,"footnotes":""},"categories":[186],"tags":[],"yoast_head":"<!-- This site is optimized with the Yoast SEO plugin v23.5 - https:\/\/yoast.com\/wordpress\/plugins\/seo\/ -->\n<title>Santo Andr\u00e9 Avelino - O Arcanjo no ar<\/title>\n<meta name=\"robots\" content=\"index, follow, max-snippet:-1, max-image-preview:large, max-video-preview:-1\" \/>\n<link rel=\"canonical\" href=\"https:\/\/www.oarcanjo.net\/site\/santo-andre-avelino\/\" \/>\n<meta property=\"og:locale\" content=\"pt_BR\" \/>\n<meta property=\"og:type\" content=\"article\" \/>\n<meta property=\"og:title\" content=\"Santo Andr\u00e9 Avelino - O Arcanjo no ar\" \/>\n<meta property=\"og:description\" content=\"10 de Novembro Lanceloti Avelino nasceu no ano 1520, em Castelnuovo, uma prov\u00edncia que pertencia ao ent\u00e3o reino de N\u00e1poles. Os pais, Jo\u00e3o e Margarida, muito religiosos, criaram o filho dentro dos ensinamentos de Cristo. Na \u00e9poca oportuna, enviaram o pequeno Lanceloti para estudar com o tio, p\u00e1roco da vizinha Senise. L\u00e1 ele come\u00e7ou sua [&hellip;]\" \/>\n<meta property=\"og:url\" content=\"https:\/\/www.oarcanjo.net\/site\/santo-andre-avelino\/\" \/>\n<meta property=\"og:site_name\" content=\"O Arcanjo no ar\" \/>\n<meta property=\"article:publisher\" content=\"https:\/\/www.facebook.com\/OArcanjoNoAr\/\" \/>\n<meta property=\"article:published_time\" content=\"2017-11-10T16:20:49+00:00\" \/>\n<meta property=\"article:modified_time\" content=\"2017-08-11T18:00:51+00:00\" \/>\n<meta property=\"og:image\" content=\"http:\/\/1.bp.blogspot.com\/_z-c0Sh5Zlrs\/SK2JABRdK7I\/AAAAAAAACCM\/ug5Fre8aTJs\/s400\/Santo+Andr%C3%A9+Avelino.jpg\" \/>\n<meta name=\"author\" content=\"danilo\" \/>\n<meta name=\"twitter:card\" content=\"summary_large_image\" \/>\n<meta name=\"twitter:label1\" content=\"Escrito por\" \/>\n\t<meta name=\"twitter:data1\" content=\"danilo\" \/>\n\t<meta name=\"twitter:label2\" content=\"Est. tempo de leitura\" \/>\n\t<meta name=\"twitter:data2\" content=\"2 minutos\" \/>\n<script type=\"application\/ld+json\" class=\"yoast-schema-graph\">{\"@context\":\"https:\/\/schema.org\",\"@graph\":[{\"@type\":\"Article\",\"@id\":\"https:\/\/www.oarcanjo.net\/site\/santo-andre-avelino\/#article\",\"isPartOf\":{\"@id\":\"https:\/\/www.oarcanjo.net\/site\/santo-andre-avelino\/\"},\"author\":{\"name\":\"danilo\",\"@id\":\"https:\/\/www.oarcanjo.net\/site\/#\/schema\/person\/5eb9480bedd2f3c97e430ce128c29c6c\"},\"headline\":\"Santo Andr\u00e9 Avelino\",\"datePublished\":\"2017-11-10T16:20:49+00:00\",\"dateModified\":\"2017-08-11T18:00:51+00:00\",\"mainEntityOfPage\":{\"@id\":\"https:\/\/www.oarcanjo.net\/site\/santo-andre-avelino\/\"},\"wordCount\":311,\"commentCount\":0,\"publisher\":{\"@id\":\"https:\/\/www.oarcanjo.net\/site\/#organization\"},\"image\":{\"@id\":\"https:\/\/www.oarcanjo.net\/site\/santo-andre-avelino\/#primaryimage\"},\"thumbnailUrl\":\"http:\/\/1.bp.blogspot.com\/_z-c0Sh5Zlrs\/SK2JABRdK7I\/AAAAAAAACCM\/ug5Fre8aTJs\/s400\/Santo+Andr%C3%A9+Avelino.jpg\",\"articleSection\":[\"Testemunhos\"],\"inLanguage\":\"pt-BR\",\"potentialAction\":[{\"@type\":\"CommentAction\",\"name\":\"Comment\",\"target\":[\"https:\/\/www.oarcanjo.net\/site\/santo-andre-avelino\/#respond\"]}]},{\"@type\":\"WebPage\",\"@id\":\"https:\/\/www.oarcanjo.net\/site\/santo-andre-avelino\/\",\"url\":\"https:\/\/www.oarcanjo.net\/site\/santo-andre-avelino\/\",\"name\":\"Santo Andr\u00e9 Avelino - O Arcanjo no ar\",\"isPartOf\":{\"@id\":\"https:\/\/www.oarcanjo.net\/site\/#website\"},\"primaryImageOfPage\":{\"@id\":\"https:\/\/www.oarcanjo.net\/site\/santo-andre-avelino\/#primaryimage\"},\"image\":{\"@id\":\"https:\/\/www.oarcanjo.net\/site\/santo-andre-avelino\/#primaryimage\"},\"thumbnailUrl\":\"http:\/\/1.bp.blogspot.com\/_z-c0Sh5Zlrs\/SK2JABRdK7I\/AAAAAAAACCM\/ug5Fre8aTJs\/s400\/Santo+Andr%C3%A9+Avelino.jpg\",\"datePublished\":\"2017-11-10T16:20:49+00:00\",\"dateModified\":\"2017-08-11T18:00:51+00:00\",\"breadcrumb\":{\"@id\":\"https:\/\/www.oarcanjo.net\/site\/santo-andre-avelino\/#breadcrumb\"},\"inLanguage\":\"pt-BR\",\"potentialAction\":[{\"@type\":\"ReadAction\",\"target\":[\"https:\/\/www.oarcanjo.net\/site\/santo-andre-avelino\/\"]}]},{\"@type\":\"ImageObject\",\"inLanguage\":\"pt-BR\",\"@id\":\"https:\/\/www.oarcanjo.net\/site\/santo-andre-avelino\/#primaryimage\",\"url\":\"http:\/\/1.bp.blogspot.com\/_z-c0Sh5Zlrs\/SK2JABRdK7I\/AAAAAAAACCM\/ug5Fre8aTJs\/s400\/Santo+Andr%C3%A9+Avelino.jpg\",\"contentUrl\":\"http:\/\/1.bp.blogspot.com\/_z-c0Sh5Zlrs\/SK2JABRdK7I\/AAAAAAAACCM\/ug5Fre8aTJs\/s400\/Santo+Andr%C3%A9+Avelino.jpg\"},{\"@type\":\"BreadcrumbList\",\"@id\":\"https:\/\/www.oarcanjo.net\/site\/santo-andre-avelino\/#breadcrumb\",\"itemListElement\":[{\"@type\":\"ListItem\",\"position\":1,\"name\":\"In\u00edcio\",\"item\":\"https:\/\/www.oarcanjo.net\/site\/\"},{\"@type\":\"ListItem\",\"position\":2,\"name\":\"Santo Andr\u00e9 Avelino\"}]},{\"@type\":\"WebSite\",\"@id\":\"https:\/\/www.oarcanjo.net\/site\/#website\",\"url\":\"https:\/\/www.oarcanjo.net\/site\/\",\"name\":\"O Arcanjo no ar\",\"description\":\"Site da Par\u00f3quia S\u00e3o Miguel Arcanjo (Arquidiocese de SP)\",\"publisher\":{\"@id\":\"https:\/\/www.oarcanjo.net\/site\/#organization\"},\"potentialAction\":[{\"@type\":\"SearchAction\",\"target\":{\"@type\":\"EntryPoint\",\"urlTemplate\":\"https:\/\/www.oarcanjo.net\/site\/?s={search_term_string}\"},\"query-input\":{\"@type\":\"PropertyValueSpecification\",\"valueRequired\":true,\"valueName\":\"search_term_string\"}}],\"inLanguage\":\"pt-BR\"},{\"@type\":\"Organization\",\"@id\":\"https:\/\/www.oarcanjo.net\/site\/#organization\",\"name\":\"Par\u00f3quia S\u00e3o Miguel Arcanjo\",\"url\":\"https:\/\/www.oarcanjo.net\/site\/\",\"logo\":{\"@type\":\"ImageObject\",\"inLanguage\":\"pt-BR\",\"@id\":\"https:\/\/www.oarcanjo.net\/site\/#\/schema\/logo\/image\/\",\"url\":\"https:\/\/www.oarcanjo.net\/site\/wp-content\/uploads\/LogoOArcanjo.png\",\"contentUrl\":\"https:\/\/www.oarcanjo.net\/site\/wp-content\/uploads\/LogoOArcanjo.png\",\"width\":319,\"height\":99,\"caption\":\"Par\u00f3quia S\u00e3o Miguel Arcanjo\"},\"image\":{\"@id\":\"https:\/\/www.oarcanjo.net\/site\/#\/schema\/logo\/image\/\"},\"sameAs\":[\"https:\/\/www.facebook.com\/OArcanjoNoAr\/\"]},{\"@type\":\"Person\",\"@id\":\"https:\/\/www.oarcanjo.net\/site\/#\/schema\/person\/5eb9480bedd2f3c97e430ce128c29c6c\",\"name\":\"danilo\"}]}<\/script>\n<!-- \/ Yoast SEO plugin. -->","yoast_head_json":{"title":"Santo Andr\u00e9 Avelino - O Arcanjo no ar","robots":{"index":"index","follow":"follow","max-snippet":"max-snippet:-1","max-image-preview":"max-image-preview:large","max-video-preview":"max-video-preview:-1"},"canonical":"https:\/\/www.oarcanjo.net\/site\/santo-andre-avelino\/","og_locale":"pt_BR","og_type":"article","og_title":"Santo Andr\u00e9 Avelino - O Arcanjo no ar","og_description":"10 de Novembro Lanceloti Avelino nasceu no ano 1520, em Castelnuovo, uma prov\u00edncia que pertencia ao ent\u00e3o reino de N\u00e1poles. Os pais, Jo\u00e3o e Margarida, muito religiosos, criaram o filho dentro dos ensinamentos de Cristo. Na \u00e9poca oportuna, enviaram o pequeno Lanceloti para estudar com o tio, p\u00e1roco da vizinha Senise. L\u00e1 ele come\u00e7ou sua [&hellip;]","og_url":"https:\/\/www.oarcanjo.net\/site\/santo-andre-avelino\/","og_site_name":"O Arcanjo no ar","article_publisher":"https:\/\/www.facebook.com\/OArcanjoNoAr\/","article_published_time":"2017-11-10T16:20:49+00:00","article_modified_time":"2017-08-11T18:00:51+00:00","og_image":[{"url":"http:\/\/1.bp.blogspot.com\/_z-c0Sh5Zlrs\/SK2JABRdK7I\/AAAAAAAACCM\/ug5Fre8aTJs\/s400\/Santo+Andr%C3%A9+Avelino.jpg"}],"author":"danilo","twitter_card":"summary_large_image","twitter_misc":{"Escrito por":"danilo","Est. tempo de leitura":"2 minutos"},"schema":{"@context":"https:\/\/schema.org","@graph":[{"@type":"Article","@id":"https:\/\/www.oarcanjo.net\/site\/santo-andre-avelino\/#article","isPartOf":{"@id":"https:\/\/www.oarcanjo.net\/site\/santo-andre-avelino\/"},"author":{"name":"danilo","@id":"https:\/\/www.oarcanjo.net\/site\/#\/schema\/person\/5eb9480bedd2f3c97e430ce128c29c6c"},"headline":"Santo Andr\u00e9 Avelino","datePublished":"2017-11-10T16:20:49+00:00","dateModified":"2017-08-11T18:00:51+00:00","mainEntityOfPage":{"@id":"https:\/\/www.oarcanjo.net\/site\/santo-andre-avelino\/"},"wordCount":311,"commentCount":0,"publisher":{"@id":"https:\/\/www.oarcanjo.net\/site\/#organization"},"image":{"@id":"https:\/\/www.oarcanjo.net\/site\/santo-andre-avelino\/#primaryimage"},"thumbnailUrl":"http:\/\/1.bp.blogspot.com\/_z-c0Sh5Zlrs\/SK2JABRdK7I\/AAAAAAAACCM\/ug5Fre8aTJs\/s400\/Santo+Andr%C3%A9+Avelino.jpg","articleSection":["Testemunhos"],"inLanguage":"pt-BR","potentialAction":[{"@type":"CommentAction","name":"Comment","target":["https:\/\/www.oarcanjo.net\/site\/santo-andre-avelino\/#respond"]}]},{"@type":"WebPage","@id":"https:\/\/www.oarcanjo.net\/site\/santo-andre-avelino\/","url":"https:\/\/www.oarcanjo.net\/site\/santo-andre-avelino\/","name":"Santo Andr\u00e9 Avelino - O Arcanjo no ar","isPartOf":{"@id":"https:\/\/www.oarcanjo.net\/site\/#website"},"primaryImageOfPage":{"@id":"https:\/\/www.oarcanjo.net\/site\/santo-andre-avelino\/#primaryimage"},"image":{"@id":"https:\/\/www.oarcanjo.net\/site\/santo-andre-avelino\/#primaryimage"},"thumbnailUrl":"http:\/\/1.bp.blogspot.com\/_z-c0Sh5Zlrs\/SK2JABRdK7I\/AAAAAAAACCM\/ug5Fre8aTJs\/s400\/Santo+Andr%C3%A9+Avelino.jpg","datePublished":"2017-11-10T16:20:49+00:00","dateModified":"2017-08-11T18:00:51+00:00","breadcrumb":{"@id":"https:\/\/www.oarcanjo.net\/site\/santo-andre-avelino\/#breadcrumb"},"inLanguage":"pt-BR","potentialAction":[{"@type":"ReadAction","target":["https:\/\/www.oarcanjo.net\/site\/santo-andre-avelino\/"]}]},{"@type":"ImageObject","inLanguage":"pt-BR","@id":"https:\/\/www.oarcanjo.net\/site\/santo-andre-avelino\/#primaryimage","url":"http:\/\/1.bp.blogspot.com\/_z-c0Sh5Zlrs\/SK2JABRdK7I\/AAAAAAAACCM\/ug5Fre8aTJs\/s400\/Santo+Andr%C3%A9+Avelino.jpg","contentUrl":"http:\/\/1.bp.blogspot.com\/_z-c0Sh5Zlrs\/SK2JABRdK7I\/AAAAAAAACCM\/ug5Fre8aTJs\/s400\/Santo+Andr%C3%A9+Avelino.jpg"},{"@type":"BreadcrumbList","@id":"https:\/\/www.oarcanjo.net\/site\/santo-andre-avelino\/#breadcrumb","itemListElement":[{"@type":"ListItem","position":1,"name":"In\u00edcio","item":"https:\/\/www.oarcanjo.net\/site\/"},{"@type":"ListItem","position":2,"name":"Santo Andr\u00e9 Avelino"}]},{"@type":"WebSite","@id":"https:\/\/www.oarcanjo.net\/site\/#website","url":"https:\/\/www.oarcanjo.net\/site\/","name":"O Arcanjo no ar","description":"Site da Par\u00f3quia S\u00e3o Miguel Arcanjo (Arquidiocese de SP)","publisher":{"@id":"https:\/\/www.oarcanjo.net\/site\/#organization"},"potentialAction":[{"@type":"SearchAction","target":{"@type":"EntryPoint","urlTemplate":"https:\/\/www.oarcanjo.net\/site\/?s={search_term_string}"},"query-input":{"@type":"PropertyValueSpecification","valueRequired":true,"valueName":"search_term_string"}}],"inLanguage":"pt-BR"},{"@type":"Organization","@id":"https:\/\/www.oarcanjo.net\/site\/#organization","name":"Par\u00f3quia S\u00e3o Miguel Arcanjo","url":"https:\/\/www.oarcanjo.net\/site\/","logo":{"@type":"ImageObject","inLanguage":"pt-BR","@id":"https:\/\/www.oarcanjo.net\/site\/#\/schema\/logo\/image\/","url":"https:\/\/www.oarcanjo.net\/site\/wp-content\/uploads\/LogoOArcanjo.png","contentUrl":"https:\/\/www.oarcanjo.net\/site\/wp-content\/uploads\/LogoOArcanjo.png","width":319,"height":99,"caption":"Par\u00f3quia S\u00e3o Miguel Arcanjo"},"image":{"@id":"https:\/\/www.oarcanjo.net\/site\/#\/schema\/logo\/image\/"},"sameAs":["https:\/\/www.facebook.com\/OArcanjoNoAr\/"]},{"@type":"Person","@id":"https:\/\/www.oarcanjo.net\/site\/#\/schema\/person\/5eb9480bedd2f3c97e430ce128c29c6c","name":"danilo"}]}},"publishpress_future_action":{"enabled":false,"date":"2026-05-08 09:15:10","action":"category","newStatus":"draft","terms":[],"taxonomy":"category"},"publishpress_future_workflow_manual_trigger":{"enabledWorkflows":[]},"_links":{"self":[{"href":"https:\/\/www.oarcanjo.net\/site\/wp-json\/wp\/v2\/posts\/11700"}],"collection":[{"href":"https:\/\/www.oarcanjo.net\/site\/wp-json\/wp\/v2\/posts"}],"about":[{"href":"https:\/\/www.oarcanjo.net\/site\/wp-json\/wp\/v2\/types\/post"}],"author":[{"embeddable":true,"href":"https:\/\/www.oarcanjo.net\/site\/wp-json\/wp\/v2\/users\/14"}],"replies":[{"embeddable":true,"href":"https:\/\/www.oarcanjo.net\/site\/wp-json\/wp\/v2\/comments?post=11700"}],"version-history":[{"count":0,"href":"https:\/\/www.oarcanjo.net\/site\/wp-json\/wp\/v2\/posts\/11700\/revisions"}],"wp:attachment":[{"href":"https:\/\/www.oarcanjo.net\/site\/wp-json\/wp\/v2\/media?parent=11700"}],"wp:term":[{"taxonomy":"category","embeddable":true,"href":"https:\/\/www.oarcanjo.net\/site\/wp-json\/wp\/v2\/categories?post=11700"},{"taxonomy":"post_tag","embeddable":true,"href":"https:\/\/www.oarcanjo.net\/site\/wp-json\/wp\/v2\/tags?post=11700"}],"curies":[{"name":"wp","href":"https:\/\/api.w.org\/{rel}","templated":true}]}}