
{"id":11702,"date":"2017-11-11T08:21:34","date_gmt":"2017-11-11T10:21:34","guid":{"rendered":"http:\/\/www.oarcanjo.net\/site\/?p=11702"},"modified":"2017-08-11T15:00:57","modified_gmt":"2017-08-11T18:00:57","slug":"sao-martinho-de-tours","status":"publish","type":"post","link":"https:\/\/www.oarcanjo.net\/site\/sao-martinho-de-tours\/","title":{"rendered":"S\u00e3o Martinho de Tours"},"content":{"rendered":"<p><img loading=\"lazy\" decoding=\"async\" class=\"alignnone size-full wp-image-55091\" src=\"http:\/\/www.oarcanjo.net\/site\/wp-content\/uploads\/Sao-Martinho-de-Tours-2.jpg\" alt=\"S\u00e3o Martinho de Tours\" width=\"199\" height=\"300\" \/><\/p>\n<p>11 de Novembro<\/p>\n<p>Senhor, se o vosso povo precisa de mim, n\u00e3o vou fugir do trabalho. Seja feita a vossa vontade&#8221;, dizia Martinho, bispo de Tours, aos oitenta e um anos de idade.<\/p>\n<p>Ele despertou para a f\u00e9 quando ainda menino e depois, mesmo soldado da cavalaria do ex\u00e9rcito romano, jamais abandonou os ensinamentos de Cristo. A sua vida foi uma verdadeira cruzada contra os pag\u00e3os e em favor do cristianismo. Quatro mil igrejas dedicadas a ele na Fran\u00e7a, e o seu nome dado a milhares de localidades, povoados e vilas; como em toda a Europa, nas Am\u00e9ricas. Enfim, em todos os pa\u00edses do mundo.<\/p>\n<p>Martinho nasceu na Hungria, antiga Pan\u00f4nia, por volta do ano 316, e pertencia a uma fam\u00edlia pag\u00e3. Seu pai era comandante do ex\u00e9rcito romano. Por curiosidade come\u00e7ou a freq\u00fcentar uma Igreja crist\u00e3, ainda crian\u00e7a, sendo instru\u00eddo na doutrina crist\u00e3, por\u00e9m sem receber o batismo. Ao atingir a adolesc\u00eancia, para t\u00ea-lo mais \u00e0 sua volta, seu pai o alistou na cavalaria do ex\u00e9rcito imperial. Mas se o intuito do pai era afast\u00e1-lo da Igreja, o resultado foi inverso, pois Martinho continuava praticando os ensinamentos crist\u00e3os, principalmente a caridade. Depois, foi destinado a prestar servi\u00e7o na G\u00e1lia, atual Fran\u00e7a.<\/p>\n<p>Foi nessa \u00e9poca que ocorreu o famoso epis\u00f3dio do manto. Um dia, um mendigo que tiritava de frio pediu-lhe esmola e, como n\u00e3o tinha, o cavalariano cortou seu pr\u00f3prio manto com a espada, dando metade ao pedinte. Durante a noite, o pr\u00f3prio Jesus apareceu-lhe em sonho usando o peda\u00e7o de manta que dera ao mendigo e agradeceu a Martinho por t\u00ea-lo aquecido no frio. Dessa noite em diante, ele decidiu que deixaria as fileiras militares para dedicar-se \u00e0 religi\u00e3o.<\/p>\n<p>Com vinte e dois anos, j\u00e1 estava batizado, provavelmente pelo bispo de Amiens, afastado da vida da Corte e do ex\u00e9rcito. Tornou-se monge e disc\u00edpulo do famoso bispo de Poitiers, santo Hil\u00e1rio, que o ordenou di\u00e1cono. Mais tarde, quando voltou do ex\u00edlio, em 360, doou a Martinho um terreno em Ligug\u00e9, a doze quil\u00f4metros de Poitiers. L\u00e1, Martinho fundou uma comunidade de monges. Mas logo eram tantos jovens religiosos que buscavam sua orienta\u00e7\u00e3o que Martinho construiu o primeiro mosteiro da Fran\u00e7a e da Europa ocidental.<\/p>\n<p>No Ocidente, ao contr\u00e1rio do Oriente, os monges podiam exercer o sacerd\u00f3cio para que se tornassem ap\u00f3stolos na evangeliza\u00e7\u00e3o. Martinho liderou, ent\u00e3o, a convers\u00e3o de muitos e muitos habitantes da regi\u00e3o rural. Com seus monges, ele visitava as aldeias pag\u00e3s, pregava o Evangelho, derrubava templos e \u00eddolos e constru\u00eda igrejas. Onde encontrava resist\u00eancia, fundava um mosteiro. Com os monges evangelizando pelo exemplo da caridade crist\u00e3, logo todo o povo se convertia. Dizem os escritos que, nessa \u00e9poca, havia recebido dons m\u00edsticos, operando muitos prod\u00edgios em beneficio dos pobres e doentes que tanto amparava.<\/p>\n<p>Quando ficou vaga a diocese de Tours, em 371, o povo aclamou-o, unanimemente, para ser o bispo. Martinho aceitou, apesar de resistir no in\u00edcio. Mas n\u00e3o abandonou sua peregrina\u00e7\u00e3o apost\u00f3lica: visitava todas as par\u00f3quias, zelava pelo culto e n\u00e3o desistiu de converter pag\u00e3os e exercer exemplarmente a caridade. Nas proximidades da cidade, fundou outro mosteiro, chamado de Marmoutier. E sua influ\u00eancia n\u00e3o se limitou a Tours, tendo se expandido por toda a Fran\u00e7a, tornando-o querido e amado por todo o povo.<\/p>\n<p>Martinho exerceu o bispado por vinte e cinco anos. Morreu, aos oitenta e um anos, na cidade de Candes, no dia 8 de novembro de 397. Sua festa \u00e9 comemorada no dia 11, data em que foi sepultado na cidade de Tours.<\/p>\n<p>Venerado como s\u00e3o Martinho de Tours, ele se tornou o primeiro santo n\u00e3o-m\u00e1rtir a receber culto oficial da Igreja e tamb\u00e9m um dos santos mais populares da Europa medieval.<\/p>\n<div id=\"themify_builder_content-11702\" data-postid=\"11702\" class=\"themify_builder_content themify_builder_content-11702 themify_builder themify_builder_front\">\n\t<\/div>\n<!-- \/themify_builder_content -->","protected":false},"excerpt":{"rendered":"<p>11 de Novembro Senhor, se o vosso povo precisa de mim, n\u00e3o vou fugir do trabalho. Seja feita a vossa vontade&#8221;, dizia Martinho, bispo de Tours, aos oitenta e um anos de idade. Ele despertou para a f\u00e9 quando ainda menino e depois, mesmo soldado da cavalaria do ex\u00e9rcito romano, jamais abandonou os ensinamentos de [&hellip;]<\/p>\n","protected":false},"author":14,"featured_media":0,"comment_status":"open","ping_status":"open","sticky":false,"template":"","format":"standard","meta":{"ngg_post_thumbnail":0,"footnotes":""},"categories":[186],"tags":[],"yoast_head":"<!-- This site is optimized with the Yoast SEO plugin v23.5 - https:\/\/yoast.com\/wordpress\/plugins\/seo\/ -->\n<title>S\u00e3o Martinho de Tours - O Arcanjo no ar<\/title>\n<meta name=\"robots\" content=\"index, follow, max-snippet:-1, max-image-preview:large, max-video-preview:-1\" \/>\n<link rel=\"canonical\" href=\"https:\/\/www.oarcanjo.net\/site\/sao-martinho-de-tours\/\" \/>\n<meta property=\"og:locale\" content=\"pt_BR\" \/>\n<meta property=\"og:type\" content=\"article\" \/>\n<meta property=\"og:title\" content=\"S\u00e3o Martinho de Tours - O Arcanjo no ar\" \/>\n<meta property=\"og:description\" content=\"11 de Novembro Senhor, se o vosso povo precisa de mim, n\u00e3o vou fugir do trabalho. Seja feita a vossa vontade&#8221;, dizia Martinho, bispo de Tours, aos oitenta e um anos de idade. Ele despertou para a f\u00e9 quando ainda menino e depois, mesmo soldado da cavalaria do ex\u00e9rcito romano, jamais abandonou os ensinamentos de [&hellip;]\" \/>\n<meta property=\"og:url\" content=\"https:\/\/www.oarcanjo.net\/site\/sao-martinho-de-tours\/\" \/>\n<meta property=\"og:site_name\" content=\"O Arcanjo no ar\" \/>\n<meta property=\"article:publisher\" content=\"https:\/\/www.facebook.com\/OArcanjoNoAr\/\" \/>\n<meta property=\"article:published_time\" content=\"2017-11-11T10:21:34+00:00\" \/>\n<meta property=\"article:modified_time\" content=\"2017-08-11T18:00:57+00:00\" \/>\n<meta property=\"og:image\" content=\"http:\/\/www.oarcanjo.net\/site\/wp-content\/uploads\/Sao-Martinho-de-Tours-2.jpg\" \/>\n<meta name=\"author\" content=\"danilo\" \/>\n<meta name=\"twitter:card\" content=\"summary_large_image\" \/>\n<meta name=\"twitter:label1\" content=\"Escrito por\" \/>\n\t<meta name=\"twitter:data1\" content=\"danilo\" \/>\n\t<meta name=\"twitter:label2\" content=\"Est. tempo de leitura\" \/>\n\t<meta name=\"twitter:data2\" content=\"3 minutos\" \/>\n<script type=\"application\/ld+json\" class=\"yoast-schema-graph\">{\"@context\":\"https:\/\/schema.org\",\"@graph\":[{\"@type\":\"Article\",\"@id\":\"https:\/\/www.oarcanjo.net\/site\/sao-martinho-de-tours\/#article\",\"isPartOf\":{\"@id\":\"https:\/\/www.oarcanjo.net\/site\/sao-martinho-de-tours\/\"},\"author\":{\"name\":\"danilo\",\"@id\":\"https:\/\/www.oarcanjo.net\/site\/#\/schema\/person\/5eb9480bedd2f3c97e430ce128c29c6c\"},\"headline\":\"S\u00e3o Martinho de Tours\",\"datePublished\":\"2017-11-11T10:21:34+00:00\",\"dateModified\":\"2017-08-11T18:00:57+00:00\",\"mainEntityOfPage\":{\"@id\":\"https:\/\/www.oarcanjo.net\/site\/sao-martinho-de-tours\/\"},\"wordCount\":669,\"commentCount\":0,\"publisher\":{\"@id\":\"https:\/\/www.oarcanjo.net\/site\/#organization\"},\"image\":{\"@id\":\"https:\/\/www.oarcanjo.net\/site\/sao-martinho-de-tours\/#primaryimage\"},\"thumbnailUrl\":\"http:\/\/www.oarcanjo.net\/site\/wp-content\/uploads\/Sao-Martinho-de-Tours-2.jpg\",\"articleSection\":[\"Testemunhos\"],\"inLanguage\":\"pt-BR\",\"potentialAction\":[{\"@type\":\"CommentAction\",\"name\":\"Comment\",\"target\":[\"https:\/\/www.oarcanjo.net\/site\/sao-martinho-de-tours\/#respond\"]}]},{\"@type\":\"WebPage\",\"@id\":\"https:\/\/www.oarcanjo.net\/site\/sao-martinho-de-tours\/\",\"url\":\"https:\/\/www.oarcanjo.net\/site\/sao-martinho-de-tours\/\",\"name\":\"S\u00e3o Martinho de Tours - O Arcanjo no ar\",\"isPartOf\":{\"@id\":\"https:\/\/www.oarcanjo.net\/site\/#website\"},\"primaryImageOfPage\":{\"@id\":\"https:\/\/www.oarcanjo.net\/site\/sao-martinho-de-tours\/#primaryimage\"},\"image\":{\"@id\":\"https:\/\/www.oarcanjo.net\/site\/sao-martinho-de-tours\/#primaryimage\"},\"thumbnailUrl\":\"http:\/\/www.oarcanjo.net\/site\/wp-content\/uploads\/Sao-Martinho-de-Tours-2.jpg\",\"datePublished\":\"2017-11-11T10:21:34+00:00\",\"dateModified\":\"2017-08-11T18:00:57+00:00\",\"breadcrumb\":{\"@id\":\"https:\/\/www.oarcanjo.net\/site\/sao-martinho-de-tours\/#breadcrumb\"},\"inLanguage\":\"pt-BR\",\"potentialAction\":[{\"@type\":\"ReadAction\",\"target\":[\"https:\/\/www.oarcanjo.net\/site\/sao-martinho-de-tours\/\"]}]},{\"@type\":\"ImageObject\",\"inLanguage\":\"pt-BR\",\"@id\":\"https:\/\/www.oarcanjo.net\/site\/sao-martinho-de-tours\/#primaryimage\",\"url\":\"https:\/\/www.oarcanjo.net\/site\/wp-content\/uploads\/Sao-Martinho-de-Tours-2.jpg\",\"contentUrl\":\"https:\/\/www.oarcanjo.net\/site\/wp-content\/uploads\/Sao-Martinho-de-Tours-2.jpg\",\"width\":199,\"height\":300,\"caption\":\"S\u00e3o Martinho de Tours\"},{\"@type\":\"BreadcrumbList\",\"@id\":\"https:\/\/www.oarcanjo.net\/site\/sao-martinho-de-tours\/#breadcrumb\",\"itemListElement\":[{\"@type\":\"ListItem\",\"position\":1,\"name\":\"In\u00edcio\",\"item\":\"https:\/\/www.oarcanjo.net\/site\/\"},{\"@type\":\"ListItem\",\"position\":2,\"name\":\"S\u00e3o Martinho de Tours\"}]},{\"@type\":\"WebSite\",\"@id\":\"https:\/\/www.oarcanjo.net\/site\/#website\",\"url\":\"https:\/\/www.oarcanjo.net\/site\/\",\"name\":\"O Arcanjo no ar\",\"description\":\"Site da Par\u00f3quia S\u00e3o Miguel Arcanjo (Arquidiocese de SP)\",\"publisher\":{\"@id\":\"https:\/\/www.oarcanjo.net\/site\/#organization\"},\"potentialAction\":[{\"@type\":\"SearchAction\",\"target\":{\"@type\":\"EntryPoint\",\"urlTemplate\":\"https:\/\/www.oarcanjo.net\/site\/?s={search_term_string}\"},\"query-input\":{\"@type\":\"PropertyValueSpecification\",\"valueRequired\":true,\"valueName\":\"search_term_string\"}}],\"inLanguage\":\"pt-BR\"},{\"@type\":\"Organization\",\"@id\":\"https:\/\/www.oarcanjo.net\/site\/#organization\",\"name\":\"Par\u00f3quia S\u00e3o Miguel Arcanjo\",\"url\":\"https:\/\/www.oarcanjo.net\/site\/\",\"logo\":{\"@type\":\"ImageObject\",\"inLanguage\":\"pt-BR\",\"@id\":\"https:\/\/www.oarcanjo.net\/site\/#\/schema\/logo\/image\/\",\"url\":\"https:\/\/www.oarcanjo.net\/site\/wp-content\/uploads\/LogoOArcanjo.png\",\"contentUrl\":\"https:\/\/www.oarcanjo.net\/site\/wp-content\/uploads\/LogoOArcanjo.png\",\"width\":319,\"height\":99,\"caption\":\"Par\u00f3quia S\u00e3o Miguel Arcanjo\"},\"image\":{\"@id\":\"https:\/\/www.oarcanjo.net\/site\/#\/schema\/logo\/image\/\"},\"sameAs\":[\"https:\/\/www.facebook.com\/OArcanjoNoAr\/\"]},{\"@type\":\"Person\",\"@id\":\"https:\/\/www.oarcanjo.net\/site\/#\/schema\/person\/5eb9480bedd2f3c97e430ce128c29c6c\",\"name\":\"danilo\"}]}<\/script>\n<!-- \/ Yoast SEO plugin. -->","yoast_head_json":{"title":"S\u00e3o Martinho de Tours - O Arcanjo no ar","robots":{"index":"index","follow":"follow","max-snippet":"max-snippet:-1","max-image-preview":"max-image-preview:large","max-video-preview":"max-video-preview:-1"},"canonical":"https:\/\/www.oarcanjo.net\/site\/sao-martinho-de-tours\/","og_locale":"pt_BR","og_type":"article","og_title":"S\u00e3o Martinho de Tours - O Arcanjo no ar","og_description":"11 de Novembro Senhor, se o vosso povo precisa de mim, n\u00e3o vou fugir do trabalho. Seja feita a vossa vontade&#8221;, dizia Martinho, bispo de Tours, aos oitenta e um anos de idade. Ele despertou para a f\u00e9 quando ainda menino e depois, mesmo soldado da cavalaria do ex\u00e9rcito romano, jamais abandonou os ensinamentos de [&hellip;]","og_url":"https:\/\/www.oarcanjo.net\/site\/sao-martinho-de-tours\/","og_site_name":"O Arcanjo no ar","article_publisher":"https:\/\/www.facebook.com\/OArcanjoNoAr\/","article_published_time":"2017-11-11T10:21:34+00:00","article_modified_time":"2017-08-11T18:00:57+00:00","og_image":[{"url":"http:\/\/www.oarcanjo.net\/site\/wp-content\/uploads\/Sao-Martinho-de-Tours-2.jpg"}],"author":"danilo","twitter_card":"summary_large_image","twitter_misc":{"Escrito por":"danilo","Est. tempo de leitura":"3 minutos"},"schema":{"@context":"https:\/\/schema.org","@graph":[{"@type":"Article","@id":"https:\/\/www.oarcanjo.net\/site\/sao-martinho-de-tours\/#article","isPartOf":{"@id":"https:\/\/www.oarcanjo.net\/site\/sao-martinho-de-tours\/"},"author":{"name":"danilo","@id":"https:\/\/www.oarcanjo.net\/site\/#\/schema\/person\/5eb9480bedd2f3c97e430ce128c29c6c"},"headline":"S\u00e3o Martinho de Tours","datePublished":"2017-11-11T10:21:34+00:00","dateModified":"2017-08-11T18:00:57+00:00","mainEntityOfPage":{"@id":"https:\/\/www.oarcanjo.net\/site\/sao-martinho-de-tours\/"},"wordCount":669,"commentCount":0,"publisher":{"@id":"https:\/\/www.oarcanjo.net\/site\/#organization"},"image":{"@id":"https:\/\/www.oarcanjo.net\/site\/sao-martinho-de-tours\/#primaryimage"},"thumbnailUrl":"http:\/\/www.oarcanjo.net\/site\/wp-content\/uploads\/Sao-Martinho-de-Tours-2.jpg","articleSection":["Testemunhos"],"inLanguage":"pt-BR","potentialAction":[{"@type":"CommentAction","name":"Comment","target":["https:\/\/www.oarcanjo.net\/site\/sao-martinho-de-tours\/#respond"]}]},{"@type":"WebPage","@id":"https:\/\/www.oarcanjo.net\/site\/sao-martinho-de-tours\/","url":"https:\/\/www.oarcanjo.net\/site\/sao-martinho-de-tours\/","name":"S\u00e3o Martinho de Tours - O Arcanjo no ar","isPartOf":{"@id":"https:\/\/www.oarcanjo.net\/site\/#website"},"primaryImageOfPage":{"@id":"https:\/\/www.oarcanjo.net\/site\/sao-martinho-de-tours\/#primaryimage"},"image":{"@id":"https:\/\/www.oarcanjo.net\/site\/sao-martinho-de-tours\/#primaryimage"},"thumbnailUrl":"http:\/\/www.oarcanjo.net\/site\/wp-content\/uploads\/Sao-Martinho-de-Tours-2.jpg","datePublished":"2017-11-11T10:21:34+00:00","dateModified":"2017-08-11T18:00:57+00:00","breadcrumb":{"@id":"https:\/\/www.oarcanjo.net\/site\/sao-martinho-de-tours\/#breadcrumb"},"inLanguage":"pt-BR","potentialAction":[{"@type":"ReadAction","target":["https:\/\/www.oarcanjo.net\/site\/sao-martinho-de-tours\/"]}]},{"@type":"ImageObject","inLanguage":"pt-BR","@id":"https:\/\/www.oarcanjo.net\/site\/sao-martinho-de-tours\/#primaryimage","url":"https:\/\/www.oarcanjo.net\/site\/wp-content\/uploads\/Sao-Martinho-de-Tours-2.jpg","contentUrl":"https:\/\/www.oarcanjo.net\/site\/wp-content\/uploads\/Sao-Martinho-de-Tours-2.jpg","width":199,"height":300,"caption":"S\u00e3o Martinho de Tours"},{"@type":"BreadcrumbList","@id":"https:\/\/www.oarcanjo.net\/site\/sao-martinho-de-tours\/#breadcrumb","itemListElement":[{"@type":"ListItem","position":1,"name":"In\u00edcio","item":"https:\/\/www.oarcanjo.net\/site\/"},{"@type":"ListItem","position":2,"name":"S\u00e3o Martinho de Tours"}]},{"@type":"WebSite","@id":"https:\/\/www.oarcanjo.net\/site\/#website","url":"https:\/\/www.oarcanjo.net\/site\/","name":"O Arcanjo no ar","description":"Site da Par\u00f3quia S\u00e3o Miguel Arcanjo (Arquidiocese de SP)","publisher":{"@id":"https:\/\/www.oarcanjo.net\/site\/#organization"},"potentialAction":[{"@type":"SearchAction","target":{"@type":"EntryPoint","urlTemplate":"https:\/\/www.oarcanjo.net\/site\/?s={search_term_string}"},"query-input":{"@type":"PropertyValueSpecification","valueRequired":true,"valueName":"search_term_string"}}],"inLanguage":"pt-BR"},{"@type":"Organization","@id":"https:\/\/www.oarcanjo.net\/site\/#organization","name":"Par\u00f3quia S\u00e3o Miguel Arcanjo","url":"https:\/\/www.oarcanjo.net\/site\/","logo":{"@type":"ImageObject","inLanguage":"pt-BR","@id":"https:\/\/www.oarcanjo.net\/site\/#\/schema\/logo\/image\/","url":"https:\/\/www.oarcanjo.net\/site\/wp-content\/uploads\/LogoOArcanjo.png","contentUrl":"https:\/\/www.oarcanjo.net\/site\/wp-content\/uploads\/LogoOArcanjo.png","width":319,"height":99,"caption":"Par\u00f3quia S\u00e3o Miguel Arcanjo"},"image":{"@id":"https:\/\/www.oarcanjo.net\/site\/#\/schema\/logo\/image\/"},"sameAs":["https:\/\/www.facebook.com\/OArcanjoNoAr\/"]},{"@type":"Person","@id":"https:\/\/www.oarcanjo.net\/site\/#\/schema\/person\/5eb9480bedd2f3c97e430ce128c29c6c","name":"danilo"}]}},"publishpress_future_action":{"enabled":false,"date":"2026-05-08 10:40:21","action":"category","newStatus":"draft","terms":[],"taxonomy":"category"},"publishpress_future_workflow_manual_trigger":{"enabledWorkflows":[]},"_links":{"self":[{"href":"https:\/\/www.oarcanjo.net\/site\/wp-json\/wp\/v2\/posts\/11702"}],"collection":[{"href":"https:\/\/www.oarcanjo.net\/site\/wp-json\/wp\/v2\/posts"}],"about":[{"href":"https:\/\/www.oarcanjo.net\/site\/wp-json\/wp\/v2\/types\/post"}],"author":[{"embeddable":true,"href":"https:\/\/www.oarcanjo.net\/site\/wp-json\/wp\/v2\/users\/14"}],"replies":[{"embeddable":true,"href":"https:\/\/www.oarcanjo.net\/site\/wp-json\/wp\/v2\/comments?post=11702"}],"version-history":[{"count":0,"href":"https:\/\/www.oarcanjo.net\/site\/wp-json\/wp\/v2\/posts\/11702\/revisions"}],"wp:attachment":[{"href":"https:\/\/www.oarcanjo.net\/site\/wp-json\/wp\/v2\/media?parent=11702"}],"wp:term":[{"taxonomy":"category","embeddable":true,"href":"https:\/\/www.oarcanjo.net\/site\/wp-json\/wp\/v2\/categories?post=11702"},{"taxonomy":"post_tag","embeddable":true,"href":"https:\/\/www.oarcanjo.net\/site\/wp-json\/wp\/v2\/tags?post=11702"}],"curies":[{"name":"wp","href":"https:\/\/api.w.org\/{rel}","templated":true}]}}