
{"id":11704,"date":"2017-11-12T00:25:17","date_gmt":"2017-11-12T02:25:17","guid":{"rendered":"http:\/\/www.oarcanjo.net\/site\/?p=11704"},"modified":"2017-08-11T15:01:03","modified_gmt":"2017-08-11T18:01:03","slug":"sao-josafa-kuncewicz","status":"publish","type":"post","link":"https:\/\/www.oarcanjo.net\/site\/sao-josafa-kuncewicz\/","title":{"rendered":"S\u00e3o Josafa Kuncewicz"},"content":{"rendered":"<p><img loading=\"lazy\" decoding=\"async\" src=\"http:\/\/t2.gstatic.com\/images?q=tbn:dDlyL_-KaCiQtM:http:\/\/img697.imageshack.us\/img697\/1318\/sojosafakuncewicz.gif&amp;t=1\" alt=\"\" width=\"120\" height=\"152\" \/><\/p>\n<p>12 de Novembro<\/p>\n<p>Tudo na vida de Jo\u00e3o Kuncewics aconteceu cedo e r\u00e1pido. Nascido de fam\u00edlia crist\u00e3 ortodoxa da Ucr\u00e2nia, em 1580, estudou filosofia e teologia. Aos vinte anos, tornou-se monge na Ordem de S\u00e3o Bas\u00edlio, recebendo o nome de Josaf\u00e1. Em pouco tempo, era nomeado superior do convento e, logo depois, arquimandrita de Polotsk. Com apenas trinta e sete anos, assumiu, embora a contragosto, o arcebispado de Polotsk.<\/p>\n<p>Dizem os escritos antigos que a brilhante carreira era plenamente justificada pelos seus dotes intelectuais e, principalmente, pelo exemplo de suas virtudes, obedi\u00eancia total \u00e0 disciplina mon\u00e1stica e \u00e0 pr\u00e1tica da caridade.<\/p>\n<p>Exemplo disso foi quando, certa vez, sem ter como ajudar uma vi\u00fava que passava necessidades, penhorou o p\u00e1lio de bispo para conseguir dinheiro e socorr\u00ea-la.<\/p>\n<p>Vivia-se a \u00e9poca do cisma provocado pelas igrejas do Oriente e Josaf\u00e1 foi um dos grandes batalhadores pela uni\u00e3o delas com Roma, tendo obtido vit\u00f3ria em muitas das frentes de batalha.<\/p>\n<p>Josaf\u00e1 defendia com coragem a autoridade do papa e o fim do cisma, com a conseq\u00fcente uni\u00e3o das igrejas. Pregava e fazia quest\u00e3o de seguir os ensinamentos de Jesus numa s\u00f3 Igreja, sob a autoridade de um \u00fanico pastor. Sua luta incans\u00e1vel reconquistou muitos hereges e ele \u00e9 considerado o respons\u00e1vel pelo retorno dos rutenos ao seio da Igreja. Embora outras igrejas do Oriente n\u00e3o o tenham seguido, foi uma vit\u00f3ria hist\u00f3rica e muito importante.<\/p>\n<p>Atuando dessa forma e tendo as origens que tinha, \u00e9 evidente que sofreria repres\u00e1lias. Foi v\u00edtima de cal\u00fanias, difama\u00e7\u00e3o, acusa\u00e7\u00f5es absurdas e uma oposi\u00e7\u00e3o amea\u00e7adora por parte dos que apoiavam o cisma. Em uma prega\u00e7\u00e3o, chegou a prever que seu fim estava pr\u00f3ximo e seria na m\u00e3o dos inimigos. At\u00e9 mesmo avisou &#8220;as ovelhas do seu rebanho&#8221;, como dizia, de que isso aconteceria. Mas n\u00e3o temia por sua vida e jamais deixou de lutar.<\/p>\n<p>Em uma das visitas \u00e0s par\u00f3quias sob sua administra\u00e7\u00e3o, sua moradia foi cercada e atacada. Muitas pessoas da comitiva foram massacradas. O arcebispo Josaf\u00e1, ent\u00e3o, apresentou-se aos inimigos perguntando porque matavam seus familiares se o alvo era ele pr\u00f3prio. Impiedosamente, a multid\u00e3o maltratou-o, torturou-o, matou-o e jogou seu corpo em um rio.<\/p>\n<p>Tudo ocorreu no dia 12 de novembro de 1623, na cidade de Vitebsk, na Bielor\u00fassia. Seu corpo, depois, foi recuperado e venerado pelos fi\u00e9is. Mais tarde, os pr\u00f3prios respons\u00e1veis pelo assassinato do arcebispo foram presos, julgados, condenados e acabaram convertendo-se, escapando da pena de morte.<\/p>\n<p>O papa Pio IX canonizou-o em 1876. S\u00e3o Josaf\u00e1 Kuncewics, considerado pelos estudiosos atuais da Igreja o precursor do ecumenismo que vivemos em nossos dias.<\/p>\n<div id=\"themify_builder_content-11704\" data-postid=\"11704\" class=\"themify_builder_content themify_builder_content-11704 themify_builder themify_builder_front\">\n\t<\/div>\n<!-- \/themify_builder_content -->","protected":false},"excerpt":{"rendered":"<p>12 de Novembro Tudo na vida de Jo\u00e3o Kuncewics aconteceu cedo e r\u00e1pido. Nascido de fam\u00edlia crist\u00e3 ortodoxa da Ucr\u00e2nia, em 1580, estudou filosofia e teologia. Aos vinte anos, tornou-se monge na Ordem de S\u00e3o Bas\u00edlio, recebendo o nome de Josaf\u00e1. Em pouco tempo, era nomeado superior do convento e, logo depois, arquimandrita de Polotsk. [&hellip;]<\/p>\n","protected":false},"author":14,"featured_media":0,"comment_status":"open","ping_status":"open","sticky":false,"template":"","format":"standard","meta":{"ngg_post_thumbnail":0,"footnotes":""},"categories":[186],"tags":[],"yoast_head":"<!-- This site is optimized with the Yoast SEO plugin v23.5 - https:\/\/yoast.com\/wordpress\/plugins\/seo\/ -->\n<title>S\u00e3o Josafa Kuncewicz - O Arcanjo no ar<\/title>\n<meta name=\"robots\" content=\"index, follow, max-snippet:-1, max-image-preview:large, max-video-preview:-1\" \/>\n<link rel=\"canonical\" href=\"https:\/\/www.oarcanjo.net\/site\/sao-josafa-kuncewicz\/\" \/>\n<meta property=\"og:locale\" content=\"pt_BR\" \/>\n<meta property=\"og:type\" content=\"article\" \/>\n<meta property=\"og:title\" content=\"S\u00e3o Josafa Kuncewicz - O Arcanjo no ar\" \/>\n<meta property=\"og:description\" content=\"12 de Novembro Tudo na vida de Jo\u00e3o Kuncewics aconteceu cedo e r\u00e1pido. Nascido de fam\u00edlia crist\u00e3 ortodoxa da Ucr\u00e2nia, em 1580, estudou filosofia e teologia. Aos vinte anos, tornou-se monge na Ordem de S\u00e3o Bas\u00edlio, recebendo o nome de Josaf\u00e1. Em pouco tempo, era nomeado superior do convento e, logo depois, arquimandrita de Polotsk. [&hellip;]\" \/>\n<meta property=\"og:url\" content=\"https:\/\/www.oarcanjo.net\/site\/sao-josafa-kuncewicz\/\" \/>\n<meta property=\"og:site_name\" content=\"O Arcanjo no ar\" \/>\n<meta property=\"article:publisher\" content=\"https:\/\/www.facebook.com\/OArcanjoNoAr\/\" \/>\n<meta property=\"article:published_time\" content=\"2017-11-12T02:25:17+00:00\" \/>\n<meta property=\"article:modified_time\" content=\"2017-08-11T18:01:03+00:00\" \/>\n<meta property=\"og:image\" content=\"http:\/\/t2.gstatic.com\/images?q=tbn:dDlyL_-KaCiQtM:http:\/\/img697.imageshack.us\/img697\/1318\/sojosafakuncewicz.gif&amp;t=1\" \/>\n<meta name=\"author\" content=\"danilo\" \/>\n<meta name=\"twitter:card\" content=\"summary_large_image\" \/>\n<meta name=\"twitter:label1\" content=\"Escrito por\" \/>\n\t<meta name=\"twitter:data1\" content=\"danilo\" \/>\n\t<meta name=\"twitter:label2\" content=\"Est. tempo de leitura\" \/>\n\t<meta name=\"twitter:data2\" content=\"2 minutos\" \/>\n<script type=\"application\/ld+json\" class=\"yoast-schema-graph\">{\"@context\":\"https:\/\/schema.org\",\"@graph\":[{\"@type\":\"Article\",\"@id\":\"https:\/\/www.oarcanjo.net\/site\/sao-josafa-kuncewicz\/#article\",\"isPartOf\":{\"@id\":\"https:\/\/www.oarcanjo.net\/site\/sao-josafa-kuncewicz\/\"},\"author\":{\"name\":\"danilo\",\"@id\":\"https:\/\/www.oarcanjo.net\/site\/#\/schema\/person\/5eb9480bedd2f3c97e430ce128c29c6c\"},\"headline\":\"S\u00e3o Josafa Kuncewicz\",\"datePublished\":\"2017-11-12T02:25:17+00:00\",\"dateModified\":\"2017-08-11T18:01:03+00:00\",\"mainEntityOfPage\":{\"@id\":\"https:\/\/www.oarcanjo.net\/site\/sao-josafa-kuncewicz\/\"},\"wordCount\":466,\"commentCount\":1,\"publisher\":{\"@id\":\"https:\/\/www.oarcanjo.net\/site\/#organization\"},\"image\":{\"@id\":\"https:\/\/www.oarcanjo.net\/site\/sao-josafa-kuncewicz\/#primaryimage\"},\"thumbnailUrl\":\"http:\/\/t2.gstatic.com\/images?q=tbn:dDlyL_-KaCiQtM:http:\/\/img697.imageshack.us\/img697\/1318\/sojosafakuncewicz.gif&amp;t=1\",\"articleSection\":[\"Testemunhos\"],\"inLanguage\":\"pt-BR\",\"potentialAction\":[{\"@type\":\"CommentAction\",\"name\":\"Comment\",\"target\":[\"https:\/\/www.oarcanjo.net\/site\/sao-josafa-kuncewicz\/#respond\"]}]},{\"@type\":\"WebPage\",\"@id\":\"https:\/\/www.oarcanjo.net\/site\/sao-josafa-kuncewicz\/\",\"url\":\"https:\/\/www.oarcanjo.net\/site\/sao-josafa-kuncewicz\/\",\"name\":\"S\u00e3o Josafa Kuncewicz - O Arcanjo no ar\",\"isPartOf\":{\"@id\":\"https:\/\/www.oarcanjo.net\/site\/#website\"},\"primaryImageOfPage\":{\"@id\":\"https:\/\/www.oarcanjo.net\/site\/sao-josafa-kuncewicz\/#primaryimage\"},\"image\":{\"@id\":\"https:\/\/www.oarcanjo.net\/site\/sao-josafa-kuncewicz\/#primaryimage\"},\"thumbnailUrl\":\"http:\/\/t2.gstatic.com\/images?q=tbn:dDlyL_-KaCiQtM:http:\/\/img697.imageshack.us\/img697\/1318\/sojosafakuncewicz.gif&amp;t=1\",\"datePublished\":\"2017-11-12T02:25:17+00:00\",\"dateModified\":\"2017-08-11T18:01:03+00:00\",\"breadcrumb\":{\"@id\":\"https:\/\/www.oarcanjo.net\/site\/sao-josafa-kuncewicz\/#breadcrumb\"},\"inLanguage\":\"pt-BR\",\"potentialAction\":[{\"@type\":\"ReadAction\",\"target\":[\"https:\/\/www.oarcanjo.net\/site\/sao-josafa-kuncewicz\/\"]}]},{\"@type\":\"ImageObject\",\"inLanguage\":\"pt-BR\",\"@id\":\"https:\/\/www.oarcanjo.net\/site\/sao-josafa-kuncewicz\/#primaryimage\",\"url\":\"http:\/\/t2.gstatic.com\/images?q=tbn:dDlyL_-KaCiQtM:http:\/\/img697.imageshack.us\/img697\/1318\/sojosafakuncewicz.gif&amp;t=1\",\"contentUrl\":\"http:\/\/t2.gstatic.com\/images?q=tbn:dDlyL_-KaCiQtM:http:\/\/img697.imageshack.us\/img697\/1318\/sojosafakuncewicz.gif&amp;t=1\"},{\"@type\":\"BreadcrumbList\",\"@id\":\"https:\/\/www.oarcanjo.net\/site\/sao-josafa-kuncewicz\/#breadcrumb\",\"itemListElement\":[{\"@type\":\"ListItem\",\"position\":1,\"name\":\"In\u00edcio\",\"item\":\"https:\/\/www.oarcanjo.net\/site\/\"},{\"@type\":\"ListItem\",\"position\":2,\"name\":\"S\u00e3o Josafa Kuncewicz\"}]},{\"@type\":\"WebSite\",\"@id\":\"https:\/\/www.oarcanjo.net\/site\/#website\",\"url\":\"https:\/\/www.oarcanjo.net\/site\/\",\"name\":\"O Arcanjo no ar\",\"description\":\"Site da Par\u00f3quia S\u00e3o Miguel Arcanjo (Arquidiocese de SP)\",\"publisher\":{\"@id\":\"https:\/\/www.oarcanjo.net\/site\/#organization\"},\"potentialAction\":[{\"@type\":\"SearchAction\",\"target\":{\"@type\":\"EntryPoint\",\"urlTemplate\":\"https:\/\/www.oarcanjo.net\/site\/?s={search_term_string}\"},\"query-input\":{\"@type\":\"PropertyValueSpecification\",\"valueRequired\":true,\"valueName\":\"search_term_string\"}}],\"inLanguage\":\"pt-BR\"},{\"@type\":\"Organization\",\"@id\":\"https:\/\/www.oarcanjo.net\/site\/#organization\",\"name\":\"Par\u00f3quia S\u00e3o Miguel Arcanjo\",\"url\":\"https:\/\/www.oarcanjo.net\/site\/\",\"logo\":{\"@type\":\"ImageObject\",\"inLanguage\":\"pt-BR\",\"@id\":\"https:\/\/www.oarcanjo.net\/site\/#\/schema\/logo\/image\/\",\"url\":\"https:\/\/www.oarcanjo.net\/site\/wp-content\/uploads\/LogoOArcanjo.png\",\"contentUrl\":\"https:\/\/www.oarcanjo.net\/site\/wp-content\/uploads\/LogoOArcanjo.png\",\"width\":319,\"height\":99,\"caption\":\"Par\u00f3quia S\u00e3o Miguel Arcanjo\"},\"image\":{\"@id\":\"https:\/\/www.oarcanjo.net\/site\/#\/schema\/logo\/image\/\"},\"sameAs\":[\"https:\/\/www.facebook.com\/OArcanjoNoAr\/\"]},{\"@type\":\"Person\",\"@id\":\"https:\/\/www.oarcanjo.net\/site\/#\/schema\/person\/5eb9480bedd2f3c97e430ce128c29c6c\",\"name\":\"danilo\"}]}<\/script>\n<!-- \/ Yoast SEO plugin. -->","yoast_head_json":{"title":"S\u00e3o Josafa Kuncewicz - O Arcanjo no ar","robots":{"index":"index","follow":"follow","max-snippet":"max-snippet:-1","max-image-preview":"max-image-preview:large","max-video-preview":"max-video-preview:-1"},"canonical":"https:\/\/www.oarcanjo.net\/site\/sao-josafa-kuncewicz\/","og_locale":"pt_BR","og_type":"article","og_title":"S\u00e3o Josafa Kuncewicz - O Arcanjo no ar","og_description":"12 de Novembro Tudo na vida de Jo\u00e3o Kuncewics aconteceu cedo e r\u00e1pido. Nascido de fam\u00edlia crist\u00e3 ortodoxa da Ucr\u00e2nia, em 1580, estudou filosofia e teologia. Aos vinte anos, tornou-se monge na Ordem de S\u00e3o Bas\u00edlio, recebendo o nome de Josaf\u00e1. Em pouco tempo, era nomeado superior do convento e, logo depois, arquimandrita de Polotsk. [&hellip;]","og_url":"https:\/\/www.oarcanjo.net\/site\/sao-josafa-kuncewicz\/","og_site_name":"O Arcanjo no ar","article_publisher":"https:\/\/www.facebook.com\/OArcanjoNoAr\/","article_published_time":"2017-11-12T02:25:17+00:00","article_modified_time":"2017-08-11T18:01:03+00:00","og_image":[{"url":"http:\/\/t2.gstatic.com\/images?q=tbn:dDlyL_-KaCiQtM:http:\/\/img697.imageshack.us\/img697\/1318\/sojosafakuncewicz.gif&amp;t=1"}],"author":"danilo","twitter_card":"summary_large_image","twitter_misc":{"Escrito por":"danilo","Est. tempo de leitura":"2 minutos"},"schema":{"@context":"https:\/\/schema.org","@graph":[{"@type":"Article","@id":"https:\/\/www.oarcanjo.net\/site\/sao-josafa-kuncewicz\/#article","isPartOf":{"@id":"https:\/\/www.oarcanjo.net\/site\/sao-josafa-kuncewicz\/"},"author":{"name":"danilo","@id":"https:\/\/www.oarcanjo.net\/site\/#\/schema\/person\/5eb9480bedd2f3c97e430ce128c29c6c"},"headline":"S\u00e3o Josafa Kuncewicz","datePublished":"2017-11-12T02:25:17+00:00","dateModified":"2017-08-11T18:01:03+00:00","mainEntityOfPage":{"@id":"https:\/\/www.oarcanjo.net\/site\/sao-josafa-kuncewicz\/"},"wordCount":466,"commentCount":1,"publisher":{"@id":"https:\/\/www.oarcanjo.net\/site\/#organization"},"image":{"@id":"https:\/\/www.oarcanjo.net\/site\/sao-josafa-kuncewicz\/#primaryimage"},"thumbnailUrl":"http:\/\/t2.gstatic.com\/images?q=tbn:dDlyL_-KaCiQtM:http:\/\/img697.imageshack.us\/img697\/1318\/sojosafakuncewicz.gif&amp;t=1","articleSection":["Testemunhos"],"inLanguage":"pt-BR","potentialAction":[{"@type":"CommentAction","name":"Comment","target":["https:\/\/www.oarcanjo.net\/site\/sao-josafa-kuncewicz\/#respond"]}]},{"@type":"WebPage","@id":"https:\/\/www.oarcanjo.net\/site\/sao-josafa-kuncewicz\/","url":"https:\/\/www.oarcanjo.net\/site\/sao-josafa-kuncewicz\/","name":"S\u00e3o Josafa Kuncewicz - O Arcanjo no ar","isPartOf":{"@id":"https:\/\/www.oarcanjo.net\/site\/#website"},"primaryImageOfPage":{"@id":"https:\/\/www.oarcanjo.net\/site\/sao-josafa-kuncewicz\/#primaryimage"},"image":{"@id":"https:\/\/www.oarcanjo.net\/site\/sao-josafa-kuncewicz\/#primaryimage"},"thumbnailUrl":"http:\/\/t2.gstatic.com\/images?q=tbn:dDlyL_-KaCiQtM:http:\/\/img697.imageshack.us\/img697\/1318\/sojosafakuncewicz.gif&amp;t=1","datePublished":"2017-11-12T02:25:17+00:00","dateModified":"2017-08-11T18:01:03+00:00","breadcrumb":{"@id":"https:\/\/www.oarcanjo.net\/site\/sao-josafa-kuncewicz\/#breadcrumb"},"inLanguage":"pt-BR","potentialAction":[{"@type":"ReadAction","target":["https:\/\/www.oarcanjo.net\/site\/sao-josafa-kuncewicz\/"]}]},{"@type":"ImageObject","inLanguage":"pt-BR","@id":"https:\/\/www.oarcanjo.net\/site\/sao-josafa-kuncewicz\/#primaryimage","url":"http:\/\/t2.gstatic.com\/images?q=tbn:dDlyL_-KaCiQtM:http:\/\/img697.imageshack.us\/img697\/1318\/sojosafakuncewicz.gif&amp;t=1","contentUrl":"http:\/\/t2.gstatic.com\/images?q=tbn:dDlyL_-KaCiQtM:http:\/\/img697.imageshack.us\/img697\/1318\/sojosafakuncewicz.gif&amp;t=1"},{"@type":"BreadcrumbList","@id":"https:\/\/www.oarcanjo.net\/site\/sao-josafa-kuncewicz\/#breadcrumb","itemListElement":[{"@type":"ListItem","position":1,"name":"In\u00edcio","item":"https:\/\/www.oarcanjo.net\/site\/"},{"@type":"ListItem","position":2,"name":"S\u00e3o Josafa Kuncewicz"}]},{"@type":"WebSite","@id":"https:\/\/www.oarcanjo.net\/site\/#website","url":"https:\/\/www.oarcanjo.net\/site\/","name":"O Arcanjo no ar","description":"Site da Par\u00f3quia S\u00e3o Miguel Arcanjo (Arquidiocese de SP)","publisher":{"@id":"https:\/\/www.oarcanjo.net\/site\/#organization"},"potentialAction":[{"@type":"SearchAction","target":{"@type":"EntryPoint","urlTemplate":"https:\/\/www.oarcanjo.net\/site\/?s={search_term_string}"},"query-input":{"@type":"PropertyValueSpecification","valueRequired":true,"valueName":"search_term_string"}}],"inLanguage":"pt-BR"},{"@type":"Organization","@id":"https:\/\/www.oarcanjo.net\/site\/#organization","name":"Par\u00f3quia S\u00e3o Miguel Arcanjo","url":"https:\/\/www.oarcanjo.net\/site\/","logo":{"@type":"ImageObject","inLanguage":"pt-BR","@id":"https:\/\/www.oarcanjo.net\/site\/#\/schema\/logo\/image\/","url":"https:\/\/www.oarcanjo.net\/site\/wp-content\/uploads\/LogoOArcanjo.png","contentUrl":"https:\/\/www.oarcanjo.net\/site\/wp-content\/uploads\/LogoOArcanjo.png","width":319,"height":99,"caption":"Par\u00f3quia S\u00e3o Miguel Arcanjo"},"image":{"@id":"https:\/\/www.oarcanjo.net\/site\/#\/schema\/logo\/image\/"},"sameAs":["https:\/\/www.facebook.com\/OArcanjoNoAr\/"]},{"@type":"Person","@id":"https:\/\/www.oarcanjo.net\/site\/#\/schema\/person\/5eb9480bedd2f3c97e430ce128c29c6c","name":"danilo"}]}},"publishpress_future_action":{"enabled":false,"date":"2026-05-08 12:15:11","action":"category","newStatus":"draft","terms":[],"taxonomy":"category"},"publishpress_future_workflow_manual_trigger":{"enabledWorkflows":[]},"_links":{"self":[{"href":"https:\/\/www.oarcanjo.net\/site\/wp-json\/wp\/v2\/posts\/11704"}],"collection":[{"href":"https:\/\/www.oarcanjo.net\/site\/wp-json\/wp\/v2\/posts"}],"about":[{"href":"https:\/\/www.oarcanjo.net\/site\/wp-json\/wp\/v2\/types\/post"}],"author":[{"embeddable":true,"href":"https:\/\/www.oarcanjo.net\/site\/wp-json\/wp\/v2\/users\/14"}],"replies":[{"embeddable":true,"href":"https:\/\/www.oarcanjo.net\/site\/wp-json\/wp\/v2\/comments?post=11704"}],"version-history":[{"count":0,"href":"https:\/\/www.oarcanjo.net\/site\/wp-json\/wp\/v2\/posts\/11704\/revisions"}],"wp:attachment":[{"href":"https:\/\/www.oarcanjo.net\/site\/wp-json\/wp\/v2\/media?parent=11704"}],"wp:term":[{"taxonomy":"category","embeddable":true,"href":"https:\/\/www.oarcanjo.net\/site\/wp-json\/wp\/v2\/categories?post=11704"},{"taxonomy":"post_tag","embeddable":true,"href":"https:\/\/www.oarcanjo.net\/site\/wp-json\/wp\/v2\/tags?post=11704"}],"curies":[{"name":"wp","href":"https:\/\/api.w.org\/{rel}","templated":true}]}}