
{"id":11713,"date":"2010-11-13T14:54:24","date_gmt":"2010-11-13T16:54:24","guid":{"rendered":"http:\/\/www.oarcanjo.net\/site\/?p=11713"},"modified":"2010-11-12T22:56:54","modified_gmt":"2010-11-13T00:56:54","slug":"republica-e-reino","status":"publish","type":"post","link":"https:\/\/www.oarcanjo.net\/site\/republica-e-reino\/","title":{"rendered":"Rep\u00fablica e Reino"},"content":{"rendered":"<p>Dom Dem\u00e9trio Valentini<\/p>\n<p>A pr\u00f3xima semana come\u00e7a com o dia da Rep\u00fablica, e termina com o domingo de Cristo Rei.<\/p>\n<p>Rep\u00fablica e Reino. At\u00e9 parece combinado. Para arrematar bem este ano lit\u00fargico, nada melhor do que estas duas refer\u00eancias estimuladoras, com o claro desafio de integrar os valores que elas apontam.<\/p>\n<p>Uma vis\u00e3o, portanto, n\u00e3o te\u00f3rica, mas pr\u00e1tica, no intuito de discernirmos como participar concretamente da Rep\u00fablica, e como, ao mesmo tempo, sentir-nos cidad\u00e3os do Reino de Deus.<\/p>\n<p>Logo salta aos olhos que a refer\u00eancia mais rica, mais profunda, mais permanente, \u00e9 sem d\u00favida o Reino. N\u00e3o \u00e9 por acaso que o Evangelho o menciona com tanta freq\u00fc\u00eancia, a ponto de Cristo ter dedicado a ele a maior parte de suas par\u00e1bolas. E depois de ter contado tantas, ele mesmo se perguntava com que mais poderia ser comparado o Reino.<\/p>\n<p>Mateus, herdeiro da tradi\u00e7\u00e3o judaica, fala do &#8220;Reino dos C\u00e9us&#8221;, para evitar de citar, por respeito, o nome de Deus. \u00c9 sempre prudente n\u00e3o usar em v\u00e3o o nome de Deus!<\/p>\n<p>S\u00e3o pitorescas as compara\u00e7\u00f5es usadas por Cristo. Desde o aceno para o gr\u00e3o de mostarda, at\u00e9 a compara\u00e7\u00e3o do banquete, rejeitado pelos convidados, mas oferecido inesperadamente aos pobres.<\/p>\n<p>As muitas compara\u00e7\u00f5es usadas por Cristo sugerem que o Reino aponta para a integra\u00e7\u00e3o, para a harmonia, para a totalidade, onde somos convidados a nos integrar. O Reino n\u00e3o disputa lugar com as outras realidades. Ao contr\u00e1rio, ele integra a todas, apontando o sentido e a finalidade de cada uma, concreta e singular, que assim n\u00e3o se entende perdida ou isolada, mas integrada no conjunto maior.<\/p>\n<p>O Reino sup\u00f5e harmonia interior, que Jesus expressava de maneira surpreendente e encantadora, e buscava por sua atitude m\u00edstica de recolher-se longamente em ora\u00e7\u00e3o.<\/p>\n<p>Jesus fala que o Reino \u00e9 semelhante ao fermento que a mulher p\u00f5e na farinha, at\u00e9 que tudo fique levedado. Ou semelhante tamb\u00e9m ao sal, que torna saborosa a comida. Ou \u00e0 luz, que deve ser colocada em lugar de destaque para iluminar todo o ambiente.<\/p>\n<p>Com estas compara\u00e7\u00f5es, fica claro que o Reino n\u00e3o \u00e9 alheio \u00e0 realidade. Ele a respeita, mas tem a for\u00e7a de transform\u00e1-la por dentro, n\u00e3o contrariando sua natureza, mas levando-a a desabrochar suas potencialidades.<\/p>\n<p>Portanto, o Reino n\u00e3o \u00e9 alheio \u00e0 realidade. Quem se sente animado a participar do Reino, e a agir de acordo com sua inspira\u00e7\u00e3o, se volta para a realidade, e procura a maneira adequada de nela interagir.<\/p>\n<p>Pois bem, nesta semana comparece uma realidade muito importante, com um nome bem concreto: a nossa Rep\u00fablica, a &#8220;Rep\u00fablica Federativa do Brasil&#8221;.<\/p>\n<p>Se quisermos ser coerentes com a realidade do Reino, precisamos encontrar a maneira adequada de participar da vida republicana. O crist\u00e3o se sente participante do Reino, mas tamb\u00e9m cidad\u00e3o da rep\u00fablica.<\/p>\n<p>Por\u00e9m, com uma diferen\u00e7a: na esfera do Reino, lidamos com o absoluto, contamos com verdades definitivas, apelamos para a obedi\u00eancia e para a comunh\u00e3o de pensamentos e de vontades.<\/p>\n<p>Na vida republicana lidamos com o relativo, com o prec\u00e1rio, com o provis\u00f3rio, com o limitado, e n\u00e3o podemos invocar sobre estas realidades a mesma postura que adotamos na viv\u00eancia do Reino. Na Rep\u00fablica n\u00e3o conv\u00e9m, por exemplo, invocar o nome de Deus! O melhor \u00e9 cumprir, na pr\u00e1tica, a sua vontade.<\/p>\n<p>No Reino se escuta e se obedece. Na Rep\u00fablica se pensa e se decide. Quando aplicamos \u00e0 Rep\u00fablica os mesmos procedimentos do Reino, acabamos desrespeitando a Rep\u00fablica, mas tamb\u00e9m traindo o Reino, pois ele aposta, n\u00e3o na imposi\u00e7\u00e3o, mas no convencimento.<\/p>\n<p>A prop\u00f3sito, isto tem alguma coisa a ver com as recentes elei\u00e7\u00f5es acontecidas na Rep\u00fablica?<\/p>\n<div id=\"themify_builder_content-11713\" data-postid=\"11713\" class=\"themify_builder_content themify_builder_content-11713 themify_builder themify_builder_front\">\n\t<\/div>\n<!-- \/themify_builder_content -->","protected":false},"excerpt":{"rendered":"<p>Dom Dem\u00e9trio Valentini A pr\u00f3xima semana come\u00e7a com o dia da Rep\u00fablica, e termina com o domingo de Cristo Rei. Rep\u00fablica e Reino. At\u00e9 parece combinado. Para arrematar bem este ano lit\u00fargico, nada melhor do que estas duas refer\u00eancias estimuladoras, com o claro desafio de integrar os valores que elas apontam. Uma vis\u00e3o, portanto, n\u00e3o [&hellip;]<\/p>\n","protected":false},"author":5,"featured_media":0,"comment_status":"open","ping_status":"open","sticky":false,"template":"","format":"standard","meta":{"ngg_post_thumbnail":0,"footnotes":""},"categories":[9],"tags":[121,389,1081],"yoast_head":"<!-- This site is optimized with the Yoast SEO plugin v23.5 - https:\/\/yoast.com\/wordpress\/plugins\/seo\/ -->\n<title>Rep\u00fablica e Reino - O Arcanjo no ar<\/title>\n<meta name=\"robots\" content=\"index, follow, max-snippet:-1, max-image-preview:large, max-video-preview:-1\" \/>\n<link rel=\"canonical\" href=\"https:\/\/www.oarcanjo.net\/site\/republica-e-reino\/\" \/>\n<meta property=\"og:locale\" content=\"pt_BR\" \/>\n<meta property=\"og:type\" content=\"article\" \/>\n<meta property=\"og:title\" content=\"Rep\u00fablica e Reino - O Arcanjo no ar\" \/>\n<meta property=\"og:description\" content=\"Dom Dem\u00e9trio Valentini A pr\u00f3xima semana come\u00e7a com o dia da Rep\u00fablica, e termina com o domingo de Cristo Rei. Rep\u00fablica e Reino. At\u00e9 parece combinado. Para arrematar bem este ano lit\u00fargico, nada melhor do que estas duas refer\u00eancias estimuladoras, com o claro desafio de integrar os valores que elas apontam. Uma vis\u00e3o, portanto, n\u00e3o [&hellip;]\" \/>\n<meta property=\"og:url\" content=\"https:\/\/www.oarcanjo.net\/site\/republica-e-reino\/\" \/>\n<meta property=\"og:site_name\" content=\"O Arcanjo no ar\" \/>\n<meta property=\"article:publisher\" content=\"https:\/\/www.facebook.com\/OArcanjoNoAr\/\" \/>\n<meta property=\"article:published_time\" content=\"2010-11-13T16:54:24+00:00\" \/>\n<meta property=\"article:modified_time\" content=\"2010-11-13T00:56:54+00:00\" \/>\n<meta property=\"og:image\" content=\"https:\/\/www.oarcanjo.net\/site\/wp-content\/uploads\/logo-o-arcanjo-no-ar-facebook.png\" \/>\n\t<meta property=\"og:image:width\" content=\"300\" \/>\n\t<meta property=\"og:image:height\" content=\"300\" \/>\n\t<meta property=\"og:image:type\" content=\"image\/png\" \/>\n<meta name=\"author\" content=\"editor\" \/>\n<meta name=\"twitter:card\" content=\"summary_large_image\" \/>\n<meta name=\"twitter:label1\" content=\"Escrito por\" \/>\n\t<meta name=\"twitter:data1\" content=\"editor\" \/>\n\t<meta name=\"twitter:label2\" content=\"Est. tempo de leitura\" \/>\n\t<meta name=\"twitter:data2\" content=\"3 minutos\" \/>\n<script type=\"application\/ld+json\" class=\"yoast-schema-graph\">{\"@context\":\"https:\/\/schema.org\",\"@graph\":[{\"@type\":\"Article\",\"@id\":\"https:\/\/www.oarcanjo.net\/site\/republica-e-reino\/#article\",\"isPartOf\":{\"@id\":\"https:\/\/www.oarcanjo.net\/site\/republica-e-reino\/\"},\"author\":{\"name\":\"editor\",\"@id\":\"https:\/\/www.oarcanjo.net\/site\/#\/schema\/person\/f7024d007863202483a31326673a0838\"},\"headline\":\"Rep\u00fablica e Reino\",\"datePublished\":\"2010-11-13T16:54:24+00:00\",\"dateModified\":\"2010-11-13T00:56:54+00:00\",\"mainEntityOfPage\":{\"@id\":\"https:\/\/www.oarcanjo.net\/site\/republica-e-reino\/\"},\"wordCount\":659,\"commentCount\":0,\"publisher\":{\"@id\":\"https:\/\/www.oarcanjo.net\/site\/#organization\"},\"keywords\":[\"Cristo Rei\",\"Reino de Deus\",\"rep\u00fablica\"],\"articleSection\":[\"Reflex\u00f5es\"],\"inLanguage\":\"pt-BR\",\"potentialAction\":[{\"@type\":\"CommentAction\",\"name\":\"Comment\",\"target\":[\"https:\/\/www.oarcanjo.net\/site\/republica-e-reino\/#respond\"]}]},{\"@type\":\"WebPage\",\"@id\":\"https:\/\/www.oarcanjo.net\/site\/republica-e-reino\/\",\"url\":\"https:\/\/www.oarcanjo.net\/site\/republica-e-reino\/\",\"name\":\"Rep\u00fablica e Reino - O Arcanjo no ar\",\"isPartOf\":{\"@id\":\"https:\/\/www.oarcanjo.net\/site\/#website\"},\"datePublished\":\"2010-11-13T16:54:24+00:00\",\"dateModified\":\"2010-11-13T00:56:54+00:00\",\"breadcrumb\":{\"@id\":\"https:\/\/www.oarcanjo.net\/site\/republica-e-reino\/#breadcrumb\"},\"inLanguage\":\"pt-BR\",\"potentialAction\":[{\"@type\":\"ReadAction\",\"target\":[\"https:\/\/www.oarcanjo.net\/site\/republica-e-reino\/\"]}]},{\"@type\":\"BreadcrumbList\",\"@id\":\"https:\/\/www.oarcanjo.net\/site\/republica-e-reino\/#breadcrumb\",\"itemListElement\":[{\"@type\":\"ListItem\",\"position\":1,\"name\":\"In\u00edcio\",\"item\":\"https:\/\/www.oarcanjo.net\/site\/\"},{\"@type\":\"ListItem\",\"position\":2,\"name\":\"Rep\u00fablica e Reino\"}]},{\"@type\":\"WebSite\",\"@id\":\"https:\/\/www.oarcanjo.net\/site\/#website\",\"url\":\"https:\/\/www.oarcanjo.net\/site\/\",\"name\":\"O Arcanjo no ar\",\"description\":\"Site da Par\u00f3quia S\u00e3o Miguel Arcanjo (Arquidiocese de SP)\",\"publisher\":{\"@id\":\"https:\/\/www.oarcanjo.net\/site\/#organization\"},\"potentialAction\":[{\"@type\":\"SearchAction\",\"target\":{\"@type\":\"EntryPoint\",\"urlTemplate\":\"https:\/\/www.oarcanjo.net\/site\/?s={search_term_string}\"},\"query-input\":{\"@type\":\"PropertyValueSpecification\",\"valueRequired\":true,\"valueName\":\"search_term_string\"}}],\"inLanguage\":\"pt-BR\"},{\"@type\":\"Organization\",\"@id\":\"https:\/\/www.oarcanjo.net\/site\/#organization\",\"name\":\"Par\u00f3quia S\u00e3o Miguel Arcanjo\",\"url\":\"https:\/\/www.oarcanjo.net\/site\/\",\"logo\":{\"@type\":\"ImageObject\",\"inLanguage\":\"pt-BR\",\"@id\":\"https:\/\/www.oarcanjo.net\/site\/#\/schema\/logo\/image\/\",\"url\":\"https:\/\/www.oarcanjo.net\/site\/wp-content\/uploads\/LogoOArcanjo.png\",\"contentUrl\":\"https:\/\/www.oarcanjo.net\/site\/wp-content\/uploads\/LogoOArcanjo.png\",\"width\":319,\"height\":99,\"caption\":\"Par\u00f3quia S\u00e3o Miguel Arcanjo\"},\"image\":{\"@id\":\"https:\/\/www.oarcanjo.net\/site\/#\/schema\/logo\/image\/\"},\"sameAs\":[\"https:\/\/www.facebook.com\/OArcanjoNoAr\/\"]},{\"@type\":\"Person\",\"@id\":\"https:\/\/www.oarcanjo.net\/site\/#\/schema\/person\/f7024d007863202483a31326673a0838\",\"name\":\"editor\",\"sameAs\":[\"http:\/\/www.oarcanjo.net\"]}]}<\/script>\n<!-- \/ Yoast SEO plugin. -->","yoast_head_json":{"title":"Rep\u00fablica e Reino - O Arcanjo no ar","robots":{"index":"index","follow":"follow","max-snippet":"max-snippet:-1","max-image-preview":"max-image-preview:large","max-video-preview":"max-video-preview:-1"},"canonical":"https:\/\/www.oarcanjo.net\/site\/republica-e-reino\/","og_locale":"pt_BR","og_type":"article","og_title":"Rep\u00fablica e Reino - O Arcanjo no ar","og_description":"Dom Dem\u00e9trio Valentini A pr\u00f3xima semana come\u00e7a com o dia da Rep\u00fablica, e termina com o domingo de Cristo Rei. Rep\u00fablica e Reino. At\u00e9 parece combinado. Para arrematar bem este ano lit\u00fargico, nada melhor do que estas duas refer\u00eancias estimuladoras, com o claro desafio de integrar os valores que elas apontam. Uma vis\u00e3o, portanto, n\u00e3o [&hellip;]","og_url":"https:\/\/www.oarcanjo.net\/site\/republica-e-reino\/","og_site_name":"O Arcanjo no ar","article_publisher":"https:\/\/www.facebook.com\/OArcanjoNoAr\/","article_published_time":"2010-11-13T16:54:24+00:00","article_modified_time":"2010-11-13T00:56:54+00:00","og_image":[{"width":300,"height":300,"url":"https:\/\/www.oarcanjo.net\/site\/wp-content\/uploads\/logo-o-arcanjo-no-ar-facebook.png","type":"image\/png"}],"author":"editor","twitter_card":"summary_large_image","twitter_misc":{"Escrito por":"editor","Est. tempo de leitura":"3 minutos"},"schema":{"@context":"https:\/\/schema.org","@graph":[{"@type":"Article","@id":"https:\/\/www.oarcanjo.net\/site\/republica-e-reino\/#article","isPartOf":{"@id":"https:\/\/www.oarcanjo.net\/site\/republica-e-reino\/"},"author":{"name":"editor","@id":"https:\/\/www.oarcanjo.net\/site\/#\/schema\/person\/f7024d007863202483a31326673a0838"},"headline":"Rep\u00fablica e Reino","datePublished":"2010-11-13T16:54:24+00:00","dateModified":"2010-11-13T00:56:54+00:00","mainEntityOfPage":{"@id":"https:\/\/www.oarcanjo.net\/site\/republica-e-reino\/"},"wordCount":659,"commentCount":0,"publisher":{"@id":"https:\/\/www.oarcanjo.net\/site\/#organization"},"keywords":["Cristo Rei","Reino de Deus","rep\u00fablica"],"articleSection":["Reflex\u00f5es"],"inLanguage":"pt-BR","potentialAction":[{"@type":"CommentAction","name":"Comment","target":["https:\/\/www.oarcanjo.net\/site\/republica-e-reino\/#respond"]}]},{"@type":"WebPage","@id":"https:\/\/www.oarcanjo.net\/site\/republica-e-reino\/","url":"https:\/\/www.oarcanjo.net\/site\/republica-e-reino\/","name":"Rep\u00fablica e Reino - O Arcanjo no ar","isPartOf":{"@id":"https:\/\/www.oarcanjo.net\/site\/#website"},"datePublished":"2010-11-13T16:54:24+00:00","dateModified":"2010-11-13T00:56:54+00:00","breadcrumb":{"@id":"https:\/\/www.oarcanjo.net\/site\/republica-e-reino\/#breadcrumb"},"inLanguage":"pt-BR","potentialAction":[{"@type":"ReadAction","target":["https:\/\/www.oarcanjo.net\/site\/republica-e-reino\/"]}]},{"@type":"BreadcrumbList","@id":"https:\/\/www.oarcanjo.net\/site\/republica-e-reino\/#breadcrumb","itemListElement":[{"@type":"ListItem","position":1,"name":"In\u00edcio","item":"https:\/\/www.oarcanjo.net\/site\/"},{"@type":"ListItem","position":2,"name":"Rep\u00fablica e Reino"}]},{"@type":"WebSite","@id":"https:\/\/www.oarcanjo.net\/site\/#website","url":"https:\/\/www.oarcanjo.net\/site\/","name":"O Arcanjo no ar","description":"Site da Par\u00f3quia S\u00e3o Miguel Arcanjo (Arquidiocese de SP)","publisher":{"@id":"https:\/\/www.oarcanjo.net\/site\/#organization"},"potentialAction":[{"@type":"SearchAction","target":{"@type":"EntryPoint","urlTemplate":"https:\/\/www.oarcanjo.net\/site\/?s={search_term_string}"},"query-input":{"@type":"PropertyValueSpecification","valueRequired":true,"valueName":"search_term_string"}}],"inLanguage":"pt-BR"},{"@type":"Organization","@id":"https:\/\/www.oarcanjo.net\/site\/#organization","name":"Par\u00f3quia S\u00e3o Miguel Arcanjo","url":"https:\/\/www.oarcanjo.net\/site\/","logo":{"@type":"ImageObject","inLanguage":"pt-BR","@id":"https:\/\/www.oarcanjo.net\/site\/#\/schema\/logo\/image\/","url":"https:\/\/www.oarcanjo.net\/site\/wp-content\/uploads\/LogoOArcanjo.png","contentUrl":"https:\/\/www.oarcanjo.net\/site\/wp-content\/uploads\/LogoOArcanjo.png","width":319,"height":99,"caption":"Par\u00f3quia S\u00e3o Miguel Arcanjo"},"image":{"@id":"https:\/\/www.oarcanjo.net\/site\/#\/schema\/logo\/image\/"},"sameAs":["https:\/\/www.facebook.com\/OArcanjoNoAr\/"]},{"@type":"Person","@id":"https:\/\/www.oarcanjo.net\/site\/#\/schema\/person\/f7024d007863202483a31326673a0838","name":"editor","sameAs":["http:\/\/www.oarcanjo.net"]}]}},"publishpress_future_action":{"enabled":false,"date":"2026-05-07 00:21:40","action":"category","newStatus":"draft","terms":[],"taxonomy":"category"},"publishpress_future_workflow_manual_trigger":{"enabledWorkflows":[]},"_links":{"self":[{"href":"https:\/\/www.oarcanjo.net\/site\/wp-json\/wp\/v2\/posts\/11713"}],"collection":[{"href":"https:\/\/www.oarcanjo.net\/site\/wp-json\/wp\/v2\/posts"}],"about":[{"href":"https:\/\/www.oarcanjo.net\/site\/wp-json\/wp\/v2\/types\/post"}],"author":[{"embeddable":true,"href":"https:\/\/www.oarcanjo.net\/site\/wp-json\/wp\/v2\/users\/5"}],"replies":[{"embeddable":true,"href":"https:\/\/www.oarcanjo.net\/site\/wp-json\/wp\/v2\/comments?post=11713"}],"version-history":[{"count":0,"href":"https:\/\/www.oarcanjo.net\/site\/wp-json\/wp\/v2\/posts\/11713\/revisions"}],"wp:attachment":[{"href":"https:\/\/www.oarcanjo.net\/site\/wp-json\/wp\/v2\/media?parent=11713"}],"wp:term":[{"taxonomy":"category","embeddable":true,"href":"https:\/\/www.oarcanjo.net\/site\/wp-json\/wp\/v2\/categories?post=11713"},{"taxonomy":"post_tag","embeddable":true,"href":"https:\/\/www.oarcanjo.net\/site\/wp-json\/wp\/v2\/tags?post=11713"}],"curies":[{"name":"wp","href":"https:\/\/api.w.org\/{rel}","templated":true}]}}