
{"id":11718,"date":"2010-11-17T05:38:37","date_gmt":"2010-11-17T07:38:37","guid":{"rendered":"http:\/\/www.oarcanjo.net\/site\/?p=11718"},"modified":"2010-11-22T06:22:57","modified_gmt":"2010-11-22T08:22:57","slug":"na-idade-midia","status":"publish","type":"post","link":"https:\/\/www.oarcanjo.net\/site\/na-idade-midia\/","title":{"rendered":"Na Idade M\u00eddia&#8230;"},"content":{"rendered":"<p>Wanderley de Oliveira<\/p>\n<p>Regula\u00e7\u00e3o do conte\u00fado da m\u00eddia \u00e9 necess\u00e1ria, ocorre em outros pa\u00edses e n\u00e3o significa censura, diz ministro Franklin Martins.<\/p>\n<p>A regulamenta\u00e7\u00e3o nas comunica\u00e7\u00f5es eletr\u00f4nicas, especialmente quando se tratam de concess\u00f5es p\u00fablicas, \u00e9 uma tarefa que cabe ao Estado fazer, \u00e0 sociedade discutir, ao Congresso legislar e \u00e0s ag\u00eancias, depois, fazerem a regula\u00e7\u00e3o e fiscalizarem. \u00c9 isso que, segundo o ministro chefe da Secretaria de Comunica\u00e7\u00e3o Social da Presid\u00eancia da Rep\u00fablica, Franklin Martins, ficou claro ap\u00f3s o encerramento do semin\u00e1rio internacional sobre Comunica\u00e7\u00f5es Eletr\u00f4nicas e Converg\u00eancia de M\u00eddias, na quarta-feira (10\/11), em Bras\u00edlia.<\/p>\n<p>A reportagem do site\u00a0<em>O Arcanjo no ar<\/em> esteve presente ao evento, primeiro para se interar do panorama nacional e internacional sobre o ambiente das converg\u00eancias de m\u00eddias, que vem a ser na pr\u00e1tica o que j\u00e1 realizamos em nosso sitio na rede mundial de computadores, que junta no mesmo ve\u00edculo, jornalismo, fotografia, r\u00e1dio e v\u00eddeo. Segundo para trazer as boas novas no campo da comunica\u00e7\u00e3o eletr\u00f4nica para nossos prezados leitores. Terceiro para intervir nos debates para apresentarmos nossas propostas com vistas a ampliar a democratiza\u00e7\u00e3o dos meios de comunica\u00e7\u00e3o em nosso pa\u00eds.<\/p>\n<p>Louvamos a iniciativa do governo em abrir este espa\u00e7o democr\u00e1tico de debates sobre o tema. Mas notamos que ainda estamos longe dos objetivos de uma comunica\u00e7\u00e3o plenamente livre e democr\u00e1tica no pa\u00eds.<\/p>\n<p>Segundo o jornalista Gabriel Priolli Neto, presente no evento, o processo pol\u00edtico brasileiro \u00e9 um dos fatores que obstruem o avan\u00e7o do setor no pa\u00eds, segundo ele &#8220;n\u00e3o h\u00e1 ruptura nos pactos pol\u00edticos, ent\u00e3o o presente sempre tem que negociar com o passado anacr\u00f4nico para estabelecer o futuro&#8221;. Partilha dessa vis\u00e3o uma &#8220;fonte&#8221; do Conselho Curador da TV Brasil, rede de r\u00e1dio e televis\u00e3o p\u00fablica \u2013 &#8220;Num ambiente de converg\u00eancias de m\u00eddias, as pessoas tem uma vis\u00e3o estreita, m\u00edope, pois desconhecem totalmente as novas tecnologias de comunica\u00e7\u00e3o&#8221;.<\/p>\n<p>Para o relator do projeto de Lei n\u00ba 29, o deputado Jorge Bitar do PT\/RJ, uma legisla\u00e7\u00e3o que protegeria a cultura nacional e fomentaria a divulga\u00e7\u00e3o da cultura local e regional, ela n\u00e3o ser\u00e1 votada este ano e tem d\u00favidas de quando ser\u00e1.<\/p>\n<p>Outros ainda se manifestaram otimistas, para Luiza Erundina, deputada federal por S\u00e3o Paulo, considera que \u2013 &#8220;a elei\u00e7\u00e3o da nova Presidente  pode garantir um avan\u00e7o nessa discuss\u00e3o&#8221;; para o professor Laurindo Lalo Leal Filho da ECA\/ USP \u2013 &#8220;as novas tecnologias criam uma perspectiva de novos atores, que querem assumir o protagonismo neste cen\u00e1rio&#8221;.<\/p>\n<div id=\"attachment_11801\" style=\"width: 460px\" class=\"wp-caption alignnone\"><img loading=\"lazy\" decoding=\"async\" aria-describedby=\"caption-attachment-11801\" class=\"size-full wp-image-11801\" title=\"Luiza Erundina - Deputada Federal por S\u00e3o Paulo\" src=\"http:\/\/www.oarcanjo.net\/site\/wp-content\/uploads\/seminario-comunicacao-2010-08.jpg\" alt=\"Luiza Erundina - Deputada Federal por S\u00e3o Paulo\" width=\"450\" height=\"300\" srcset=\"https:\/\/www.oarcanjo.net\/site\/wp-content\/uploads\/seminario-comunicacao-2010-08.jpg 450w, https:\/\/www.oarcanjo.net\/site\/wp-content\/uploads\/seminario-comunicacao-2010-08-300x200.jpg 300w\" sizes=\"(max-width: 450px) 100vw, 450px\" \/><p id=\"caption-attachment-11801\" class=\"wp-caption-text\">Luiza Erundina - Deputada Federal por S\u00e3o Paulo<\/p><\/div>\n<p>Sintomaticamente o diretor presidente do Grupo Bandeirantes de Comunica\u00e7\u00e3o (R\u00e1dio e TV Bandeirantes), Johnny Saad n\u00e3o quis atender a nossa reportagem. Esta \u00e9 a postura, prepot\u00eancia e arrog\u00e2ncia, dos &#8220;senhozinhos&#8221; dos latif\u00fandios da comunica\u00e7\u00e3o em nosso pa\u00eds. Apenas algumas fam\u00edlias, n\u00e3o passam de dez, dominam a propriedade dos ve\u00edculos de r\u00e1dio, tv, jornais e revistas. Monop\u00f3lios n\u00e3o combinam com uma sociedade democr\u00e1tica, principalmente os veiculos que s\u00e3o uma concess\u00e3o p\u00fablica. Urge a &#8220;reforma agr\u00e1ria no ar&#8221; neste pa\u00eds.<\/p>\n<p>J\u00e1 s\u00e3o 75 de milh\u00f5es de usu\u00e1rios ativos na internet no Brasil. A voz das ruas, das urnas, agora tamb\u00e9m se fazem ouvir na frequ\u00eancia digital. \u00c0queles que pretendem, sejam no governo, na iniciativa privada a controlar as mentes, ou que s\u00f3 pensam na corrida do ouro, ponham as barbas de molho (hoje se diz: fiquem ligados), pois um novo padr\u00e3o de comunica\u00e7\u00e3o est\u00e1 sendo gestado no pa\u00eds e no mundo.<\/p>\n<p>A sequ\u00eancia de fotos abaixo d\u00e1 uma ideia de como as imagens s\u00e3o captadas e transmitidas pelas ondas no ar:<\/p>\n<div id=\"attachment_11802\" style=\"width: 460px\" class=\"wp-caption alignnone\"><img loading=\"lazy\" decoding=\"async\" aria-describedby=\"caption-attachment-11802\" class=\"size-full wp-image-11802\" title=\"Tomada geral do palco\" src=\"http:\/\/www.oarcanjo.net\/site\/wp-content\/uploads\/seminario-comunicacao-2010-01.jpg\" alt=\"Tomada geral do palco\" width=\"450\" height=\"300\" srcset=\"https:\/\/www.oarcanjo.net\/site\/wp-content\/uploads\/seminario-comunicacao-2010-01.jpg 450w, https:\/\/www.oarcanjo.net\/site\/wp-content\/uploads\/seminario-comunicacao-2010-01-300x200.jpg 300w\" sizes=\"(max-width: 450px) 100vw, 450px\" \/><p id=\"caption-attachment-11802\" class=\"wp-caption-text\">Tomada geral do palco<\/p><\/div>\n<div id=\"attachment_11803\" style=\"width: 460px\" class=\"wp-caption alignnone\"><img loading=\"lazy\" decoding=\"async\" aria-describedby=\"caption-attachment-11803\" class=\"size-full wp-image-11803\" title=\"Close do palestrante franc\u00eas\" src=\"http:\/\/www.oarcanjo.net\/site\/wp-content\/uploads\/seminario-comunicacao-2010-02.jpg\" alt=\"Close do palestrante franc\u00eas\" width=\"450\" height=\"300\" srcset=\"https:\/\/www.oarcanjo.net\/site\/wp-content\/uploads\/seminario-comunicacao-2010-02.jpg 450w, https:\/\/www.oarcanjo.net\/site\/wp-content\/uploads\/seminario-comunicacao-2010-02-300x200.jpg 300w\" sizes=\"(max-width: 450px) 100vw, 450px\" \/><p id=\"caption-attachment-11803\" class=\"wp-caption-text\">Close do palestrante franc\u00eas<\/p><\/div>\n<div id=\"attachment_11804\" style=\"width: 460px\" class=\"wp-caption alignnone\"><img loading=\"lazy\" decoding=\"async\" aria-describedby=\"caption-attachment-11804\" class=\"size-full wp-image-11804\" title=\"Monitor da mesa de corte dentro do audit\u00f3rio com close do palestrante\" src=\"http:\/\/www.oarcanjo.net\/site\/wp-content\/uploads\/seminario-comunicacao-2010-03.jpg\" alt=\"Monitor da mesa de corte dentro do audit\u00f3rio com close do palestrante\" width=\"450\" height=\"300\" srcset=\"https:\/\/www.oarcanjo.net\/site\/wp-content\/uploads\/seminario-comunicacao-2010-03.jpg 450w, https:\/\/www.oarcanjo.net\/site\/wp-content\/uploads\/seminario-comunicacao-2010-03-300x200.jpg 300w\" sizes=\"(max-width: 450px) 100vw, 450px\" \/><p id=\"caption-attachment-11804\" class=\"wp-caption-text\">Monitor da mesa de corte dentro do audit\u00f3rio com close do palestrante<\/p><\/div>\n<div id=\"attachment_11805\" style=\"width: 460px\" class=\"wp-caption alignnone\"><img loading=\"lazy\" decoding=\"async\" aria-describedby=\"caption-attachment-11805\" class=\"size-full wp-image-11805\" title=\"Mesa de corte das imagens\" src=\"http:\/\/www.oarcanjo.net\/site\/wp-content\/uploads\/seminario-comunicacao-2010-04.jpg\" alt=\"Mesa de corte das imagens\" width=\"450\" height=\"300\" srcset=\"https:\/\/www.oarcanjo.net\/site\/wp-content\/uploads\/seminario-comunicacao-2010-04.jpg 450w, https:\/\/www.oarcanjo.net\/site\/wp-content\/uploads\/seminario-comunicacao-2010-04-300x200.jpg 300w\" sizes=\"(max-width: 450px) 100vw, 450px\" \/><p id=\"caption-attachment-11805\" class=\"wp-caption-text\">Mesa de corte das imagens<\/p><\/div>\n<div id=\"attachment_11806\" style=\"width: 460px\" class=\"wp-caption alignnone\"><img loading=\"lazy\" decoding=\"async\" aria-describedby=\"caption-attachment-11806\" class=\"size-full wp-image-11806\" title=\"Mesa de corte dentro do caminh\u00e3o de externas da TV Brasil\" src=\"http:\/\/www.oarcanjo.net\/site\/wp-content\/uploads\/seminario-comunicacao-2010-05.jpg\" alt=\"Mesa de corte dentro do caminh\u00e3o de externas da TV Brasil\" width=\"450\" height=\"300\" srcset=\"https:\/\/www.oarcanjo.net\/site\/wp-content\/uploads\/seminario-comunicacao-2010-05.jpg 450w, https:\/\/www.oarcanjo.net\/site\/wp-content\/uploads\/seminario-comunicacao-2010-05-300x200.jpg 300w\" sizes=\"(max-width: 450px) 100vw, 450px\" \/><p id=\"caption-attachment-11806\" class=\"wp-caption-text\">Mesa de corte dentro do caminh\u00e3o de externas da TV Brasil<\/p><\/div>\n<div id=\"attachment_11807\" style=\"width: 460px\" class=\"wp-caption alignnone\"><img loading=\"lazy\" decoding=\"async\" aria-describedby=\"caption-attachment-11807\" class=\"size-full wp-image-11807\" title=\"Unidade m\u00f3vel com microondas para transmiss\u00e3o da imagem\" src=\"http:\/\/www.oarcanjo.net\/site\/wp-content\/uploads\/seminario-comunicacao-2010-06.jpg\" alt=\"Unidade m\u00f3vel com microondas para transmiss\u00e3o da imagem\" width=\"450\" height=\"300\" srcset=\"https:\/\/www.oarcanjo.net\/site\/wp-content\/uploads\/seminario-comunicacao-2010-06.jpg 450w, https:\/\/www.oarcanjo.net\/site\/wp-content\/uploads\/seminario-comunicacao-2010-06-300x200.jpg 300w\" sizes=\"(max-width: 450px) 100vw, 450px\" \/><p id=\"caption-attachment-11807\" class=\"wp-caption-text\">Unidade m\u00f3vel com microondas para transmiss\u00e3o da imagem<\/p><\/div>\n<div id=\"attachment_11808\" style=\"width: 460px\" class=\"wp-caption alignnone\"><img loading=\"lazy\" decoding=\"async\" aria-describedby=\"caption-attachment-11808\" class=\"size-full wp-image-11808\" title=\"Televisor do telespectador\" src=\"http:\/\/www.oarcanjo.net\/site\/wp-content\/uploads\/seminario-comunicacao-2010-07.jpg\" alt=\"Televisor do telespectador\" width=\"450\" height=\"300\" srcset=\"https:\/\/www.oarcanjo.net\/site\/wp-content\/uploads\/seminario-comunicacao-2010-07.jpg 450w, https:\/\/www.oarcanjo.net\/site\/wp-content\/uploads\/seminario-comunicacao-2010-07-300x200.jpg 300w\" sizes=\"(max-width: 450px) 100vw, 450px\" \/><p id=\"caption-attachment-11808\" class=\"wp-caption-text\">Televisor do telespectador<\/p><\/div>\n<div id=\"themify_builder_content-11718\" data-postid=\"11718\" class=\"themify_builder_content themify_builder_content-11718 themify_builder themify_builder_front\">\n\t<\/div>\n<!-- \/themify_builder_content -->","protected":false},"excerpt":{"rendered":"<p>Wanderley de Oliveira Regula\u00e7\u00e3o do conte\u00fado da m\u00eddia \u00e9 necess\u00e1ria, ocorre em outros pa\u00edses e n\u00e3o significa censura, diz ministro Franklin Martins. A regulamenta\u00e7\u00e3o nas comunica\u00e7\u00f5es eletr\u00f4nicas, especialmente quando se tratam de concess\u00f5es p\u00fablicas, \u00e9 uma tarefa que cabe ao Estado fazer, \u00e0 sociedade discutir, ao Congresso legislar e \u00e0s ag\u00eancias, depois, fazerem a regula\u00e7\u00e3o [&hellip;]<\/p>\n","protected":false},"author":11,"featured_media":0,"comment_status":"open","ping_status":"open","sticky":false,"template":"","format":"standard","meta":{"ngg_post_thumbnail":0,"footnotes":""},"categories":[3,9],"tags":[27],"yoast_head":"<!-- This site is optimized with the Yoast SEO plugin v23.5 - https:\/\/yoast.com\/wordpress\/plugins\/seo\/ -->\n<title>Na Idade M\u00eddia... - O Arcanjo no ar<\/title>\n<meta name=\"robots\" content=\"index, follow, max-snippet:-1, max-image-preview:large, max-video-preview:-1\" \/>\n<link rel=\"canonical\" href=\"https:\/\/www.oarcanjo.net\/site\/na-idade-midia\/\" \/>\n<meta property=\"og:locale\" content=\"pt_BR\" \/>\n<meta property=\"og:type\" content=\"article\" \/>\n<meta property=\"og:title\" content=\"Na Idade M\u00eddia... - O Arcanjo no ar\" \/>\n<meta property=\"og:description\" content=\"Wanderley de Oliveira Regula\u00e7\u00e3o do conte\u00fado da m\u00eddia \u00e9 necess\u00e1ria, ocorre em outros pa\u00edses e n\u00e3o significa censura, diz ministro Franklin Martins. A regulamenta\u00e7\u00e3o nas comunica\u00e7\u00f5es eletr\u00f4nicas, especialmente quando se tratam de concess\u00f5es p\u00fablicas, \u00e9 uma tarefa que cabe ao Estado fazer, \u00e0 sociedade discutir, ao Congresso legislar e \u00e0s ag\u00eancias, depois, fazerem a regula\u00e7\u00e3o [&hellip;]\" \/>\n<meta property=\"og:url\" content=\"https:\/\/www.oarcanjo.net\/site\/na-idade-midia\/\" \/>\n<meta property=\"og:site_name\" content=\"O Arcanjo no ar\" \/>\n<meta property=\"article:publisher\" content=\"https:\/\/www.facebook.com\/OArcanjoNoAr\/\" \/>\n<meta property=\"article:published_time\" content=\"2010-11-17T07:38:37+00:00\" \/>\n<meta property=\"article:modified_time\" content=\"2010-11-22T08:22:57+00:00\" \/>\n<meta property=\"og:image\" content=\"http:\/\/www.oarcanjo.net\/site\/wp-content\/uploads\/seminario-comunicacao-2010-08.jpg\" \/>\n<meta name=\"author\" content=\"wanderley\" \/>\n<meta name=\"twitter:card\" content=\"summary_large_image\" \/>\n<meta name=\"twitter:label1\" content=\"Escrito por\" \/>\n\t<meta name=\"twitter:data1\" content=\"wanderley\" \/>\n\t<meta name=\"twitter:label2\" content=\"Est. tempo de leitura\" \/>\n\t<meta name=\"twitter:data2\" content=\"4 minutos\" \/>\n<script type=\"application\/ld+json\" class=\"yoast-schema-graph\">{\"@context\":\"https:\/\/schema.org\",\"@graph\":[{\"@type\":\"Article\",\"@id\":\"https:\/\/www.oarcanjo.net\/site\/na-idade-midia\/#article\",\"isPartOf\":{\"@id\":\"https:\/\/www.oarcanjo.net\/site\/na-idade-midia\/\"},\"author\":{\"name\":\"wanderley\",\"@id\":\"https:\/\/www.oarcanjo.net\/site\/#\/schema\/person\/6e3163fe75d970533542881fcecc1ff1\"},\"headline\":\"Na Idade M\u00eddia&#8230;\",\"datePublished\":\"2010-11-17T07:38:37+00:00\",\"dateModified\":\"2010-11-22T08:22:57+00:00\",\"mainEntityOfPage\":{\"@id\":\"https:\/\/www.oarcanjo.net\/site\/na-idade-midia\/\"},\"wordCount\":785,\"commentCount\":0,\"publisher\":{\"@id\":\"https:\/\/www.oarcanjo.net\/site\/#organization\"},\"image\":{\"@id\":\"https:\/\/www.oarcanjo.net\/site\/na-idade-midia\/#primaryimage\"},\"thumbnailUrl\":\"http:\/\/www.oarcanjo.net\/site\/wp-content\/uploads\/seminario-comunicacao-2010-08.jpg\",\"keywords\":[\"comunica\u00e7\u00e3o\"],\"articleSection\":[\"Destaques\",\"Reflex\u00f5es\"],\"inLanguage\":\"pt-BR\",\"potentialAction\":[{\"@type\":\"CommentAction\",\"name\":\"Comment\",\"target\":[\"https:\/\/www.oarcanjo.net\/site\/na-idade-midia\/#respond\"]}]},{\"@type\":\"WebPage\",\"@id\":\"https:\/\/www.oarcanjo.net\/site\/na-idade-midia\/\",\"url\":\"https:\/\/www.oarcanjo.net\/site\/na-idade-midia\/\",\"name\":\"Na Idade M\u00eddia... - O Arcanjo no ar\",\"isPartOf\":{\"@id\":\"https:\/\/www.oarcanjo.net\/site\/#website\"},\"primaryImageOfPage\":{\"@id\":\"https:\/\/www.oarcanjo.net\/site\/na-idade-midia\/#primaryimage\"},\"image\":{\"@id\":\"https:\/\/www.oarcanjo.net\/site\/na-idade-midia\/#primaryimage\"},\"thumbnailUrl\":\"http:\/\/www.oarcanjo.net\/site\/wp-content\/uploads\/seminario-comunicacao-2010-08.jpg\",\"datePublished\":\"2010-11-17T07:38:37+00:00\",\"dateModified\":\"2010-11-22T08:22:57+00:00\",\"breadcrumb\":{\"@id\":\"https:\/\/www.oarcanjo.net\/site\/na-idade-midia\/#breadcrumb\"},\"inLanguage\":\"pt-BR\",\"potentialAction\":[{\"@type\":\"ReadAction\",\"target\":[\"https:\/\/www.oarcanjo.net\/site\/na-idade-midia\/\"]}]},{\"@type\":\"ImageObject\",\"inLanguage\":\"pt-BR\",\"@id\":\"https:\/\/www.oarcanjo.net\/site\/na-idade-midia\/#primaryimage\",\"url\":\"https:\/\/www.oarcanjo.net\/site\/wp-content\/uploads\/seminario-comunicacao-2010-08.jpg\",\"contentUrl\":\"https:\/\/www.oarcanjo.net\/site\/wp-content\/uploads\/seminario-comunicacao-2010-08.jpg\",\"width\":\"450\",\"height\":\"300\",\"caption\":\"Luiza Erundina - Deputada Federal por S\u00e3o Paulo\"},{\"@type\":\"BreadcrumbList\",\"@id\":\"https:\/\/www.oarcanjo.net\/site\/na-idade-midia\/#breadcrumb\",\"itemListElement\":[{\"@type\":\"ListItem\",\"position\":1,\"name\":\"In\u00edcio\",\"item\":\"https:\/\/www.oarcanjo.net\/site\/\"},{\"@type\":\"ListItem\",\"position\":2,\"name\":\"Na Idade M\u00eddia&#8230;\"}]},{\"@type\":\"WebSite\",\"@id\":\"https:\/\/www.oarcanjo.net\/site\/#website\",\"url\":\"https:\/\/www.oarcanjo.net\/site\/\",\"name\":\"O Arcanjo no ar\",\"description\":\"Site da Par\u00f3quia S\u00e3o Miguel Arcanjo (Arquidiocese de SP)\",\"publisher\":{\"@id\":\"https:\/\/www.oarcanjo.net\/site\/#organization\"},\"potentialAction\":[{\"@type\":\"SearchAction\",\"target\":{\"@type\":\"EntryPoint\",\"urlTemplate\":\"https:\/\/www.oarcanjo.net\/site\/?s={search_term_string}\"},\"query-input\":{\"@type\":\"PropertyValueSpecification\",\"valueRequired\":true,\"valueName\":\"search_term_string\"}}],\"inLanguage\":\"pt-BR\"},{\"@type\":\"Organization\",\"@id\":\"https:\/\/www.oarcanjo.net\/site\/#organization\",\"name\":\"Par\u00f3quia S\u00e3o Miguel Arcanjo\",\"url\":\"https:\/\/www.oarcanjo.net\/site\/\",\"logo\":{\"@type\":\"ImageObject\",\"inLanguage\":\"pt-BR\",\"@id\":\"https:\/\/www.oarcanjo.net\/site\/#\/schema\/logo\/image\/\",\"url\":\"https:\/\/www.oarcanjo.net\/site\/wp-content\/uploads\/LogoOArcanjo.png\",\"contentUrl\":\"https:\/\/www.oarcanjo.net\/site\/wp-content\/uploads\/LogoOArcanjo.png\",\"width\":319,\"height\":99,\"caption\":\"Par\u00f3quia S\u00e3o Miguel Arcanjo\"},\"image\":{\"@id\":\"https:\/\/www.oarcanjo.net\/site\/#\/schema\/logo\/image\/\"},\"sameAs\":[\"https:\/\/www.facebook.com\/OArcanjoNoAr\/\"]},{\"@type\":\"Person\",\"@id\":\"https:\/\/www.oarcanjo.net\/site\/#\/schema\/person\/6e3163fe75d970533542881fcecc1ff1\",\"name\":\"wanderley\"}]}<\/script>\n<!-- \/ Yoast SEO plugin. -->","yoast_head_json":{"title":"Na Idade M\u00eddia... - O Arcanjo no ar","robots":{"index":"index","follow":"follow","max-snippet":"max-snippet:-1","max-image-preview":"max-image-preview:large","max-video-preview":"max-video-preview:-1"},"canonical":"https:\/\/www.oarcanjo.net\/site\/na-idade-midia\/","og_locale":"pt_BR","og_type":"article","og_title":"Na Idade M\u00eddia... - O Arcanjo no ar","og_description":"Wanderley de Oliveira Regula\u00e7\u00e3o do conte\u00fado da m\u00eddia \u00e9 necess\u00e1ria, ocorre em outros pa\u00edses e n\u00e3o significa censura, diz ministro Franklin Martins. A regulamenta\u00e7\u00e3o nas comunica\u00e7\u00f5es eletr\u00f4nicas, especialmente quando se tratam de concess\u00f5es p\u00fablicas, \u00e9 uma tarefa que cabe ao Estado fazer, \u00e0 sociedade discutir, ao Congresso legislar e \u00e0s ag\u00eancias, depois, fazerem a regula\u00e7\u00e3o [&hellip;]","og_url":"https:\/\/www.oarcanjo.net\/site\/na-idade-midia\/","og_site_name":"O Arcanjo no ar","article_publisher":"https:\/\/www.facebook.com\/OArcanjoNoAr\/","article_published_time":"2010-11-17T07:38:37+00:00","article_modified_time":"2010-11-22T08:22:57+00:00","og_image":[{"url":"http:\/\/www.oarcanjo.net\/site\/wp-content\/uploads\/seminario-comunicacao-2010-08.jpg"}],"author":"wanderley","twitter_card":"summary_large_image","twitter_misc":{"Escrito por":"wanderley","Est. tempo de leitura":"4 minutos"},"schema":{"@context":"https:\/\/schema.org","@graph":[{"@type":"Article","@id":"https:\/\/www.oarcanjo.net\/site\/na-idade-midia\/#article","isPartOf":{"@id":"https:\/\/www.oarcanjo.net\/site\/na-idade-midia\/"},"author":{"name":"wanderley","@id":"https:\/\/www.oarcanjo.net\/site\/#\/schema\/person\/6e3163fe75d970533542881fcecc1ff1"},"headline":"Na Idade M\u00eddia&#8230;","datePublished":"2010-11-17T07:38:37+00:00","dateModified":"2010-11-22T08:22:57+00:00","mainEntityOfPage":{"@id":"https:\/\/www.oarcanjo.net\/site\/na-idade-midia\/"},"wordCount":785,"commentCount":0,"publisher":{"@id":"https:\/\/www.oarcanjo.net\/site\/#organization"},"image":{"@id":"https:\/\/www.oarcanjo.net\/site\/na-idade-midia\/#primaryimage"},"thumbnailUrl":"http:\/\/www.oarcanjo.net\/site\/wp-content\/uploads\/seminario-comunicacao-2010-08.jpg","keywords":["comunica\u00e7\u00e3o"],"articleSection":["Destaques","Reflex\u00f5es"],"inLanguage":"pt-BR","potentialAction":[{"@type":"CommentAction","name":"Comment","target":["https:\/\/www.oarcanjo.net\/site\/na-idade-midia\/#respond"]}]},{"@type":"WebPage","@id":"https:\/\/www.oarcanjo.net\/site\/na-idade-midia\/","url":"https:\/\/www.oarcanjo.net\/site\/na-idade-midia\/","name":"Na Idade M\u00eddia... - O Arcanjo no ar","isPartOf":{"@id":"https:\/\/www.oarcanjo.net\/site\/#website"},"primaryImageOfPage":{"@id":"https:\/\/www.oarcanjo.net\/site\/na-idade-midia\/#primaryimage"},"image":{"@id":"https:\/\/www.oarcanjo.net\/site\/na-idade-midia\/#primaryimage"},"thumbnailUrl":"http:\/\/www.oarcanjo.net\/site\/wp-content\/uploads\/seminario-comunicacao-2010-08.jpg","datePublished":"2010-11-17T07:38:37+00:00","dateModified":"2010-11-22T08:22:57+00:00","breadcrumb":{"@id":"https:\/\/www.oarcanjo.net\/site\/na-idade-midia\/#breadcrumb"},"inLanguage":"pt-BR","potentialAction":[{"@type":"ReadAction","target":["https:\/\/www.oarcanjo.net\/site\/na-idade-midia\/"]}]},{"@type":"ImageObject","inLanguage":"pt-BR","@id":"https:\/\/www.oarcanjo.net\/site\/na-idade-midia\/#primaryimage","url":"https:\/\/www.oarcanjo.net\/site\/wp-content\/uploads\/seminario-comunicacao-2010-08.jpg","contentUrl":"https:\/\/www.oarcanjo.net\/site\/wp-content\/uploads\/seminario-comunicacao-2010-08.jpg","width":"450","height":"300","caption":"Luiza Erundina - Deputada Federal por S\u00e3o Paulo"},{"@type":"BreadcrumbList","@id":"https:\/\/www.oarcanjo.net\/site\/na-idade-midia\/#breadcrumb","itemListElement":[{"@type":"ListItem","position":1,"name":"In\u00edcio","item":"https:\/\/www.oarcanjo.net\/site\/"},{"@type":"ListItem","position":2,"name":"Na Idade M\u00eddia&#8230;"}]},{"@type":"WebSite","@id":"https:\/\/www.oarcanjo.net\/site\/#website","url":"https:\/\/www.oarcanjo.net\/site\/","name":"O Arcanjo no ar","description":"Site da Par\u00f3quia S\u00e3o Miguel Arcanjo (Arquidiocese de SP)","publisher":{"@id":"https:\/\/www.oarcanjo.net\/site\/#organization"},"potentialAction":[{"@type":"SearchAction","target":{"@type":"EntryPoint","urlTemplate":"https:\/\/www.oarcanjo.net\/site\/?s={search_term_string}"},"query-input":{"@type":"PropertyValueSpecification","valueRequired":true,"valueName":"search_term_string"}}],"inLanguage":"pt-BR"},{"@type":"Organization","@id":"https:\/\/www.oarcanjo.net\/site\/#organization","name":"Par\u00f3quia S\u00e3o Miguel Arcanjo","url":"https:\/\/www.oarcanjo.net\/site\/","logo":{"@type":"ImageObject","inLanguage":"pt-BR","@id":"https:\/\/www.oarcanjo.net\/site\/#\/schema\/logo\/image\/","url":"https:\/\/www.oarcanjo.net\/site\/wp-content\/uploads\/LogoOArcanjo.png","contentUrl":"https:\/\/www.oarcanjo.net\/site\/wp-content\/uploads\/LogoOArcanjo.png","width":319,"height":99,"caption":"Par\u00f3quia S\u00e3o Miguel Arcanjo"},"image":{"@id":"https:\/\/www.oarcanjo.net\/site\/#\/schema\/logo\/image\/"},"sameAs":["https:\/\/www.facebook.com\/OArcanjoNoAr\/"]},{"@type":"Person","@id":"https:\/\/www.oarcanjo.net\/site\/#\/schema\/person\/6e3163fe75d970533542881fcecc1ff1","name":"wanderley"}]}},"publishpress_future_action":{"enabled":false,"date":"2026-05-06 21:42:02","action":"category","newStatus":"draft","terms":[],"taxonomy":"category"},"publishpress_future_workflow_manual_trigger":{"enabledWorkflows":[]},"_links":{"self":[{"href":"https:\/\/www.oarcanjo.net\/site\/wp-json\/wp\/v2\/posts\/11718"}],"collection":[{"href":"https:\/\/www.oarcanjo.net\/site\/wp-json\/wp\/v2\/posts"}],"about":[{"href":"https:\/\/www.oarcanjo.net\/site\/wp-json\/wp\/v2\/types\/post"}],"author":[{"embeddable":true,"href":"https:\/\/www.oarcanjo.net\/site\/wp-json\/wp\/v2\/users\/11"}],"replies":[{"embeddable":true,"href":"https:\/\/www.oarcanjo.net\/site\/wp-json\/wp\/v2\/comments?post=11718"}],"version-history":[{"count":0,"href":"https:\/\/www.oarcanjo.net\/site\/wp-json\/wp\/v2\/posts\/11718\/revisions"}],"wp:attachment":[{"href":"https:\/\/www.oarcanjo.net\/site\/wp-json\/wp\/v2\/media?parent=11718"}],"wp:term":[{"taxonomy":"category","embeddable":true,"href":"https:\/\/www.oarcanjo.net\/site\/wp-json\/wp\/v2\/categories?post=11718"},{"taxonomy":"post_tag","embeddable":true,"href":"https:\/\/www.oarcanjo.net\/site\/wp-json\/wp\/v2\/tags?post=11718"}],"curies":[{"name":"wp","href":"https:\/\/api.w.org\/{rel}","templated":true}]}}