
{"id":11724,"date":"2017-11-13T08:20:26","date_gmt":"2017-11-13T10:20:26","guid":{"rendered":"http:\/\/www.oarcanjo.net\/site\/?p=11724"},"modified":"2017-07-31T07:19:13","modified_gmt":"2017-07-31T10:19:13","slug":"sao-diogo-diego-de-alcala","status":"publish","type":"post","link":"https:\/\/www.oarcanjo.net\/site\/sao-diogo-diego-de-alcala\/","title":{"rendered":"S\u00e3o Diogo (Diego) de Alcal\u00e1"},"content":{"rendered":"<p><img decoding=\"async\" src=\"http:\/\/3.bp.blogspot.com\/_z-c0Sh5Zlrs\/SK2J3GDXXbI\/AAAAAAAACCs\/gOqycBt_R0U\/s400\/S%C3%A3o+Diogo+(Diego)+de+Alcal%C3%A1.jpg\" alt=\"\" \/><\/p>\n<p>13 de Novembro<\/p>\n<p>S\u00e3o Diogo (Diego) \u00e9 um dos santos mais populares da Espanha e das Am\u00e9ricas, se n\u00e3o do mundo todo. Tal popularidade fica clara na quantidade de pinturas e imagens que o representam sempre como viveu: vestindo um h\u00e1bito de irm\u00e3o leigo franciscano, remendado, e portando p\u00e3o e chaves que indicam os of\u00edcios a que se dedicava, cozinheiro e porteiro. Sua express\u00e3o \u00e9 a humildade personificada do mais puro seguidor do pobrezinho de Assis: s\u00e3o Francisco.<\/p>\n<p>Diogo, ou melhor, Diego, como se diz em espanhol, nasceu, em Alcal\u00e1 do Porto, Sevilha, Espanha, por volta do ano 1400. Filho de pais muito pobres e simples, foi autodidata e viveu como monge eremita \u00e0s margens do povoado natal, em penit\u00eancia e ora\u00e7\u00e3o. Alimentava-se somente com os produtos da pequena horta que cultivava e vestia-se com as roupas velhas que o povo lhe dava em troca de trabalhos artesanais. Possuidor de dons m\u00edsticos e intelig\u00eancia infusa, sua piedade e bondade eram t\u00e3o reconhecidas que logo ganhou fama de santidade. Para fugir dela, resolveu ingressar como novi\u00e7o de irm\u00e3o leigo no Convento dos frades franciscanos de Arizafe, pr\u00f3ximo a C\u00f3rdoba.<\/p>\n<p>Era o tempo das coloniza\u00e7\u00f5es espanholas e, em 1441, Diogo foi enviado como mission\u00e1rio \u00e0s Ilhas Can\u00e1rias. Trabalhou com tanto afinco junto \u00e0 popula\u00e7\u00e3o que, mesmo sendo apenas um irm\u00e3o leigo, cinco anos depois j\u00e1 era empossado como superior da Ordem. Mas sua atua\u00e7\u00e3o n\u00e3o era bem vista pelos colonizadores, pois Diogo defendia os ind\u00edgenas locais, colocados na condi\u00e7\u00e3o de escravos pelos dominadores. Assim, tornaram sua atua\u00e7\u00e3o muito dif\u00edcil. Com tantas press\u00f5es, ele teve de voltar para a Espanha em 1449.<\/p>\n<p>No ano seguinte, para as celebra\u00e7\u00f5es do Jubileu e da canoniza\u00e7\u00e3o do franciscano Bernardino de Sena, fez uma peregrina\u00e7\u00e3o a Roma. L\u00e1, encontrou a popula\u00e7\u00e3o abandonada \u00e0 merc\u00ea de uma tr\u00e1gica epidemia. Trabalhou como ningu\u00e9m na assist\u00eancia aos doentes, n\u00e3o s\u00f3 material como espiritualmente, pois seus dons m\u00edsticos fizeram com que curasse muitos deles com ora\u00e7\u00f5es e o simples toque das m\u00e3os. Era respeitado e venerado, mas voltou para a Espanha.<\/p>\n<p>Dessa vez, fez quest\u00e3o de retomar as atividades humildes do in\u00edcio, trabalhando como porteiro e cozinheiro em v\u00e1rios conventos franciscanos. Morreu em 12 de novembro de 1463, exercendo, ainda, estss fun\u00e7\u00f5es no Convento de Alcal\u00e1 de Henares, pr\u00f3ximo de Madri.<\/p>\n<p>Com a santidade reconhecida, foi canonizado pelo papa Xisto V em 1588. Tornou-se um dos cultos de maior devo\u00e7\u00e3o da cristandade, que perpetua a sua mem\u00f3ria pelo seu nome emprestado aos seus rios, ba\u00edas e a v\u00e1rias cidades, al\u00e9m de ser padroeiro de muitas outras tamb\u00e9m. O exemplo mais famoso \u00e9 a rica cidade de San Diego, no estado da Calif\u00f3rnia, Am\u00e9rica do Norte. A festa de s\u00e3o Diogo de Alcal\u00e1 \u00e9 celebrada no dia 13 de novembro.<\/p>\n<div id=\"themify_builder_content-11724\" data-postid=\"11724\" class=\"themify_builder_content themify_builder_content-11724 themify_builder themify_builder_front\">\n\t<\/div>\n<!-- \/themify_builder_content -->","protected":false},"excerpt":{"rendered":"<p>13 de Novembro S\u00e3o Diogo (Diego) \u00e9 um dos santos mais populares da Espanha e das Am\u00e9ricas, se n\u00e3o do mundo todo. Tal popularidade fica clara na quantidade de pinturas e imagens que o representam sempre como viveu: vestindo um h\u00e1bito de irm\u00e3o leigo franciscano, remendado, e portando p\u00e3o e chaves que indicam os of\u00edcios [&hellip;]<\/p>\n","protected":false},"author":14,"featured_media":0,"comment_status":"open","ping_status":"open","sticky":false,"template":"","format":"standard","meta":{"ngg_post_thumbnail":0,"footnotes":""},"categories":[186],"tags":[],"yoast_head":"<!-- This site is optimized with the Yoast SEO plugin v23.5 - https:\/\/yoast.com\/wordpress\/plugins\/seo\/ -->\n<title>S\u00e3o Diogo (Diego) de Alcal\u00e1 - O Arcanjo no ar<\/title>\n<meta name=\"robots\" content=\"index, follow, max-snippet:-1, max-image-preview:large, max-video-preview:-1\" \/>\n<link rel=\"canonical\" href=\"https:\/\/www.oarcanjo.net\/site\/sao-diogo-diego-de-alcala\/\" \/>\n<meta property=\"og:locale\" content=\"pt_BR\" \/>\n<meta property=\"og:type\" content=\"article\" \/>\n<meta property=\"og:title\" content=\"S\u00e3o Diogo (Diego) de Alcal\u00e1 - O Arcanjo no ar\" \/>\n<meta property=\"og:description\" content=\"13 de Novembro S\u00e3o Diogo (Diego) \u00e9 um dos santos mais populares da Espanha e das Am\u00e9ricas, se n\u00e3o do mundo todo. Tal popularidade fica clara na quantidade de pinturas e imagens que o representam sempre como viveu: vestindo um h\u00e1bito de irm\u00e3o leigo franciscano, remendado, e portando p\u00e3o e chaves que indicam os of\u00edcios [&hellip;]\" \/>\n<meta property=\"og:url\" content=\"https:\/\/www.oarcanjo.net\/site\/sao-diogo-diego-de-alcala\/\" \/>\n<meta property=\"og:site_name\" content=\"O Arcanjo no ar\" \/>\n<meta property=\"article:publisher\" content=\"https:\/\/www.facebook.com\/OArcanjoNoAr\/\" \/>\n<meta property=\"article:published_time\" content=\"2017-11-13T10:20:26+00:00\" \/>\n<meta property=\"article:modified_time\" content=\"2017-07-31T10:19:13+00:00\" \/>\n<meta property=\"og:image\" content=\"http:\/\/3.bp.blogspot.com\/_z-c0Sh5Zlrs\/SK2J3GDXXbI\/AAAAAAAACCs\/gOqycBt_R0U\/s400\/S%C3%A3o+Diogo+(Diego)+de+Alcal%C3%A1.jpg\" \/>\n<meta name=\"author\" content=\"danilo\" \/>\n<meta name=\"twitter:card\" content=\"summary_large_image\" \/>\n<meta name=\"twitter:label1\" content=\"Escrito por\" \/>\n\t<meta name=\"twitter:data1\" content=\"danilo\" \/>\n\t<meta name=\"twitter:label2\" content=\"Est. tempo de leitura\" \/>\n\t<meta name=\"twitter:data2\" content=\"2 minutos\" \/>\n<script type=\"application\/ld+json\" class=\"yoast-schema-graph\">{\"@context\":\"https:\/\/schema.org\",\"@graph\":[{\"@type\":\"Article\",\"@id\":\"https:\/\/www.oarcanjo.net\/site\/sao-diogo-diego-de-alcala\/#article\",\"isPartOf\":{\"@id\":\"https:\/\/www.oarcanjo.net\/site\/sao-diogo-diego-de-alcala\/\"},\"author\":{\"name\":\"danilo\",\"@id\":\"https:\/\/www.oarcanjo.net\/site\/#\/schema\/person\/5eb9480bedd2f3c97e430ce128c29c6c\"},\"headline\":\"S\u00e3o Diogo (Diego) de Alcal\u00e1\",\"datePublished\":\"2017-11-13T10:20:26+00:00\",\"dateModified\":\"2017-07-31T10:19:13+00:00\",\"mainEntityOfPage\":{\"@id\":\"https:\/\/www.oarcanjo.net\/site\/sao-diogo-diego-de-alcala\/\"},\"wordCount\":505,\"commentCount\":0,\"publisher\":{\"@id\":\"https:\/\/www.oarcanjo.net\/site\/#organization\"},\"image\":{\"@id\":\"https:\/\/www.oarcanjo.net\/site\/sao-diogo-diego-de-alcala\/#primaryimage\"},\"thumbnailUrl\":\"http:\/\/3.bp.blogspot.com\/_z-c0Sh5Zlrs\/SK2J3GDXXbI\/AAAAAAAACCs\/gOqycBt_R0U\/s400\/S%C3%A3o+Diogo+(Diego)+de+Alcal%C3%A1.jpg\",\"articleSection\":[\"Testemunhos\"],\"inLanguage\":\"pt-BR\",\"potentialAction\":[{\"@type\":\"CommentAction\",\"name\":\"Comment\",\"target\":[\"https:\/\/www.oarcanjo.net\/site\/sao-diogo-diego-de-alcala\/#respond\"]}]},{\"@type\":\"WebPage\",\"@id\":\"https:\/\/www.oarcanjo.net\/site\/sao-diogo-diego-de-alcala\/\",\"url\":\"https:\/\/www.oarcanjo.net\/site\/sao-diogo-diego-de-alcala\/\",\"name\":\"S\u00e3o Diogo (Diego) de Alcal\u00e1 - O Arcanjo no ar\",\"isPartOf\":{\"@id\":\"https:\/\/www.oarcanjo.net\/site\/#website\"},\"primaryImageOfPage\":{\"@id\":\"https:\/\/www.oarcanjo.net\/site\/sao-diogo-diego-de-alcala\/#primaryimage\"},\"image\":{\"@id\":\"https:\/\/www.oarcanjo.net\/site\/sao-diogo-diego-de-alcala\/#primaryimage\"},\"thumbnailUrl\":\"http:\/\/3.bp.blogspot.com\/_z-c0Sh5Zlrs\/SK2J3GDXXbI\/AAAAAAAACCs\/gOqycBt_R0U\/s400\/S%C3%A3o+Diogo+(Diego)+de+Alcal%C3%A1.jpg\",\"datePublished\":\"2017-11-13T10:20:26+00:00\",\"dateModified\":\"2017-07-31T10:19:13+00:00\",\"breadcrumb\":{\"@id\":\"https:\/\/www.oarcanjo.net\/site\/sao-diogo-diego-de-alcala\/#breadcrumb\"},\"inLanguage\":\"pt-BR\",\"potentialAction\":[{\"@type\":\"ReadAction\",\"target\":[\"https:\/\/www.oarcanjo.net\/site\/sao-diogo-diego-de-alcala\/\"]}]},{\"@type\":\"ImageObject\",\"inLanguage\":\"pt-BR\",\"@id\":\"https:\/\/www.oarcanjo.net\/site\/sao-diogo-diego-de-alcala\/#primaryimage\",\"url\":\"http:\/\/3.bp.blogspot.com\/_z-c0Sh5Zlrs\/SK2J3GDXXbI\/AAAAAAAACCs\/gOqycBt_R0U\/s400\/S%C3%A3o+Diogo+(Diego)+de+Alcal%C3%A1.jpg\",\"contentUrl\":\"http:\/\/3.bp.blogspot.com\/_z-c0Sh5Zlrs\/SK2J3GDXXbI\/AAAAAAAACCs\/gOqycBt_R0U\/s400\/S%C3%A3o+Diogo+(Diego)+de+Alcal%C3%A1.jpg\"},{\"@type\":\"BreadcrumbList\",\"@id\":\"https:\/\/www.oarcanjo.net\/site\/sao-diogo-diego-de-alcala\/#breadcrumb\",\"itemListElement\":[{\"@type\":\"ListItem\",\"position\":1,\"name\":\"In\u00edcio\",\"item\":\"https:\/\/www.oarcanjo.net\/site\/\"},{\"@type\":\"ListItem\",\"position\":2,\"name\":\"S\u00e3o Diogo (Diego) de Alcal\u00e1\"}]},{\"@type\":\"WebSite\",\"@id\":\"https:\/\/www.oarcanjo.net\/site\/#website\",\"url\":\"https:\/\/www.oarcanjo.net\/site\/\",\"name\":\"O Arcanjo no ar\",\"description\":\"Site da Par\u00f3quia S\u00e3o Miguel Arcanjo (Arquidiocese de SP)\",\"publisher\":{\"@id\":\"https:\/\/www.oarcanjo.net\/site\/#organization\"},\"potentialAction\":[{\"@type\":\"SearchAction\",\"target\":{\"@type\":\"EntryPoint\",\"urlTemplate\":\"https:\/\/www.oarcanjo.net\/site\/?s={search_term_string}\"},\"query-input\":{\"@type\":\"PropertyValueSpecification\",\"valueRequired\":true,\"valueName\":\"search_term_string\"}}],\"inLanguage\":\"pt-BR\"},{\"@type\":\"Organization\",\"@id\":\"https:\/\/www.oarcanjo.net\/site\/#organization\",\"name\":\"Par\u00f3quia S\u00e3o Miguel Arcanjo\",\"url\":\"https:\/\/www.oarcanjo.net\/site\/\",\"logo\":{\"@type\":\"ImageObject\",\"inLanguage\":\"pt-BR\",\"@id\":\"https:\/\/www.oarcanjo.net\/site\/#\/schema\/logo\/image\/\",\"url\":\"https:\/\/www.oarcanjo.net\/site\/wp-content\/uploads\/LogoOArcanjo.png\",\"contentUrl\":\"https:\/\/www.oarcanjo.net\/site\/wp-content\/uploads\/LogoOArcanjo.png\",\"width\":319,\"height\":99,\"caption\":\"Par\u00f3quia S\u00e3o Miguel Arcanjo\"},\"image\":{\"@id\":\"https:\/\/www.oarcanjo.net\/site\/#\/schema\/logo\/image\/\"},\"sameAs\":[\"https:\/\/www.facebook.com\/OArcanjoNoAr\/\"]},{\"@type\":\"Person\",\"@id\":\"https:\/\/www.oarcanjo.net\/site\/#\/schema\/person\/5eb9480bedd2f3c97e430ce128c29c6c\",\"name\":\"danilo\"}]}<\/script>\n<!-- \/ Yoast SEO plugin. -->","yoast_head_json":{"title":"S\u00e3o Diogo (Diego) de Alcal\u00e1 - O Arcanjo no ar","robots":{"index":"index","follow":"follow","max-snippet":"max-snippet:-1","max-image-preview":"max-image-preview:large","max-video-preview":"max-video-preview:-1"},"canonical":"https:\/\/www.oarcanjo.net\/site\/sao-diogo-diego-de-alcala\/","og_locale":"pt_BR","og_type":"article","og_title":"S\u00e3o Diogo (Diego) de Alcal\u00e1 - O Arcanjo no ar","og_description":"13 de Novembro S\u00e3o Diogo (Diego) \u00e9 um dos santos mais populares da Espanha e das Am\u00e9ricas, se n\u00e3o do mundo todo. Tal popularidade fica clara na quantidade de pinturas e imagens que o representam sempre como viveu: vestindo um h\u00e1bito de irm\u00e3o leigo franciscano, remendado, e portando p\u00e3o e chaves que indicam os of\u00edcios [&hellip;]","og_url":"https:\/\/www.oarcanjo.net\/site\/sao-diogo-diego-de-alcala\/","og_site_name":"O Arcanjo no ar","article_publisher":"https:\/\/www.facebook.com\/OArcanjoNoAr\/","article_published_time":"2017-11-13T10:20:26+00:00","article_modified_time":"2017-07-31T10:19:13+00:00","og_image":[{"url":"http:\/\/3.bp.blogspot.com\/_z-c0Sh5Zlrs\/SK2J3GDXXbI\/AAAAAAAACCs\/gOqycBt_R0U\/s400\/S%C3%A3o+Diogo+(Diego)+de+Alcal%C3%A1.jpg"}],"author":"danilo","twitter_card":"summary_large_image","twitter_misc":{"Escrito por":"danilo","Est. tempo de leitura":"2 minutos"},"schema":{"@context":"https:\/\/schema.org","@graph":[{"@type":"Article","@id":"https:\/\/www.oarcanjo.net\/site\/sao-diogo-diego-de-alcala\/#article","isPartOf":{"@id":"https:\/\/www.oarcanjo.net\/site\/sao-diogo-diego-de-alcala\/"},"author":{"name":"danilo","@id":"https:\/\/www.oarcanjo.net\/site\/#\/schema\/person\/5eb9480bedd2f3c97e430ce128c29c6c"},"headline":"S\u00e3o Diogo (Diego) de Alcal\u00e1","datePublished":"2017-11-13T10:20:26+00:00","dateModified":"2017-07-31T10:19:13+00:00","mainEntityOfPage":{"@id":"https:\/\/www.oarcanjo.net\/site\/sao-diogo-diego-de-alcala\/"},"wordCount":505,"commentCount":0,"publisher":{"@id":"https:\/\/www.oarcanjo.net\/site\/#organization"},"image":{"@id":"https:\/\/www.oarcanjo.net\/site\/sao-diogo-diego-de-alcala\/#primaryimage"},"thumbnailUrl":"http:\/\/3.bp.blogspot.com\/_z-c0Sh5Zlrs\/SK2J3GDXXbI\/AAAAAAAACCs\/gOqycBt_R0U\/s400\/S%C3%A3o+Diogo+(Diego)+de+Alcal%C3%A1.jpg","articleSection":["Testemunhos"],"inLanguage":"pt-BR","potentialAction":[{"@type":"CommentAction","name":"Comment","target":["https:\/\/www.oarcanjo.net\/site\/sao-diogo-diego-de-alcala\/#respond"]}]},{"@type":"WebPage","@id":"https:\/\/www.oarcanjo.net\/site\/sao-diogo-diego-de-alcala\/","url":"https:\/\/www.oarcanjo.net\/site\/sao-diogo-diego-de-alcala\/","name":"S\u00e3o Diogo (Diego) de Alcal\u00e1 - O Arcanjo no ar","isPartOf":{"@id":"https:\/\/www.oarcanjo.net\/site\/#website"},"primaryImageOfPage":{"@id":"https:\/\/www.oarcanjo.net\/site\/sao-diogo-diego-de-alcala\/#primaryimage"},"image":{"@id":"https:\/\/www.oarcanjo.net\/site\/sao-diogo-diego-de-alcala\/#primaryimage"},"thumbnailUrl":"http:\/\/3.bp.blogspot.com\/_z-c0Sh5Zlrs\/SK2J3GDXXbI\/AAAAAAAACCs\/gOqycBt_R0U\/s400\/S%C3%A3o+Diogo+(Diego)+de+Alcal%C3%A1.jpg","datePublished":"2017-11-13T10:20:26+00:00","dateModified":"2017-07-31T10:19:13+00:00","breadcrumb":{"@id":"https:\/\/www.oarcanjo.net\/site\/sao-diogo-diego-de-alcala\/#breadcrumb"},"inLanguage":"pt-BR","potentialAction":[{"@type":"ReadAction","target":["https:\/\/www.oarcanjo.net\/site\/sao-diogo-diego-de-alcala\/"]}]},{"@type":"ImageObject","inLanguage":"pt-BR","@id":"https:\/\/www.oarcanjo.net\/site\/sao-diogo-diego-de-alcala\/#primaryimage","url":"http:\/\/3.bp.blogspot.com\/_z-c0Sh5Zlrs\/SK2J3GDXXbI\/AAAAAAAACCs\/gOqycBt_R0U\/s400\/S%C3%A3o+Diogo+(Diego)+de+Alcal%C3%A1.jpg","contentUrl":"http:\/\/3.bp.blogspot.com\/_z-c0Sh5Zlrs\/SK2J3GDXXbI\/AAAAAAAACCs\/gOqycBt_R0U\/s400\/S%C3%A3o+Diogo+(Diego)+de+Alcal%C3%A1.jpg"},{"@type":"BreadcrumbList","@id":"https:\/\/www.oarcanjo.net\/site\/sao-diogo-diego-de-alcala\/#breadcrumb","itemListElement":[{"@type":"ListItem","position":1,"name":"In\u00edcio","item":"https:\/\/www.oarcanjo.net\/site\/"},{"@type":"ListItem","position":2,"name":"S\u00e3o Diogo (Diego) de Alcal\u00e1"}]},{"@type":"WebSite","@id":"https:\/\/www.oarcanjo.net\/site\/#website","url":"https:\/\/www.oarcanjo.net\/site\/","name":"O Arcanjo no ar","description":"Site da Par\u00f3quia S\u00e3o Miguel Arcanjo (Arquidiocese de SP)","publisher":{"@id":"https:\/\/www.oarcanjo.net\/site\/#organization"},"potentialAction":[{"@type":"SearchAction","target":{"@type":"EntryPoint","urlTemplate":"https:\/\/www.oarcanjo.net\/site\/?s={search_term_string}"},"query-input":{"@type":"PropertyValueSpecification","valueRequired":true,"valueName":"search_term_string"}}],"inLanguage":"pt-BR"},{"@type":"Organization","@id":"https:\/\/www.oarcanjo.net\/site\/#organization","name":"Par\u00f3quia S\u00e3o Miguel Arcanjo","url":"https:\/\/www.oarcanjo.net\/site\/","logo":{"@type":"ImageObject","inLanguage":"pt-BR","@id":"https:\/\/www.oarcanjo.net\/site\/#\/schema\/logo\/image\/","url":"https:\/\/www.oarcanjo.net\/site\/wp-content\/uploads\/LogoOArcanjo.png","contentUrl":"https:\/\/www.oarcanjo.net\/site\/wp-content\/uploads\/LogoOArcanjo.png","width":319,"height":99,"caption":"Par\u00f3quia S\u00e3o Miguel Arcanjo"},"image":{"@id":"https:\/\/www.oarcanjo.net\/site\/#\/schema\/logo\/image\/"},"sameAs":["https:\/\/www.facebook.com\/OArcanjoNoAr\/"]},{"@type":"Person","@id":"https:\/\/www.oarcanjo.net\/site\/#\/schema\/person\/5eb9480bedd2f3c97e430ce128c29c6c","name":"danilo"}]}},"publishpress_future_action":{"enabled":false,"date":"2026-05-08 14:58:51","action":"category","newStatus":"draft","terms":[],"taxonomy":"category"},"publishpress_future_workflow_manual_trigger":{"enabledWorkflows":[]},"_links":{"self":[{"href":"https:\/\/www.oarcanjo.net\/site\/wp-json\/wp\/v2\/posts\/11724"}],"collection":[{"href":"https:\/\/www.oarcanjo.net\/site\/wp-json\/wp\/v2\/posts"}],"about":[{"href":"https:\/\/www.oarcanjo.net\/site\/wp-json\/wp\/v2\/types\/post"}],"author":[{"embeddable":true,"href":"https:\/\/www.oarcanjo.net\/site\/wp-json\/wp\/v2\/users\/14"}],"replies":[{"embeddable":true,"href":"https:\/\/www.oarcanjo.net\/site\/wp-json\/wp\/v2\/comments?post=11724"}],"version-history":[{"count":0,"href":"https:\/\/www.oarcanjo.net\/site\/wp-json\/wp\/v2\/posts\/11724\/revisions"}],"wp:attachment":[{"href":"https:\/\/www.oarcanjo.net\/site\/wp-json\/wp\/v2\/media?parent=11724"}],"wp:term":[{"taxonomy":"category","embeddable":true,"href":"https:\/\/www.oarcanjo.net\/site\/wp-json\/wp\/v2\/categories?post=11724"},{"taxonomy":"post_tag","embeddable":true,"href":"https:\/\/www.oarcanjo.net\/site\/wp-json\/wp\/v2\/tags?post=11724"}],"curies":[{"name":"wp","href":"https:\/\/api.w.org\/{rel}","templated":true}]}}