
{"id":11728,"date":"2017-11-15T00:22:08","date_gmt":"2017-11-15T02:22:08","guid":{"rendered":"http:\/\/www.oarcanjo.net\/site\/?p=11728"},"modified":"2017-07-31T07:19:27","modified_gmt":"2017-07-31T10:19:27","slug":"santo-alberto-magno","status":"publish","type":"post","link":"https:\/\/www.oarcanjo.net\/site\/santo-alberto-magno\/","title":{"rendered":"Santo Alberto Magno"},"content":{"rendered":"<p><img decoding=\"async\" src=\"http:\/\/dominicanos.pmeevolution.com\/upload\/1628_20060704113055.jpg\" alt=\"\" \/><\/p>\n<p>15 de Novembro<\/p>\n<p>Um ser pleno de virtudes, ci\u00eancia, sabedoria e f\u00e9 inabal\u00e1vel, grandioso em todos os sentidos. Frei dominicano, pregador eloq\u00fcente, magistral professor das ci\u00eancias naturais e das doutrinas da f\u00e9, escritor, fundador, bispo e, finalmente, doutor da Igreja. Sim, essas qualifica\u00e7\u00f5es pertencem a santo Alberto Magno, um dos mais importantes da Igreja e da humanidade.<\/p>\n<p>O grande fil\u00f3sofo e te\u00f3logo que dedicou sua vida na busca incans\u00e1vel do encontro da ci\u00eancia com a f\u00e9, e que se destacou, principalmente, pela humildade e caridade. Escreveu mais de vinte e duas obras sobre teologia e ci\u00eancias naturais &#8211; como a filosofia, a qu\u00edmica, a f\u00edsica, e a bot\u00e2nica -, al\u00e9m de in\u00fameros tratados sobre as artes pr\u00e1ticas &#8211; como tecelagem, navega\u00e7\u00e3o, agricultura, Foi, sobretudo, um profundo observador e amante da natureza. Por tudo isso, ainda em vida era chamado de &#8220;o Magno&#8221; por seus contempor\u00e2neos.<\/p>\n<p>Entretanto, ainda jovem, quase desistiu da vida religiosa, sentia dificuldades no entendimento do estudo da teologia. Mas segundo ele pr\u00f3prio, foi Nossa Senhora que o fez perseverar. Devot\u00edssimo da Virgem Maria, durante as ora\u00e7\u00f5es ela o teria aconselhado a n\u00e3o desistir, pois, se o fizesse, pouco a pouco os dons que tinha recebido lhe seriam tirados. Desde ent\u00e3o, dizia: &#8220;Minha inten\u00e7\u00e3o \u00faltima est\u00e1 na ci\u00eancia de Deus&#8221;. E sem d\u00favida, a forma r\u00e1pida e f\u00e1cil como aprendia tudo e a clareza com que pregava, explicava e ensinava, eram dons divinos.<\/p>\n<p>Nascido em 1206, na Alemanha, Alberto pertencia \u00e0 influente e poderosa fam\u00edlia Bolsadt, rica, nobre, crist\u00e3 e de tradi\u00e7\u00e3o militar. Piedoso desde a inf\u00e2ncia, Alberto recebeu uma educa\u00e7\u00e3o muito aprimorada, digna dos nobres. Por\u00e9m sempre deixou evidente a sua prefer\u00eancia pelos estudos das ci\u00eancias naturais e pela religi\u00e3o \u00e0s alegrias f\u00fateis da Corte.<\/p>\n<p>Aos dezesseis anos, foi para a Universidade de P\u00e1dua, na It\u00e1lia, onde, sob a tutela de Maria, completou os estudos superiores. Em 1229, tornou-se frade dominicano pregador. Lecionou nos principais p\u00f3los de cultura europeus de sua \u00e9poca, It\u00e1lia, Alemanha e Fran\u00e7a. Em Paris, atraiu tantos estudantes e disc\u00edpulos que teve de lecionar em pra\u00e7a p\u00fablica. Que passou a ser chamada de pra\u00e7a Maubert, gra\u00e7as a santo Alberto Magno. O nome \u00e9 uma deriva\u00e7\u00e3o de Magnus Albert, e existe at\u00e9 hoje. L\u00e1, entre seus disc\u00edpulos, estava santo Tom\u00e1s de Aquino, outro dominicano cuja import\u00e2ncia n\u00e3o \u00e9 menor.<\/p>\n<p>Em 1254, eleito superior provincial de sua ordem na Alemanha, abriu m\u00e3o da c\u00e1tedra de Paris para ficar na comunidade dominicana sob sua dire\u00e7\u00e3o, quando demonstrou todo o seu esp\u00edrito de monge pobre e humilde. Viajou por grande parte da Alemanha sempre a p\u00e9 e pedindo esmolas no caminho para alimentar-se. Assim, ele fundou v\u00e1rios conventos, al\u00e9m de renovar os j\u00e1 existentes.<\/p>\n<p>Em 1260, foi nomeado bispo de Ratisbona, ocupando o cargo por dois anos, quando pediu exonera\u00e7\u00e3o. N\u00e3o estava interessado no poder e sim no saber, voltou para a vida simples no convento que ele fundara e ao ensino na Universidade de Col\u00f4nia. J\u00e1 entrado nos setenta anos, foi incumbido pelo papa Urbano IV de liderar as cruzadas na Alemanha e na Bo\u00eamia. Em 1274, teve participa\u00e7\u00e3o decisiva na uni\u00e3o da Igreja grega com a latina, no segundo Conc\u00edlio de Lyon.<\/p>\n<p>Tr\u00eas anos antes de sua morte, santo Alberto Magno come\u00e7ou a perder a mem\u00f3ria. Mandou, ent\u00e3o, construir sua pr\u00f3pria sepultura, e rezava o of\u00edcio dos mortos todos os dias. Morreu, serenamente, no dia 15 de novembro de 1280. O papa Pio XI canonizou-o proclamou-o doutor da Igreja em 1931. Dez anos depois, o papa Pio XII declarou-o padroeiro dos estudiosos das ci\u00eancias naturais.<\/p>\n<div id=\"themify_builder_content-11728\" data-postid=\"11728\" class=\"themify_builder_content themify_builder_content-11728 themify_builder themify_builder_front\">\n\t<\/div>\n<!-- \/themify_builder_content -->","protected":false},"excerpt":{"rendered":"<p>15 de Novembro Um ser pleno de virtudes, ci\u00eancia, sabedoria e f\u00e9 inabal\u00e1vel, grandioso em todos os sentidos. Frei dominicano, pregador eloq\u00fcente, magistral professor das ci\u00eancias naturais e das doutrinas da f\u00e9, escritor, fundador, bispo e, finalmente, doutor da Igreja. Sim, essas qualifica\u00e7\u00f5es pertencem a santo Alberto Magno, um dos mais importantes da Igreja e [&hellip;]<\/p>\n","protected":false},"author":14,"featured_media":0,"comment_status":"open","ping_status":"open","sticky":false,"template":"","format":"standard","meta":{"ngg_post_thumbnail":0,"footnotes":""},"categories":[186],"tags":[],"yoast_head":"<!-- This site is optimized with the Yoast SEO plugin v23.5 - https:\/\/yoast.com\/wordpress\/plugins\/seo\/ -->\n<title>Santo Alberto Magno - O Arcanjo no ar<\/title>\n<meta name=\"robots\" content=\"index, follow, max-snippet:-1, max-image-preview:large, max-video-preview:-1\" \/>\n<link rel=\"canonical\" href=\"https:\/\/www.oarcanjo.net\/site\/santo-alberto-magno\/\" \/>\n<meta property=\"og:locale\" content=\"pt_BR\" \/>\n<meta property=\"og:type\" content=\"article\" \/>\n<meta property=\"og:title\" content=\"Santo Alberto Magno - O Arcanjo no ar\" \/>\n<meta property=\"og:description\" content=\"15 de Novembro Um ser pleno de virtudes, ci\u00eancia, sabedoria e f\u00e9 inabal\u00e1vel, grandioso em todos os sentidos. Frei dominicano, pregador eloq\u00fcente, magistral professor das ci\u00eancias naturais e das doutrinas da f\u00e9, escritor, fundador, bispo e, finalmente, doutor da Igreja. Sim, essas qualifica\u00e7\u00f5es pertencem a santo Alberto Magno, um dos mais importantes da Igreja e [&hellip;]\" \/>\n<meta property=\"og:url\" content=\"https:\/\/www.oarcanjo.net\/site\/santo-alberto-magno\/\" \/>\n<meta property=\"og:site_name\" content=\"O Arcanjo no ar\" \/>\n<meta property=\"article:publisher\" content=\"https:\/\/www.facebook.com\/OArcanjoNoAr\/\" \/>\n<meta property=\"article:published_time\" content=\"2017-11-15T02:22:08+00:00\" \/>\n<meta property=\"article:modified_time\" content=\"2017-07-31T10:19:27+00:00\" \/>\n<meta property=\"og:image\" content=\"http:\/\/dominicanos.pmeevolution.com\/upload\/1628_20060704113055.jpg\" \/>\n<meta name=\"author\" content=\"danilo\" \/>\n<meta name=\"twitter:card\" content=\"summary_large_image\" \/>\n<meta name=\"twitter:label1\" content=\"Escrito por\" \/>\n\t<meta name=\"twitter:data1\" content=\"danilo\" \/>\n\t<meta name=\"twitter:label2\" content=\"Est. tempo de leitura\" \/>\n\t<meta name=\"twitter:data2\" content=\"3 minutos\" \/>\n<script type=\"application\/ld+json\" class=\"yoast-schema-graph\">{\"@context\":\"https:\/\/schema.org\",\"@graph\":[{\"@type\":\"Article\",\"@id\":\"https:\/\/www.oarcanjo.net\/site\/santo-alberto-magno\/#article\",\"isPartOf\":{\"@id\":\"https:\/\/www.oarcanjo.net\/site\/santo-alberto-magno\/\"},\"author\":{\"name\":\"danilo\",\"@id\":\"https:\/\/www.oarcanjo.net\/site\/#\/schema\/person\/5eb9480bedd2f3c97e430ce128c29c6c\"},\"headline\":\"Santo Alberto Magno\",\"datePublished\":\"2017-11-15T02:22:08+00:00\",\"dateModified\":\"2017-07-31T10:19:27+00:00\",\"mainEntityOfPage\":{\"@id\":\"https:\/\/www.oarcanjo.net\/site\/santo-alberto-magno\/\"},\"wordCount\":652,\"commentCount\":0,\"publisher\":{\"@id\":\"https:\/\/www.oarcanjo.net\/site\/#organization\"},\"image\":{\"@id\":\"https:\/\/www.oarcanjo.net\/site\/santo-alberto-magno\/#primaryimage\"},\"thumbnailUrl\":\"http:\/\/dominicanos.pmeevolution.com\/upload\/1628_20060704113055.jpg\",\"articleSection\":[\"Testemunhos\"],\"inLanguage\":\"pt-BR\",\"potentialAction\":[{\"@type\":\"CommentAction\",\"name\":\"Comment\",\"target\":[\"https:\/\/www.oarcanjo.net\/site\/santo-alberto-magno\/#respond\"]}]},{\"@type\":\"WebPage\",\"@id\":\"https:\/\/www.oarcanjo.net\/site\/santo-alberto-magno\/\",\"url\":\"https:\/\/www.oarcanjo.net\/site\/santo-alberto-magno\/\",\"name\":\"Santo Alberto Magno - O Arcanjo no ar\",\"isPartOf\":{\"@id\":\"https:\/\/www.oarcanjo.net\/site\/#website\"},\"primaryImageOfPage\":{\"@id\":\"https:\/\/www.oarcanjo.net\/site\/santo-alberto-magno\/#primaryimage\"},\"image\":{\"@id\":\"https:\/\/www.oarcanjo.net\/site\/santo-alberto-magno\/#primaryimage\"},\"thumbnailUrl\":\"http:\/\/dominicanos.pmeevolution.com\/upload\/1628_20060704113055.jpg\",\"datePublished\":\"2017-11-15T02:22:08+00:00\",\"dateModified\":\"2017-07-31T10:19:27+00:00\",\"breadcrumb\":{\"@id\":\"https:\/\/www.oarcanjo.net\/site\/santo-alberto-magno\/#breadcrumb\"},\"inLanguage\":\"pt-BR\",\"potentialAction\":[{\"@type\":\"ReadAction\",\"target\":[\"https:\/\/www.oarcanjo.net\/site\/santo-alberto-magno\/\"]}]},{\"@type\":\"ImageObject\",\"inLanguage\":\"pt-BR\",\"@id\":\"https:\/\/www.oarcanjo.net\/site\/santo-alberto-magno\/#primaryimage\",\"url\":\"http:\/\/dominicanos.pmeevolution.com\/upload\/1628_20060704113055.jpg\",\"contentUrl\":\"http:\/\/dominicanos.pmeevolution.com\/upload\/1628_20060704113055.jpg\"},{\"@type\":\"BreadcrumbList\",\"@id\":\"https:\/\/www.oarcanjo.net\/site\/santo-alberto-magno\/#breadcrumb\",\"itemListElement\":[{\"@type\":\"ListItem\",\"position\":1,\"name\":\"In\u00edcio\",\"item\":\"https:\/\/www.oarcanjo.net\/site\/\"},{\"@type\":\"ListItem\",\"position\":2,\"name\":\"Santo Alberto Magno\"}]},{\"@type\":\"WebSite\",\"@id\":\"https:\/\/www.oarcanjo.net\/site\/#website\",\"url\":\"https:\/\/www.oarcanjo.net\/site\/\",\"name\":\"O Arcanjo no ar\",\"description\":\"Site da Par\u00f3quia S\u00e3o Miguel Arcanjo (Arquidiocese de SP)\",\"publisher\":{\"@id\":\"https:\/\/www.oarcanjo.net\/site\/#organization\"},\"potentialAction\":[{\"@type\":\"SearchAction\",\"target\":{\"@type\":\"EntryPoint\",\"urlTemplate\":\"https:\/\/www.oarcanjo.net\/site\/?s={search_term_string}\"},\"query-input\":{\"@type\":\"PropertyValueSpecification\",\"valueRequired\":true,\"valueName\":\"search_term_string\"}}],\"inLanguage\":\"pt-BR\"},{\"@type\":\"Organization\",\"@id\":\"https:\/\/www.oarcanjo.net\/site\/#organization\",\"name\":\"Par\u00f3quia S\u00e3o Miguel Arcanjo\",\"url\":\"https:\/\/www.oarcanjo.net\/site\/\",\"logo\":{\"@type\":\"ImageObject\",\"inLanguage\":\"pt-BR\",\"@id\":\"https:\/\/www.oarcanjo.net\/site\/#\/schema\/logo\/image\/\",\"url\":\"https:\/\/www.oarcanjo.net\/site\/wp-content\/uploads\/LogoOArcanjo.png\",\"contentUrl\":\"https:\/\/www.oarcanjo.net\/site\/wp-content\/uploads\/LogoOArcanjo.png\",\"width\":319,\"height\":99,\"caption\":\"Par\u00f3quia S\u00e3o Miguel Arcanjo\"},\"image\":{\"@id\":\"https:\/\/www.oarcanjo.net\/site\/#\/schema\/logo\/image\/\"},\"sameAs\":[\"https:\/\/www.facebook.com\/OArcanjoNoAr\/\"]},{\"@type\":\"Person\",\"@id\":\"https:\/\/www.oarcanjo.net\/site\/#\/schema\/person\/5eb9480bedd2f3c97e430ce128c29c6c\",\"name\":\"danilo\"}]}<\/script>\n<!-- \/ Yoast SEO plugin. -->","yoast_head_json":{"title":"Santo Alberto Magno - O Arcanjo no ar","robots":{"index":"index","follow":"follow","max-snippet":"max-snippet:-1","max-image-preview":"max-image-preview:large","max-video-preview":"max-video-preview:-1"},"canonical":"https:\/\/www.oarcanjo.net\/site\/santo-alberto-magno\/","og_locale":"pt_BR","og_type":"article","og_title":"Santo Alberto Magno - O Arcanjo no ar","og_description":"15 de Novembro Um ser pleno de virtudes, ci\u00eancia, sabedoria e f\u00e9 inabal\u00e1vel, grandioso em todos os sentidos. Frei dominicano, pregador eloq\u00fcente, magistral professor das ci\u00eancias naturais e das doutrinas da f\u00e9, escritor, fundador, bispo e, finalmente, doutor da Igreja. Sim, essas qualifica\u00e7\u00f5es pertencem a santo Alberto Magno, um dos mais importantes da Igreja e [&hellip;]","og_url":"https:\/\/www.oarcanjo.net\/site\/santo-alberto-magno\/","og_site_name":"O Arcanjo no ar","article_publisher":"https:\/\/www.facebook.com\/OArcanjoNoAr\/","article_published_time":"2017-11-15T02:22:08+00:00","article_modified_time":"2017-07-31T10:19:27+00:00","og_image":[{"url":"http:\/\/dominicanos.pmeevolution.com\/upload\/1628_20060704113055.jpg"}],"author":"danilo","twitter_card":"summary_large_image","twitter_misc":{"Escrito por":"danilo","Est. tempo de leitura":"3 minutos"},"schema":{"@context":"https:\/\/schema.org","@graph":[{"@type":"Article","@id":"https:\/\/www.oarcanjo.net\/site\/santo-alberto-magno\/#article","isPartOf":{"@id":"https:\/\/www.oarcanjo.net\/site\/santo-alberto-magno\/"},"author":{"name":"danilo","@id":"https:\/\/www.oarcanjo.net\/site\/#\/schema\/person\/5eb9480bedd2f3c97e430ce128c29c6c"},"headline":"Santo Alberto Magno","datePublished":"2017-11-15T02:22:08+00:00","dateModified":"2017-07-31T10:19:27+00:00","mainEntityOfPage":{"@id":"https:\/\/www.oarcanjo.net\/site\/santo-alberto-magno\/"},"wordCount":652,"commentCount":0,"publisher":{"@id":"https:\/\/www.oarcanjo.net\/site\/#organization"},"image":{"@id":"https:\/\/www.oarcanjo.net\/site\/santo-alberto-magno\/#primaryimage"},"thumbnailUrl":"http:\/\/dominicanos.pmeevolution.com\/upload\/1628_20060704113055.jpg","articleSection":["Testemunhos"],"inLanguage":"pt-BR","potentialAction":[{"@type":"CommentAction","name":"Comment","target":["https:\/\/www.oarcanjo.net\/site\/santo-alberto-magno\/#respond"]}]},{"@type":"WebPage","@id":"https:\/\/www.oarcanjo.net\/site\/santo-alberto-magno\/","url":"https:\/\/www.oarcanjo.net\/site\/santo-alberto-magno\/","name":"Santo Alberto Magno - O Arcanjo no ar","isPartOf":{"@id":"https:\/\/www.oarcanjo.net\/site\/#website"},"primaryImageOfPage":{"@id":"https:\/\/www.oarcanjo.net\/site\/santo-alberto-magno\/#primaryimage"},"image":{"@id":"https:\/\/www.oarcanjo.net\/site\/santo-alberto-magno\/#primaryimage"},"thumbnailUrl":"http:\/\/dominicanos.pmeevolution.com\/upload\/1628_20060704113055.jpg","datePublished":"2017-11-15T02:22:08+00:00","dateModified":"2017-07-31T10:19:27+00:00","breadcrumb":{"@id":"https:\/\/www.oarcanjo.net\/site\/santo-alberto-magno\/#breadcrumb"},"inLanguage":"pt-BR","potentialAction":[{"@type":"ReadAction","target":["https:\/\/www.oarcanjo.net\/site\/santo-alberto-magno\/"]}]},{"@type":"ImageObject","inLanguage":"pt-BR","@id":"https:\/\/www.oarcanjo.net\/site\/santo-alberto-magno\/#primaryimage","url":"http:\/\/dominicanos.pmeevolution.com\/upload\/1628_20060704113055.jpg","contentUrl":"http:\/\/dominicanos.pmeevolution.com\/upload\/1628_20060704113055.jpg"},{"@type":"BreadcrumbList","@id":"https:\/\/www.oarcanjo.net\/site\/santo-alberto-magno\/#breadcrumb","itemListElement":[{"@type":"ListItem","position":1,"name":"In\u00edcio","item":"https:\/\/www.oarcanjo.net\/site\/"},{"@type":"ListItem","position":2,"name":"Santo Alberto Magno"}]},{"@type":"WebSite","@id":"https:\/\/www.oarcanjo.net\/site\/#website","url":"https:\/\/www.oarcanjo.net\/site\/","name":"O Arcanjo no ar","description":"Site da Par\u00f3quia S\u00e3o Miguel Arcanjo (Arquidiocese de SP)","publisher":{"@id":"https:\/\/www.oarcanjo.net\/site\/#organization"},"potentialAction":[{"@type":"SearchAction","target":{"@type":"EntryPoint","urlTemplate":"https:\/\/www.oarcanjo.net\/site\/?s={search_term_string}"},"query-input":{"@type":"PropertyValueSpecification","valueRequired":true,"valueName":"search_term_string"}}],"inLanguage":"pt-BR"},{"@type":"Organization","@id":"https:\/\/www.oarcanjo.net\/site\/#organization","name":"Par\u00f3quia S\u00e3o Miguel Arcanjo","url":"https:\/\/www.oarcanjo.net\/site\/","logo":{"@type":"ImageObject","inLanguage":"pt-BR","@id":"https:\/\/www.oarcanjo.net\/site\/#\/schema\/logo\/image\/","url":"https:\/\/www.oarcanjo.net\/site\/wp-content\/uploads\/LogoOArcanjo.png","contentUrl":"https:\/\/www.oarcanjo.net\/site\/wp-content\/uploads\/LogoOArcanjo.png","width":319,"height":99,"caption":"Par\u00f3quia S\u00e3o Miguel Arcanjo"},"image":{"@id":"https:\/\/www.oarcanjo.net\/site\/#\/schema\/logo\/image\/"},"sameAs":["https:\/\/www.facebook.com\/OArcanjoNoAr\/"]},{"@type":"Person","@id":"https:\/\/www.oarcanjo.net\/site\/#\/schema\/person\/5eb9480bedd2f3c97e430ce128c29c6c","name":"danilo"}]}},"publishpress_future_action":{"enabled":false,"date":"2026-05-08 17:36:31","action":"category","newStatus":"draft","terms":[],"taxonomy":"category"},"publishpress_future_workflow_manual_trigger":{"enabledWorkflows":[]},"_links":{"self":[{"href":"https:\/\/www.oarcanjo.net\/site\/wp-json\/wp\/v2\/posts\/11728"}],"collection":[{"href":"https:\/\/www.oarcanjo.net\/site\/wp-json\/wp\/v2\/posts"}],"about":[{"href":"https:\/\/www.oarcanjo.net\/site\/wp-json\/wp\/v2\/types\/post"}],"author":[{"embeddable":true,"href":"https:\/\/www.oarcanjo.net\/site\/wp-json\/wp\/v2\/users\/14"}],"replies":[{"embeddable":true,"href":"https:\/\/www.oarcanjo.net\/site\/wp-json\/wp\/v2\/comments?post=11728"}],"version-history":[{"count":0,"href":"https:\/\/www.oarcanjo.net\/site\/wp-json\/wp\/v2\/posts\/11728\/revisions"}],"wp:attachment":[{"href":"https:\/\/www.oarcanjo.net\/site\/wp-json\/wp\/v2\/media?parent=11728"}],"wp:term":[{"taxonomy":"category","embeddable":true,"href":"https:\/\/www.oarcanjo.net\/site\/wp-json\/wp\/v2\/categories?post=11728"},{"taxonomy":"post_tag","embeddable":true,"href":"https:\/\/www.oarcanjo.net\/site\/wp-json\/wp\/v2\/tags?post=11728"}],"curies":[{"name":"wp","href":"https:\/\/api.w.org\/{rel}","templated":true}]}}