
{"id":11730,"date":"2017-11-16T00:24:18","date_gmt":"2017-11-16T02:24:18","guid":{"rendered":"http:\/\/www.oarcanjo.net\/site\/?p=11730"},"modified":"2017-07-31T07:19:34","modified_gmt":"2017-07-31T10:19:34","slug":"santa-gertrudes","status":"publish","type":"post","link":"https:\/\/www.oarcanjo.net\/site\/santa-gertrudes\/","title":{"rendered":"Santa Gertrudes"},"content":{"rendered":"<p><img loading=\"lazy\" decoding=\"async\" class=\"alignnone size-full wp-image-55088\" src=\"http:\/\/www.oarcanjo.net\/site\/wp-content\/uploads\/Santa-Gertrudes.jpg\" alt=\"Santa Gertrudes\" width=\"300\" height=\"368\" srcset=\"https:\/\/www.oarcanjo.net\/site\/wp-content\/uploads\/Santa-Gertrudes.jpg 300w, https:\/\/www.oarcanjo.net\/site\/wp-content\/uploads\/Santa-Gertrudes-244x300.jpg 244w\" sizes=\"(max-width: 300px) 100vw, 300px\" \/><\/p>\n<p>16 de Novembro<\/p>\n<p>Santa Gertrudes, a Grande<\/p>\n<p>Santa Gertrudes de Helfta foi monja cisterciense e escritora m\u00edstica, tamb\u00e9m conhecida como Gertrudes a Grande, ou Gertrudes a Magna. Das origens de Gertrudes de Helfta s\u00f3 se conhece a data de nascimento: 6 de janeiro de 1256. O lugar parece ter sido Eisleben, e a familia \u00e9 um enigma. O sil\u00eancio a respeito resultou suspeito, e se h\u00e1 elaborado conjecturas como a proced\u00eancia servil ou pobre; haver sido abandonada; ou ser filha ileg\u00edtima de algum nobre. O que \u00e9 seguro \u00e9 que em sua familia existiam circunst\u00e2ncias que na \u00e9poca n\u00e3o era adequado mencionar.<\/p>\n<p>Com a idade de 5 anos ingressou no mosteiro de Helfta. Sobre isto t\u00e3o pouco h\u00e3o ficado noticias, desconhecendo-se como chegou e se foi acolhida exclusivamente como educanda, para ser formada na escola de meninas a cargo de Matilde de Hackeborn; ou como oblata, oferecida a Deus para converter-se em monja.<\/p>\n<p>Gertrudes iniciou sua aprendizagem mon\u00e1stica. Realizou o noviciado, professou e recebeu uma cuidada forma\u00e7\u00e3o teol\u00f3gica, filos\u00f3fica, literaria e musical. Sua vida foi normal at\u00e9 os 25 anos, como uma monja a mais do mosteiro, dedicada \u00e0 c\u00f3pia de manuscritos, \u00e0 costura e aos labores agr\u00edcolas da horta monastica. N\u00e3o desempenhou cargos importantes, ou ao menos s\u00f3 se conhece que foi cantora segundo \u00e0s ordens de Matilde de Hackeborn.<\/p>\n<p>Em 27 de janeiro de 1281 teve sua primeira experi\u00eancia m\u00edstica, que supor\u00eda uma profunda mudan\u00e7a em sua vida. Tratou-se de uma vis\u00e3o de Cristo adolescente, que lhe dizia: &#8220;N\u00e3o temas, te salvarei, te livrarei&#8230; Volve-te a mim e eu te embriagarei com a torrente de meu divino regalo&#8221;. A partir disto deixou os estudos profanos e de literatura pelos estudos teol\u00f3gicos; e sua exist\u00eancia passou de ser rotineira a viver uma profunda experiencia m\u00edstica.<\/p>\n<p>Gertrudes viver\u00e1 uma intensa vida m\u00edstica em meio a vida comunitaria. Muitas vezes sofreu enfermidades, por\u00e9m isto n\u00e3o a incapacitou para dedicar-se a escrever diversas obras liter\u00e1rias entre as que se encontravam comentarios \u00e0 Sagrada Escritura. Se perderam quase todas as suas obras, conservando-se s\u00f3 tr\u00eas.<\/p>\n<p>Seus escritos e espiritualidade passaram desapercebidos at\u00e9 1536 em que os cartuxos de Colonia imprimem o Memorial. A aceita\u00e7\u00e3o e \u00eaxito foi enorme, e produziu-se toda uma corrente espiritual em torno a ela que se traduziu em reedi\u00e7\u00f5es cont\u00ednuas de seus escritos e numerosas biografias. Por tal \u00eaxito, e ao desconhecer o apelido, come\u00e7ou a ser chamada Gertrudes a Grande, ou a Magna.<br \/>\nGertrudes morreu em 17 de novembro de 1302, em Helfta, aos 45 anos de idade.<\/p>\n<div id=\"themify_builder_content-11730\" data-postid=\"11730\" class=\"themify_builder_content themify_builder_content-11730 themify_builder themify_builder_front\">\n\t<\/div>\n<!-- \/themify_builder_content -->","protected":false},"excerpt":{"rendered":"<p>16 de Novembro Santa Gertrudes, a Grande Santa Gertrudes de Helfta foi monja cisterciense e escritora m\u00edstica, tamb\u00e9m conhecida como Gertrudes a Grande, ou Gertrudes a Magna. Das origens de Gertrudes de Helfta s\u00f3 se conhece a data de nascimento: 6 de janeiro de 1256. O lugar parece ter sido Eisleben, e a familia \u00e9 [&hellip;]<\/p>\n","protected":false},"author":14,"featured_media":0,"comment_status":"open","ping_status":"open","sticky":false,"template":"","format":"standard","meta":{"ngg_post_thumbnail":0,"footnotes":""},"categories":[186],"tags":[],"yoast_head":"<!-- This site is optimized with the Yoast SEO plugin v23.5 - https:\/\/yoast.com\/wordpress\/plugins\/seo\/ -->\n<title>Santa Gertrudes - O Arcanjo no ar<\/title>\n<meta name=\"robots\" content=\"index, follow, max-snippet:-1, max-image-preview:large, max-video-preview:-1\" \/>\n<link rel=\"canonical\" href=\"https:\/\/www.oarcanjo.net\/site\/santa-gertrudes\/\" \/>\n<meta property=\"og:locale\" content=\"pt_BR\" \/>\n<meta property=\"og:type\" content=\"article\" \/>\n<meta property=\"og:title\" content=\"Santa Gertrudes - O Arcanjo no ar\" \/>\n<meta property=\"og:description\" content=\"16 de Novembro Santa Gertrudes, a Grande Santa Gertrudes de Helfta foi monja cisterciense e escritora m\u00edstica, tamb\u00e9m conhecida como Gertrudes a Grande, ou Gertrudes a Magna. Das origens de Gertrudes de Helfta s\u00f3 se conhece a data de nascimento: 6 de janeiro de 1256. O lugar parece ter sido Eisleben, e a familia \u00e9 [&hellip;]\" \/>\n<meta property=\"og:url\" content=\"https:\/\/www.oarcanjo.net\/site\/santa-gertrudes\/\" \/>\n<meta property=\"og:site_name\" content=\"O Arcanjo no ar\" \/>\n<meta property=\"article:publisher\" content=\"https:\/\/www.facebook.com\/OArcanjoNoAr\/\" \/>\n<meta property=\"article:published_time\" content=\"2017-11-16T02:24:18+00:00\" \/>\n<meta property=\"article:modified_time\" content=\"2017-07-31T10:19:34+00:00\" \/>\n<meta property=\"og:image\" content=\"http:\/\/www.oarcanjo.net\/site\/wp-content\/uploads\/Santa-Gertrudes.jpg\" \/>\n<meta name=\"author\" content=\"danilo\" \/>\n<meta name=\"twitter:card\" content=\"summary_large_image\" \/>\n<meta name=\"twitter:label1\" content=\"Escrito por\" \/>\n\t<meta name=\"twitter:data1\" content=\"danilo\" \/>\n\t<meta name=\"twitter:label2\" content=\"Est. tempo de leitura\" \/>\n\t<meta name=\"twitter:data2\" content=\"2 minutos\" \/>\n<script type=\"application\/ld+json\" class=\"yoast-schema-graph\">{\"@context\":\"https:\/\/schema.org\",\"@graph\":[{\"@type\":\"Article\",\"@id\":\"https:\/\/www.oarcanjo.net\/site\/santa-gertrudes\/#article\",\"isPartOf\":{\"@id\":\"https:\/\/www.oarcanjo.net\/site\/santa-gertrudes\/\"},\"author\":{\"name\":\"danilo\",\"@id\":\"https:\/\/www.oarcanjo.net\/site\/#\/schema\/person\/5eb9480bedd2f3c97e430ce128c29c6c\"},\"headline\":\"Santa Gertrudes\",\"datePublished\":\"2017-11-16T02:24:18+00:00\",\"dateModified\":\"2017-07-31T10:19:34+00:00\",\"mainEntityOfPage\":{\"@id\":\"https:\/\/www.oarcanjo.net\/site\/santa-gertrudes\/\"},\"wordCount\":439,\"commentCount\":0,\"publisher\":{\"@id\":\"https:\/\/www.oarcanjo.net\/site\/#organization\"},\"image\":{\"@id\":\"https:\/\/www.oarcanjo.net\/site\/santa-gertrudes\/#primaryimage\"},\"thumbnailUrl\":\"http:\/\/www.oarcanjo.net\/site\/wp-content\/uploads\/Santa-Gertrudes.jpg\",\"articleSection\":[\"Testemunhos\"],\"inLanguage\":\"pt-BR\",\"potentialAction\":[{\"@type\":\"CommentAction\",\"name\":\"Comment\",\"target\":[\"https:\/\/www.oarcanjo.net\/site\/santa-gertrudes\/#respond\"]}]},{\"@type\":\"WebPage\",\"@id\":\"https:\/\/www.oarcanjo.net\/site\/santa-gertrudes\/\",\"url\":\"https:\/\/www.oarcanjo.net\/site\/santa-gertrudes\/\",\"name\":\"Santa Gertrudes - O Arcanjo no ar\",\"isPartOf\":{\"@id\":\"https:\/\/www.oarcanjo.net\/site\/#website\"},\"primaryImageOfPage\":{\"@id\":\"https:\/\/www.oarcanjo.net\/site\/santa-gertrudes\/#primaryimage\"},\"image\":{\"@id\":\"https:\/\/www.oarcanjo.net\/site\/santa-gertrudes\/#primaryimage\"},\"thumbnailUrl\":\"http:\/\/www.oarcanjo.net\/site\/wp-content\/uploads\/Santa-Gertrudes.jpg\",\"datePublished\":\"2017-11-16T02:24:18+00:00\",\"dateModified\":\"2017-07-31T10:19:34+00:00\",\"breadcrumb\":{\"@id\":\"https:\/\/www.oarcanjo.net\/site\/santa-gertrudes\/#breadcrumb\"},\"inLanguage\":\"pt-BR\",\"potentialAction\":[{\"@type\":\"ReadAction\",\"target\":[\"https:\/\/www.oarcanjo.net\/site\/santa-gertrudes\/\"]}]},{\"@type\":\"ImageObject\",\"inLanguage\":\"pt-BR\",\"@id\":\"https:\/\/www.oarcanjo.net\/site\/santa-gertrudes\/#primaryimage\",\"url\":\"https:\/\/www.oarcanjo.net\/site\/wp-content\/uploads\/Santa-Gertrudes.jpg\",\"contentUrl\":\"https:\/\/www.oarcanjo.net\/site\/wp-content\/uploads\/Santa-Gertrudes.jpg\",\"width\":300,\"height\":368,\"caption\":\"Santa Gertrudes\"},{\"@type\":\"BreadcrumbList\",\"@id\":\"https:\/\/www.oarcanjo.net\/site\/santa-gertrudes\/#breadcrumb\",\"itemListElement\":[{\"@type\":\"ListItem\",\"position\":1,\"name\":\"In\u00edcio\",\"item\":\"https:\/\/www.oarcanjo.net\/site\/\"},{\"@type\":\"ListItem\",\"position\":2,\"name\":\"Santa Gertrudes\"}]},{\"@type\":\"WebSite\",\"@id\":\"https:\/\/www.oarcanjo.net\/site\/#website\",\"url\":\"https:\/\/www.oarcanjo.net\/site\/\",\"name\":\"O Arcanjo no ar\",\"description\":\"Site da Par\u00f3quia S\u00e3o Miguel Arcanjo (Arquidiocese de SP)\",\"publisher\":{\"@id\":\"https:\/\/www.oarcanjo.net\/site\/#organization\"},\"potentialAction\":[{\"@type\":\"SearchAction\",\"target\":{\"@type\":\"EntryPoint\",\"urlTemplate\":\"https:\/\/www.oarcanjo.net\/site\/?s={search_term_string}\"},\"query-input\":{\"@type\":\"PropertyValueSpecification\",\"valueRequired\":true,\"valueName\":\"search_term_string\"}}],\"inLanguage\":\"pt-BR\"},{\"@type\":\"Organization\",\"@id\":\"https:\/\/www.oarcanjo.net\/site\/#organization\",\"name\":\"Par\u00f3quia S\u00e3o Miguel Arcanjo\",\"url\":\"https:\/\/www.oarcanjo.net\/site\/\",\"logo\":{\"@type\":\"ImageObject\",\"inLanguage\":\"pt-BR\",\"@id\":\"https:\/\/www.oarcanjo.net\/site\/#\/schema\/logo\/image\/\",\"url\":\"https:\/\/www.oarcanjo.net\/site\/wp-content\/uploads\/LogoOArcanjo.png\",\"contentUrl\":\"https:\/\/www.oarcanjo.net\/site\/wp-content\/uploads\/LogoOArcanjo.png\",\"width\":319,\"height\":99,\"caption\":\"Par\u00f3quia S\u00e3o Miguel Arcanjo\"},\"image\":{\"@id\":\"https:\/\/www.oarcanjo.net\/site\/#\/schema\/logo\/image\/\"},\"sameAs\":[\"https:\/\/www.facebook.com\/OArcanjoNoAr\/\"]},{\"@type\":\"Person\",\"@id\":\"https:\/\/www.oarcanjo.net\/site\/#\/schema\/person\/5eb9480bedd2f3c97e430ce128c29c6c\",\"name\":\"danilo\"}]}<\/script>\n<!-- \/ Yoast SEO plugin. -->","yoast_head_json":{"title":"Santa Gertrudes - O Arcanjo no ar","robots":{"index":"index","follow":"follow","max-snippet":"max-snippet:-1","max-image-preview":"max-image-preview:large","max-video-preview":"max-video-preview:-1"},"canonical":"https:\/\/www.oarcanjo.net\/site\/santa-gertrudes\/","og_locale":"pt_BR","og_type":"article","og_title":"Santa Gertrudes - O Arcanjo no ar","og_description":"16 de Novembro Santa Gertrudes, a Grande Santa Gertrudes de Helfta foi monja cisterciense e escritora m\u00edstica, tamb\u00e9m conhecida como Gertrudes a Grande, ou Gertrudes a Magna. Das origens de Gertrudes de Helfta s\u00f3 se conhece a data de nascimento: 6 de janeiro de 1256. O lugar parece ter sido Eisleben, e a familia \u00e9 [&hellip;]","og_url":"https:\/\/www.oarcanjo.net\/site\/santa-gertrudes\/","og_site_name":"O Arcanjo no ar","article_publisher":"https:\/\/www.facebook.com\/OArcanjoNoAr\/","article_published_time":"2017-11-16T02:24:18+00:00","article_modified_time":"2017-07-31T10:19:34+00:00","og_image":[{"url":"http:\/\/www.oarcanjo.net\/site\/wp-content\/uploads\/Santa-Gertrudes.jpg"}],"author":"danilo","twitter_card":"summary_large_image","twitter_misc":{"Escrito por":"danilo","Est. tempo de leitura":"2 minutos"},"schema":{"@context":"https:\/\/schema.org","@graph":[{"@type":"Article","@id":"https:\/\/www.oarcanjo.net\/site\/santa-gertrudes\/#article","isPartOf":{"@id":"https:\/\/www.oarcanjo.net\/site\/santa-gertrudes\/"},"author":{"name":"danilo","@id":"https:\/\/www.oarcanjo.net\/site\/#\/schema\/person\/5eb9480bedd2f3c97e430ce128c29c6c"},"headline":"Santa Gertrudes","datePublished":"2017-11-16T02:24:18+00:00","dateModified":"2017-07-31T10:19:34+00:00","mainEntityOfPage":{"@id":"https:\/\/www.oarcanjo.net\/site\/santa-gertrudes\/"},"wordCount":439,"commentCount":0,"publisher":{"@id":"https:\/\/www.oarcanjo.net\/site\/#organization"},"image":{"@id":"https:\/\/www.oarcanjo.net\/site\/santa-gertrudes\/#primaryimage"},"thumbnailUrl":"http:\/\/www.oarcanjo.net\/site\/wp-content\/uploads\/Santa-Gertrudes.jpg","articleSection":["Testemunhos"],"inLanguage":"pt-BR","potentialAction":[{"@type":"CommentAction","name":"Comment","target":["https:\/\/www.oarcanjo.net\/site\/santa-gertrudes\/#respond"]}]},{"@type":"WebPage","@id":"https:\/\/www.oarcanjo.net\/site\/santa-gertrudes\/","url":"https:\/\/www.oarcanjo.net\/site\/santa-gertrudes\/","name":"Santa Gertrudes - O Arcanjo no ar","isPartOf":{"@id":"https:\/\/www.oarcanjo.net\/site\/#website"},"primaryImageOfPage":{"@id":"https:\/\/www.oarcanjo.net\/site\/santa-gertrudes\/#primaryimage"},"image":{"@id":"https:\/\/www.oarcanjo.net\/site\/santa-gertrudes\/#primaryimage"},"thumbnailUrl":"http:\/\/www.oarcanjo.net\/site\/wp-content\/uploads\/Santa-Gertrudes.jpg","datePublished":"2017-11-16T02:24:18+00:00","dateModified":"2017-07-31T10:19:34+00:00","breadcrumb":{"@id":"https:\/\/www.oarcanjo.net\/site\/santa-gertrudes\/#breadcrumb"},"inLanguage":"pt-BR","potentialAction":[{"@type":"ReadAction","target":["https:\/\/www.oarcanjo.net\/site\/santa-gertrudes\/"]}]},{"@type":"ImageObject","inLanguage":"pt-BR","@id":"https:\/\/www.oarcanjo.net\/site\/santa-gertrudes\/#primaryimage","url":"https:\/\/www.oarcanjo.net\/site\/wp-content\/uploads\/Santa-Gertrudes.jpg","contentUrl":"https:\/\/www.oarcanjo.net\/site\/wp-content\/uploads\/Santa-Gertrudes.jpg","width":300,"height":368,"caption":"Santa Gertrudes"},{"@type":"BreadcrumbList","@id":"https:\/\/www.oarcanjo.net\/site\/santa-gertrudes\/#breadcrumb","itemListElement":[{"@type":"ListItem","position":1,"name":"In\u00edcio","item":"https:\/\/www.oarcanjo.net\/site\/"},{"@type":"ListItem","position":2,"name":"Santa Gertrudes"}]},{"@type":"WebSite","@id":"https:\/\/www.oarcanjo.net\/site\/#website","url":"https:\/\/www.oarcanjo.net\/site\/","name":"O Arcanjo no ar","description":"Site da Par\u00f3quia S\u00e3o Miguel Arcanjo (Arquidiocese de SP)","publisher":{"@id":"https:\/\/www.oarcanjo.net\/site\/#organization"},"potentialAction":[{"@type":"SearchAction","target":{"@type":"EntryPoint","urlTemplate":"https:\/\/www.oarcanjo.net\/site\/?s={search_term_string}"},"query-input":{"@type":"PropertyValueSpecification","valueRequired":true,"valueName":"search_term_string"}}],"inLanguage":"pt-BR"},{"@type":"Organization","@id":"https:\/\/www.oarcanjo.net\/site\/#organization","name":"Par\u00f3quia S\u00e3o Miguel Arcanjo","url":"https:\/\/www.oarcanjo.net\/site\/","logo":{"@type":"ImageObject","inLanguage":"pt-BR","@id":"https:\/\/www.oarcanjo.net\/site\/#\/schema\/logo\/image\/","url":"https:\/\/www.oarcanjo.net\/site\/wp-content\/uploads\/LogoOArcanjo.png","contentUrl":"https:\/\/www.oarcanjo.net\/site\/wp-content\/uploads\/LogoOArcanjo.png","width":319,"height":99,"caption":"Par\u00f3quia S\u00e3o Miguel Arcanjo"},"image":{"@id":"https:\/\/www.oarcanjo.net\/site\/#\/schema\/logo\/image\/"},"sameAs":["https:\/\/www.facebook.com\/OArcanjoNoAr\/"]},{"@type":"Person","@id":"https:\/\/www.oarcanjo.net\/site\/#\/schema\/person\/5eb9480bedd2f3c97e430ce128c29c6c","name":"danilo"}]}},"publishpress_future_action":{"enabled":false,"date":"2026-05-08 17:53:48","action":"category","newStatus":"draft","terms":[],"taxonomy":"category"},"publishpress_future_workflow_manual_trigger":{"enabledWorkflows":[]},"_links":{"self":[{"href":"https:\/\/www.oarcanjo.net\/site\/wp-json\/wp\/v2\/posts\/11730"}],"collection":[{"href":"https:\/\/www.oarcanjo.net\/site\/wp-json\/wp\/v2\/posts"}],"about":[{"href":"https:\/\/www.oarcanjo.net\/site\/wp-json\/wp\/v2\/types\/post"}],"author":[{"embeddable":true,"href":"https:\/\/www.oarcanjo.net\/site\/wp-json\/wp\/v2\/users\/14"}],"replies":[{"embeddable":true,"href":"https:\/\/www.oarcanjo.net\/site\/wp-json\/wp\/v2\/comments?post=11730"}],"version-history":[{"count":0,"href":"https:\/\/www.oarcanjo.net\/site\/wp-json\/wp\/v2\/posts\/11730\/revisions"}],"wp:attachment":[{"href":"https:\/\/www.oarcanjo.net\/site\/wp-json\/wp\/v2\/media?parent=11730"}],"wp:term":[{"taxonomy":"category","embeddable":true,"href":"https:\/\/www.oarcanjo.net\/site\/wp-json\/wp\/v2\/categories?post=11730"},{"taxonomy":"post_tag","embeddable":true,"href":"https:\/\/www.oarcanjo.net\/site\/wp-json\/wp\/v2\/tags?post=11730"}],"curies":[{"name":"wp","href":"https:\/\/api.w.org\/{rel}","templated":true}]}}