
{"id":11749,"date":"2017-11-17T00:59:33","date_gmt":"2017-11-17T02:59:33","guid":{"rendered":"http:\/\/www.oarcanjo.net\/site\/?p=11749"},"modified":"2017-07-31T07:23:25","modified_gmt":"2017-07-31T10:23:25","slug":"santa-isabel-da-hungria-2","status":"publish","type":"post","link":"https:\/\/www.oarcanjo.net\/site\/santa-isabel-da-hungria-2\/","title":{"rendered":"Santa Isabel da Hungria"},"content":{"rendered":"<p><img decoding=\"async\" src=\"http:\/\/www.paroquianossasenhoradocarmo.com\/imagens\/santa_isabel.jpeg\" alt=\"\" \/><\/p>\n<p>17 de Novembro<\/p>\n<table border=\"0\" width=\"723\">\n<tbody>\n<tr>\n<td width=\"576\" height=\"0\"><span style=\"font-family: Verdana, Arial, Helvetica\"><span style=\"font-size: x-small\">De estirpe real, pois foi filha de Andr\u00e9 e Gertrudes, reis da Hungria, nasceu em 1207 e recebeu no baptismo o nome de Isabel (Elisabeth), o qual significa \u2018casa de Deus\u2019. Aos quatro anos de idade viaja para a Alemanha onde crescer\u00e1 juntamente com a fam\u00edlia do seu noivo, Lu\u00eds, pr\u00edncipe da Tur\u00edngia e sucessor do rei da Tur\u00edngia, Hermano.<\/span><\/p>\n<p><span style=\"font-size: x-small\">Dada a sua vida simples, piedosa e desligada das pompas da corte, conclu\u00edram que a menina n\u00e3o seria uma boa companheira para Lu\u00eds. E por isso perseguiram-na e maltrataram-na, dentro e fora do pal\u00e1cio.<\/span><\/p>\n<p><span style=\"font-size: x-small\">Lu\u00eds, por\u00e9m, era um crist\u00e3o da fibra do pai. Logo percebeu o grande valor de Isabel. N\u00e3o se impressionava com a press\u00e3o dos pr\u00edncipes e tratou de se casar o quanto antes. O que aconteceu em 1221.<\/span><!--mstheme--><\/p>\n<p><\/span><\/td>\n<\/tr>\n<tr>\n<td colspan=\"2\" width=\"723\" height=\"0\"><!--mstheme--><span style=\"font-family: Verdana, Arial, Helvetica\"><span style=\"font-size: x-small\">A Santa n\u00e3o recuava diante de nenhuma obra de caridade, por mais penosas que fossem as situa\u00e7\u00f5es, e isso em grau her\u00f3ico! Um dia, Lu\u00eds surpreendeu-a com o avental repleto de alimentos para os pobres. Ela tentou esconder&#8230; Mas ele, delicadamente, insistiu e&#8230; milagre! Viu somente rosas brancas e vermelhas, em pleno Inverno. Feliz, guardou uma delas.<\/span><\/p>\n<p><span style=\"font-size: x-small\">A sua vida de soberana n\u00e3o era f\u00e1cil e frequentemente tinha que acompanhar o marido em longas e duras cavalgadas. Al\u00e9m disso tinha o cuidado dos filhos: Hermano, nascido em 1222; Sofia em de 1224 e Gertrudes em 1227.<\/span><\/p>\n<p><span style=\"font-size: x-small\">Estava gr\u00e1vida de Gertrudes, quando descobriu que seu marido se comprometera com o Imperador Frederico II a seguir para a guerra das Cruzadas para libertar Jerusal\u00e9m. Nova ren\u00fancia dur\u00edssima! E mais: antes mesmo de sair da It\u00e1lia, o duque morre de febre, em 1227! Ela recebe a not\u00edcia ao dar \u00e0 luz a menina.<\/span><\/p>\n<p><span style=\"font-size: x-small\">Quando Lu\u00eds ainda vivia, ele e Isabel receberam em Eisenach alguns dos primeiros franciscanos que chegavam \u00e0 Alemanha por ordem do pr\u00f3prio S\u00e3o Francisco. Foi-lhes dado um conventinho. Assim, a Santa passou a conhecer o Poverello de Assis e este a ter frequentes not\u00edcias dela. Tornou-se mesmo membro da Fam\u00edlia Franciscana, ingressando na Ordem Terceira que Francisco fundara para leigos solteiros e casados e sacerdotes seculares. Era, pois, mais que amiga dos frades. Chegou a receber de presente o manto do pr\u00f3prio S\u00e3o Francisco!<\/span><\/p>\n<p><span style=\"font-size: x-small\">Morto o marido, os cunhados tramaram cru\u00e9is cal\u00fanias contra ela e expulsaram-na do castelo de Wartburg. E de tal forma apavoraram os habitantes da regi\u00e3o, que ningu\u00e9m teve coragem de acolher a pobre, com os pequeninos, em pleno Inverno. Duas servas fi\u00e9is acompanharam-na, Isentrudes e Guda.<\/span><\/p>\n<p><span style=\"font-size: x-small\">De volta ao Pal\u00e1cio quando chegaram os restos mortais de Lu\u00eds, Isabel passou a morar no castelo, mas vestida simplesmente e de preto, totalmente afastada das festas da corte. Com toda a naturalidade, voltou a dedicar-se aos pobres. Todavia, l\u00e1 dentro dela o Senhor chamava-a para se doar ainda mais. Mandou construir um conventinho para os franciscanos em Marburg e l\u00e1 foi morar com as suas servas fi\u00e9is. Compreendeu que tinha de resguardar os direitos dos filhos. Com grande dor, confiou os dois mais velhos para a vida da corte. Hermano era o herdeiro leg\u00edtimo de Lu\u00eds. A mais novinha foi entregue a um Mosteiro de Contemplativas, e acabou sendo Santa Gertrudes! Assim, livre de tudo e de todos, Isabel e suas companheiras professaram publicamente na Ordem Franciscana Secular e, revestidas de grosseira veste, passaram a viver em comunidade religiosa. O rei Andr\u00e9 mandou cham\u00e1-las, mas ela respondeu que estava de facto feliz. Por ordem do confessor, conservou algumas rendas, as quais reverteram para os pobres e sofredores.<\/span><\/p>\n<p><span style=\"font-size: x-small\">Construiu um abrigo para as crian\u00e7as \u00f3rf\u00e3s, sobretudo defeituosas, como tamb\u00e9m hosp\u00edcios para os mais pobres e abandonados. Naquele meio, ela sentia-se de facto rainha, m\u00e3e, irm\u00e3. Isso no mais puro amor a Cristo. No atendimento aos pobres, procurava ser criteriosa. Houve \u00e9poca, ainda no pal\u00e1cio, em que preferia distribuir alimentos para 900 pobres diariamente, em vez de lhes dar maior quantia mensalmente. \u00c9 que eles n\u00e3o sabiam administrar. Recomendava sempre que trabalhassem e procurava criar condi\u00e7\u00f5es para isso. Esfor\u00e7ava-se para que despertassem para a dignidade pessoal, como conv\u00e9m a crist\u00e3os. E s\u00e3o in\u00fameros os seus milagres em favor dos pobres!<\/span><\/p>\n<p><span style=\"font-size: x-small\">De h\u00e1 muito que Isabel, repleta de Deus, era mais do c\u00e9u do que da terra. A ora\u00e7\u00e3o a arrebatava cada vez mais. As suas servas testemunharam que, nos \u00faltimos meses de vida, frequentemente uma luz celestial a envolvia. Assim chegou serena e plena de esperan\u00e7a \u00e0 hora decisiva da passagem para o Pai. Recebeu com grande piedade o sacramento dos enfermos. Quando o seu confessor lhe perguntou se tinha algo a dispor sobre a heran\u00e7a, respondeu tranquila: &#8220;Minha heran\u00e7a \u00e9 Jesus Cristo!&#8221; E assim nasceu para o c\u00e9u! Era 17 de Novembro de 1231.<\/span><\/p>\n<p><span style=\"font-size: x-small\">Sete anos depois, o Papa Greg\u00f3rio IX, de acordo com o Conselho dos Cardeais, canonizou solenemente Isabel. Foi em Perusa, no mesmo lugar da canoniza\u00e7\u00e3o de S\u00e3o Francisco, a 26 de Maio de 1235, Pentecostes. Mais tarde foi declarada Padroeira dos Irm\u00e3os da Ordem Franciscana Secular.<\/span><!--mstheme--><\/p>\n<p><\/span><\/td>\n<\/tr>\n<\/tbody>\n<\/table>\n<div id=\"themify_builder_content-11749\" data-postid=\"11749\" class=\"themify_builder_content themify_builder_content-11749 themify_builder themify_builder_front\">\n\t<\/div>\n<!-- \/themify_builder_content -->","protected":false},"excerpt":{"rendered":"<p>17 de Novembro De estirpe real, pois foi filha de Andr\u00e9 e Gertrudes, reis da Hungria, nasceu em 1207 e recebeu no baptismo o nome de Isabel (Elisabeth), o qual significa \u2018casa de Deus\u2019. Aos quatro anos de idade viaja para a Alemanha onde crescer\u00e1 juntamente com a fam\u00edlia do seu noivo, Lu\u00eds, pr\u00edncipe da [&hellip;]<\/p>\n","protected":false},"author":14,"featured_media":0,"comment_status":"open","ping_status":"open","sticky":false,"template":"","format":"standard","meta":{"ngg_post_thumbnail":0,"footnotes":""},"categories":[186],"tags":[],"yoast_head":"<!-- This site is optimized with the Yoast SEO plugin v23.5 - https:\/\/yoast.com\/wordpress\/plugins\/seo\/ -->\n<title>Santa Isabel da Hungria - O Arcanjo no ar<\/title>\n<meta name=\"robots\" content=\"index, follow, max-snippet:-1, max-image-preview:large, max-video-preview:-1\" \/>\n<link rel=\"canonical\" href=\"https:\/\/www.oarcanjo.net\/site\/santa-isabel-da-hungria-2\/\" \/>\n<meta property=\"og:locale\" content=\"pt_BR\" \/>\n<meta property=\"og:type\" content=\"article\" \/>\n<meta property=\"og:title\" content=\"Santa Isabel da Hungria - O Arcanjo no ar\" \/>\n<meta property=\"og:description\" content=\"17 de Novembro De estirpe real, pois foi filha de Andr\u00e9 e Gertrudes, reis da Hungria, nasceu em 1207 e recebeu no baptismo o nome de Isabel (Elisabeth), o qual significa \u2018casa de Deus\u2019. Aos quatro anos de idade viaja para a Alemanha onde crescer\u00e1 juntamente com a fam\u00edlia do seu noivo, Lu\u00eds, pr\u00edncipe da [&hellip;]\" \/>\n<meta property=\"og:url\" content=\"https:\/\/www.oarcanjo.net\/site\/santa-isabel-da-hungria-2\/\" \/>\n<meta property=\"og:site_name\" content=\"O Arcanjo no ar\" \/>\n<meta property=\"article:publisher\" content=\"https:\/\/www.facebook.com\/OArcanjoNoAr\/\" \/>\n<meta property=\"article:published_time\" content=\"2017-11-17T02:59:33+00:00\" \/>\n<meta property=\"article:modified_time\" content=\"2017-07-31T10:23:25+00:00\" \/>\n<meta property=\"og:image\" content=\"http:\/\/www.paroquianossasenhoradocarmo.com\/imagens\/santa_isabel.jpeg\" \/>\n<meta name=\"author\" content=\"danilo\" \/>\n<meta name=\"twitter:card\" content=\"summary_large_image\" \/>\n<meta name=\"twitter:label1\" content=\"Escrito por\" \/>\n\t<meta name=\"twitter:data1\" content=\"danilo\" \/>\n\t<meta name=\"twitter:label2\" content=\"Est. tempo de leitura\" \/>\n\t<meta name=\"twitter:data2\" content=\"4 minutos\" \/>\n<script type=\"application\/ld+json\" class=\"yoast-schema-graph\">{\"@context\":\"https:\/\/schema.org\",\"@graph\":[{\"@type\":\"Article\",\"@id\":\"https:\/\/www.oarcanjo.net\/site\/santa-isabel-da-hungria-2\/#article\",\"isPartOf\":{\"@id\":\"https:\/\/www.oarcanjo.net\/site\/santa-isabel-da-hungria-2\/\"},\"author\":{\"name\":\"danilo\",\"@id\":\"https:\/\/www.oarcanjo.net\/site\/#\/schema\/person\/5eb9480bedd2f3c97e430ce128c29c6c\"},\"headline\":\"Santa Isabel da Hungria\",\"datePublished\":\"2017-11-17T02:59:33+00:00\",\"dateModified\":\"2017-07-31T10:23:25+00:00\",\"mainEntityOfPage\":{\"@id\":\"https:\/\/www.oarcanjo.net\/site\/santa-isabel-da-hungria-2\/\"},\"wordCount\":880,\"commentCount\":0,\"publisher\":{\"@id\":\"https:\/\/www.oarcanjo.net\/site\/#organization\"},\"image\":{\"@id\":\"https:\/\/www.oarcanjo.net\/site\/santa-isabel-da-hungria-2\/#primaryimage\"},\"thumbnailUrl\":\"http:\/\/www.paroquianossasenhoradocarmo.com\/imagens\/santa_isabel.jpeg\",\"articleSection\":[\"Testemunhos\"],\"inLanguage\":\"pt-BR\",\"potentialAction\":[{\"@type\":\"CommentAction\",\"name\":\"Comment\",\"target\":[\"https:\/\/www.oarcanjo.net\/site\/santa-isabel-da-hungria-2\/#respond\"]}]},{\"@type\":\"WebPage\",\"@id\":\"https:\/\/www.oarcanjo.net\/site\/santa-isabel-da-hungria-2\/\",\"url\":\"https:\/\/www.oarcanjo.net\/site\/santa-isabel-da-hungria-2\/\",\"name\":\"Santa Isabel da Hungria - O Arcanjo no ar\",\"isPartOf\":{\"@id\":\"https:\/\/www.oarcanjo.net\/site\/#website\"},\"primaryImageOfPage\":{\"@id\":\"https:\/\/www.oarcanjo.net\/site\/santa-isabel-da-hungria-2\/#primaryimage\"},\"image\":{\"@id\":\"https:\/\/www.oarcanjo.net\/site\/santa-isabel-da-hungria-2\/#primaryimage\"},\"thumbnailUrl\":\"http:\/\/www.paroquianossasenhoradocarmo.com\/imagens\/santa_isabel.jpeg\",\"datePublished\":\"2017-11-17T02:59:33+00:00\",\"dateModified\":\"2017-07-31T10:23:25+00:00\",\"breadcrumb\":{\"@id\":\"https:\/\/www.oarcanjo.net\/site\/santa-isabel-da-hungria-2\/#breadcrumb\"},\"inLanguage\":\"pt-BR\",\"potentialAction\":[{\"@type\":\"ReadAction\",\"target\":[\"https:\/\/www.oarcanjo.net\/site\/santa-isabel-da-hungria-2\/\"]}]},{\"@type\":\"ImageObject\",\"inLanguage\":\"pt-BR\",\"@id\":\"https:\/\/www.oarcanjo.net\/site\/santa-isabel-da-hungria-2\/#primaryimage\",\"url\":\"http:\/\/www.paroquianossasenhoradocarmo.com\/imagens\/santa_isabel.jpeg\",\"contentUrl\":\"http:\/\/www.paroquianossasenhoradocarmo.com\/imagens\/santa_isabel.jpeg\"},{\"@type\":\"BreadcrumbList\",\"@id\":\"https:\/\/www.oarcanjo.net\/site\/santa-isabel-da-hungria-2\/#breadcrumb\",\"itemListElement\":[{\"@type\":\"ListItem\",\"position\":1,\"name\":\"In\u00edcio\",\"item\":\"https:\/\/www.oarcanjo.net\/site\/\"},{\"@type\":\"ListItem\",\"position\":2,\"name\":\"Santa Isabel da Hungria\"}]},{\"@type\":\"WebSite\",\"@id\":\"https:\/\/www.oarcanjo.net\/site\/#website\",\"url\":\"https:\/\/www.oarcanjo.net\/site\/\",\"name\":\"O Arcanjo no ar\",\"description\":\"Site da Par\u00f3quia S\u00e3o Miguel Arcanjo (Arquidiocese de SP)\",\"publisher\":{\"@id\":\"https:\/\/www.oarcanjo.net\/site\/#organization\"},\"potentialAction\":[{\"@type\":\"SearchAction\",\"target\":{\"@type\":\"EntryPoint\",\"urlTemplate\":\"https:\/\/www.oarcanjo.net\/site\/?s={search_term_string}\"},\"query-input\":{\"@type\":\"PropertyValueSpecification\",\"valueRequired\":true,\"valueName\":\"search_term_string\"}}],\"inLanguage\":\"pt-BR\"},{\"@type\":\"Organization\",\"@id\":\"https:\/\/www.oarcanjo.net\/site\/#organization\",\"name\":\"Par\u00f3quia S\u00e3o Miguel Arcanjo\",\"url\":\"https:\/\/www.oarcanjo.net\/site\/\",\"logo\":{\"@type\":\"ImageObject\",\"inLanguage\":\"pt-BR\",\"@id\":\"https:\/\/www.oarcanjo.net\/site\/#\/schema\/logo\/image\/\",\"url\":\"https:\/\/www.oarcanjo.net\/site\/wp-content\/uploads\/LogoOArcanjo.png\",\"contentUrl\":\"https:\/\/www.oarcanjo.net\/site\/wp-content\/uploads\/LogoOArcanjo.png\",\"width\":319,\"height\":99,\"caption\":\"Par\u00f3quia S\u00e3o Miguel Arcanjo\"},\"image\":{\"@id\":\"https:\/\/www.oarcanjo.net\/site\/#\/schema\/logo\/image\/\"},\"sameAs\":[\"https:\/\/www.facebook.com\/OArcanjoNoAr\/\"]},{\"@type\":\"Person\",\"@id\":\"https:\/\/www.oarcanjo.net\/site\/#\/schema\/person\/5eb9480bedd2f3c97e430ce128c29c6c\",\"name\":\"danilo\"}]}<\/script>\n<!-- \/ Yoast SEO plugin. -->","yoast_head_json":{"title":"Santa Isabel da Hungria - O Arcanjo no ar","robots":{"index":"index","follow":"follow","max-snippet":"max-snippet:-1","max-image-preview":"max-image-preview:large","max-video-preview":"max-video-preview:-1"},"canonical":"https:\/\/www.oarcanjo.net\/site\/santa-isabel-da-hungria-2\/","og_locale":"pt_BR","og_type":"article","og_title":"Santa Isabel da Hungria - O Arcanjo no ar","og_description":"17 de Novembro De estirpe real, pois foi filha de Andr\u00e9 e Gertrudes, reis da Hungria, nasceu em 1207 e recebeu no baptismo o nome de Isabel (Elisabeth), o qual significa \u2018casa de Deus\u2019. Aos quatro anos de idade viaja para a Alemanha onde crescer\u00e1 juntamente com a fam\u00edlia do seu noivo, Lu\u00eds, pr\u00edncipe da [&hellip;]","og_url":"https:\/\/www.oarcanjo.net\/site\/santa-isabel-da-hungria-2\/","og_site_name":"O Arcanjo no ar","article_publisher":"https:\/\/www.facebook.com\/OArcanjoNoAr\/","article_published_time":"2017-11-17T02:59:33+00:00","article_modified_time":"2017-07-31T10:23:25+00:00","og_image":[{"url":"http:\/\/www.paroquianossasenhoradocarmo.com\/imagens\/santa_isabel.jpeg"}],"author":"danilo","twitter_card":"summary_large_image","twitter_misc":{"Escrito por":"danilo","Est. tempo de leitura":"4 minutos"},"schema":{"@context":"https:\/\/schema.org","@graph":[{"@type":"Article","@id":"https:\/\/www.oarcanjo.net\/site\/santa-isabel-da-hungria-2\/#article","isPartOf":{"@id":"https:\/\/www.oarcanjo.net\/site\/santa-isabel-da-hungria-2\/"},"author":{"name":"danilo","@id":"https:\/\/www.oarcanjo.net\/site\/#\/schema\/person\/5eb9480bedd2f3c97e430ce128c29c6c"},"headline":"Santa Isabel da Hungria","datePublished":"2017-11-17T02:59:33+00:00","dateModified":"2017-07-31T10:23:25+00:00","mainEntityOfPage":{"@id":"https:\/\/www.oarcanjo.net\/site\/santa-isabel-da-hungria-2\/"},"wordCount":880,"commentCount":0,"publisher":{"@id":"https:\/\/www.oarcanjo.net\/site\/#organization"},"image":{"@id":"https:\/\/www.oarcanjo.net\/site\/santa-isabel-da-hungria-2\/#primaryimage"},"thumbnailUrl":"http:\/\/www.paroquianossasenhoradocarmo.com\/imagens\/santa_isabel.jpeg","articleSection":["Testemunhos"],"inLanguage":"pt-BR","potentialAction":[{"@type":"CommentAction","name":"Comment","target":["https:\/\/www.oarcanjo.net\/site\/santa-isabel-da-hungria-2\/#respond"]}]},{"@type":"WebPage","@id":"https:\/\/www.oarcanjo.net\/site\/santa-isabel-da-hungria-2\/","url":"https:\/\/www.oarcanjo.net\/site\/santa-isabel-da-hungria-2\/","name":"Santa Isabel da Hungria - O Arcanjo no ar","isPartOf":{"@id":"https:\/\/www.oarcanjo.net\/site\/#website"},"primaryImageOfPage":{"@id":"https:\/\/www.oarcanjo.net\/site\/santa-isabel-da-hungria-2\/#primaryimage"},"image":{"@id":"https:\/\/www.oarcanjo.net\/site\/santa-isabel-da-hungria-2\/#primaryimage"},"thumbnailUrl":"http:\/\/www.paroquianossasenhoradocarmo.com\/imagens\/santa_isabel.jpeg","datePublished":"2017-11-17T02:59:33+00:00","dateModified":"2017-07-31T10:23:25+00:00","breadcrumb":{"@id":"https:\/\/www.oarcanjo.net\/site\/santa-isabel-da-hungria-2\/#breadcrumb"},"inLanguage":"pt-BR","potentialAction":[{"@type":"ReadAction","target":["https:\/\/www.oarcanjo.net\/site\/santa-isabel-da-hungria-2\/"]}]},{"@type":"ImageObject","inLanguage":"pt-BR","@id":"https:\/\/www.oarcanjo.net\/site\/santa-isabel-da-hungria-2\/#primaryimage","url":"http:\/\/www.paroquianossasenhoradocarmo.com\/imagens\/santa_isabel.jpeg","contentUrl":"http:\/\/www.paroquianossasenhoradocarmo.com\/imagens\/santa_isabel.jpeg"},{"@type":"BreadcrumbList","@id":"https:\/\/www.oarcanjo.net\/site\/santa-isabel-da-hungria-2\/#breadcrumb","itemListElement":[{"@type":"ListItem","position":1,"name":"In\u00edcio","item":"https:\/\/www.oarcanjo.net\/site\/"},{"@type":"ListItem","position":2,"name":"Santa Isabel da Hungria"}]},{"@type":"WebSite","@id":"https:\/\/www.oarcanjo.net\/site\/#website","url":"https:\/\/www.oarcanjo.net\/site\/","name":"O Arcanjo no ar","description":"Site da Par\u00f3quia S\u00e3o Miguel Arcanjo (Arquidiocese de SP)","publisher":{"@id":"https:\/\/www.oarcanjo.net\/site\/#organization"},"potentialAction":[{"@type":"SearchAction","target":{"@type":"EntryPoint","urlTemplate":"https:\/\/www.oarcanjo.net\/site\/?s={search_term_string}"},"query-input":{"@type":"PropertyValueSpecification","valueRequired":true,"valueName":"search_term_string"}}],"inLanguage":"pt-BR"},{"@type":"Organization","@id":"https:\/\/www.oarcanjo.net\/site\/#organization","name":"Par\u00f3quia S\u00e3o Miguel Arcanjo","url":"https:\/\/www.oarcanjo.net\/site\/","logo":{"@type":"ImageObject","inLanguage":"pt-BR","@id":"https:\/\/www.oarcanjo.net\/site\/#\/schema\/logo\/image\/","url":"https:\/\/www.oarcanjo.net\/site\/wp-content\/uploads\/LogoOArcanjo.png","contentUrl":"https:\/\/www.oarcanjo.net\/site\/wp-content\/uploads\/LogoOArcanjo.png","width":319,"height":99,"caption":"Par\u00f3quia S\u00e3o Miguel Arcanjo"},"image":{"@id":"https:\/\/www.oarcanjo.net\/site\/#\/schema\/logo\/image\/"},"sameAs":["https:\/\/www.facebook.com\/OArcanjoNoAr\/"]},{"@type":"Person","@id":"https:\/\/www.oarcanjo.net\/site\/#\/schema\/person\/5eb9480bedd2f3c97e430ce128c29c6c","name":"danilo"}]}},"publishpress_future_action":{"enabled":false,"date":"2026-05-08 17:54:12","action":"category","newStatus":"draft","terms":[],"taxonomy":"category"},"publishpress_future_workflow_manual_trigger":{"enabledWorkflows":[]},"_links":{"self":[{"href":"https:\/\/www.oarcanjo.net\/site\/wp-json\/wp\/v2\/posts\/11749"}],"collection":[{"href":"https:\/\/www.oarcanjo.net\/site\/wp-json\/wp\/v2\/posts"}],"about":[{"href":"https:\/\/www.oarcanjo.net\/site\/wp-json\/wp\/v2\/types\/post"}],"author":[{"embeddable":true,"href":"https:\/\/www.oarcanjo.net\/site\/wp-json\/wp\/v2\/users\/14"}],"replies":[{"embeddable":true,"href":"https:\/\/www.oarcanjo.net\/site\/wp-json\/wp\/v2\/comments?post=11749"}],"version-history":[{"count":0,"href":"https:\/\/www.oarcanjo.net\/site\/wp-json\/wp\/v2\/posts\/11749\/revisions"}],"wp:attachment":[{"href":"https:\/\/www.oarcanjo.net\/site\/wp-json\/wp\/v2\/media?parent=11749"}],"wp:term":[{"taxonomy":"category","embeddable":true,"href":"https:\/\/www.oarcanjo.net\/site\/wp-json\/wp\/v2\/categories?post=11749"},{"taxonomy":"post_tag","embeddable":true,"href":"https:\/\/www.oarcanjo.net\/site\/wp-json\/wp\/v2\/tags?post=11749"}],"curies":[{"name":"wp","href":"https:\/\/api.w.org\/{rel}","templated":true}]}}