
{"id":11753,"date":"2017-11-18T00:05:34","date_gmt":"2017-11-18T02:05:34","guid":{"rendered":"http:\/\/www.oarcanjo.net\/site\/?p=11753"},"modified":"2017-07-31T07:23:32","modified_gmt":"2017-07-31T10:23:32","slug":"sao-frediano","status":"publish","type":"post","link":"https:\/\/www.oarcanjo.net\/site\/sao-frediano\/","title":{"rendered":"S\u00e3o Frediano"},"content":{"rendered":"<p><img decoding=\"async\" src=\"http:\/\/2.bp.blogspot.com\/_JIwLjxLNr-o\/SwX51tdAIFI\/AAAAAAAABL8\/Djspl7dyqsc\/s320\/S%C3%A3o+Frediano.gif\" alt=\"\" \/><\/p>\n<p>18 de Novembro<\/p>\n<p>Frigianu ou Frigdianus, assim os registros antigos indicam seu nome, teria nascido na Irlanda, numa data desconhecida do s\u00e9culo IV. Crist\u00e3o e monge, teria sa\u00eddo de sua terra natal como peregrino e estudante, com destino a Roma. Mais tarde, existe a not\u00edcia de sua perman\u00eancia na It\u00e1lia, nos arredores da cidade de Luca, na Toscana, vivendo como ermit\u00e3o.<\/p>\n<p>A presen\u00e7a do monge foi notada pela popula\u00e7\u00e3o tipicamente rural, sempre castigada pelas enchentes do rio Serchio que ladeava a cidade. A sua vida austera, de trabalho, ora\u00e7\u00e3o e penit\u00eancia, somada \u00e0 sabedoria e cultura, logo se fizeram evidentes. Tamb\u00e9m sobressaia sua energia e lideran\u00e7a.<\/p>\n<p>O clero local e o povo decidiram que Frediano era o cidad\u00e3o mais indicado para seu bispo. Possu\u00eda os dotes naturalmente sempre valorizados, e que, especialmente nesse per\u00edodo hist\u00f3rico t\u00e3o tumultuado do pa\u00eds, eram essenciais. Foi eleito e consagrado bispo de Luca em 560. Certamente, um fato inusitado.<\/p>\n<p>Utilizou toda a ci\u00eancia que possu\u00eda sobre matem\u00e1tica, engenharia, agricultura e hidrografia, para ajudar a popula\u00e7\u00e3o. As suas a\u00e7\u00f5es logo ganhavam fama de prod\u00edgio. O mais divulgado, e que o celebrizou, foi o que cita o desvio do curso do rio Serchio e do conseq\u00fcente beneficio causado a toda a zona rural de Luca. Segundo a tradi\u00e7\u00e3o, Frediano tra\u00e7ou com um restelo o novo curso do rio, no qual, por meio de um prod\u00edgio, as \u00e1guas se canalizaram imediatamente. Conduziu o rebanho de sua diocese com muito zelo e caridade. Sempre cuidando dos pobres, era incans\u00e1vel, na busca de esmolas para construir asilos, creches, hospitais, igrejas e mosteiros. O bispo Frediano morreu no dia 18 de mar\u00e7o de 588.<\/p>\n<p>A partir de ent\u00e3o, a fama de santidade de Frediano e o c\u00e9lebre epis\u00f3dio do rio Serchio expandiram-se e a sua devo\u00e7\u00e3o se fez ainda mais intensa. Foi at\u00e9 citada no livro &#8220;Di\u00e1logos&#8221;, escrito pelo papa S\u00e3o Greg\u00f3rio Magno, seu contempor\u00e2neo. Tamb\u00e9m as congrega\u00e7\u00f5es que se estabeleceram na sua bas\u00edlica, em Luca, difundiram-lhe o culto.<\/p>\n<p>Depois, o impulso veio do fato de, em pleno per\u00edodo medieval, para evitar saques por parte dos piratas e invasores, o corpo de s\u00e3o Frediano ter sido sepultado num lugar escondido no cemit\u00e9rio da igreja. E ele s\u00f3 foi localizado por acaso, muitos meses depois, durante o sepultamento de uma jovem, que quase foi colocada onde era o seu t\u00famulo.<\/p>\n<p>Tempos depois, sua obra floresceu na bem antiga e pequena comunidade mon\u00e1stica, os conhecidos &#8220;C\u00f4negos de S\u00e3o Frediano&#8221;, os quais o bispo Anselmo de Baggio, quando se tornou papa Alexandre II, indicou para dirigir o Mosteiro de S\u00e3o Jo\u00e3o de Luterano, em Roma.<\/p>\n<p>A sua festa ocorre no dia 18 de novembro, data que recorda o traslado das suas rel\u00edquias, no s\u00e9culo XI, para a atual Bas\u00edlica de S\u00e3o Frediano, em Luca.<\/p>\n<div id=\"themify_builder_content-11753\" data-postid=\"11753\" class=\"themify_builder_content themify_builder_content-11753 themify_builder themify_builder_front\">\n\t<\/div>\n<!-- \/themify_builder_content -->","protected":false},"excerpt":{"rendered":"<p>18 de Novembro Frigianu ou Frigdianus, assim os registros antigos indicam seu nome, teria nascido na Irlanda, numa data desconhecida do s\u00e9culo IV. Crist\u00e3o e monge, teria sa\u00eddo de sua terra natal como peregrino e estudante, com destino a Roma. Mais tarde, existe a not\u00edcia de sua perman\u00eancia na It\u00e1lia, nos arredores da cidade de [&hellip;]<\/p>\n","protected":false},"author":14,"featured_media":0,"comment_status":"open","ping_status":"open","sticky":false,"template":"","format":"standard","meta":{"ngg_post_thumbnail":0,"footnotes":""},"categories":[186],"tags":[],"yoast_head":"<!-- This site is optimized with the Yoast SEO plugin v23.5 - https:\/\/yoast.com\/wordpress\/plugins\/seo\/ -->\n<title>S\u00e3o Frediano - O Arcanjo no ar<\/title>\n<meta name=\"robots\" content=\"index, follow, max-snippet:-1, max-image-preview:large, max-video-preview:-1\" \/>\n<link rel=\"canonical\" href=\"https:\/\/www.oarcanjo.net\/site\/sao-frediano\/\" \/>\n<meta property=\"og:locale\" content=\"pt_BR\" \/>\n<meta property=\"og:type\" content=\"article\" \/>\n<meta property=\"og:title\" content=\"S\u00e3o Frediano - O Arcanjo no ar\" \/>\n<meta property=\"og:description\" content=\"18 de Novembro Frigianu ou Frigdianus, assim os registros antigos indicam seu nome, teria nascido na Irlanda, numa data desconhecida do s\u00e9culo IV. Crist\u00e3o e monge, teria sa\u00eddo de sua terra natal como peregrino e estudante, com destino a Roma. Mais tarde, existe a not\u00edcia de sua perman\u00eancia na It\u00e1lia, nos arredores da cidade de [&hellip;]\" \/>\n<meta property=\"og:url\" content=\"https:\/\/www.oarcanjo.net\/site\/sao-frediano\/\" \/>\n<meta property=\"og:site_name\" content=\"O Arcanjo no ar\" \/>\n<meta property=\"article:publisher\" content=\"https:\/\/www.facebook.com\/OArcanjoNoAr\/\" \/>\n<meta property=\"article:published_time\" content=\"2017-11-18T02:05:34+00:00\" \/>\n<meta property=\"article:modified_time\" content=\"2017-07-31T10:23:32+00:00\" \/>\n<meta property=\"og:image\" content=\"http:\/\/2.bp.blogspot.com\/_JIwLjxLNr-o\/SwX51tdAIFI\/AAAAAAAABL8\/Djspl7dyqsc\/s320\/S%C3%A3o+Frediano.gif\" \/>\n<meta name=\"author\" content=\"danilo\" \/>\n<meta name=\"twitter:card\" content=\"summary_large_image\" \/>\n<meta name=\"twitter:label1\" content=\"Escrito por\" \/>\n\t<meta name=\"twitter:data1\" content=\"danilo\" \/>\n\t<meta name=\"twitter:label2\" content=\"Est. tempo de leitura\" \/>\n\t<meta name=\"twitter:data2\" content=\"3 minutos\" \/>\n<script type=\"application\/ld+json\" class=\"yoast-schema-graph\">{\"@context\":\"https:\/\/schema.org\",\"@graph\":[{\"@type\":\"Article\",\"@id\":\"https:\/\/www.oarcanjo.net\/site\/sao-frediano\/#article\",\"isPartOf\":{\"@id\":\"https:\/\/www.oarcanjo.net\/site\/sao-frediano\/\"},\"author\":{\"name\":\"danilo\",\"@id\":\"https:\/\/www.oarcanjo.net\/site\/#\/schema\/person\/5eb9480bedd2f3c97e430ce128c29c6c\"},\"headline\":\"S\u00e3o Frediano\",\"datePublished\":\"2017-11-18T02:05:34+00:00\",\"dateModified\":\"2017-07-31T10:23:32+00:00\",\"mainEntityOfPage\":{\"@id\":\"https:\/\/www.oarcanjo.net\/site\/sao-frediano\/\"},\"wordCount\":512,\"commentCount\":0,\"publisher\":{\"@id\":\"https:\/\/www.oarcanjo.net\/site\/#organization\"},\"image\":{\"@id\":\"https:\/\/www.oarcanjo.net\/site\/sao-frediano\/#primaryimage\"},\"thumbnailUrl\":\"http:\/\/2.bp.blogspot.com\/_JIwLjxLNr-o\/SwX51tdAIFI\/AAAAAAAABL8\/Djspl7dyqsc\/s320\/S%C3%A3o+Frediano.gif\",\"articleSection\":[\"Testemunhos\"],\"inLanguage\":\"pt-BR\",\"potentialAction\":[{\"@type\":\"CommentAction\",\"name\":\"Comment\",\"target\":[\"https:\/\/www.oarcanjo.net\/site\/sao-frediano\/#respond\"]}]},{\"@type\":\"WebPage\",\"@id\":\"https:\/\/www.oarcanjo.net\/site\/sao-frediano\/\",\"url\":\"https:\/\/www.oarcanjo.net\/site\/sao-frediano\/\",\"name\":\"S\u00e3o Frediano - O Arcanjo no ar\",\"isPartOf\":{\"@id\":\"https:\/\/www.oarcanjo.net\/site\/#website\"},\"primaryImageOfPage\":{\"@id\":\"https:\/\/www.oarcanjo.net\/site\/sao-frediano\/#primaryimage\"},\"image\":{\"@id\":\"https:\/\/www.oarcanjo.net\/site\/sao-frediano\/#primaryimage\"},\"thumbnailUrl\":\"http:\/\/2.bp.blogspot.com\/_JIwLjxLNr-o\/SwX51tdAIFI\/AAAAAAAABL8\/Djspl7dyqsc\/s320\/S%C3%A3o+Frediano.gif\",\"datePublished\":\"2017-11-18T02:05:34+00:00\",\"dateModified\":\"2017-07-31T10:23:32+00:00\",\"breadcrumb\":{\"@id\":\"https:\/\/www.oarcanjo.net\/site\/sao-frediano\/#breadcrumb\"},\"inLanguage\":\"pt-BR\",\"potentialAction\":[{\"@type\":\"ReadAction\",\"target\":[\"https:\/\/www.oarcanjo.net\/site\/sao-frediano\/\"]}]},{\"@type\":\"ImageObject\",\"inLanguage\":\"pt-BR\",\"@id\":\"https:\/\/www.oarcanjo.net\/site\/sao-frediano\/#primaryimage\",\"url\":\"http:\/\/2.bp.blogspot.com\/_JIwLjxLNr-o\/SwX51tdAIFI\/AAAAAAAABL8\/Djspl7dyqsc\/s320\/S%C3%A3o+Frediano.gif\",\"contentUrl\":\"http:\/\/2.bp.blogspot.com\/_JIwLjxLNr-o\/SwX51tdAIFI\/AAAAAAAABL8\/Djspl7dyqsc\/s320\/S%C3%A3o+Frediano.gif\"},{\"@type\":\"BreadcrumbList\",\"@id\":\"https:\/\/www.oarcanjo.net\/site\/sao-frediano\/#breadcrumb\",\"itemListElement\":[{\"@type\":\"ListItem\",\"position\":1,\"name\":\"In\u00edcio\",\"item\":\"https:\/\/www.oarcanjo.net\/site\/\"},{\"@type\":\"ListItem\",\"position\":2,\"name\":\"S\u00e3o Frediano\"}]},{\"@type\":\"WebSite\",\"@id\":\"https:\/\/www.oarcanjo.net\/site\/#website\",\"url\":\"https:\/\/www.oarcanjo.net\/site\/\",\"name\":\"O Arcanjo no ar\",\"description\":\"Site da Par\u00f3quia S\u00e3o Miguel Arcanjo (Arquidiocese de SP)\",\"publisher\":{\"@id\":\"https:\/\/www.oarcanjo.net\/site\/#organization\"},\"potentialAction\":[{\"@type\":\"SearchAction\",\"target\":{\"@type\":\"EntryPoint\",\"urlTemplate\":\"https:\/\/www.oarcanjo.net\/site\/?s={search_term_string}\"},\"query-input\":{\"@type\":\"PropertyValueSpecification\",\"valueRequired\":true,\"valueName\":\"search_term_string\"}}],\"inLanguage\":\"pt-BR\"},{\"@type\":\"Organization\",\"@id\":\"https:\/\/www.oarcanjo.net\/site\/#organization\",\"name\":\"Par\u00f3quia S\u00e3o Miguel Arcanjo\",\"url\":\"https:\/\/www.oarcanjo.net\/site\/\",\"logo\":{\"@type\":\"ImageObject\",\"inLanguage\":\"pt-BR\",\"@id\":\"https:\/\/www.oarcanjo.net\/site\/#\/schema\/logo\/image\/\",\"url\":\"https:\/\/www.oarcanjo.net\/site\/wp-content\/uploads\/LogoOArcanjo.png\",\"contentUrl\":\"https:\/\/www.oarcanjo.net\/site\/wp-content\/uploads\/LogoOArcanjo.png\",\"width\":319,\"height\":99,\"caption\":\"Par\u00f3quia S\u00e3o Miguel Arcanjo\"},\"image\":{\"@id\":\"https:\/\/www.oarcanjo.net\/site\/#\/schema\/logo\/image\/\"},\"sameAs\":[\"https:\/\/www.facebook.com\/OArcanjoNoAr\/\"]},{\"@type\":\"Person\",\"@id\":\"https:\/\/www.oarcanjo.net\/site\/#\/schema\/person\/5eb9480bedd2f3c97e430ce128c29c6c\",\"name\":\"danilo\"}]}<\/script>\n<!-- \/ Yoast SEO plugin. -->","yoast_head_json":{"title":"S\u00e3o Frediano - O Arcanjo no ar","robots":{"index":"index","follow":"follow","max-snippet":"max-snippet:-1","max-image-preview":"max-image-preview:large","max-video-preview":"max-video-preview:-1"},"canonical":"https:\/\/www.oarcanjo.net\/site\/sao-frediano\/","og_locale":"pt_BR","og_type":"article","og_title":"S\u00e3o Frediano - O Arcanjo no ar","og_description":"18 de Novembro Frigianu ou Frigdianus, assim os registros antigos indicam seu nome, teria nascido na Irlanda, numa data desconhecida do s\u00e9culo IV. Crist\u00e3o e monge, teria sa\u00eddo de sua terra natal como peregrino e estudante, com destino a Roma. Mais tarde, existe a not\u00edcia de sua perman\u00eancia na It\u00e1lia, nos arredores da cidade de [&hellip;]","og_url":"https:\/\/www.oarcanjo.net\/site\/sao-frediano\/","og_site_name":"O Arcanjo no ar","article_publisher":"https:\/\/www.facebook.com\/OArcanjoNoAr\/","article_published_time":"2017-11-18T02:05:34+00:00","article_modified_time":"2017-07-31T10:23:32+00:00","og_image":[{"url":"http:\/\/2.bp.blogspot.com\/_JIwLjxLNr-o\/SwX51tdAIFI\/AAAAAAAABL8\/Djspl7dyqsc\/s320\/S%C3%A3o+Frediano.gif"}],"author":"danilo","twitter_card":"summary_large_image","twitter_misc":{"Escrito por":"danilo","Est. tempo de leitura":"3 minutos"},"schema":{"@context":"https:\/\/schema.org","@graph":[{"@type":"Article","@id":"https:\/\/www.oarcanjo.net\/site\/sao-frediano\/#article","isPartOf":{"@id":"https:\/\/www.oarcanjo.net\/site\/sao-frediano\/"},"author":{"name":"danilo","@id":"https:\/\/www.oarcanjo.net\/site\/#\/schema\/person\/5eb9480bedd2f3c97e430ce128c29c6c"},"headline":"S\u00e3o Frediano","datePublished":"2017-11-18T02:05:34+00:00","dateModified":"2017-07-31T10:23:32+00:00","mainEntityOfPage":{"@id":"https:\/\/www.oarcanjo.net\/site\/sao-frediano\/"},"wordCount":512,"commentCount":0,"publisher":{"@id":"https:\/\/www.oarcanjo.net\/site\/#organization"},"image":{"@id":"https:\/\/www.oarcanjo.net\/site\/sao-frediano\/#primaryimage"},"thumbnailUrl":"http:\/\/2.bp.blogspot.com\/_JIwLjxLNr-o\/SwX51tdAIFI\/AAAAAAAABL8\/Djspl7dyqsc\/s320\/S%C3%A3o+Frediano.gif","articleSection":["Testemunhos"],"inLanguage":"pt-BR","potentialAction":[{"@type":"CommentAction","name":"Comment","target":["https:\/\/www.oarcanjo.net\/site\/sao-frediano\/#respond"]}]},{"@type":"WebPage","@id":"https:\/\/www.oarcanjo.net\/site\/sao-frediano\/","url":"https:\/\/www.oarcanjo.net\/site\/sao-frediano\/","name":"S\u00e3o Frediano - O Arcanjo no ar","isPartOf":{"@id":"https:\/\/www.oarcanjo.net\/site\/#website"},"primaryImageOfPage":{"@id":"https:\/\/www.oarcanjo.net\/site\/sao-frediano\/#primaryimage"},"image":{"@id":"https:\/\/www.oarcanjo.net\/site\/sao-frediano\/#primaryimage"},"thumbnailUrl":"http:\/\/2.bp.blogspot.com\/_JIwLjxLNr-o\/SwX51tdAIFI\/AAAAAAAABL8\/Djspl7dyqsc\/s320\/S%C3%A3o+Frediano.gif","datePublished":"2017-11-18T02:05:34+00:00","dateModified":"2017-07-31T10:23:32+00:00","breadcrumb":{"@id":"https:\/\/www.oarcanjo.net\/site\/sao-frediano\/#breadcrumb"},"inLanguage":"pt-BR","potentialAction":[{"@type":"ReadAction","target":["https:\/\/www.oarcanjo.net\/site\/sao-frediano\/"]}]},{"@type":"ImageObject","inLanguage":"pt-BR","@id":"https:\/\/www.oarcanjo.net\/site\/sao-frediano\/#primaryimage","url":"http:\/\/2.bp.blogspot.com\/_JIwLjxLNr-o\/SwX51tdAIFI\/AAAAAAAABL8\/Djspl7dyqsc\/s320\/S%C3%A3o+Frediano.gif","contentUrl":"http:\/\/2.bp.blogspot.com\/_JIwLjxLNr-o\/SwX51tdAIFI\/AAAAAAAABL8\/Djspl7dyqsc\/s320\/S%C3%A3o+Frediano.gif"},{"@type":"BreadcrumbList","@id":"https:\/\/www.oarcanjo.net\/site\/sao-frediano\/#breadcrumb","itemListElement":[{"@type":"ListItem","position":1,"name":"In\u00edcio","item":"https:\/\/www.oarcanjo.net\/site\/"},{"@type":"ListItem","position":2,"name":"S\u00e3o Frediano"}]},{"@type":"WebSite","@id":"https:\/\/www.oarcanjo.net\/site\/#website","url":"https:\/\/www.oarcanjo.net\/site\/","name":"O Arcanjo no ar","description":"Site da Par\u00f3quia S\u00e3o Miguel Arcanjo (Arquidiocese de SP)","publisher":{"@id":"https:\/\/www.oarcanjo.net\/site\/#organization"},"potentialAction":[{"@type":"SearchAction","target":{"@type":"EntryPoint","urlTemplate":"https:\/\/www.oarcanjo.net\/site\/?s={search_term_string}"},"query-input":{"@type":"PropertyValueSpecification","valueRequired":true,"valueName":"search_term_string"}}],"inLanguage":"pt-BR"},{"@type":"Organization","@id":"https:\/\/www.oarcanjo.net\/site\/#organization","name":"Par\u00f3quia S\u00e3o Miguel Arcanjo","url":"https:\/\/www.oarcanjo.net\/site\/","logo":{"@type":"ImageObject","inLanguage":"pt-BR","@id":"https:\/\/www.oarcanjo.net\/site\/#\/schema\/logo\/image\/","url":"https:\/\/www.oarcanjo.net\/site\/wp-content\/uploads\/LogoOArcanjo.png","contentUrl":"https:\/\/www.oarcanjo.net\/site\/wp-content\/uploads\/LogoOArcanjo.png","width":319,"height":99,"caption":"Par\u00f3quia S\u00e3o Miguel Arcanjo"},"image":{"@id":"https:\/\/www.oarcanjo.net\/site\/#\/schema\/logo\/image\/"},"sameAs":["https:\/\/www.facebook.com\/OArcanjoNoAr\/"]},{"@type":"Person","@id":"https:\/\/www.oarcanjo.net\/site\/#\/schema\/person\/5eb9480bedd2f3c97e430ce128c29c6c","name":"danilo"}]}},"publishpress_future_action":{"enabled":false,"date":"2026-05-08 17:54:43","action":"category","newStatus":"draft","terms":[],"taxonomy":"category"},"publishpress_future_workflow_manual_trigger":{"enabledWorkflows":[]},"_links":{"self":[{"href":"https:\/\/www.oarcanjo.net\/site\/wp-json\/wp\/v2\/posts\/11753"}],"collection":[{"href":"https:\/\/www.oarcanjo.net\/site\/wp-json\/wp\/v2\/posts"}],"about":[{"href":"https:\/\/www.oarcanjo.net\/site\/wp-json\/wp\/v2\/types\/post"}],"author":[{"embeddable":true,"href":"https:\/\/www.oarcanjo.net\/site\/wp-json\/wp\/v2\/users\/14"}],"replies":[{"embeddable":true,"href":"https:\/\/www.oarcanjo.net\/site\/wp-json\/wp\/v2\/comments?post=11753"}],"version-history":[{"count":0,"href":"https:\/\/www.oarcanjo.net\/site\/wp-json\/wp\/v2\/posts\/11753\/revisions"}],"wp:attachment":[{"href":"https:\/\/www.oarcanjo.net\/site\/wp-json\/wp\/v2\/media?parent=11753"}],"wp:term":[{"taxonomy":"category","embeddable":true,"href":"https:\/\/www.oarcanjo.net\/site\/wp-json\/wp\/v2\/categories?post=11753"},{"taxonomy":"post_tag","embeddable":true,"href":"https:\/\/www.oarcanjo.net\/site\/wp-json\/wp\/v2\/tags?post=11753"}],"curies":[{"name":"wp","href":"https:\/\/api.w.org\/{rel}","templated":true}]}}