
{"id":11755,"date":"2017-11-19T00:08:07","date_gmt":"2017-11-19T02:08:07","guid":{"rendered":"http:\/\/www.oarcanjo.net\/site\/?p=11755"},"modified":"2017-07-31T07:23:42","modified_gmt":"2017-07-31T10:23:42","slug":"sao-rafael-de-sao-jose-2","status":"publish","type":"post","link":"https:\/\/www.oarcanjo.net\/site\/sao-rafael-de-sao-jose-2\/","title":{"rendered":"S\u00e3o Rafael de S\u00e3o Jos\u00e9"},"content":{"rendered":"<p><img decoding=\"async\" src=\"http:\/\/1.bp.blogspot.com\/_z-c0Sh5Zlrs\/SK2LoTAQ80I\/AAAAAAAACEE\/G8MdZwgfQ6M\/s400\/S%C3%A3o+Rafael+de+S%C3%A3o+Jos%C3%A9.jpg\" alt=\"\" \/><\/p>\n<p>19 de Novembro<\/p>\n<p>Nascido no dia 1o de setembro de 1835, em Vilna, antiga Litu\u00e2nia, atual Pol\u00f4nia, era filho do casal Andr\u00e9 e Josefina, ambos de fam\u00edlias nobres. Foi batizado com o nome de Jos\u00e9 e educado pelos pais dentro da religi\u00e3o crist\u00e3. Aos oito anos, ingressou no Instituto para os Nobres, da sua cidade natal, onde seu pai era professor e diretor.<\/p>\n<p>Na juventude, pensando em cursar estudos superiores, o pai sugeriu-lhe que freq\u00fcentasse a universidade de agronomia, mas ele preferiu estudar engenharia civil. Em 1852, foi para a R\u00fassia, onde ficou durante dois anos, mas n\u00e3o conseguiu vaga na Universidade de Petersburgo, Ent\u00e3o, matriculou-se na Escola Militar de Engenharia.<\/p>\n<p>A sua f\u00e9 durante a vida juvenil decorreu \u00e0 sombra do Santu\u00e1rio de Nossa Senhora do Carmo. Era um aluno brilhante, mas estudando perdeu a f\u00e9. Em 1855, terminado o curso b\u00e1sico, foi admitido para a Academia Militar Superior. Seus dotes morais e sua intelig\u00eancia realmente eram muito evidenciados Atingiu altos postos na carreira militar, apesar de que n\u00e3o era essa vida que pretendia, mas a Provid\u00eancia Divina o guiava nessa dire\u00e7\u00e3o.<\/p>\n<p>Em janeiro de 1863, apesar de ter renunciado, foi convidado para o cargo de ministro da Guerra da Litu\u00e2nia. Assumiu, porque havia estourado a guerra contra a Pol\u00f4nia, para lutar pela liberdade do seu povo e na\u00e7\u00e3o. Mas, ao mesmo tempo, tamb\u00e9m se reconciliou com a f\u00e9. Nesse mesmo ano se confessou, comungou e iniciou uma vida de intensa espiritualidade e devo\u00e7\u00e3o a Jesus, Jos\u00e9 e Maria.<\/p>\n<p>Os lituanos foram os perdedores e ele acabou prisioneiro. Foi deportado para a Sib\u00e9ria, levando consigo apenas o Evangelho, o livro &#8220;Imita\u00e7\u00e3o de Cristo&#8221; e um crucifixo bento, presente de uma de suas irm\u00e3s. Foram dez anos no campo de concentra\u00e7\u00e3o passados nos trabalhos for\u00e7ados e rezando com seus companheiros.<\/p>\n<p>Libertado e repatriado, entrou na Ordem dos Carmelitas Descal\u00e7os de Graz, aos quarenta e dois anos de idade, em 1877. Vestiu o h\u00e1bito dos carmelitas e tomou o nome de Rafael de S\u00e3o Jos\u00e9, em 1882, quando recebeu a ordena\u00e7\u00e3o sacerdotal.<\/p>\n<p>Distinguiu-se no zelo pela unidade da Igreja e no apostolado infatig\u00e1vel do sacramento da reconcilia\u00e7\u00e3o. Foi trabalhar no Convento de Cezerna, na Pol\u00f4nia, pa\u00eds em que fundou diversas comunidades.<\/p>\n<p>O grande restaurador da Ordem dos Carmelitas na Pol\u00f4nia morreu no dia 15 de novembro de 1907, em Vadovice, cidade natal do papa Jo\u00e3o Paulo II, que o canonizou em 1991. A festa em mem\u00f3ria a s\u00e3o Rafael de S\u00e3o Jos\u00e9 foi indicada para o dia 19 de novembro.<\/p>\n<div id=\"themify_builder_content-11755\" data-postid=\"11755\" class=\"themify_builder_content themify_builder_content-11755 themify_builder themify_builder_front\">\n\t<\/div>\n<!-- \/themify_builder_content -->","protected":false},"excerpt":{"rendered":"<p>19 de Novembro Nascido no dia 1o de setembro de 1835, em Vilna, antiga Litu\u00e2nia, atual Pol\u00f4nia, era filho do casal Andr\u00e9 e Josefina, ambos de fam\u00edlias nobres. Foi batizado com o nome de Jos\u00e9 e educado pelos pais dentro da religi\u00e3o crist\u00e3. Aos oito anos, ingressou no Instituto para os Nobres, da sua cidade [&hellip;]<\/p>\n","protected":false},"author":14,"featured_media":0,"comment_status":"open","ping_status":"open","sticky":false,"template":"","format":"standard","meta":{"ngg_post_thumbnail":0,"footnotes":""},"categories":[186],"tags":[],"yoast_head":"<!-- This site is optimized with the Yoast SEO plugin v23.5 - https:\/\/yoast.com\/wordpress\/plugins\/seo\/ -->\n<title>S\u00e3o Rafael de S\u00e3o Jos\u00e9 - O Arcanjo no ar<\/title>\n<meta name=\"robots\" content=\"index, follow, max-snippet:-1, max-image-preview:large, max-video-preview:-1\" \/>\n<link rel=\"canonical\" href=\"https:\/\/www.oarcanjo.net\/site\/sao-rafael-de-sao-jose-2\/\" \/>\n<meta property=\"og:locale\" content=\"pt_BR\" \/>\n<meta property=\"og:type\" content=\"article\" \/>\n<meta property=\"og:title\" content=\"S\u00e3o Rafael de S\u00e3o Jos\u00e9 - O Arcanjo no ar\" \/>\n<meta property=\"og:description\" content=\"19 de Novembro Nascido no dia 1o de setembro de 1835, em Vilna, antiga Litu\u00e2nia, atual Pol\u00f4nia, era filho do casal Andr\u00e9 e Josefina, ambos de fam\u00edlias nobres. Foi batizado com o nome de Jos\u00e9 e educado pelos pais dentro da religi\u00e3o crist\u00e3. Aos oito anos, ingressou no Instituto para os Nobres, da sua cidade [&hellip;]\" \/>\n<meta property=\"og:url\" content=\"https:\/\/www.oarcanjo.net\/site\/sao-rafael-de-sao-jose-2\/\" \/>\n<meta property=\"og:site_name\" content=\"O Arcanjo no ar\" \/>\n<meta property=\"article:publisher\" content=\"https:\/\/www.facebook.com\/OArcanjoNoAr\/\" \/>\n<meta property=\"article:published_time\" content=\"2017-11-19T02:08:07+00:00\" \/>\n<meta property=\"article:modified_time\" content=\"2017-07-31T10:23:42+00:00\" \/>\n<meta property=\"og:image\" content=\"http:\/\/1.bp.blogspot.com\/_z-c0Sh5Zlrs\/SK2LoTAQ80I\/AAAAAAAACEE\/G8MdZwgfQ6M\/s400\/S%C3%A3o+Rafael+de+S%C3%A3o+Jos%C3%A9.jpg\" \/>\n<meta name=\"author\" content=\"danilo\" \/>\n<meta name=\"twitter:card\" content=\"summary_large_image\" \/>\n<meta name=\"twitter:label1\" content=\"Escrito por\" \/>\n\t<meta name=\"twitter:data1\" content=\"danilo\" \/>\n\t<meta name=\"twitter:label2\" content=\"Est. tempo de leitura\" \/>\n\t<meta name=\"twitter:data2\" content=\"2 minutos\" \/>\n<script type=\"application\/ld+json\" class=\"yoast-schema-graph\">{\"@context\":\"https:\/\/schema.org\",\"@graph\":[{\"@type\":\"Article\",\"@id\":\"https:\/\/www.oarcanjo.net\/site\/sao-rafael-de-sao-jose-2\/#article\",\"isPartOf\":{\"@id\":\"https:\/\/www.oarcanjo.net\/site\/sao-rafael-de-sao-jose-2\/\"},\"author\":{\"name\":\"danilo\",\"@id\":\"https:\/\/www.oarcanjo.net\/site\/#\/schema\/person\/5eb9480bedd2f3c97e430ce128c29c6c\"},\"headline\":\"S\u00e3o Rafael de S\u00e3o Jos\u00e9\",\"datePublished\":\"2017-11-19T02:08:07+00:00\",\"dateModified\":\"2017-07-31T10:23:42+00:00\",\"mainEntityOfPage\":{\"@id\":\"https:\/\/www.oarcanjo.net\/site\/sao-rafael-de-sao-jose-2\/\"},\"wordCount\":451,\"commentCount\":0,\"publisher\":{\"@id\":\"https:\/\/www.oarcanjo.net\/site\/#organization\"},\"image\":{\"@id\":\"https:\/\/www.oarcanjo.net\/site\/sao-rafael-de-sao-jose-2\/#primaryimage\"},\"thumbnailUrl\":\"http:\/\/1.bp.blogspot.com\/_z-c0Sh5Zlrs\/SK2LoTAQ80I\/AAAAAAAACEE\/G8MdZwgfQ6M\/s400\/S%C3%A3o+Rafael+de+S%C3%A3o+Jos%C3%A9.jpg\",\"articleSection\":[\"Testemunhos\"],\"inLanguage\":\"pt-BR\",\"potentialAction\":[{\"@type\":\"CommentAction\",\"name\":\"Comment\",\"target\":[\"https:\/\/www.oarcanjo.net\/site\/sao-rafael-de-sao-jose-2\/#respond\"]}]},{\"@type\":\"WebPage\",\"@id\":\"https:\/\/www.oarcanjo.net\/site\/sao-rafael-de-sao-jose-2\/\",\"url\":\"https:\/\/www.oarcanjo.net\/site\/sao-rafael-de-sao-jose-2\/\",\"name\":\"S\u00e3o Rafael de S\u00e3o Jos\u00e9 - O Arcanjo no ar\",\"isPartOf\":{\"@id\":\"https:\/\/www.oarcanjo.net\/site\/#website\"},\"primaryImageOfPage\":{\"@id\":\"https:\/\/www.oarcanjo.net\/site\/sao-rafael-de-sao-jose-2\/#primaryimage\"},\"image\":{\"@id\":\"https:\/\/www.oarcanjo.net\/site\/sao-rafael-de-sao-jose-2\/#primaryimage\"},\"thumbnailUrl\":\"http:\/\/1.bp.blogspot.com\/_z-c0Sh5Zlrs\/SK2LoTAQ80I\/AAAAAAAACEE\/G8MdZwgfQ6M\/s400\/S%C3%A3o+Rafael+de+S%C3%A3o+Jos%C3%A9.jpg\",\"datePublished\":\"2017-11-19T02:08:07+00:00\",\"dateModified\":\"2017-07-31T10:23:42+00:00\",\"breadcrumb\":{\"@id\":\"https:\/\/www.oarcanjo.net\/site\/sao-rafael-de-sao-jose-2\/#breadcrumb\"},\"inLanguage\":\"pt-BR\",\"potentialAction\":[{\"@type\":\"ReadAction\",\"target\":[\"https:\/\/www.oarcanjo.net\/site\/sao-rafael-de-sao-jose-2\/\"]}]},{\"@type\":\"ImageObject\",\"inLanguage\":\"pt-BR\",\"@id\":\"https:\/\/www.oarcanjo.net\/site\/sao-rafael-de-sao-jose-2\/#primaryimage\",\"url\":\"http:\/\/1.bp.blogspot.com\/_z-c0Sh5Zlrs\/SK2LoTAQ80I\/AAAAAAAACEE\/G8MdZwgfQ6M\/s400\/S%C3%A3o+Rafael+de+S%C3%A3o+Jos%C3%A9.jpg\",\"contentUrl\":\"http:\/\/1.bp.blogspot.com\/_z-c0Sh5Zlrs\/SK2LoTAQ80I\/AAAAAAAACEE\/G8MdZwgfQ6M\/s400\/S%C3%A3o+Rafael+de+S%C3%A3o+Jos%C3%A9.jpg\"},{\"@type\":\"BreadcrumbList\",\"@id\":\"https:\/\/www.oarcanjo.net\/site\/sao-rafael-de-sao-jose-2\/#breadcrumb\",\"itemListElement\":[{\"@type\":\"ListItem\",\"position\":1,\"name\":\"In\u00edcio\",\"item\":\"https:\/\/www.oarcanjo.net\/site\/\"},{\"@type\":\"ListItem\",\"position\":2,\"name\":\"S\u00e3o Rafael de S\u00e3o Jos\u00e9\"}]},{\"@type\":\"WebSite\",\"@id\":\"https:\/\/www.oarcanjo.net\/site\/#website\",\"url\":\"https:\/\/www.oarcanjo.net\/site\/\",\"name\":\"O Arcanjo no ar\",\"description\":\"Site da Par\u00f3quia S\u00e3o Miguel Arcanjo (Arquidiocese de SP)\",\"publisher\":{\"@id\":\"https:\/\/www.oarcanjo.net\/site\/#organization\"},\"potentialAction\":[{\"@type\":\"SearchAction\",\"target\":{\"@type\":\"EntryPoint\",\"urlTemplate\":\"https:\/\/www.oarcanjo.net\/site\/?s={search_term_string}\"},\"query-input\":{\"@type\":\"PropertyValueSpecification\",\"valueRequired\":true,\"valueName\":\"search_term_string\"}}],\"inLanguage\":\"pt-BR\"},{\"@type\":\"Organization\",\"@id\":\"https:\/\/www.oarcanjo.net\/site\/#organization\",\"name\":\"Par\u00f3quia S\u00e3o Miguel Arcanjo\",\"url\":\"https:\/\/www.oarcanjo.net\/site\/\",\"logo\":{\"@type\":\"ImageObject\",\"inLanguage\":\"pt-BR\",\"@id\":\"https:\/\/www.oarcanjo.net\/site\/#\/schema\/logo\/image\/\",\"url\":\"https:\/\/www.oarcanjo.net\/site\/wp-content\/uploads\/LogoOArcanjo.png\",\"contentUrl\":\"https:\/\/www.oarcanjo.net\/site\/wp-content\/uploads\/LogoOArcanjo.png\",\"width\":319,\"height\":99,\"caption\":\"Par\u00f3quia S\u00e3o Miguel Arcanjo\"},\"image\":{\"@id\":\"https:\/\/www.oarcanjo.net\/site\/#\/schema\/logo\/image\/\"},\"sameAs\":[\"https:\/\/www.facebook.com\/OArcanjoNoAr\/\"]},{\"@type\":\"Person\",\"@id\":\"https:\/\/www.oarcanjo.net\/site\/#\/schema\/person\/5eb9480bedd2f3c97e430ce128c29c6c\",\"name\":\"danilo\"}]}<\/script>\n<!-- \/ Yoast SEO plugin. -->","yoast_head_json":{"title":"S\u00e3o Rafael de S\u00e3o Jos\u00e9 - O Arcanjo no ar","robots":{"index":"index","follow":"follow","max-snippet":"max-snippet:-1","max-image-preview":"max-image-preview:large","max-video-preview":"max-video-preview:-1"},"canonical":"https:\/\/www.oarcanjo.net\/site\/sao-rafael-de-sao-jose-2\/","og_locale":"pt_BR","og_type":"article","og_title":"S\u00e3o Rafael de S\u00e3o Jos\u00e9 - O Arcanjo no ar","og_description":"19 de Novembro Nascido no dia 1o de setembro de 1835, em Vilna, antiga Litu\u00e2nia, atual Pol\u00f4nia, era filho do casal Andr\u00e9 e Josefina, ambos de fam\u00edlias nobres. Foi batizado com o nome de Jos\u00e9 e educado pelos pais dentro da religi\u00e3o crist\u00e3. Aos oito anos, ingressou no Instituto para os Nobres, da sua cidade [&hellip;]","og_url":"https:\/\/www.oarcanjo.net\/site\/sao-rafael-de-sao-jose-2\/","og_site_name":"O Arcanjo no ar","article_publisher":"https:\/\/www.facebook.com\/OArcanjoNoAr\/","article_published_time":"2017-11-19T02:08:07+00:00","article_modified_time":"2017-07-31T10:23:42+00:00","og_image":[{"url":"http:\/\/1.bp.blogspot.com\/_z-c0Sh5Zlrs\/SK2LoTAQ80I\/AAAAAAAACEE\/G8MdZwgfQ6M\/s400\/S%C3%A3o+Rafael+de+S%C3%A3o+Jos%C3%A9.jpg"}],"author":"danilo","twitter_card":"summary_large_image","twitter_misc":{"Escrito por":"danilo","Est. tempo de leitura":"2 minutos"},"schema":{"@context":"https:\/\/schema.org","@graph":[{"@type":"Article","@id":"https:\/\/www.oarcanjo.net\/site\/sao-rafael-de-sao-jose-2\/#article","isPartOf":{"@id":"https:\/\/www.oarcanjo.net\/site\/sao-rafael-de-sao-jose-2\/"},"author":{"name":"danilo","@id":"https:\/\/www.oarcanjo.net\/site\/#\/schema\/person\/5eb9480bedd2f3c97e430ce128c29c6c"},"headline":"S\u00e3o Rafael de S\u00e3o Jos\u00e9","datePublished":"2017-11-19T02:08:07+00:00","dateModified":"2017-07-31T10:23:42+00:00","mainEntityOfPage":{"@id":"https:\/\/www.oarcanjo.net\/site\/sao-rafael-de-sao-jose-2\/"},"wordCount":451,"commentCount":0,"publisher":{"@id":"https:\/\/www.oarcanjo.net\/site\/#organization"},"image":{"@id":"https:\/\/www.oarcanjo.net\/site\/sao-rafael-de-sao-jose-2\/#primaryimage"},"thumbnailUrl":"http:\/\/1.bp.blogspot.com\/_z-c0Sh5Zlrs\/SK2LoTAQ80I\/AAAAAAAACEE\/G8MdZwgfQ6M\/s400\/S%C3%A3o+Rafael+de+S%C3%A3o+Jos%C3%A9.jpg","articleSection":["Testemunhos"],"inLanguage":"pt-BR","potentialAction":[{"@type":"CommentAction","name":"Comment","target":["https:\/\/www.oarcanjo.net\/site\/sao-rafael-de-sao-jose-2\/#respond"]}]},{"@type":"WebPage","@id":"https:\/\/www.oarcanjo.net\/site\/sao-rafael-de-sao-jose-2\/","url":"https:\/\/www.oarcanjo.net\/site\/sao-rafael-de-sao-jose-2\/","name":"S\u00e3o Rafael de S\u00e3o Jos\u00e9 - O Arcanjo no ar","isPartOf":{"@id":"https:\/\/www.oarcanjo.net\/site\/#website"},"primaryImageOfPage":{"@id":"https:\/\/www.oarcanjo.net\/site\/sao-rafael-de-sao-jose-2\/#primaryimage"},"image":{"@id":"https:\/\/www.oarcanjo.net\/site\/sao-rafael-de-sao-jose-2\/#primaryimage"},"thumbnailUrl":"http:\/\/1.bp.blogspot.com\/_z-c0Sh5Zlrs\/SK2LoTAQ80I\/AAAAAAAACEE\/G8MdZwgfQ6M\/s400\/S%C3%A3o+Rafael+de+S%C3%A3o+Jos%C3%A9.jpg","datePublished":"2017-11-19T02:08:07+00:00","dateModified":"2017-07-31T10:23:42+00:00","breadcrumb":{"@id":"https:\/\/www.oarcanjo.net\/site\/sao-rafael-de-sao-jose-2\/#breadcrumb"},"inLanguage":"pt-BR","potentialAction":[{"@type":"ReadAction","target":["https:\/\/www.oarcanjo.net\/site\/sao-rafael-de-sao-jose-2\/"]}]},{"@type":"ImageObject","inLanguage":"pt-BR","@id":"https:\/\/www.oarcanjo.net\/site\/sao-rafael-de-sao-jose-2\/#primaryimage","url":"http:\/\/1.bp.blogspot.com\/_z-c0Sh5Zlrs\/SK2LoTAQ80I\/AAAAAAAACEE\/G8MdZwgfQ6M\/s400\/S%C3%A3o+Rafael+de+S%C3%A3o+Jos%C3%A9.jpg","contentUrl":"http:\/\/1.bp.blogspot.com\/_z-c0Sh5Zlrs\/SK2LoTAQ80I\/AAAAAAAACEE\/G8MdZwgfQ6M\/s400\/S%C3%A3o+Rafael+de+S%C3%A3o+Jos%C3%A9.jpg"},{"@type":"BreadcrumbList","@id":"https:\/\/www.oarcanjo.net\/site\/sao-rafael-de-sao-jose-2\/#breadcrumb","itemListElement":[{"@type":"ListItem","position":1,"name":"In\u00edcio","item":"https:\/\/www.oarcanjo.net\/site\/"},{"@type":"ListItem","position":2,"name":"S\u00e3o Rafael de S\u00e3o Jos\u00e9"}]},{"@type":"WebSite","@id":"https:\/\/www.oarcanjo.net\/site\/#website","url":"https:\/\/www.oarcanjo.net\/site\/","name":"O Arcanjo no ar","description":"Site da Par\u00f3quia S\u00e3o Miguel Arcanjo (Arquidiocese de SP)","publisher":{"@id":"https:\/\/www.oarcanjo.net\/site\/#organization"},"potentialAction":[{"@type":"SearchAction","target":{"@type":"EntryPoint","urlTemplate":"https:\/\/www.oarcanjo.net\/site\/?s={search_term_string}"},"query-input":{"@type":"PropertyValueSpecification","valueRequired":true,"valueName":"search_term_string"}}],"inLanguage":"pt-BR"},{"@type":"Organization","@id":"https:\/\/www.oarcanjo.net\/site\/#organization","name":"Par\u00f3quia S\u00e3o Miguel Arcanjo","url":"https:\/\/www.oarcanjo.net\/site\/","logo":{"@type":"ImageObject","inLanguage":"pt-BR","@id":"https:\/\/www.oarcanjo.net\/site\/#\/schema\/logo\/image\/","url":"https:\/\/www.oarcanjo.net\/site\/wp-content\/uploads\/LogoOArcanjo.png","contentUrl":"https:\/\/www.oarcanjo.net\/site\/wp-content\/uploads\/LogoOArcanjo.png","width":319,"height":99,"caption":"Par\u00f3quia S\u00e3o Miguel Arcanjo"},"image":{"@id":"https:\/\/www.oarcanjo.net\/site\/#\/schema\/logo\/image\/"},"sameAs":["https:\/\/www.facebook.com\/OArcanjoNoAr\/"]},{"@type":"Person","@id":"https:\/\/www.oarcanjo.net\/site\/#\/schema\/person\/5eb9480bedd2f3c97e430ce128c29c6c","name":"danilo"}]}},"publishpress_future_action":{"enabled":false,"date":"2026-05-08 16:58:19","action":"category","newStatus":"draft","terms":[],"taxonomy":"category"},"publishpress_future_workflow_manual_trigger":{"enabledWorkflows":[]},"_links":{"self":[{"href":"https:\/\/www.oarcanjo.net\/site\/wp-json\/wp\/v2\/posts\/11755"}],"collection":[{"href":"https:\/\/www.oarcanjo.net\/site\/wp-json\/wp\/v2\/posts"}],"about":[{"href":"https:\/\/www.oarcanjo.net\/site\/wp-json\/wp\/v2\/types\/post"}],"author":[{"embeddable":true,"href":"https:\/\/www.oarcanjo.net\/site\/wp-json\/wp\/v2\/users\/14"}],"replies":[{"embeddable":true,"href":"https:\/\/www.oarcanjo.net\/site\/wp-json\/wp\/v2\/comments?post=11755"}],"version-history":[{"count":0,"href":"https:\/\/www.oarcanjo.net\/site\/wp-json\/wp\/v2\/posts\/11755\/revisions"}],"wp:attachment":[{"href":"https:\/\/www.oarcanjo.net\/site\/wp-json\/wp\/v2\/media?parent=11755"}],"wp:term":[{"taxonomy":"category","embeddable":true,"href":"https:\/\/www.oarcanjo.net\/site\/wp-json\/wp\/v2\/categories?post=11755"},{"taxonomy":"post_tag","embeddable":true,"href":"https:\/\/www.oarcanjo.net\/site\/wp-json\/wp\/v2\/tags?post=11755"}],"curies":[{"name":"wp","href":"https:\/\/api.w.org\/{rel}","templated":true}]}}