
{"id":11765,"date":"2017-11-20T06:47:21","date_gmt":"2017-11-20T08:47:21","guid":{"rendered":"http:\/\/www.oarcanjo.net\/site\/?p=11765"},"modified":"2017-07-31T07:23:50","modified_gmt":"2017-07-31T10:23:50","slug":"sao-felix-de-valois","status":"publish","type":"post","link":"https:\/\/www.oarcanjo.net\/site\/sao-felix-de-valois\/","title":{"rendered":"S\u00e3o F\u00e9lix de Valois"},"content":{"rendered":"<p><img decoding=\"async\" src=\"http:\/\/bp2.blogger.com\/_NIzwPxRWUKk\/Ry-ZIsyzu5I\/AAAAAAAAAFo\/elRGw_ZkL7I\/s400\/S.+F%C3%A9lix01.jpg\" alt=\"\" \/><\/p>\n<p>20 de Novembro<\/p>\n<p>Fundou a Ordem da Sant\u00edssima Trindade &#8220;Padres Trinit\u00e1rios&#8221;<\/p>\n<p>Nascido em Paris em 1127, F\u00e9lix era um pr\u00edncipe da casa real de Valois da Fran\u00e7a. Tinha \u00e0 sua disposi\u00e7\u00e3o todas as regalias da Corte, mas possu\u00eda alma caridosa e despojada de vaidades. Desde a inf\u00e2ncia demonstrou sua voca\u00e7\u00e3o para o sacerd\u00f3cio, pela precoce preocupa\u00e7\u00e3o e cuidado que dispensava aos pobres e necessitados.<\/p>\n<p>Possuidor de grande fortuna pessoal, dava aos pobres tudo o que podia e com freq\u00fc\u00eancia se privava, tamb\u00e9m, do pr\u00f3prio alimento para socorr\u00ea-los. Na juventude, tomou a decis\u00e3o de seguir o chamado de Cristo. Completou os estudos, recebeu a ordena\u00e7\u00e3o sacerdotal e renunciou a todos os direitos dos t\u00edtulos de nobreza e \u00e0s riquezas terrenas. Escolheu ser um monge eremita, pois ansiava a vida solit\u00e1ria e humilde, dedicado somente \u00e0 religi\u00e3o.<\/p>\n<p>Contudo, n\u00e3o conseguiu ficar sozinho por muito tempo. Deus tinha outros planos para ele.<\/p>\n<p>Foi procurado pelo amigo Jo\u00e3o da Mata, doutor e sacerdote, que queria seguir o seu modo de viver a espiritualidade. F\u00e9lix, que lhe conhecia a cultura e intelig\u00eancia, aceitou-o como companheiro e n\u00e3o como disc\u00edpulo. Foram tr\u00eas anos de aprendizado rec\u00edproco, onde se uniram a santidade de F\u00e9lix e a intelig\u00eancia e praticidade de Jo\u00e3o da Mata.<\/p>\n<p>Aqueles eram os tempos das incurs\u00f5es dos piratas que aterrorizavam o mar Mediterr\u00e2neo, assaltando navios e a Europa, atacando e invadindo as cidades portu\u00e1rias. Eram turcos mu\u00e7ulmanos, que se consideravam verdadeiros inimigos do cristianismo, por isso matavam, saqueavam e tamb\u00e9m prendiam os crist\u00e3os sobreviventes para que servissem como escravos.<\/p>\n<p>Certo dia, F\u00e9lix e Jo\u00e3o estavam ca\u00e7ando nos bosques de Cerfroi, onde estavam retirados, quando tiveram a mesma vis\u00e3o divina. Nela, Deus os chamava para lutar pela liberta\u00e7\u00e3o dos crist\u00e3os que sofriam como escravos nas m\u00e3os dos mu\u00e7ulmanos atrav\u00e9s da funda\u00e7\u00e3o de uma Ordem religiosa com tal finalidade. Sem temer o perigo que a miss\u00e3o acarretaria, F\u00e9lix e Jo\u00e3o iniciaram a Obra imediatamente. Foram para Roma exclusivamente para narrar ao papa Inoc\u00eancio III a vis\u00e3o e pedir autoriza\u00e7\u00e3o para criar a Ordem.<\/p>\n<p>O papa, que, segundo consta, tamb\u00e9m tivera aquela vis\u00e3o, reconheceu os dois como os sacerdotes indicados pela Provid\u00eancia Divina. Assim, aprovou e apoiou a cria\u00e7\u00e3o da Ordem da Sant\u00edssima Trindade para a Liberta\u00e7\u00e3o dos Crist\u00e3os, ou &#8220;Padres Trinit\u00e1rios&#8221;. O primeiro convento foi erguido em Cerfroi, local da vis\u00e3o original. Enquanto Jo\u00e3o cuidava da organiza\u00e7\u00e3o da Ordem e de suas atividades apost\u00f3licas, F\u00e9lix trabalhava na forma\u00e7\u00e3o espiritual dos membros, cujo n\u00famero crescia sempre mais, atra\u00eddos pela santidade de F\u00e9lix.<\/p>\n<p>A luta foi \u00e1rdua e dura, mas em pouco tempo recuperaram a liberdade e a condi\u00e7\u00e3o social de muitos crist\u00e3os escravizados. Os padres chegavam a entregar-se como escravos para realizar plenamente o trabalho de resgate. Desse modo, cumpria-se a profecia de outra vis\u00e3o de F\u00e9lix: a de que os padres da Ordem passariam por vexames, persegui\u00e7\u00f5es e maus-tratos para obten\u00e7\u00e3o da liberdade e dignidade de cada um dos crist\u00e3os ent\u00e3o escravizados.<\/p>\n<p>Morreu no ano 1212, na Casa-m\u00e3e da Ordem, o primeiro convento fundado por ele, em Cerfroi. Beatificado em 1666, teve seu culto confirmado para toda a Igreja no final do s\u00e9culo XVII. A celebra\u00e7\u00e3o da mem\u00f3ria de s\u00e3o F\u00e9lix de Valois ocorre no dia 20 de novembro, data que seria a da sua morte.<\/p>\n<div id=\"themify_builder_content-11765\" data-postid=\"11765\" class=\"themify_builder_content themify_builder_content-11765 themify_builder themify_builder_front\">\n\t<\/div>\n<!-- \/themify_builder_content -->","protected":false},"excerpt":{"rendered":"<p>20 de Novembro Fundou a Ordem da Sant\u00edssima Trindade &#8220;Padres Trinit\u00e1rios&#8221; Nascido em Paris em 1127, F\u00e9lix era um pr\u00edncipe da casa real de Valois da Fran\u00e7a. Tinha \u00e0 sua disposi\u00e7\u00e3o todas as regalias da Corte, mas possu\u00eda alma caridosa e despojada de vaidades. Desde a inf\u00e2ncia demonstrou sua voca\u00e7\u00e3o para o sacerd\u00f3cio, pela precoce [&hellip;]<\/p>\n","protected":false},"author":14,"featured_media":0,"comment_status":"open","ping_status":"open","sticky":false,"template":"","format":"standard","meta":{"ngg_post_thumbnail":0,"footnotes":""},"categories":[186],"tags":[],"yoast_head":"<!-- This site is optimized with the Yoast SEO plugin v23.5 - https:\/\/yoast.com\/wordpress\/plugins\/seo\/ -->\n<title>S\u00e3o F\u00e9lix de Valois - O Arcanjo no ar<\/title>\n<meta name=\"robots\" content=\"index, follow, max-snippet:-1, max-image-preview:large, max-video-preview:-1\" \/>\n<link rel=\"canonical\" href=\"https:\/\/www.oarcanjo.net\/site\/sao-felix-de-valois\/\" \/>\n<meta property=\"og:locale\" content=\"pt_BR\" \/>\n<meta property=\"og:type\" content=\"article\" \/>\n<meta property=\"og:title\" content=\"S\u00e3o F\u00e9lix de Valois - O Arcanjo no ar\" \/>\n<meta property=\"og:description\" content=\"20 de Novembro Fundou a Ordem da Sant\u00edssima Trindade &#8220;Padres Trinit\u00e1rios&#8221; Nascido em Paris em 1127, F\u00e9lix era um pr\u00edncipe da casa real de Valois da Fran\u00e7a. Tinha \u00e0 sua disposi\u00e7\u00e3o todas as regalias da Corte, mas possu\u00eda alma caridosa e despojada de vaidades. Desde a inf\u00e2ncia demonstrou sua voca\u00e7\u00e3o para o sacerd\u00f3cio, pela precoce [&hellip;]\" \/>\n<meta property=\"og:url\" content=\"https:\/\/www.oarcanjo.net\/site\/sao-felix-de-valois\/\" \/>\n<meta property=\"og:site_name\" content=\"O Arcanjo no ar\" \/>\n<meta property=\"article:publisher\" content=\"https:\/\/www.facebook.com\/OArcanjoNoAr\/\" \/>\n<meta property=\"article:published_time\" content=\"2017-11-20T08:47:21+00:00\" \/>\n<meta property=\"article:modified_time\" content=\"2017-07-31T10:23:50+00:00\" \/>\n<meta property=\"og:image\" content=\"http:\/\/bp2.blogger.com\/_NIzwPxRWUKk\/Ry-ZIsyzu5I\/AAAAAAAAAFo\/elRGw_ZkL7I\/s400\/S.+F%C3%A9lix01.jpg\" \/>\n<meta name=\"author\" content=\"danilo\" \/>\n<meta name=\"twitter:card\" content=\"summary_large_image\" \/>\n<meta name=\"twitter:label1\" content=\"Escrito por\" \/>\n\t<meta name=\"twitter:data1\" content=\"danilo\" \/>\n\t<meta name=\"twitter:label2\" content=\"Est. tempo de leitura\" \/>\n\t<meta name=\"twitter:data2\" content=\"3 minutos\" \/>\n<script type=\"application\/ld+json\" class=\"yoast-schema-graph\">{\"@context\":\"https:\/\/schema.org\",\"@graph\":[{\"@type\":\"Article\",\"@id\":\"https:\/\/www.oarcanjo.net\/site\/sao-felix-de-valois\/#article\",\"isPartOf\":{\"@id\":\"https:\/\/www.oarcanjo.net\/site\/sao-felix-de-valois\/\"},\"author\":{\"name\":\"danilo\",\"@id\":\"https:\/\/www.oarcanjo.net\/site\/#\/schema\/person\/5eb9480bedd2f3c97e430ce128c29c6c\"},\"headline\":\"S\u00e3o F\u00e9lix de Valois\",\"datePublished\":\"2017-11-20T08:47:21+00:00\",\"dateModified\":\"2017-07-31T10:23:50+00:00\",\"mainEntityOfPage\":{\"@id\":\"https:\/\/www.oarcanjo.net\/site\/sao-felix-de-valois\/\"},\"wordCount\":623,\"commentCount\":0,\"publisher\":{\"@id\":\"https:\/\/www.oarcanjo.net\/site\/#organization\"},\"image\":{\"@id\":\"https:\/\/www.oarcanjo.net\/site\/sao-felix-de-valois\/#primaryimage\"},\"thumbnailUrl\":\"http:\/\/bp2.blogger.com\/_NIzwPxRWUKk\/Ry-ZIsyzu5I\/AAAAAAAAAFo\/elRGw_ZkL7I\/s400\/S.+F%C3%A9lix01.jpg\",\"articleSection\":[\"Testemunhos\"],\"inLanguage\":\"pt-BR\",\"potentialAction\":[{\"@type\":\"CommentAction\",\"name\":\"Comment\",\"target\":[\"https:\/\/www.oarcanjo.net\/site\/sao-felix-de-valois\/#respond\"]}]},{\"@type\":\"WebPage\",\"@id\":\"https:\/\/www.oarcanjo.net\/site\/sao-felix-de-valois\/\",\"url\":\"https:\/\/www.oarcanjo.net\/site\/sao-felix-de-valois\/\",\"name\":\"S\u00e3o F\u00e9lix de Valois - O Arcanjo no ar\",\"isPartOf\":{\"@id\":\"https:\/\/www.oarcanjo.net\/site\/#website\"},\"primaryImageOfPage\":{\"@id\":\"https:\/\/www.oarcanjo.net\/site\/sao-felix-de-valois\/#primaryimage\"},\"image\":{\"@id\":\"https:\/\/www.oarcanjo.net\/site\/sao-felix-de-valois\/#primaryimage\"},\"thumbnailUrl\":\"http:\/\/bp2.blogger.com\/_NIzwPxRWUKk\/Ry-ZIsyzu5I\/AAAAAAAAAFo\/elRGw_ZkL7I\/s400\/S.+F%C3%A9lix01.jpg\",\"datePublished\":\"2017-11-20T08:47:21+00:00\",\"dateModified\":\"2017-07-31T10:23:50+00:00\",\"breadcrumb\":{\"@id\":\"https:\/\/www.oarcanjo.net\/site\/sao-felix-de-valois\/#breadcrumb\"},\"inLanguage\":\"pt-BR\",\"potentialAction\":[{\"@type\":\"ReadAction\",\"target\":[\"https:\/\/www.oarcanjo.net\/site\/sao-felix-de-valois\/\"]}]},{\"@type\":\"ImageObject\",\"inLanguage\":\"pt-BR\",\"@id\":\"https:\/\/www.oarcanjo.net\/site\/sao-felix-de-valois\/#primaryimage\",\"url\":\"http:\/\/bp2.blogger.com\/_NIzwPxRWUKk\/Ry-ZIsyzu5I\/AAAAAAAAAFo\/elRGw_ZkL7I\/s400\/S.+F%C3%A9lix01.jpg\",\"contentUrl\":\"http:\/\/bp2.blogger.com\/_NIzwPxRWUKk\/Ry-ZIsyzu5I\/AAAAAAAAAFo\/elRGw_ZkL7I\/s400\/S.+F%C3%A9lix01.jpg\"},{\"@type\":\"BreadcrumbList\",\"@id\":\"https:\/\/www.oarcanjo.net\/site\/sao-felix-de-valois\/#breadcrumb\",\"itemListElement\":[{\"@type\":\"ListItem\",\"position\":1,\"name\":\"In\u00edcio\",\"item\":\"https:\/\/www.oarcanjo.net\/site\/\"},{\"@type\":\"ListItem\",\"position\":2,\"name\":\"S\u00e3o F\u00e9lix de Valois\"}]},{\"@type\":\"WebSite\",\"@id\":\"https:\/\/www.oarcanjo.net\/site\/#website\",\"url\":\"https:\/\/www.oarcanjo.net\/site\/\",\"name\":\"O Arcanjo no ar\",\"description\":\"Site da Par\u00f3quia S\u00e3o Miguel Arcanjo (Arquidiocese de SP)\",\"publisher\":{\"@id\":\"https:\/\/www.oarcanjo.net\/site\/#organization\"},\"potentialAction\":[{\"@type\":\"SearchAction\",\"target\":{\"@type\":\"EntryPoint\",\"urlTemplate\":\"https:\/\/www.oarcanjo.net\/site\/?s={search_term_string}\"},\"query-input\":{\"@type\":\"PropertyValueSpecification\",\"valueRequired\":true,\"valueName\":\"search_term_string\"}}],\"inLanguage\":\"pt-BR\"},{\"@type\":\"Organization\",\"@id\":\"https:\/\/www.oarcanjo.net\/site\/#organization\",\"name\":\"Par\u00f3quia S\u00e3o Miguel Arcanjo\",\"url\":\"https:\/\/www.oarcanjo.net\/site\/\",\"logo\":{\"@type\":\"ImageObject\",\"inLanguage\":\"pt-BR\",\"@id\":\"https:\/\/www.oarcanjo.net\/site\/#\/schema\/logo\/image\/\",\"url\":\"https:\/\/www.oarcanjo.net\/site\/wp-content\/uploads\/LogoOArcanjo.png\",\"contentUrl\":\"https:\/\/www.oarcanjo.net\/site\/wp-content\/uploads\/LogoOArcanjo.png\",\"width\":319,\"height\":99,\"caption\":\"Par\u00f3quia S\u00e3o Miguel Arcanjo\"},\"image\":{\"@id\":\"https:\/\/www.oarcanjo.net\/site\/#\/schema\/logo\/image\/\"},\"sameAs\":[\"https:\/\/www.facebook.com\/OArcanjoNoAr\/\"]},{\"@type\":\"Person\",\"@id\":\"https:\/\/www.oarcanjo.net\/site\/#\/schema\/person\/5eb9480bedd2f3c97e430ce128c29c6c\",\"name\":\"danilo\"}]}<\/script>\n<!-- \/ Yoast SEO plugin. -->","yoast_head_json":{"title":"S\u00e3o F\u00e9lix de Valois - O Arcanjo no ar","robots":{"index":"index","follow":"follow","max-snippet":"max-snippet:-1","max-image-preview":"max-image-preview:large","max-video-preview":"max-video-preview:-1"},"canonical":"https:\/\/www.oarcanjo.net\/site\/sao-felix-de-valois\/","og_locale":"pt_BR","og_type":"article","og_title":"S\u00e3o F\u00e9lix de Valois - O Arcanjo no ar","og_description":"20 de Novembro Fundou a Ordem da Sant\u00edssima Trindade &#8220;Padres Trinit\u00e1rios&#8221; Nascido em Paris em 1127, F\u00e9lix era um pr\u00edncipe da casa real de Valois da Fran\u00e7a. Tinha \u00e0 sua disposi\u00e7\u00e3o todas as regalias da Corte, mas possu\u00eda alma caridosa e despojada de vaidades. Desde a inf\u00e2ncia demonstrou sua voca\u00e7\u00e3o para o sacerd\u00f3cio, pela precoce [&hellip;]","og_url":"https:\/\/www.oarcanjo.net\/site\/sao-felix-de-valois\/","og_site_name":"O Arcanjo no ar","article_publisher":"https:\/\/www.facebook.com\/OArcanjoNoAr\/","article_published_time":"2017-11-20T08:47:21+00:00","article_modified_time":"2017-07-31T10:23:50+00:00","og_image":[{"url":"http:\/\/bp2.blogger.com\/_NIzwPxRWUKk\/Ry-ZIsyzu5I\/AAAAAAAAAFo\/elRGw_ZkL7I\/s400\/S.+F%C3%A9lix01.jpg"}],"author":"danilo","twitter_card":"summary_large_image","twitter_misc":{"Escrito por":"danilo","Est. tempo de leitura":"3 minutos"},"schema":{"@context":"https:\/\/schema.org","@graph":[{"@type":"Article","@id":"https:\/\/www.oarcanjo.net\/site\/sao-felix-de-valois\/#article","isPartOf":{"@id":"https:\/\/www.oarcanjo.net\/site\/sao-felix-de-valois\/"},"author":{"name":"danilo","@id":"https:\/\/www.oarcanjo.net\/site\/#\/schema\/person\/5eb9480bedd2f3c97e430ce128c29c6c"},"headline":"S\u00e3o F\u00e9lix de Valois","datePublished":"2017-11-20T08:47:21+00:00","dateModified":"2017-07-31T10:23:50+00:00","mainEntityOfPage":{"@id":"https:\/\/www.oarcanjo.net\/site\/sao-felix-de-valois\/"},"wordCount":623,"commentCount":0,"publisher":{"@id":"https:\/\/www.oarcanjo.net\/site\/#organization"},"image":{"@id":"https:\/\/www.oarcanjo.net\/site\/sao-felix-de-valois\/#primaryimage"},"thumbnailUrl":"http:\/\/bp2.blogger.com\/_NIzwPxRWUKk\/Ry-ZIsyzu5I\/AAAAAAAAAFo\/elRGw_ZkL7I\/s400\/S.+F%C3%A9lix01.jpg","articleSection":["Testemunhos"],"inLanguage":"pt-BR","potentialAction":[{"@type":"CommentAction","name":"Comment","target":["https:\/\/www.oarcanjo.net\/site\/sao-felix-de-valois\/#respond"]}]},{"@type":"WebPage","@id":"https:\/\/www.oarcanjo.net\/site\/sao-felix-de-valois\/","url":"https:\/\/www.oarcanjo.net\/site\/sao-felix-de-valois\/","name":"S\u00e3o F\u00e9lix de Valois - O Arcanjo no ar","isPartOf":{"@id":"https:\/\/www.oarcanjo.net\/site\/#website"},"primaryImageOfPage":{"@id":"https:\/\/www.oarcanjo.net\/site\/sao-felix-de-valois\/#primaryimage"},"image":{"@id":"https:\/\/www.oarcanjo.net\/site\/sao-felix-de-valois\/#primaryimage"},"thumbnailUrl":"http:\/\/bp2.blogger.com\/_NIzwPxRWUKk\/Ry-ZIsyzu5I\/AAAAAAAAAFo\/elRGw_ZkL7I\/s400\/S.+F%C3%A9lix01.jpg","datePublished":"2017-11-20T08:47:21+00:00","dateModified":"2017-07-31T10:23:50+00:00","breadcrumb":{"@id":"https:\/\/www.oarcanjo.net\/site\/sao-felix-de-valois\/#breadcrumb"},"inLanguage":"pt-BR","potentialAction":[{"@type":"ReadAction","target":["https:\/\/www.oarcanjo.net\/site\/sao-felix-de-valois\/"]}]},{"@type":"ImageObject","inLanguage":"pt-BR","@id":"https:\/\/www.oarcanjo.net\/site\/sao-felix-de-valois\/#primaryimage","url":"http:\/\/bp2.blogger.com\/_NIzwPxRWUKk\/Ry-ZIsyzu5I\/AAAAAAAAAFo\/elRGw_ZkL7I\/s400\/S.+F%C3%A9lix01.jpg","contentUrl":"http:\/\/bp2.blogger.com\/_NIzwPxRWUKk\/Ry-ZIsyzu5I\/AAAAAAAAAFo\/elRGw_ZkL7I\/s400\/S.+F%C3%A9lix01.jpg"},{"@type":"BreadcrumbList","@id":"https:\/\/www.oarcanjo.net\/site\/sao-felix-de-valois\/#breadcrumb","itemListElement":[{"@type":"ListItem","position":1,"name":"In\u00edcio","item":"https:\/\/www.oarcanjo.net\/site\/"},{"@type":"ListItem","position":2,"name":"S\u00e3o F\u00e9lix de Valois"}]},{"@type":"WebSite","@id":"https:\/\/www.oarcanjo.net\/site\/#website","url":"https:\/\/www.oarcanjo.net\/site\/","name":"O Arcanjo no ar","description":"Site da Par\u00f3quia S\u00e3o Miguel Arcanjo (Arquidiocese de SP)","publisher":{"@id":"https:\/\/www.oarcanjo.net\/site\/#organization"},"potentialAction":[{"@type":"SearchAction","target":{"@type":"EntryPoint","urlTemplate":"https:\/\/www.oarcanjo.net\/site\/?s={search_term_string}"},"query-input":{"@type":"PropertyValueSpecification","valueRequired":true,"valueName":"search_term_string"}}],"inLanguage":"pt-BR"},{"@type":"Organization","@id":"https:\/\/www.oarcanjo.net\/site\/#organization","name":"Par\u00f3quia S\u00e3o Miguel Arcanjo","url":"https:\/\/www.oarcanjo.net\/site\/","logo":{"@type":"ImageObject","inLanguage":"pt-BR","@id":"https:\/\/www.oarcanjo.net\/site\/#\/schema\/logo\/image\/","url":"https:\/\/www.oarcanjo.net\/site\/wp-content\/uploads\/LogoOArcanjo.png","contentUrl":"https:\/\/www.oarcanjo.net\/site\/wp-content\/uploads\/LogoOArcanjo.png","width":319,"height":99,"caption":"Par\u00f3quia S\u00e3o Miguel Arcanjo"},"image":{"@id":"https:\/\/www.oarcanjo.net\/site\/#\/schema\/logo\/image\/"},"sameAs":["https:\/\/www.facebook.com\/OArcanjoNoAr\/"]},{"@type":"Person","@id":"https:\/\/www.oarcanjo.net\/site\/#\/schema\/person\/5eb9480bedd2f3c97e430ce128c29c6c","name":"danilo"}]}},"publishpress_future_action":{"enabled":false,"date":"2026-05-08 16:57:58","action":"category","newStatus":"draft","terms":[],"taxonomy":"category"},"publishpress_future_workflow_manual_trigger":{"enabledWorkflows":[]},"_links":{"self":[{"href":"https:\/\/www.oarcanjo.net\/site\/wp-json\/wp\/v2\/posts\/11765"}],"collection":[{"href":"https:\/\/www.oarcanjo.net\/site\/wp-json\/wp\/v2\/posts"}],"about":[{"href":"https:\/\/www.oarcanjo.net\/site\/wp-json\/wp\/v2\/types\/post"}],"author":[{"embeddable":true,"href":"https:\/\/www.oarcanjo.net\/site\/wp-json\/wp\/v2\/users\/14"}],"replies":[{"embeddable":true,"href":"https:\/\/www.oarcanjo.net\/site\/wp-json\/wp\/v2\/comments?post=11765"}],"version-history":[{"count":0,"href":"https:\/\/www.oarcanjo.net\/site\/wp-json\/wp\/v2\/posts\/11765\/revisions"}],"wp:attachment":[{"href":"https:\/\/www.oarcanjo.net\/site\/wp-json\/wp\/v2\/media?parent=11765"}],"wp:term":[{"taxonomy":"category","embeddable":true,"href":"https:\/\/www.oarcanjo.net\/site\/wp-json\/wp\/v2\/categories?post=11765"},{"taxonomy":"post_tag","embeddable":true,"href":"https:\/\/www.oarcanjo.net\/site\/wp-json\/wp\/v2\/tags?post=11765"}],"curies":[{"name":"wp","href":"https:\/\/api.w.org\/{rel}","templated":true}]}}