
{"id":11769,"date":"2017-11-21T00:49:36","date_gmt":"2017-11-21T02:49:36","guid":{"rendered":"http:\/\/www.oarcanjo.net\/site\/?p=11769"},"modified":"2017-07-31T07:20:11","modified_gmt":"2017-07-31T10:20:11","slug":"sao-gelasio-i","status":"publish","type":"post","link":"https:\/\/www.oarcanjo.net\/site\/sao-gelasio-i\/","title":{"rendered":"S\u00e3o Gel\u00e1sio I"},"content":{"rendered":"<p><img loading=\"lazy\" decoding=\"async\" class=\"alignnone size-full wp-image-55707\" src=\"http:\/\/www.oarcanjo.net\/site\/wp-content\/uploads\/Sao-Gelasio-I.jpg\" alt=\"S\u00e3o Gel\u00e1sio I\" width=\"208\" height=\"212\" \/><\/p>\n<p>21 de Novembro<\/p>\n<p>Nascido em Roma, Gel\u00e1sio era de origem africana, culto, inteligente e dotado de personalidade forte. Crist\u00e3o fervoroso, era conselheiro do papa F\u00e9lix III, que vinha tentando conciliar as igrejas do Ocidente e do Oriente. Em 492, com a morte do papa, ele foi eleito sucessor para dar continuidade a essa pol\u00edtica, o que n\u00e3o conseguiu por causa da oposi\u00e7\u00e3o do imperador Anast\u00e1cio I.<\/p>\n<p>Papa Gel\u00e1sio I muito fez para a manuten\u00e7\u00e3o da doutrina recebida dos ap\u00f3stolos, combatendo e tentando eliminar as heresias dos sacerdotes Mane e Pel\u00e1gio. Foi o primeiro pont\u00edfice a expressar a m\u00e1xima autoridade do bispo de Roma sobre toda a Igreja. Deixou isso claro em uma carta escrita por ele a Anast\u00e1cio I, na qual se faz uma n\u00edtida distin\u00e7\u00e3o entre poder pol\u00edtico e poder religioso.<\/p>\n<p>Tamb\u00e9m desenvolveu um grande trabalho de renova\u00e7\u00e3o lit\u00fargica. Organizou e presidiu o s\u00ednodo de 494, no qual saiu aprovada a grande renova\u00e7\u00e3o lit\u00fargica da Igreja. Assim, ele instituiu o Sacrament\u00e1rio Gelasiano, para uniformizar as fun\u00e7\u00f5es e ritos das v\u00e1rias igrejas. Trata-se do decreto que, levando o seu nome, cont\u00e9m cerca de cinq\u00fcenta pref\u00e1cios lit\u00fargicos, uma colet\u00e2nea de ora\u00e7\u00f5es para recitar durante a missa. Atualmente, esse e os outros decretos que assinou fazem parte do acervo do Museu Brit\u00e2nico.<\/p>\n<p>Papa Gel\u00e1sio I viveu em ora\u00e7\u00e3o e insistia que seus cl\u00e9rigos fizessem o mesmo. Segundo Dion\u00edsio, o Pequeno, ele procurou mais servir do que dominar e morreu pobre, depois de enriquecer os necessitados. Por sua caridade, foi chamado &#8220;papa dos pobres&#8221;. Morreu em 21 de novembro de 496, em Roma.<\/p>\n<div id=\"themify_builder_content-11769\" data-postid=\"11769\" class=\"themify_builder_content themify_builder_content-11769 themify_builder themify_builder_front\">\n\t<\/div>\n<!-- \/themify_builder_content -->","protected":false},"excerpt":{"rendered":"<p>21 de Novembro Nascido em Roma, Gel\u00e1sio era de origem africana, culto, inteligente e dotado de personalidade forte. Crist\u00e3o fervoroso, era conselheiro do papa F\u00e9lix III, que vinha tentando conciliar as igrejas do Ocidente e do Oriente. Em 492, com a morte do papa, ele foi eleito sucessor para dar continuidade a essa pol\u00edtica, o [&hellip;]<\/p>\n","protected":false},"author":14,"featured_media":0,"comment_status":"open","ping_status":"open","sticky":false,"template":"","format":"standard","meta":{"ngg_post_thumbnail":0,"footnotes":""},"categories":[186],"tags":[],"yoast_head":"<!-- This site is optimized with the Yoast SEO plugin v23.5 - https:\/\/yoast.com\/wordpress\/plugins\/seo\/ -->\n<title>S\u00e3o Gel\u00e1sio I - O Arcanjo no ar<\/title>\n<meta name=\"robots\" content=\"index, follow, max-snippet:-1, max-image-preview:large, max-video-preview:-1\" \/>\n<link rel=\"canonical\" href=\"https:\/\/www.oarcanjo.net\/site\/sao-gelasio-i\/\" \/>\n<meta property=\"og:locale\" content=\"pt_BR\" \/>\n<meta property=\"og:type\" content=\"article\" \/>\n<meta property=\"og:title\" content=\"S\u00e3o Gel\u00e1sio I - O Arcanjo no ar\" \/>\n<meta property=\"og:description\" content=\"21 de Novembro Nascido em Roma, Gel\u00e1sio era de origem africana, culto, inteligente e dotado de personalidade forte. Crist\u00e3o fervoroso, era conselheiro do papa F\u00e9lix III, que vinha tentando conciliar as igrejas do Ocidente e do Oriente. Em 492, com a morte do papa, ele foi eleito sucessor para dar continuidade a essa pol\u00edtica, o [&hellip;]\" \/>\n<meta property=\"og:url\" content=\"https:\/\/www.oarcanjo.net\/site\/sao-gelasio-i\/\" \/>\n<meta property=\"og:site_name\" content=\"O Arcanjo no ar\" \/>\n<meta property=\"article:publisher\" content=\"https:\/\/www.facebook.com\/OArcanjoNoAr\/\" \/>\n<meta property=\"article:published_time\" content=\"2017-11-21T02:49:36+00:00\" \/>\n<meta property=\"article:modified_time\" content=\"2017-07-31T10:20:11+00:00\" \/>\n<meta property=\"og:image\" content=\"http:\/\/www.oarcanjo.net\/site\/wp-content\/uploads\/Sao-Gelasio-I.jpg\" \/>\n<meta name=\"author\" content=\"danilo\" \/>\n<meta name=\"twitter:card\" content=\"summary_large_image\" \/>\n<meta name=\"twitter:label1\" content=\"Escrito por\" \/>\n\t<meta name=\"twitter:data1\" content=\"danilo\" \/>\n\t<meta name=\"twitter:label2\" content=\"Est. tempo de leitura\" \/>\n\t<meta name=\"twitter:data2\" content=\"1 minuto\" \/>\n<script type=\"application\/ld+json\" class=\"yoast-schema-graph\">{\"@context\":\"https:\/\/schema.org\",\"@graph\":[{\"@type\":\"Article\",\"@id\":\"https:\/\/www.oarcanjo.net\/site\/sao-gelasio-i\/#article\",\"isPartOf\":{\"@id\":\"https:\/\/www.oarcanjo.net\/site\/sao-gelasio-i\/\"},\"author\":{\"name\":\"danilo\",\"@id\":\"https:\/\/www.oarcanjo.net\/site\/#\/schema\/person\/5eb9480bedd2f3c97e430ce128c29c6c\"},\"headline\":\"S\u00e3o Gel\u00e1sio I\",\"datePublished\":\"2017-11-21T02:49:36+00:00\",\"dateModified\":\"2017-07-31T10:20:11+00:00\",\"mainEntityOfPage\":{\"@id\":\"https:\/\/www.oarcanjo.net\/site\/sao-gelasio-i\/\"},\"wordCount\":297,\"commentCount\":0,\"publisher\":{\"@id\":\"https:\/\/www.oarcanjo.net\/site\/#organization\"},\"image\":{\"@id\":\"https:\/\/www.oarcanjo.net\/site\/sao-gelasio-i\/#primaryimage\"},\"thumbnailUrl\":\"http:\/\/www.oarcanjo.net\/site\/wp-content\/uploads\/Sao-Gelasio-I.jpg\",\"articleSection\":[\"Testemunhos\"],\"inLanguage\":\"pt-BR\",\"potentialAction\":[{\"@type\":\"CommentAction\",\"name\":\"Comment\",\"target\":[\"https:\/\/www.oarcanjo.net\/site\/sao-gelasio-i\/#respond\"]}]},{\"@type\":\"WebPage\",\"@id\":\"https:\/\/www.oarcanjo.net\/site\/sao-gelasio-i\/\",\"url\":\"https:\/\/www.oarcanjo.net\/site\/sao-gelasio-i\/\",\"name\":\"S\u00e3o Gel\u00e1sio I - O Arcanjo no ar\",\"isPartOf\":{\"@id\":\"https:\/\/www.oarcanjo.net\/site\/#website\"},\"primaryImageOfPage\":{\"@id\":\"https:\/\/www.oarcanjo.net\/site\/sao-gelasio-i\/#primaryimage\"},\"image\":{\"@id\":\"https:\/\/www.oarcanjo.net\/site\/sao-gelasio-i\/#primaryimage\"},\"thumbnailUrl\":\"http:\/\/www.oarcanjo.net\/site\/wp-content\/uploads\/Sao-Gelasio-I.jpg\",\"datePublished\":\"2017-11-21T02:49:36+00:00\",\"dateModified\":\"2017-07-31T10:20:11+00:00\",\"breadcrumb\":{\"@id\":\"https:\/\/www.oarcanjo.net\/site\/sao-gelasio-i\/#breadcrumb\"},\"inLanguage\":\"pt-BR\",\"potentialAction\":[{\"@type\":\"ReadAction\",\"target\":[\"https:\/\/www.oarcanjo.net\/site\/sao-gelasio-i\/\"]}]},{\"@type\":\"ImageObject\",\"inLanguage\":\"pt-BR\",\"@id\":\"https:\/\/www.oarcanjo.net\/site\/sao-gelasio-i\/#primaryimage\",\"url\":\"https:\/\/www.oarcanjo.net\/site\/wp-content\/uploads\/Sao-Gelasio-I.jpg\",\"contentUrl\":\"https:\/\/www.oarcanjo.net\/site\/wp-content\/uploads\/Sao-Gelasio-I.jpg\",\"width\":208,\"height\":212,\"caption\":\"S\u00e3o Gel\u00e1sio I\"},{\"@type\":\"BreadcrumbList\",\"@id\":\"https:\/\/www.oarcanjo.net\/site\/sao-gelasio-i\/#breadcrumb\",\"itemListElement\":[{\"@type\":\"ListItem\",\"position\":1,\"name\":\"In\u00edcio\",\"item\":\"https:\/\/www.oarcanjo.net\/site\/\"},{\"@type\":\"ListItem\",\"position\":2,\"name\":\"S\u00e3o Gel\u00e1sio I\"}]},{\"@type\":\"WebSite\",\"@id\":\"https:\/\/www.oarcanjo.net\/site\/#website\",\"url\":\"https:\/\/www.oarcanjo.net\/site\/\",\"name\":\"O Arcanjo no ar\",\"description\":\"Site da Par\u00f3quia S\u00e3o Miguel Arcanjo (Arquidiocese de SP)\",\"publisher\":{\"@id\":\"https:\/\/www.oarcanjo.net\/site\/#organization\"},\"potentialAction\":[{\"@type\":\"SearchAction\",\"target\":{\"@type\":\"EntryPoint\",\"urlTemplate\":\"https:\/\/www.oarcanjo.net\/site\/?s={search_term_string}\"},\"query-input\":{\"@type\":\"PropertyValueSpecification\",\"valueRequired\":true,\"valueName\":\"search_term_string\"}}],\"inLanguage\":\"pt-BR\"},{\"@type\":\"Organization\",\"@id\":\"https:\/\/www.oarcanjo.net\/site\/#organization\",\"name\":\"Par\u00f3quia S\u00e3o Miguel Arcanjo\",\"url\":\"https:\/\/www.oarcanjo.net\/site\/\",\"logo\":{\"@type\":\"ImageObject\",\"inLanguage\":\"pt-BR\",\"@id\":\"https:\/\/www.oarcanjo.net\/site\/#\/schema\/logo\/image\/\",\"url\":\"https:\/\/www.oarcanjo.net\/site\/wp-content\/uploads\/LogoOArcanjo.png\",\"contentUrl\":\"https:\/\/www.oarcanjo.net\/site\/wp-content\/uploads\/LogoOArcanjo.png\",\"width\":319,\"height\":99,\"caption\":\"Par\u00f3quia S\u00e3o Miguel Arcanjo\"},\"image\":{\"@id\":\"https:\/\/www.oarcanjo.net\/site\/#\/schema\/logo\/image\/\"},\"sameAs\":[\"https:\/\/www.facebook.com\/OArcanjoNoAr\/\"]},{\"@type\":\"Person\",\"@id\":\"https:\/\/www.oarcanjo.net\/site\/#\/schema\/person\/5eb9480bedd2f3c97e430ce128c29c6c\",\"name\":\"danilo\"}]}<\/script>\n<!-- \/ Yoast SEO plugin. -->","yoast_head_json":{"title":"S\u00e3o Gel\u00e1sio I - O Arcanjo no ar","robots":{"index":"index","follow":"follow","max-snippet":"max-snippet:-1","max-image-preview":"max-image-preview:large","max-video-preview":"max-video-preview:-1"},"canonical":"https:\/\/www.oarcanjo.net\/site\/sao-gelasio-i\/","og_locale":"pt_BR","og_type":"article","og_title":"S\u00e3o Gel\u00e1sio I - O Arcanjo no ar","og_description":"21 de Novembro Nascido em Roma, Gel\u00e1sio era de origem africana, culto, inteligente e dotado de personalidade forte. Crist\u00e3o fervoroso, era conselheiro do papa F\u00e9lix III, que vinha tentando conciliar as igrejas do Ocidente e do Oriente. Em 492, com a morte do papa, ele foi eleito sucessor para dar continuidade a essa pol\u00edtica, o [&hellip;]","og_url":"https:\/\/www.oarcanjo.net\/site\/sao-gelasio-i\/","og_site_name":"O Arcanjo no ar","article_publisher":"https:\/\/www.facebook.com\/OArcanjoNoAr\/","article_published_time":"2017-11-21T02:49:36+00:00","article_modified_time":"2017-07-31T10:20:11+00:00","og_image":[{"url":"http:\/\/www.oarcanjo.net\/site\/wp-content\/uploads\/Sao-Gelasio-I.jpg"}],"author":"danilo","twitter_card":"summary_large_image","twitter_misc":{"Escrito por":"danilo","Est. tempo de leitura":"1 minuto"},"schema":{"@context":"https:\/\/schema.org","@graph":[{"@type":"Article","@id":"https:\/\/www.oarcanjo.net\/site\/sao-gelasio-i\/#article","isPartOf":{"@id":"https:\/\/www.oarcanjo.net\/site\/sao-gelasio-i\/"},"author":{"name":"danilo","@id":"https:\/\/www.oarcanjo.net\/site\/#\/schema\/person\/5eb9480bedd2f3c97e430ce128c29c6c"},"headline":"S\u00e3o Gel\u00e1sio I","datePublished":"2017-11-21T02:49:36+00:00","dateModified":"2017-07-31T10:20:11+00:00","mainEntityOfPage":{"@id":"https:\/\/www.oarcanjo.net\/site\/sao-gelasio-i\/"},"wordCount":297,"commentCount":0,"publisher":{"@id":"https:\/\/www.oarcanjo.net\/site\/#organization"},"image":{"@id":"https:\/\/www.oarcanjo.net\/site\/sao-gelasio-i\/#primaryimage"},"thumbnailUrl":"http:\/\/www.oarcanjo.net\/site\/wp-content\/uploads\/Sao-Gelasio-I.jpg","articleSection":["Testemunhos"],"inLanguage":"pt-BR","potentialAction":[{"@type":"CommentAction","name":"Comment","target":["https:\/\/www.oarcanjo.net\/site\/sao-gelasio-i\/#respond"]}]},{"@type":"WebPage","@id":"https:\/\/www.oarcanjo.net\/site\/sao-gelasio-i\/","url":"https:\/\/www.oarcanjo.net\/site\/sao-gelasio-i\/","name":"S\u00e3o Gel\u00e1sio I - O Arcanjo no ar","isPartOf":{"@id":"https:\/\/www.oarcanjo.net\/site\/#website"},"primaryImageOfPage":{"@id":"https:\/\/www.oarcanjo.net\/site\/sao-gelasio-i\/#primaryimage"},"image":{"@id":"https:\/\/www.oarcanjo.net\/site\/sao-gelasio-i\/#primaryimage"},"thumbnailUrl":"http:\/\/www.oarcanjo.net\/site\/wp-content\/uploads\/Sao-Gelasio-I.jpg","datePublished":"2017-11-21T02:49:36+00:00","dateModified":"2017-07-31T10:20:11+00:00","breadcrumb":{"@id":"https:\/\/www.oarcanjo.net\/site\/sao-gelasio-i\/#breadcrumb"},"inLanguage":"pt-BR","potentialAction":[{"@type":"ReadAction","target":["https:\/\/www.oarcanjo.net\/site\/sao-gelasio-i\/"]}]},{"@type":"ImageObject","inLanguage":"pt-BR","@id":"https:\/\/www.oarcanjo.net\/site\/sao-gelasio-i\/#primaryimage","url":"https:\/\/www.oarcanjo.net\/site\/wp-content\/uploads\/Sao-Gelasio-I.jpg","contentUrl":"https:\/\/www.oarcanjo.net\/site\/wp-content\/uploads\/Sao-Gelasio-I.jpg","width":208,"height":212,"caption":"S\u00e3o Gel\u00e1sio I"},{"@type":"BreadcrumbList","@id":"https:\/\/www.oarcanjo.net\/site\/sao-gelasio-i\/#breadcrumb","itemListElement":[{"@type":"ListItem","position":1,"name":"In\u00edcio","item":"https:\/\/www.oarcanjo.net\/site\/"},{"@type":"ListItem","position":2,"name":"S\u00e3o Gel\u00e1sio I"}]},{"@type":"WebSite","@id":"https:\/\/www.oarcanjo.net\/site\/#website","url":"https:\/\/www.oarcanjo.net\/site\/","name":"O Arcanjo no ar","description":"Site da Par\u00f3quia S\u00e3o Miguel Arcanjo (Arquidiocese de SP)","publisher":{"@id":"https:\/\/www.oarcanjo.net\/site\/#organization"},"potentialAction":[{"@type":"SearchAction","target":{"@type":"EntryPoint","urlTemplate":"https:\/\/www.oarcanjo.net\/site\/?s={search_term_string}"},"query-input":{"@type":"PropertyValueSpecification","valueRequired":true,"valueName":"search_term_string"}}],"inLanguage":"pt-BR"},{"@type":"Organization","@id":"https:\/\/www.oarcanjo.net\/site\/#organization","name":"Par\u00f3quia S\u00e3o Miguel Arcanjo","url":"https:\/\/www.oarcanjo.net\/site\/","logo":{"@type":"ImageObject","inLanguage":"pt-BR","@id":"https:\/\/www.oarcanjo.net\/site\/#\/schema\/logo\/image\/","url":"https:\/\/www.oarcanjo.net\/site\/wp-content\/uploads\/LogoOArcanjo.png","contentUrl":"https:\/\/www.oarcanjo.net\/site\/wp-content\/uploads\/LogoOArcanjo.png","width":319,"height":99,"caption":"Par\u00f3quia S\u00e3o Miguel Arcanjo"},"image":{"@id":"https:\/\/www.oarcanjo.net\/site\/#\/schema\/logo\/image\/"},"sameAs":["https:\/\/www.facebook.com\/OArcanjoNoAr\/"]},{"@type":"Person","@id":"https:\/\/www.oarcanjo.net\/site\/#\/schema\/person\/5eb9480bedd2f3c97e430ce128c29c6c","name":"danilo"}]}},"publishpress_future_action":{"enabled":false,"date":"2026-05-08 16:58:08","action":"category","newStatus":"draft","terms":[],"taxonomy":"category"},"publishpress_future_workflow_manual_trigger":{"enabledWorkflows":[]},"_links":{"self":[{"href":"https:\/\/www.oarcanjo.net\/site\/wp-json\/wp\/v2\/posts\/11769"}],"collection":[{"href":"https:\/\/www.oarcanjo.net\/site\/wp-json\/wp\/v2\/posts"}],"about":[{"href":"https:\/\/www.oarcanjo.net\/site\/wp-json\/wp\/v2\/types\/post"}],"author":[{"embeddable":true,"href":"https:\/\/www.oarcanjo.net\/site\/wp-json\/wp\/v2\/users\/14"}],"replies":[{"embeddable":true,"href":"https:\/\/www.oarcanjo.net\/site\/wp-json\/wp\/v2\/comments?post=11769"}],"version-history":[{"count":0,"href":"https:\/\/www.oarcanjo.net\/site\/wp-json\/wp\/v2\/posts\/11769\/revisions"}],"wp:attachment":[{"href":"https:\/\/www.oarcanjo.net\/site\/wp-json\/wp\/v2\/media?parent=11769"}],"wp:term":[{"taxonomy":"category","embeddable":true,"href":"https:\/\/www.oarcanjo.net\/site\/wp-json\/wp\/v2\/categories?post=11769"},{"taxonomy":"post_tag","embeddable":true,"href":"https:\/\/www.oarcanjo.net\/site\/wp-json\/wp\/v2\/tags?post=11769"}],"curies":[{"name":"wp","href":"https:\/\/api.w.org\/{rel}","templated":true}]}}