
{"id":1177,"date":"2008-12-23T02:02:00","date_gmt":"2008-12-23T04:02:00","guid":{"rendered":"http:\/\/www.oarcanjo.net\/site\/?p=1177"},"modified":"2008-12-29T12:35:36","modified_gmt":"2008-12-29T14:35:36","slug":"grupo-arco-iris","status":"publish","type":"post","link":"https:\/\/www.oarcanjo.net\/site\/grupo-arco-iris\/","title":{"rendered":"Grupo Arco-\u00cdris"},"content":{"rendered":"<p>Foi com muita emo\u00e7\u00e3o e alegria que encerramos nossa novena de Natal. Tivemos momentos de reflex\u00e3o ao comentarmos as passagens B\u00edblicas, momentos de ora\u00e7\u00e3o, pois as pessoas que preferem ouvir, esperam com ansiedade que rezemos 1 ou 2 dezenas do ter\u00e7o, o que nunca deixamos de faz\u00ea-lo; momentos de alegria com o nascimento do Victor, e tamb\u00e9m momentos de tristeza com a falta das nossas queridas irm\u00e3zinhas, a Dada e a dona Antonia.<\/p>\n<p>Contamos com a presen\u00e7a das nossas irm\u00e3s do CDHU, por\u00e9m ficamos tristes com a mudan\u00e7a de Dilva (t\u00e3o querida), mas ela disse que est\u00e1 indo para uma vida melhor junto com os parentes em Arapiraca. A Cleonice, Rita, D. Maria, a L\u00facia e as novatas Bete e D. Luiza e enfim nossa turminha de sempre.<\/p>\n<p>Como todos os anos, nosso gesto concreto encabe\u00e7ado pela Ritinha, foi a arrecada\u00e7\u00e3o de produtos de higiene pessoal para ser entregue no Amparo Maternal. \u00c9 uma entidade que tem muitas dificuldades, pois atende somente m\u00e3es carentes.<\/p>\n<p>No final a D. Diva e a Bete prepararam uma mesa com doces e salgados, e foi uma alegria.<\/p>\n<p>N\u00f3s nos comprometemos a nos encontrar no pr\u00f3ximo ano, pois o nome do nosso grupo \u00e9 &#8220;Arco-\u00cdris&#8221;.<\/p>\n<p>Deus fez uma alian\u00e7a com seu povo de nunca abandon\u00e1-lo, e usou o Arco-\u00cdris como sinal. N\u00f3s aceitamos essa alian\u00e7a e nosso grupo perdura h\u00e1 24 anos.<\/p>\n<p>Que Deus nos aben\u00e7oe, para termos sa\u00fade e \u00e2nimo para n\u00e3o quebrar a alian\u00e7a. Vejam as fotos de nosso encontro abaixo.<\/p>ngg_shortcode_0_placeholder<div id=\"themify_builder_content-1177\" data-postid=\"1177\" class=\"themify_builder_content themify_builder_content-1177 themify_builder themify_builder_front\">\n\t<\/div>\n<!-- \/themify_builder_content -->","protected":false},"excerpt":{"rendered":"<p>Foi com muita emo\u00e7\u00e3o e alegria que encerramos nossa novena de Natal. Tivemos momentos de reflex\u00e3o ao comentarmos as passagens B\u00edblicas, momentos de ora\u00e7\u00e3o, pois as pessoas que preferem ouvir, esperam com ansiedade que rezemos 1 ou 2 dezenas do ter\u00e7o, o que nunca deixamos de faz\u00ea-lo; momentos de alegria com o nascimento do Victor, [&hellip;]<\/p>\n","protected":false},"author":5,"featured_media":0,"comment_status":"open","ping_status":"open","sticky":false,"template":"","format":"standard","meta":{"ngg_post_thumbnail":0,"footnotes":""},"categories":[7],"tags":[159],"yoast_head":"<!-- This site is optimized with the Yoast SEO plugin v23.5 - https:\/\/yoast.com\/wordpress\/plugins\/seo\/ -->\n<title>Grupo Arco-\u00cdris - O Arcanjo no ar<\/title>\n<meta name=\"robots\" content=\"index, follow, max-snippet:-1, max-image-preview:large, max-video-preview:-1\" \/>\n<link rel=\"canonical\" href=\"https:\/\/www.oarcanjo.net\/site\/grupo-arco-iris\/\" \/>\n<meta property=\"og:locale\" content=\"pt_BR\" \/>\n<meta property=\"og:type\" content=\"article\" \/>\n<meta property=\"og:title\" content=\"Grupo Arco-\u00cdris - O Arcanjo no ar\" \/>\n<meta property=\"og:description\" content=\"Foi com muita emo\u00e7\u00e3o e alegria que encerramos nossa novena de Natal. Tivemos momentos de reflex\u00e3o ao comentarmos as passagens B\u00edblicas, momentos de ora\u00e7\u00e3o, pois as pessoas que preferem ouvir, esperam com ansiedade que rezemos 1 ou 2 dezenas do ter\u00e7o, o que nunca deixamos de faz\u00ea-lo; momentos de alegria com o nascimento do Victor, [&hellip;]\" \/>\n<meta property=\"og:url\" content=\"https:\/\/www.oarcanjo.net\/site\/grupo-arco-iris\/\" \/>\n<meta property=\"og:site_name\" content=\"O Arcanjo no ar\" \/>\n<meta property=\"article:publisher\" content=\"https:\/\/www.facebook.com\/OArcanjoNoAr\/\" \/>\n<meta property=\"article:published_time\" content=\"2008-12-23T04:02:00+00:00\" \/>\n<meta property=\"article:modified_time\" content=\"2008-12-29T14:35:36+00:00\" \/>\n<meta property=\"og:image\" content=\"https:\/\/www.oarcanjo.net\/site\/wp-content\/uploads\/banner-gruporua-150x150.jpg\" \/>\n<meta name=\"author\" content=\"editor\" \/>\n<meta name=\"twitter:card\" content=\"summary_large_image\" \/>\n<meta name=\"twitter:label1\" content=\"Escrito por\" \/>\n\t<meta name=\"twitter:data1\" content=\"editor\" \/>\n\t<meta name=\"twitter:label2\" content=\"Est. tempo de leitura\" \/>\n\t<meta name=\"twitter:data2\" content=\"1 minuto\" \/>\n<script type=\"application\/ld+json\" class=\"yoast-schema-graph\">{\"@context\":\"https:\/\/schema.org\",\"@graph\":[{\"@type\":\"Article\",\"@id\":\"https:\/\/www.oarcanjo.net\/site\/grupo-arco-iris\/#article\",\"isPartOf\":{\"@id\":\"https:\/\/www.oarcanjo.net\/site\/grupo-arco-iris\/\"},\"author\":{\"name\":\"editor\",\"@id\":\"https:\/\/www.oarcanjo.net\/site\/#\/schema\/person\/f7024d007863202483a31326673a0838\"},\"headline\":\"Grupo Arco-\u00cdris\",\"datePublished\":\"2008-12-23T04:02:00+00:00\",\"dateModified\":\"2008-12-29T14:35:36+00:00\",\"mainEntityOfPage\":{\"@id\":\"https:\/\/www.oarcanjo.net\/site\/grupo-arco-iris\/\"},\"wordCount\":276,\"commentCount\":1,\"publisher\":{\"@id\":\"https:\/\/www.oarcanjo.net\/site\/#organization\"},\"keywords\":[\"Grupo de rua\"],\"articleSection\":[\"Rosto da comunidade\"],\"inLanguage\":\"pt-BR\",\"potentialAction\":[{\"@type\":\"CommentAction\",\"name\":\"Comment\",\"target\":[\"https:\/\/www.oarcanjo.net\/site\/grupo-arco-iris\/#respond\"]}]},{\"@type\":\"WebPage\",\"@id\":\"https:\/\/www.oarcanjo.net\/site\/grupo-arco-iris\/\",\"url\":\"https:\/\/www.oarcanjo.net\/site\/grupo-arco-iris\/\",\"name\":\"Grupo Arco-\u00cdris - O Arcanjo no ar\",\"isPartOf\":{\"@id\":\"https:\/\/www.oarcanjo.net\/site\/#website\"},\"datePublished\":\"2008-12-23T04:02:00+00:00\",\"dateModified\":\"2008-12-29T14:35:36+00:00\",\"breadcrumb\":{\"@id\":\"https:\/\/www.oarcanjo.net\/site\/grupo-arco-iris\/#breadcrumb\"},\"inLanguage\":\"pt-BR\",\"potentialAction\":[{\"@type\":\"ReadAction\",\"target\":[\"https:\/\/www.oarcanjo.net\/site\/grupo-arco-iris\/\"]}]},{\"@type\":\"BreadcrumbList\",\"@id\":\"https:\/\/www.oarcanjo.net\/site\/grupo-arco-iris\/#breadcrumb\",\"itemListElement\":[{\"@type\":\"ListItem\",\"position\":1,\"name\":\"In\u00edcio\",\"item\":\"https:\/\/www.oarcanjo.net\/site\/\"},{\"@type\":\"ListItem\",\"position\":2,\"name\":\"Grupo Arco-\u00cdris\"}]},{\"@type\":\"WebSite\",\"@id\":\"https:\/\/www.oarcanjo.net\/site\/#website\",\"url\":\"https:\/\/www.oarcanjo.net\/site\/\",\"name\":\"O Arcanjo no ar\",\"description\":\"Site da Par\u00f3quia S\u00e3o Miguel Arcanjo (Arquidiocese de SP)\",\"publisher\":{\"@id\":\"https:\/\/www.oarcanjo.net\/site\/#organization\"},\"potentialAction\":[{\"@type\":\"SearchAction\",\"target\":{\"@type\":\"EntryPoint\",\"urlTemplate\":\"https:\/\/www.oarcanjo.net\/site\/?s={search_term_string}\"},\"query-input\":{\"@type\":\"PropertyValueSpecification\",\"valueRequired\":true,\"valueName\":\"search_term_string\"}}],\"inLanguage\":\"pt-BR\"},{\"@type\":\"Organization\",\"@id\":\"https:\/\/www.oarcanjo.net\/site\/#organization\",\"name\":\"Par\u00f3quia S\u00e3o Miguel Arcanjo\",\"url\":\"https:\/\/www.oarcanjo.net\/site\/\",\"logo\":{\"@type\":\"ImageObject\",\"inLanguage\":\"pt-BR\",\"@id\":\"https:\/\/www.oarcanjo.net\/site\/#\/schema\/logo\/image\/\",\"url\":\"https:\/\/www.oarcanjo.net\/site\/wp-content\/uploads\/LogoOArcanjo.png\",\"contentUrl\":\"https:\/\/www.oarcanjo.net\/site\/wp-content\/uploads\/LogoOArcanjo.png\",\"width\":319,\"height\":99,\"caption\":\"Par\u00f3quia S\u00e3o Miguel Arcanjo\"},\"image\":{\"@id\":\"https:\/\/www.oarcanjo.net\/site\/#\/schema\/logo\/image\/\"},\"sameAs\":[\"https:\/\/www.facebook.com\/OArcanjoNoAr\/\"]},{\"@type\":\"Person\",\"@id\":\"https:\/\/www.oarcanjo.net\/site\/#\/schema\/person\/f7024d007863202483a31326673a0838\",\"name\":\"editor\",\"sameAs\":[\"http:\/\/www.oarcanjo.net\"]}]}<\/script>\n<!-- \/ Yoast SEO plugin. -->","yoast_head_json":{"title":"Grupo Arco-\u00cdris - O Arcanjo no ar","robots":{"index":"index","follow":"follow","max-snippet":"max-snippet:-1","max-image-preview":"max-image-preview:large","max-video-preview":"max-video-preview:-1"},"canonical":"https:\/\/www.oarcanjo.net\/site\/grupo-arco-iris\/","og_locale":"pt_BR","og_type":"article","og_title":"Grupo Arco-\u00cdris - O Arcanjo no ar","og_description":"Foi com muita emo\u00e7\u00e3o e alegria que encerramos nossa novena de Natal. Tivemos momentos de reflex\u00e3o ao comentarmos as passagens B\u00edblicas, momentos de ora\u00e7\u00e3o, pois as pessoas que preferem ouvir, esperam com ansiedade que rezemos 1 ou 2 dezenas do ter\u00e7o, o que nunca deixamos de faz\u00ea-lo; momentos de alegria com o nascimento do Victor, [&hellip;]","og_url":"https:\/\/www.oarcanjo.net\/site\/grupo-arco-iris\/","og_site_name":"O Arcanjo no ar","article_publisher":"https:\/\/www.facebook.com\/OArcanjoNoAr\/","article_published_time":"2008-12-23T04:02:00+00:00","article_modified_time":"2008-12-29T14:35:36+00:00","og_image":[{"url":"https:\/\/www.oarcanjo.net\/site\/wp-content\/uploads\/banner-gruporua-150x150.jpg"}],"author":"editor","twitter_card":"summary_large_image","twitter_misc":{"Escrito por":"editor","Est. tempo de leitura":"1 minuto"},"schema":{"@context":"https:\/\/schema.org","@graph":[{"@type":"Article","@id":"https:\/\/www.oarcanjo.net\/site\/grupo-arco-iris\/#article","isPartOf":{"@id":"https:\/\/www.oarcanjo.net\/site\/grupo-arco-iris\/"},"author":{"name":"editor","@id":"https:\/\/www.oarcanjo.net\/site\/#\/schema\/person\/f7024d007863202483a31326673a0838"},"headline":"Grupo Arco-\u00cdris","datePublished":"2008-12-23T04:02:00+00:00","dateModified":"2008-12-29T14:35:36+00:00","mainEntityOfPage":{"@id":"https:\/\/www.oarcanjo.net\/site\/grupo-arco-iris\/"},"wordCount":276,"commentCount":1,"publisher":{"@id":"https:\/\/www.oarcanjo.net\/site\/#organization"},"keywords":["Grupo de rua"],"articleSection":["Rosto da comunidade"],"inLanguage":"pt-BR","potentialAction":[{"@type":"CommentAction","name":"Comment","target":["https:\/\/www.oarcanjo.net\/site\/grupo-arco-iris\/#respond"]}]},{"@type":"WebPage","@id":"https:\/\/www.oarcanjo.net\/site\/grupo-arco-iris\/","url":"https:\/\/www.oarcanjo.net\/site\/grupo-arco-iris\/","name":"Grupo Arco-\u00cdris - O Arcanjo no ar","isPartOf":{"@id":"https:\/\/www.oarcanjo.net\/site\/#website"},"datePublished":"2008-12-23T04:02:00+00:00","dateModified":"2008-12-29T14:35:36+00:00","breadcrumb":{"@id":"https:\/\/www.oarcanjo.net\/site\/grupo-arco-iris\/#breadcrumb"},"inLanguage":"pt-BR","potentialAction":[{"@type":"ReadAction","target":["https:\/\/www.oarcanjo.net\/site\/grupo-arco-iris\/"]}]},{"@type":"BreadcrumbList","@id":"https:\/\/www.oarcanjo.net\/site\/grupo-arco-iris\/#breadcrumb","itemListElement":[{"@type":"ListItem","position":1,"name":"In\u00edcio","item":"https:\/\/www.oarcanjo.net\/site\/"},{"@type":"ListItem","position":2,"name":"Grupo Arco-\u00cdris"}]},{"@type":"WebSite","@id":"https:\/\/www.oarcanjo.net\/site\/#website","url":"https:\/\/www.oarcanjo.net\/site\/","name":"O Arcanjo no ar","description":"Site da Par\u00f3quia S\u00e3o Miguel Arcanjo (Arquidiocese de SP)","publisher":{"@id":"https:\/\/www.oarcanjo.net\/site\/#organization"},"potentialAction":[{"@type":"SearchAction","target":{"@type":"EntryPoint","urlTemplate":"https:\/\/www.oarcanjo.net\/site\/?s={search_term_string}"},"query-input":{"@type":"PropertyValueSpecification","valueRequired":true,"valueName":"search_term_string"}}],"inLanguage":"pt-BR"},{"@type":"Organization","@id":"https:\/\/www.oarcanjo.net\/site\/#organization","name":"Par\u00f3quia S\u00e3o Miguel Arcanjo","url":"https:\/\/www.oarcanjo.net\/site\/","logo":{"@type":"ImageObject","inLanguage":"pt-BR","@id":"https:\/\/www.oarcanjo.net\/site\/#\/schema\/logo\/image\/","url":"https:\/\/www.oarcanjo.net\/site\/wp-content\/uploads\/LogoOArcanjo.png","contentUrl":"https:\/\/www.oarcanjo.net\/site\/wp-content\/uploads\/LogoOArcanjo.png","width":319,"height":99,"caption":"Par\u00f3quia S\u00e3o Miguel Arcanjo"},"image":{"@id":"https:\/\/www.oarcanjo.net\/site\/#\/schema\/logo\/image\/"},"sameAs":["https:\/\/www.facebook.com\/OArcanjoNoAr\/"]},{"@type":"Person","@id":"https:\/\/www.oarcanjo.net\/site\/#\/schema\/person\/f7024d007863202483a31326673a0838","name":"editor","sameAs":["http:\/\/www.oarcanjo.net"]}]}},"publishpress_future_action":{"enabled":false,"date":"2026-05-08 21:43:10","action":"category","newStatus":"draft","terms":[],"taxonomy":"category"},"publishpress_future_workflow_manual_trigger":{"enabledWorkflows":[]},"_links":{"self":[{"href":"https:\/\/www.oarcanjo.net\/site\/wp-json\/wp\/v2\/posts\/1177"}],"collection":[{"href":"https:\/\/www.oarcanjo.net\/site\/wp-json\/wp\/v2\/posts"}],"about":[{"href":"https:\/\/www.oarcanjo.net\/site\/wp-json\/wp\/v2\/types\/post"}],"author":[{"embeddable":true,"href":"https:\/\/www.oarcanjo.net\/site\/wp-json\/wp\/v2\/users\/5"}],"replies":[{"embeddable":true,"href":"https:\/\/www.oarcanjo.net\/site\/wp-json\/wp\/v2\/comments?post=1177"}],"version-history":[{"count":0,"href":"https:\/\/www.oarcanjo.net\/site\/wp-json\/wp\/v2\/posts\/1177\/revisions"}],"wp:attachment":[{"href":"https:\/\/www.oarcanjo.net\/site\/wp-json\/wp\/v2\/media?parent=1177"}],"wp:term":[{"taxonomy":"category","embeddable":true,"href":"https:\/\/www.oarcanjo.net\/site\/wp-json\/wp\/v2\/categories?post=1177"},{"taxonomy":"post_tag","embeddable":true,"href":"https:\/\/www.oarcanjo.net\/site\/wp-json\/wp\/v2\/tags?post=1177"}],"curies":[{"name":"wp","href":"https:\/\/api.w.org\/{rel}","templated":true}]}}