
{"id":11771,"date":"2017-11-22T00:51:56","date_gmt":"2017-11-22T02:51:56","guid":{"rendered":"http:\/\/www.oarcanjo.net\/site\/?p=11771"},"modified":"2017-07-31T07:20:19","modified_gmt":"2017-07-31T10:20:19","slug":"santa-cecilia-2","status":"publish","type":"post","link":"https:\/\/www.oarcanjo.net\/site\/santa-cecilia-2\/","title":{"rendered":"Santa Cec\u00edlia"},"content":{"rendered":"<p><img loading=\"lazy\" decoding=\"async\" src=\"http:\/\/upload.wikimedia.org\/wikipedia\/commons\/d\/da\/Matteo_rosselli,_santa_cecilia,_1615-20.JPG\" alt=\"\" width=\"305\" height=\"491\" \/><\/p>\n<p>22 de Novembro<\/p>\n<p>Certa vez, o cardeal brasileiro dom Paulo Evaristo Arns assim definiu a arte musical: &#8220;A m\u00fasica, que eleva a palavra e o sentimento at\u00e9 a sua \u00faltima express\u00e3o humana, interpreta o nosso cora\u00e7\u00e3o e nos une ao Deus de toda beleza e bondade&#8221;. Podemos dizer que, na verdade, com suas palavras ele nos traduziu a vida da m\u00e1rtir santa Cec\u00edlia.<\/p>\n<p>A sua vida foi m\u00fasica pura, cuja letra se tornou uma tradi\u00e7\u00e3o crist\u00e3 e cujos mist\u00e9rios at\u00e9 hoje elevam os sentimentos de nossa alma a Deus. Era de fam\u00edlia romana pag\u00e3, nobre, rica e influente. Estudiosa, adorava estudar m\u00fasica, principalmente a sacra, filosofia e o Evangelho. Desde a inf\u00e2ncia era muito religiosa e, por decis\u00e3o pr\u00f3pria, afastou-se dos prazeres da vida da Corte, para ser esposa de Cristo, pelo voto secreto de virgindade. Os pais, acreditando que ela mudaria de id\u00e9ia, acertaram seu casamento com Valeriano, tamb\u00e9m da nobreza romana. Ao receber a triste not\u00edcia, Cec\u00edlia rezou pedindo prote\u00e7\u00e3o do seu anjo da guarda, de Maria e de Deus, para n\u00e3o romper com o voto.<\/p>\n<p>Ap\u00f3s as n\u00fapcias, Cec\u00edlia contou ao marido que era crist\u00e3 e do seu compromisso de castidade. Disse, ainda, que para isso estava sob a guarda de um anjo. Valeriano ficou comovido com a sinceridade da esposa e prometeu tamb\u00e9m proteger sua pureza. Mas para isso queria ver tal anjo. Ela o aconselhou a visitar o papa Urbano, que, devido \u00e0 persegui\u00e7\u00e3o, estava refugiado nas catacumbas. O jovem esposo foi acompanhado de seu irm\u00e3o Tib\u00farcio, ficou sabendo que antes era preciso acreditar na Palavra. Os dois ouviram a longa prega\u00e7\u00e3o e, no final, converteram-se e foram batizados. Valeriano cumpriu a promessa. Depois, um dia, ao chegar em casa, viu Cec\u00edlia rezando e, ao seu lado, o anjo da guarda.<\/p>\n<p>Entretanto a den\u00fancia de que Cec\u00edlia era crist\u00e3 e da convers\u00e3o do marido e do cunhado chegou \u00e0s autoridades romanas. Os tr\u00eas foram presos, ela em sua casa, os dois, quando ajudavam a sepultar os corpos dos m\u00e1rtires nas catacumbas. Julgados, recusaram-se a renegar a f\u00e9 e foram decapitados. Primeiro, Valeriano e Tur\u00edbio, por \u00faltimo, Cec\u00edlia.<\/p>\n<p>O prefeito de Roma falou com ela em considera\u00e7\u00e3o \u00e0s fam\u00edlias ilustres a que pertenciam, e exigiu que abandonassem a religi\u00e3o, sob pena de morte. Como Cec\u00edlia se negou, foi colocada no pr\u00f3prio balne\u00e1rio do seu palacete, para morrer asfixiada pelos vapores. Mas saiu ilesa. Ent\u00e3o foi tentada a decapita\u00e7\u00e3o. O carrasco a golpeou tr\u00eas vezes e, mesmo assim, sua cabe\u00e7a permaneceu ligada ao corpo. Mortalmente ferida, ficou no ch\u00e3o tr\u00eas dias, durante os quais animou os crist\u00e3os que foram v\u00ea-la a n\u00e3o renegarem a f\u00e9. Os soldados pag\u00e3os que presenciaram tudo se converteram.<\/p>\n<p>O seu corpo foi enterrado nas catacumbas romanas. Mais tarde, devido \u00e0s sucessivas invas\u00f5es ocorridas em Roma, as rel\u00edquias de v\u00e1rios m\u00e1rtires sepultadas l\u00e1 foram trasladadas para in\u00fameras igrejas. As suas, entretanto, permaneceram perdidas naquelas ru\u00ednas por muitos s\u00e9culos. Mas no terreno do seu antigo pal\u00e1cio foi constru\u00edda a igreja de Santa Cec\u00edlia, onde era celebrada a sua mem\u00f3ria no dia 22 de novembro j\u00e1 no s\u00e9culo VI.<\/p>\n<p>Entre os anos 817 e 824, o papa Pascoal I teve uma vis\u00e3o de santa Cec\u00edlia e o seu caix\u00e3o foi encontrado e aberto. E constatou-se, ent\u00e3o, que seu corpo permanecera intacto. Depois, foi fechado e colocado numa urna de m\u00e1rmore sob o altar daquela igreja dedicada a ela. Outros s\u00e9culos se passaram. Em 1559, o cardeal Sfondrati ordenou nova abertura do esquife e viu-se que o corpo permanecia da mesma forma.<\/p>\n<p>A devo\u00e7\u00e3o \u00e0 sua santidade avan\u00e7ou pelos s\u00e9culos sempre acompanhada de incont\u00e1veis milagres. Santa Cec\u00edlia \u00e9 uma das mais veneradas pelos fi\u00e9is crist\u00e3os, do Ocidente e do Oriente, na sua tradicional festa do dia 22 de novembro. O seu nome vem citado no c\u00e2non da missa e desde o s\u00e9culo XV \u00e9 celebrada como padroeira da m\u00fasica e do canto sacro.<\/p>\n<p><img decoding=\"async\" src=\"http:\/\/dignaoltra.blogspot.es\/img\/santacecilia.jpg\" alt=\"\" \/><img loading=\"lazy\" decoding=\"async\" src=\"http:\/\/blog.cancaonova.com\/revolucaojesus\/files\/2007\/11\/sch00332-santa-cecilia.jpg\" alt=\"\" width=\"532\" height=\"534\" \/><\/p>\n<p>A es\u00e1tua de marmore retrata exatamente como Santa Cec\u00edlia foi encontrada.<\/p>\n<div id=\"themify_builder_content-11771\" data-postid=\"11771\" class=\"themify_builder_content themify_builder_content-11771 themify_builder themify_builder_front\">\n\t<\/div>\n<!-- \/themify_builder_content -->","protected":false},"excerpt":{"rendered":"<p>22 de Novembro Certa vez, o cardeal brasileiro dom Paulo Evaristo Arns assim definiu a arte musical: &#8220;A m\u00fasica, que eleva a palavra e o sentimento at\u00e9 a sua \u00faltima express\u00e3o humana, interpreta o nosso cora\u00e7\u00e3o e nos une ao Deus de toda beleza e bondade&#8221;. Podemos dizer que, na verdade, com suas palavras ele [&hellip;]<\/p>\n","protected":false},"author":14,"featured_media":0,"comment_status":"open","ping_status":"open","sticky":false,"template":"","format":"standard","meta":{"ngg_post_thumbnail":0,"footnotes":""},"categories":[186],"tags":[],"yoast_head":"<!-- This site is optimized with the Yoast SEO plugin v23.5 - https:\/\/yoast.com\/wordpress\/plugins\/seo\/ -->\n<title>Santa Cec\u00edlia - O Arcanjo no ar<\/title>\n<meta name=\"robots\" content=\"index, follow, max-snippet:-1, max-image-preview:large, max-video-preview:-1\" \/>\n<link rel=\"canonical\" href=\"https:\/\/www.oarcanjo.net\/site\/santa-cecilia-2\/\" \/>\n<meta property=\"og:locale\" content=\"pt_BR\" \/>\n<meta property=\"og:type\" content=\"article\" \/>\n<meta property=\"og:title\" content=\"Santa Cec\u00edlia - O Arcanjo no ar\" \/>\n<meta property=\"og:description\" content=\"22 de Novembro Certa vez, o cardeal brasileiro dom Paulo Evaristo Arns assim definiu a arte musical: &#8220;A m\u00fasica, que eleva a palavra e o sentimento at\u00e9 a sua \u00faltima express\u00e3o humana, interpreta o nosso cora\u00e7\u00e3o e nos une ao Deus de toda beleza e bondade&#8221;. Podemos dizer que, na verdade, com suas palavras ele [&hellip;]\" \/>\n<meta property=\"og:url\" content=\"https:\/\/www.oarcanjo.net\/site\/santa-cecilia-2\/\" \/>\n<meta property=\"og:site_name\" content=\"O Arcanjo no ar\" \/>\n<meta property=\"article:publisher\" content=\"https:\/\/www.facebook.com\/OArcanjoNoAr\/\" \/>\n<meta property=\"article:published_time\" content=\"2017-11-22T02:51:56+00:00\" \/>\n<meta property=\"article:modified_time\" content=\"2017-07-31T10:20:19+00:00\" \/>\n<meta property=\"og:image\" content=\"http:\/\/upload.wikimedia.org\/wikipedia\/commons\/d\/da\/Matteo_rosselli,_santa_cecilia,_1615-20.JPG\" \/>\n<meta name=\"author\" content=\"danilo\" \/>\n<meta name=\"twitter:card\" content=\"summary_large_image\" \/>\n<meta name=\"twitter:label1\" content=\"Escrito por\" \/>\n\t<meta name=\"twitter:data1\" content=\"danilo\" \/>\n\t<meta name=\"twitter:label2\" content=\"Est. tempo de leitura\" \/>\n\t<meta name=\"twitter:data2\" content=\"4 minutos\" \/>\n<script type=\"application\/ld+json\" class=\"yoast-schema-graph\">{\"@context\":\"https:\/\/schema.org\",\"@graph\":[{\"@type\":\"Article\",\"@id\":\"https:\/\/www.oarcanjo.net\/site\/santa-cecilia-2\/#article\",\"isPartOf\":{\"@id\":\"https:\/\/www.oarcanjo.net\/site\/santa-cecilia-2\/\"},\"author\":{\"name\":\"danilo\",\"@id\":\"https:\/\/www.oarcanjo.net\/site\/#\/schema\/person\/5eb9480bedd2f3c97e430ce128c29c6c\"},\"headline\":\"Santa Cec\u00edlia\",\"datePublished\":\"2017-11-22T02:51:56+00:00\",\"dateModified\":\"2017-07-31T10:20:19+00:00\",\"mainEntityOfPage\":{\"@id\":\"https:\/\/www.oarcanjo.net\/site\/santa-cecilia-2\/\"},\"wordCount\":732,\"commentCount\":2,\"publisher\":{\"@id\":\"https:\/\/www.oarcanjo.net\/site\/#organization\"},\"image\":{\"@id\":\"https:\/\/www.oarcanjo.net\/site\/santa-cecilia-2\/#primaryimage\"},\"thumbnailUrl\":\"http:\/\/upload.wikimedia.org\/wikipedia\/commons\/d\/da\/Matteo_rosselli,_santa_cecilia,_1615-20.JPG\",\"articleSection\":[\"Testemunhos\"],\"inLanguage\":\"pt-BR\",\"potentialAction\":[{\"@type\":\"CommentAction\",\"name\":\"Comment\",\"target\":[\"https:\/\/www.oarcanjo.net\/site\/santa-cecilia-2\/#respond\"]}]},{\"@type\":\"WebPage\",\"@id\":\"https:\/\/www.oarcanjo.net\/site\/santa-cecilia-2\/\",\"url\":\"https:\/\/www.oarcanjo.net\/site\/santa-cecilia-2\/\",\"name\":\"Santa Cec\u00edlia - O Arcanjo no ar\",\"isPartOf\":{\"@id\":\"https:\/\/www.oarcanjo.net\/site\/#website\"},\"primaryImageOfPage\":{\"@id\":\"https:\/\/www.oarcanjo.net\/site\/santa-cecilia-2\/#primaryimage\"},\"image\":{\"@id\":\"https:\/\/www.oarcanjo.net\/site\/santa-cecilia-2\/#primaryimage\"},\"thumbnailUrl\":\"http:\/\/upload.wikimedia.org\/wikipedia\/commons\/d\/da\/Matteo_rosselli,_santa_cecilia,_1615-20.JPG\",\"datePublished\":\"2017-11-22T02:51:56+00:00\",\"dateModified\":\"2017-07-31T10:20:19+00:00\",\"breadcrumb\":{\"@id\":\"https:\/\/www.oarcanjo.net\/site\/santa-cecilia-2\/#breadcrumb\"},\"inLanguage\":\"pt-BR\",\"potentialAction\":[{\"@type\":\"ReadAction\",\"target\":[\"https:\/\/www.oarcanjo.net\/site\/santa-cecilia-2\/\"]}]},{\"@type\":\"ImageObject\",\"inLanguage\":\"pt-BR\",\"@id\":\"https:\/\/www.oarcanjo.net\/site\/santa-cecilia-2\/#primaryimage\",\"url\":\"http:\/\/upload.wikimedia.org\/wikipedia\/commons\/d\/da\/Matteo_rosselli,_santa_cecilia,_1615-20.JPG\",\"contentUrl\":\"http:\/\/upload.wikimedia.org\/wikipedia\/commons\/d\/da\/Matteo_rosselli,_santa_cecilia,_1615-20.JPG\"},{\"@type\":\"BreadcrumbList\",\"@id\":\"https:\/\/www.oarcanjo.net\/site\/santa-cecilia-2\/#breadcrumb\",\"itemListElement\":[{\"@type\":\"ListItem\",\"position\":1,\"name\":\"In\u00edcio\",\"item\":\"https:\/\/www.oarcanjo.net\/site\/\"},{\"@type\":\"ListItem\",\"position\":2,\"name\":\"Santa Cec\u00edlia\"}]},{\"@type\":\"WebSite\",\"@id\":\"https:\/\/www.oarcanjo.net\/site\/#website\",\"url\":\"https:\/\/www.oarcanjo.net\/site\/\",\"name\":\"O Arcanjo no ar\",\"description\":\"Site da Par\u00f3quia S\u00e3o Miguel Arcanjo (Arquidiocese de SP)\",\"publisher\":{\"@id\":\"https:\/\/www.oarcanjo.net\/site\/#organization\"},\"potentialAction\":[{\"@type\":\"SearchAction\",\"target\":{\"@type\":\"EntryPoint\",\"urlTemplate\":\"https:\/\/www.oarcanjo.net\/site\/?s={search_term_string}\"},\"query-input\":{\"@type\":\"PropertyValueSpecification\",\"valueRequired\":true,\"valueName\":\"search_term_string\"}}],\"inLanguage\":\"pt-BR\"},{\"@type\":\"Organization\",\"@id\":\"https:\/\/www.oarcanjo.net\/site\/#organization\",\"name\":\"Par\u00f3quia S\u00e3o Miguel Arcanjo\",\"url\":\"https:\/\/www.oarcanjo.net\/site\/\",\"logo\":{\"@type\":\"ImageObject\",\"inLanguage\":\"pt-BR\",\"@id\":\"https:\/\/www.oarcanjo.net\/site\/#\/schema\/logo\/image\/\",\"url\":\"https:\/\/www.oarcanjo.net\/site\/wp-content\/uploads\/LogoOArcanjo.png\",\"contentUrl\":\"https:\/\/www.oarcanjo.net\/site\/wp-content\/uploads\/LogoOArcanjo.png\",\"width\":319,\"height\":99,\"caption\":\"Par\u00f3quia S\u00e3o Miguel Arcanjo\"},\"image\":{\"@id\":\"https:\/\/www.oarcanjo.net\/site\/#\/schema\/logo\/image\/\"},\"sameAs\":[\"https:\/\/www.facebook.com\/OArcanjoNoAr\/\"]},{\"@type\":\"Person\",\"@id\":\"https:\/\/www.oarcanjo.net\/site\/#\/schema\/person\/5eb9480bedd2f3c97e430ce128c29c6c\",\"name\":\"danilo\"}]}<\/script>\n<!-- \/ Yoast SEO plugin. -->","yoast_head_json":{"title":"Santa Cec\u00edlia - O Arcanjo no ar","robots":{"index":"index","follow":"follow","max-snippet":"max-snippet:-1","max-image-preview":"max-image-preview:large","max-video-preview":"max-video-preview:-1"},"canonical":"https:\/\/www.oarcanjo.net\/site\/santa-cecilia-2\/","og_locale":"pt_BR","og_type":"article","og_title":"Santa Cec\u00edlia - O Arcanjo no ar","og_description":"22 de Novembro Certa vez, o cardeal brasileiro dom Paulo Evaristo Arns assim definiu a arte musical: &#8220;A m\u00fasica, que eleva a palavra e o sentimento at\u00e9 a sua \u00faltima express\u00e3o humana, interpreta o nosso cora\u00e7\u00e3o e nos une ao Deus de toda beleza e bondade&#8221;. Podemos dizer que, na verdade, com suas palavras ele [&hellip;]","og_url":"https:\/\/www.oarcanjo.net\/site\/santa-cecilia-2\/","og_site_name":"O Arcanjo no ar","article_publisher":"https:\/\/www.facebook.com\/OArcanjoNoAr\/","article_published_time":"2017-11-22T02:51:56+00:00","article_modified_time":"2017-07-31T10:20:19+00:00","og_image":[{"url":"http:\/\/upload.wikimedia.org\/wikipedia\/commons\/d\/da\/Matteo_rosselli,_santa_cecilia,_1615-20.JPG"}],"author":"danilo","twitter_card":"summary_large_image","twitter_misc":{"Escrito por":"danilo","Est. tempo de leitura":"4 minutos"},"schema":{"@context":"https:\/\/schema.org","@graph":[{"@type":"Article","@id":"https:\/\/www.oarcanjo.net\/site\/santa-cecilia-2\/#article","isPartOf":{"@id":"https:\/\/www.oarcanjo.net\/site\/santa-cecilia-2\/"},"author":{"name":"danilo","@id":"https:\/\/www.oarcanjo.net\/site\/#\/schema\/person\/5eb9480bedd2f3c97e430ce128c29c6c"},"headline":"Santa Cec\u00edlia","datePublished":"2017-11-22T02:51:56+00:00","dateModified":"2017-07-31T10:20:19+00:00","mainEntityOfPage":{"@id":"https:\/\/www.oarcanjo.net\/site\/santa-cecilia-2\/"},"wordCount":732,"commentCount":2,"publisher":{"@id":"https:\/\/www.oarcanjo.net\/site\/#organization"},"image":{"@id":"https:\/\/www.oarcanjo.net\/site\/santa-cecilia-2\/#primaryimage"},"thumbnailUrl":"http:\/\/upload.wikimedia.org\/wikipedia\/commons\/d\/da\/Matteo_rosselli,_santa_cecilia,_1615-20.JPG","articleSection":["Testemunhos"],"inLanguage":"pt-BR","potentialAction":[{"@type":"CommentAction","name":"Comment","target":["https:\/\/www.oarcanjo.net\/site\/santa-cecilia-2\/#respond"]}]},{"@type":"WebPage","@id":"https:\/\/www.oarcanjo.net\/site\/santa-cecilia-2\/","url":"https:\/\/www.oarcanjo.net\/site\/santa-cecilia-2\/","name":"Santa Cec\u00edlia - O Arcanjo no ar","isPartOf":{"@id":"https:\/\/www.oarcanjo.net\/site\/#website"},"primaryImageOfPage":{"@id":"https:\/\/www.oarcanjo.net\/site\/santa-cecilia-2\/#primaryimage"},"image":{"@id":"https:\/\/www.oarcanjo.net\/site\/santa-cecilia-2\/#primaryimage"},"thumbnailUrl":"http:\/\/upload.wikimedia.org\/wikipedia\/commons\/d\/da\/Matteo_rosselli,_santa_cecilia,_1615-20.JPG","datePublished":"2017-11-22T02:51:56+00:00","dateModified":"2017-07-31T10:20:19+00:00","breadcrumb":{"@id":"https:\/\/www.oarcanjo.net\/site\/santa-cecilia-2\/#breadcrumb"},"inLanguage":"pt-BR","potentialAction":[{"@type":"ReadAction","target":["https:\/\/www.oarcanjo.net\/site\/santa-cecilia-2\/"]}]},{"@type":"ImageObject","inLanguage":"pt-BR","@id":"https:\/\/www.oarcanjo.net\/site\/santa-cecilia-2\/#primaryimage","url":"http:\/\/upload.wikimedia.org\/wikipedia\/commons\/d\/da\/Matteo_rosselli,_santa_cecilia,_1615-20.JPG","contentUrl":"http:\/\/upload.wikimedia.org\/wikipedia\/commons\/d\/da\/Matteo_rosselli,_santa_cecilia,_1615-20.JPG"},{"@type":"BreadcrumbList","@id":"https:\/\/www.oarcanjo.net\/site\/santa-cecilia-2\/#breadcrumb","itemListElement":[{"@type":"ListItem","position":1,"name":"In\u00edcio","item":"https:\/\/www.oarcanjo.net\/site\/"},{"@type":"ListItem","position":2,"name":"Santa Cec\u00edlia"}]},{"@type":"WebSite","@id":"https:\/\/www.oarcanjo.net\/site\/#website","url":"https:\/\/www.oarcanjo.net\/site\/","name":"O Arcanjo no ar","description":"Site da Par\u00f3quia S\u00e3o Miguel Arcanjo (Arquidiocese de SP)","publisher":{"@id":"https:\/\/www.oarcanjo.net\/site\/#organization"},"potentialAction":[{"@type":"SearchAction","target":{"@type":"EntryPoint","urlTemplate":"https:\/\/www.oarcanjo.net\/site\/?s={search_term_string}"},"query-input":{"@type":"PropertyValueSpecification","valueRequired":true,"valueName":"search_term_string"}}],"inLanguage":"pt-BR"},{"@type":"Organization","@id":"https:\/\/www.oarcanjo.net\/site\/#organization","name":"Par\u00f3quia S\u00e3o Miguel Arcanjo","url":"https:\/\/www.oarcanjo.net\/site\/","logo":{"@type":"ImageObject","inLanguage":"pt-BR","@id":"https:\/\/www.oarcanjo.net\/site\/#\/schema\/logo\/image\/","url":"https:\/\/www.oarcanjo.net\/site\/wp-content\/uploads\/LogoOArcanjo.png","contentUrl":"https:\/\/www.oarcanjo.net\/site\/wp-content\/uploads\/LogoOArcanjo.png","width":319,"height":99,"caption":"Par\u00f3quia S\u00e3o Miguel Arcanjo"},"image":{"@id":"https:\/\/www.oarcanjo.net\/site\/#\/schema\/logo\/image\/"},"sameAs":["https:\/\/www.facebook.com\/OArcanjoNoAr\/"]},{"@type":"Person","@id":"https:\/\/www.oarcanjo.net\/site\/#\/schema\/person\/5eb9480bedd2f3c97e430ce128c29c6c","name":"danilo"}]}},"publishpress_future_action":{"enabled":false,"date":"2026-05-08 16:58:19","action":"category","newStatus":"draft","terms":[],"taxonomy":"category"},"publishpress_future_workflow_manual_trigger":{"enabledWorkflows":[]},"_links":{"self":[{"href":"https:\/\/www.oarcanjo.net\/site\/wp-json\/wp\/v2\/posts\/11771"}],"collection":[{"href":"https:\/\/www.oarcanjo.net\/site\/wp-json\/wp\/v2\/posts"}],"about":[{"href":"https:\/\/www.oarcanjo.net\/site\/wp-json\/wp\/v2\/types\/post"}],"author":[{"embeddable":true,"href":"https:\/\/www.oarcanjo.net\/site\/wp-json\/wp\/v2\/users\/14"}],"replies":[{"embeddable":true,"href":"https:\/\/www.oarcanjo.net\/site\/wp-json\/wp\/v2\/comments?post=11771"}],"version-history":[{"count":0,"href":"https:\/\/www.oarcanjo.net\/site\/wp-json\/wp\/v2\/posts\/11771\/revisions"}],"wp:attachment":[{"href":"https:\/\/www.oarcanjo.net\/site\/wp-json\/wp\/v2\/media?parent=11771"}],"wp:term":[{"taxonomy":"category","embeddable":true,"href":"https:\/\/www.oarcanjo.net\/site\/wp-json\/wp\/v2\/categories?post=11771"},{"taxonomy":"post_tag","embeddable":true,"href":"https:\/\/www.oarcanjo.net\/site\/wp-json\/wp\/v2\/tags?post=11771"}],"curies":[{"name":"wp","href":"https:\/\/api.w.org\/{rel}","templated":true}]}}