
{"id":11773,"date":"2017-11-22T00:01:08","date_gmt":"2017-11-22T02:01:08","guid":{"rendered":"http:\/\/www.oarcanjo.net\/site\/?p=11773"},"modified":"2017-07-31T07:20:15","modified_gmt":"2017-07-31T10:20:15","slug":"bem-aventurado-tomas-reggio","status":"publish","type":"post","link":"https:\/\/www.oarcanjo.net\/site\/bem-aventurado-tomas-reggio\/","title":{"rendered":"Bem Aventurado Tom\u00e1s Reggio"},"content":{"rendered":"<p><img decoding=\"async\" src=\"http:\/\/4.bp.blogspot.com\/_8CMdmZ5dJcU\/SZ7bKhtxv0I\/AAAAAAAAAYQ\/qxhQYBUpIlo\/s400\/bn056c.jpg\" alt=\"\" \/><\/p>\n<p>22 de Novembro<\/p>\n<p>Fundou a Congrega\u00e7\u00e3o das Religiosas de Santa Marta<\/p>\n<p>Descendente de nobres, Tom\u00e1s nasceu na cidade de G\u00eanova, na It\u00e1lia, em 9 de janeiro de 1818. Aos vinte anos, decidiu dedicar-se \u00e0 vida religiosa, deixando para tr\u00e1s o luxo e uma carreira brilhante. Escolha essa definitiva, pois, ao receber a ordena\u00e7\u00e3o sacerdotal, fez voto de pobreza.<\/p>\n<p>Apesar da pouca idade, foi nomeado vice-reitor do semin\u00e1rio de G\u00eanova, aos vinte e cinco anos, e logo depois assumiu a titularidade da reitoria. Sua dedica\u00e7\u00e3o na forma\u00e7\u00e3o dos futuros sacerdotes era para que realmente eles estivessem dispostos a um compromisso pleno e total de suas vidas, sem receios, com Deus e com Igreja.<\/p>\n<p>Em 1877, foi consagrado bispo de uma diocese genovesa muito pobre, chamada Ventimiglia, onde foi um pastor vision\u00e1rio e verdadeiro guia espiritual do seu rebanho. Convocou tr\u00eas s\u00ednodos em quinze anos, criou novas par\u00f3quias, renovou a liturgia e trabalhou para aumentar a atua\u00e7\u00e3o da assist\u00eancia social aos pobres e doentes da diocese.<\/p>\n<p>No primeiro ano de seu bispado, fundou a Congrega\u00e7\u00e3o das Religiosas de Santa Marta, com o objetivo de acolher os mais pobres entre os pobres. Essas religiosas aprenderam com ele a adorar a Deus em sil\u00eancio, a alimentar-se da ora\u00e7\u00e3o, a encontrar, de joelhos, as raz\u00f5es de uma f\u00e9 que faz descobrir Cristo nos mais necessitados. Mais tarde, dom Tom\u00e1s direcionou a Congrega\u00e7\u00e3o das Religiosas de Santa Marta para servir como enfermeiras nos asilos, orfanatos e hospitais de miseric\u00f3rdia.<\/p>\n<p>Apesar da idade avan\u00e7ada, quando um terremoto devastou a regi\u00e3o dom Tom\u00e1s agiu rapidamente. Pedindo ajuda financeira aos nobres locais, imediatamente construiu um orfanato e um hospital, que foram entregues aos cuidados de suas religiosas. Tamb\u00e9m conseguiu verba para reconstruir sua diocese, recuperando todas as igrejas e par\u00f3quias atingidas pela cat\u00e1strofe.<\/p>\n<p>O papa Le\u00e3o XIII nomeou dom Tom\u00e1s arcebispo de G\u00eanova quando ele j\u00e1 contava com setenta e quatro anos de idade. Apesar das dificuldades, entrou em a\u00e7\u00e3o e criou a Pontif\u00edcia Faculdade Cat\u00f3lica de Direito e a Escola Superior de Religi\u00e3o.<\/p>\n<p>Foi ele tamb\u00e9m que celebrou em Roma o ritual religioso para o sepultamento do rei Humberto I, assassinado em Monza em 1900. No ano seguinte, aceitou o convite para a festa de inaugura\u00e7\u00e3o da est\u00e1tua do Redentor instalada no alto do monte de uma cidade de sua diocese. Quando viajava, como sempre na terceira classe de um trem, passou mal e n\u00e3o conseguiu chegar ao destino. Morreu, na cidade de Triora, em 22 de novembro de 1901.<\/p>\n<p>O papa Jo\u00e3o Paulo II proclamou-o bem-aventurado no ano jubilar de 2000. As suas filhas, Religiosas de Santa Marta, hoje se encontram servindo em muitos pa\u00edses de todos os continentes, at\u00e9 no Brasil. Por isso a festa que celebra a sua lembran\u00e7a, e que ocorre no dia de sua morte, \u00e9 muito comemorada pelos fi\u00e9is.<\/p>\n<div id=\"themify_builder_content-11773\" data-postid=\"11773\" class=\"themify_builder_content themify_builder_content-11773 themify_builder themify_builder_front\">\n\t<\/div>\n<!-- \/themify_builder_content -->","protected":false},"excerpt":{"rendered":"<p>22 de Novembro Fundou a Congrega\u00e7\u00e3o das Religiosas de Santa Marta Descendente de nobres, Tom\u00e1s nasceu na cidade de G\u00eanova, na It\u00e1lia, em 9 de janeiro de 1818. Aos vinte anos, decidiu dedicar-se \u00e0 vida religiosa, deixando para tr\u00e1s o luxo e uma carreira brilhante. Escolha essa definitiva, pois, ao receber a ordena\u00e7\u00e3o sacerdotal, fez [&hellip;]<\/p>\n","protected":false},"author":14,"featured_media":0,"comment_status":"open","ping_status":"open","sticky":false,"template":"","format":"standard","meta":{"ngg_post_thumbnail":0,"footnotes":""},"categories":[186],"tags":[],"yoast_head":"<!-- This site is optimized with the Yoast SEO plugin v23.5 - https:\/\/yoast.com\/wordpress\/plugins\/seo\/ -->\n<title>Bem Aventurado Tom\u00e1s Reggio - O Arcanjo no ar<\/title>\n<meta name=\"robots\" content=\"index, follow, max-snippet:-1, max-image-preview:large, max-video-preview:-1\" \/>\n<link rel=\"canonical\" href=\"https:\/\/www.oarcanjo.net\/site\/bem-aventurado-tomas-reggio\/\" \/>\n<meta property=\"og:locale\" content=\"pt_BR\" \/>\n<meta property=\"og:type\" content=\"article\" \/>\n<meta property=\"og:title\" content=\"Bem Aventurado Tom\u00e1s Reggio - O Arcanjo no ar\" \/>\n<meta property=\"og:description\" content=\"22 de Novembro Fundou a Congrega\u00e7\u00e3o das Religiosas de Santa Marta Descendente de nobres, Tom\u00e1s nasceu na cidade de G\u00eanova, na It\u00e1lia, em 9 de janeiro de 1818. Aos vinte anos, decidiu dedicar-se \u00e0 vida religiosa, deixando para tr\u00e1s o luxo e uma carreira brilhante. Escolha essa definitiva, pois, ao receber a ordena\u00e7\u00e3o sacerdotal, fez [&hellip;]\" \/>\n<meta property=\"og:url\" content=\"https:\/\/www.oarcanjo.net\/site\/bem-aventurado-tomas-reggio\/\" \/>\n<meta property=\"og:site_name\" content=\"O Arcanjo no ar\" \/>\n<meta property=\"article:publisher\" content=\"https:\/\/www.facebook.com\/OArcanjoNoAr\/\" \/>\n<meta property=\"article:published_time\" content=\"2017-11-22T02:01:08+00:00\" \/>\n<meta property=\"article:modified_time\" content=\"2017-07-31T10:20:15+00:00\" \/>\n<meta property=\"og:image\" content=\"http:\/\/4.bp.blogspot.com\/_8CMdmZ5dJcU\/SZ7bKhtxv0I\/AAAAAAAAAYQ\/qxhQYBUpIlo\/s400\/bn056c.jpg\" \/>\n<meta name=\"author\" content=\"danilo\" \/>\n<meta name=\"twitter:card\" content=\"summary_large_image\" \/>\n<meta name=\"twitter:label1\" content=\"Escrito por\" \/>\n\t<meta name=\"twitter:data1\" content=\"danilo\" \/>\n\t<meta name=\"twitter:label2\" content=\"Est. tempo de leitura\" \/>\n\t<meta name=\"twitter:data2\" content=\"3 minutos\" \/>\n<script type=\"application\/ld+json\" class=\"yoast-schema-graph\">{\"@context\":\"https:\/\/schema.org\",\"@graph\":[{\"@type\":\"Article\",\"@id\":\"https:\/\/www.oarcanjo.net\/site\/bem-aventurado-tomas-reggio\/#article\",\"isPartOf\":{\"@id\":\"https:\/\/www.oarcanjo.net\/site\/bem-aventurado-tomas-reggio\/\"},\"author\":{\"name\":\"danilo\",\"@id\":\"https:\/\/www.oarcanjo.net\/site\/#\/schema\/person\/5eb9480bedd2f3c97e430ce128c29c6c\"},\"headline\":\"Bem Aventurado Tom\u00e1s Reggio\",\"datePublished\":\"2017-11-22T02:01:08+00:00\",\"dateModified\":\"2017-07-31T10:20:15+00:00\",\"mainEntityOfPage\":{\"@id\":\"https:\/\/www.oarcanjo.net\/site\/bem-aventurado-tomas-reggio\/\"},\"wordCount\":506,\"commentCount\":0,\"publisher\":{\"@id\":\"https:\/\/www.oarcanjo.net\/site\/#organization\"},\"image\":{\"@id\":\"https:\/\/www.oarcanjo.net\/site\/bem-aventurado-tomas-reggio\/#primaryimage\"},\"thumbnailUrl\":\"http:\/\/4.bp.blogspot.com\/_8CMdmZ5dJcU\/SZ7bKhtxv0I\/AAAAAAAAAYQ\/qxhQYBUpIlo\/s400\/bn056c.jpg\",\"articleSection\":[\"Testemunhos\"],\"inLanguage\":\"pt-BR\",\"potentialAction\":[{\"@type\":\"CommentAction\",\"name\":\"Comment\",\"target\":[\"https:\/\/www.oarcanjo.net\/site\/bem-aventurado-tomas-reggio\/#respond\"]}]},{\"@type\":\"WebPage\",\"@id\":\"https:\/\/www.oarcanjo.net\/site\/bem-aventurado-tomas-reggio\/\",\"url\":\"https:\/\/www.oarcanjo.net\/site\/bem-aventurado-tomas-reggio\/\",\"name\":\"Bem Aventurado Tom\u00e1s Reggio - O Arcanjo no ar\",\"isPartOf\":{\"@id\":\"https:\/\/www.oarcanjo.net\/site\/#website\"},\"primaryImageOfPage\":{\"@id\":\"https:\/\/www.oarcanjo.net\/site\/bem-aventurado-tomas-reggio\/#primaryimage\"},\"image\":{\"@id\":\"https:\/\/www.oarcanjo.net\/site\/bem-aventurado-tomas-reggio\/#primaryimage\"},\"thumbnailUrl\":\"http:\/\/4.bp.blogspot.com\/_8CMdmZ5dJcU\/SZ7bKhtxv0I\/AAAAAAAAAYQ\/qxhQYBUpIlo\/s400\/bn056c.jpg\",\"datePublished\":\"2017-11-22T02:01:08+00:00\",\"dateModified\":\"2017-07-31T10:20:15+00:00\",\"breadcrumb\":{\"@id\":\"https:\/\/www.oarcanjo.net\/site\/bem-aventurado-tomas-reggio\/#breadcrumb\"},\"inLanguage\":\"pt-BR\",\"potentialAction\":[{\"@type\":\"ReadAction\",\"target\":[\"https:\/\/www.oarcanjo.net\/site\/bem-aventurado-tomas-reggio\/\"]}]},{\"@type\":\"ImageObject\",\"inLanguage\":\"pt-BR\",\"@id\":\"https:\/\/www.oarcanjo.net\/site\/bem-aventurado-tomas-reggio\/#primaryimage\",\"url\":\"http:\/\/4.bp.blogspot.com\/_8CMdmZ5dJcU\/SZ7bKhtxv0I\/AAAAAAAAAYQ\/qxhQYBUpIlo\/s400\/bn056c.jpg\",\"contentUrl\":\"http:\/\/4.bp.blogspot.com\/_8CMdmZ5dJcU\/SZ7bKhtxv0I\/AAAAAAAAAYQ\/qxhQYBUpIlo\/s400\/bn056c.jpg\"},{\"@type\":\"BreadcrumbList\",\"@id\":\"https:\/\/www.oarcanjo.net\/site\/bem-aventurado-tomas-reggio\/#breadcrumb\",\"itemListElement\":[{\"@type\":\"ListItem\",\"position\":1,\"name\":\"In\u00edcio\",\"item\":\"https:\/\/www.oarcanjo.net\/site\/\"},{\"@type\":\"ListItem\",\"position\":2,\"name\":\"Bem Aventurado Tom\u00e1s Reggio\"}]},{\"@type\":\"WebSite\",\"@id\":\"https:\/\/www.oarcanjo.net\/site\/#website\",\"url\":\"https:\/\/www.oarcanjo.net\/site\/\",\"name\":\"O Arcanjo no ar\",\"description\":\"Site da Par\u00f3quia S\u00e3o Miguel Arcanjo (Arquidiocese de SP)\",\"publisher\":{\"@id\":\"https:\/\/www.oarcanjo.net\/site\/#organization\"},\"potentialAction\":[{\"@type\":\"SearchAction\",\"target\":{\"@type\":\"EntryPoint\",\"urlTemplate\":\"https:\/\/www.oarcanjo.net\/site\/?s={search_term_string}\"},\"query-input\":{\"@type\":\"PropertyValueSpecification\",\"valueRequired\":true,\"valueName\":\"search_term_string\"}}],\"inLanguage\":\"pt-BR\"},{\"@type\":\"Organization\",\"@id\":\"https:\/\/www.oarcanjo.net\/site\/#organization\",\"name\":\"Par\u00f3quia S\u00e3o Miguel Arcanjo\",\"url\":\"https:\/\/www.oarcanjo.net\/site\/\",\"logo\":{\"@type\":\"ImageObject\",\"inLanguage\":\"pt-BR\",\"@id\":\"https:\/\/www.oarcanjo.net\/site\/#\/schema\/logo\/image\/\",\"url\":\"https:\/\/www.oarcanjo.net\/site\/wp-content\/uploads\/LogoOArcanjo.png\",\"contentUrl\":\"https:\/\/www.oarcanjo.net\/site\/wp-content\/uploads\/LogoOArcanjo.png\",\"width\":319,\"height\":99,\"caption\":\"Par\u00f3quia S\u00e3o Miguel Arcanjo\"},\"image\":{\"@id\":\"https:\/\/www.oarcanjo.net\/site\/#\/schema\/logo\/image\/\"},\"sameAs\":[\"https:\/\/www.facebook.com\/OArcanjoNoAr\/\"]},{\"@type\":\"Person\",\"@id\":\"https:\/\/www.oarcanjo.net\/site\/#\/schema\/person\/5eb9480bedd2f3c97e430ce128c29c6c\",\"name\":\"danilo\"}]}<\/script>\n<!-- \/ Yoast SEO plugin. -->","yoast_head_json":{"title":"Bem Aventurado Tom\u00e1s Reggio - O Arcanjo no ar","robots":{"index":"index","follow":"follow","max-snippet":"max-snippet:-1","max-image-preview":"max-image-preview:large","max-video-preview":"max-video-preview:-1"},"canonical":"https:\/\/www.oarcanjo.net\/site\/bem-aventurado-tomas-reggio\/","og_locale":"pt_BR","og_type":"article","og_title":"Bem Aventurado Tom\u00e1s Reggio - O Arcanjo no ar","og_description":"22 de Novembro Fundou a Congrega\u00e7\u00e3o das Religiosas de Santa Marta Descendente de nobres, Tom\u00e1s nasceu na cidade de G\u00eanova, na It\u00e1lia, em 9 de janeiro de 1818. Aos vinte anos, decidiu dedicar-se \u00e0 vida religiosa, deixando para tr\u00e1s o luxo e uma carreira brilhante. Escolha essa definitiva, pois, ao receber a ordena\u00e7\u00e3o sacerdotal, fez [&hellip;]","og_url":"https:\/\/www.oarcanjo.net\/site\/bem-aventurado-tomas-reggio\/","og_site_name":"O Arcanjo no ar","article_publisher":"https:\/\/www.facebook.com\/OArcanjoNoAr\/","article_published_time":"2017-11-22T02:01:08+00:00","article_modified_time":"2017-07-31T10:20:15+00:00","og_image":[{"url":"http:\/\/4.bp.blogspot.com\/_8CMdmZ5dJcU\/SZ7bKhtxv0I\/AAAAAAAAAYQ\/qxhQYBUpIlo\/s400\/bn056c.jpg"}],"author":"danilo","twitter_card":"summary_large_image","twitter_misc":{"Escrito por":"danilo","Est. tempo de leitura":"3 minutos"},"schema":{"@context":"https:\/\/schema.org","@graph":[{"@type":"Article","@id":"https:\/\/www.oarcanjo.net\/site\/bem-aventurado-tomas-reggio\/#article","isPartOf":{"@id":"https:\/\/www.oarcanjo.net\/site\/bem-aventurado-tomas-reggio\/"},"author":{"name":"danilo","@id":"https:\/\/www.oarcanjo.net\/site\/#\/schema\/person\/5eb9480bedd2f3c97e430ce128c29c6c"},"headline":"Bem Aventurado Tom\u00e1s Reggio","datePublished":"2017-11-22T02:01:08+00:00","dateModified":"2017-07-31T10:20:15+00:00","mainEntityOfPage":{"@id":"https:\/\/www.oarcanjo.net\/site\/bem-aventurado-tomas-reggio\/"},"wordCount":506,"commentCount":0,"publisher":{"@id":"https:\/\/www.oarcanjo.net\/site\/#organization"},"image":{"@id":"https:\/\/www.oarcanjo.net\/site\/bem-aventurado-tomas-reggio\/#primaryimage"},"thumbnailUrl":"http:\/\/4.bp.blogspot.com\/_8CMdmZ5dJcU\/SZ7bKhtxv0I\/AAAAAAAAAYQ\/qxhQYBUpIlo\/s400\/bn056c.jpg","articleSection":["Testemunhos"],"inLanguage":"pt-BR","potentialAction":[{"@type":"CommentAction","name":"Comment","target":["https:\/\/www.oarcanjo.net\/site\/bem-aventurado-tomas-reggio\/#respond"]}]},{"@type":"WebPage","@id":"https:\/\/www.oarcanjo.net\/site\/bem-aventurado-tomas-reggio\/","url":"https:\/\/www.oarcanjo.net\/site\/bem-aventurado-tomas-reggio\/","name":"Bem Aventurado Tom\u00e1s Reggio - O Arcanjo no ar","isPartOf":{"@id":"https:\/\/www.oarcanjo.net\/site\/#website"},"primaryImageOfPage":{"@id":"https:\/\/www.oarcanjo.net\/site\/bem-aventurado-tomas-reggio\/#primaryimage"},"image":{"@id":"https:\/\/www.oarcanjo.net\/site\/bem-aventurado-tomas-reggio\/#primaryimage"},"thumbnailUrl":"http:\/\/4.bp.blogspot.com\/_8CMdmZ5dJcU\/SZ7bKhtxv0I\/AAAAAAAAAYQ\/qxhQYBUpIlo\/s400\/bn056c.jpg","datePublished":"2017-11-22T02:01:08+00:00","dateModified":"2017-07-31T10:20:15+00:00","breadcrumb":{"@id":"https:\/\/www.oarcanjo.net\/site\/bem-aventurado-tomas-reggio\/#breadcrumb"},"inLanguage":"pt-BR","potentialAction":[{"@type":"ReadAction","target":["https:\/\/www.oarcanjo.net\/site\/bem-aventurado-tomas-reggio\/"]}]},{"@type":"ImageObject","inLanguage":"pt-BR","@id":"https:\/\/www.oarcanjo.net\/site\/bem-aventurado-tomas-reggio\/#primaryimage","url":"http:\/\/4.bp.blogspot.com\/_8CMdmZ5dJcU\/SZ7bKhtxv0I\/AAAAAAAAAYQ\/qxhQYBUpIlo\/s400\/bn056c.jpg","contentUrl":"http:\/\/4.bp.blogspot.com\/_8CMdmZ5dJcU\/SZ7bKhtxv0I\/AAAAAAAAAYQ\/qxhQYBUpIlo\/s400\/bn056c.jpg"},{"@type":"BreadcrumbList","@id":"https:\/\/www.oarcanjo.net\/site\/bem-aventurado-tomas-reggio\/#breadcrumb","itemListElement":[{"@type":"ListItem","position":1,"name":"In\u00edcio","item":"https:\/\/www.oarcanjo.net\/site\/"},{"@type":"ListItem","position":2,"name":"Bem Aventurado Tom\u00e1s Reggio"}]},{"@type":"WebSite","@id":"https:\/\/www.oarcanjo.net\/site\/#website","url":"https:\/\/www.oarcanjo.net\/site\/","name":"O Arcanjo no ar","description":"Site da Par\u00f3quia S\u00e3o Miguel Arcanjo (Arquidiocese de SP)","publisher":{"@id":"https:\/\/www.oarcanjo.net\/site\/#organization"},"potentialAction":[{"@type":"SearchAction","target":{"@type":"EntryPoint","urlTemplate":"https:\/\/www.oarcanjo.net\/site\/?s={search_term_string}"},"query-input":{"@type":"PropertyValueSpecification","valueRequired":true,"valueName":"search_term_string"}}],"inLanguage":"pt-BR"},{"@type":"Organization","@id":"https:\/\/www.oarcanjo.net\/site\/#organization","name":"Par\u00f3quia S\u00e3o Miguel Arcanjo","url":"https:\/\/www.oarcanjo.net\/site\/","logo":{"@type":"ImageObject","inLanguage":"pt-BR","@id":"https:\/\/www.oarcanjo.net\/site\/#\/schema\/logo\/image\/","url":"https:\/\/www.oarcanjo.net\/site\/wp-content\/uploads\/LogoOArcanjo.png","contentUrl":"https:\/\/www.oarcanjo.net\/site\/wp-content\/uploads\/LogoOArcanjo.png","width":319,"height":99,"caption":"Par\u00f3quia S\u00e3o Miguel Arcanjo"},"image":{"@id":"https:\/\/www.oarcanjo.net\/site\/#\/schema\/logo\/image\/"},"sameAs":["https:\/\/www.facebook.com\/OArcanjoNoAr\/"]},{"@type":"Person","@id":"https:\/\/www.oarcanjo.net\/site\/#\/schema\/person\/5eb9480bedd2f3c97e430ce128c29c6c","name":"danilo"}]}},"publishpress_future_action":{"enabled":false,"date":"2026-05-08 16:58:21","action":"category","newStatus":"draft","terms":[],"taxonomy":"category"},"publishpress_future_workflow_manual_trigger":{"enabledWorkflows":[]},"_links":{"self":[{"href":"https:\/\/www.oarcanjo.net\/site\/wp-json\/wp\/v2\/posts\/11773"}],"collection":[{"href":"https:\/\/www.oarcanjo.net\/site\/wp-json\/wp\/v2\/posts"}],"about":[{"href":"https:\/\/www.oarcanjo.net\/site\/wp-json\/wp\/v2\/types\/post"}],"author":[{"embeddable":true,"href":"https:\/\/www.oarcanjo.net\/site\/wp-json\/wp\/v2\/users\/14"}],"replies":[{"embeddable":true,"href":"https:\/\/www.oarcanjo.net\/site\/wp-json\/wp\/v2\/comments?post=11773"}],"version-history":[{"count":0,"href":"https:\/\/www.oarcanjo.net\/site\/wp-json\/wp\/v2\/posts\/11773\/revisions"}],"wp:attachment":[{"href":"https:\/\/www.oarcanjo.net\/site\/wp-json\/wp\/v2\/media?parent=11773"}],"wp:term":[{"taxonomy":"category","embeddable":true,"href":"https:\/\/www.oarcanjo.net\/site\/wp-json\/wp\/v2\/categories?post=11773"},{"taxonomy":"post_tag","embeddable":true,"href":"https:\/\/www.oarcanjo.net\/site\/wp-json\/wp\/v2\/tags?post=11773"}],"curies":[{"name":"wp","href":"https:\/\/api.w.org\/{rel}","templated":true}]}}