
{"id":11776,"date":"2017-11-20T23:00:26","date_gmt":"2017-11-21T01:00:26","guid":{"rendered":"http:\/\/www.oarcanjo.net\/site\/?p=11776"},"modified":"2017-07-31T07:20:06","modified_gmt":"2017-07-31T10:20:06","slug":"sao-clemente-i","status":"publish","type":"post","link":"https:\/\/www.oarcanjo.net\/site\/sao-clemente-i\/","title":{"rendered":"S\u00e3o Clemente I"},"content":{"rendered":"<p><img decoding=\"async\" src=\"http:\/\/2.bp.blogspot.com\/_VsL8VkjSZWw\/SwqUEK71QzI\/AAAAAAAACPk\/RrCf_cgjchw\/s1600\/San_Clemente_I_Romano.jpg\" alt=\"\" \/><\/p>\n<p>23 de Novembro<\/p>\n<p>Clemente foi o quarto papa da Igreja de Roma, ainda no s\u00e9culo I. Vivia em Roma e foi contempor\u00e2neo de s\u00e3o Jo\u00e3o Evangelista, s\u00e3o Filipe e s\u00e3o Paulo; de Filipe era um dos colaboradores e do \u00faltimo, um disc\u00edpulo. Paulo at\u00e9 citou-o em seus escritos. A antiga tradi\u00e7\u00e3o crist\u00e3 apresenta-o como filho do senador Faustino, da fam\u00edlia Fl\u00e1via, parente do imperador Domiciano. Mas foi o pr\u00f3prio Clemente que registrou sua hist\u00f3ria ao assumir o comando da Igreja, sabendo do perigo que o cargo representava para sua vida. Pois era uma \u00e9poca de muitas persegui\u00e7\u00f5es aos seguidores de Cristo.<\/p>\n<p>Governou a Igreja por longo per\u00edodo, de 88 a 97, quando levou avante a evangeliza\u00e7\u00e3o firmemente centrada nos princ\u00edpios da doutrina. Enfrentou as divis\u00f5es internas que ocorriam. Foi considerado o autor da c\u00e9lebre carta an\u00f4nima enviada aos cor\u00edntios, que n\u00e3o seguiam as orienta\u00e7\u00f5es de Roma e pretendiam desligar-se do comando \u00fanico da Igreja. Atrav\u00e9s da carta, Clemente I animou-os a perseverarem na f\u00e9 e na caridade ensinada por Cristo, e participarem da uni\u00e3o com a Igreja.<\/p>\n<p>Restabeleceu o uso do crisma, seguindo a tradi\u00e7\u00e3o de s\u00e3o Pedro, e instituiu o uso da express\u00e3o &#8220;am\u00e9m&#8221; nos ritos religiosos. Com sua atua\u00e7\u00e3o s\u00e9ria e exemplar, converteu at\u00e9 Domitila, irm\u00e3 do imperador Domiciano, tamb\u00e9m seu parente, fato que ajudou muito para amenizar a sangrenta persegui\u00e7\u00e3o aos crist\u00e3os. Gra\u00e7as a Domitila, muitos deixaram de sofrer ou, pelo menos, tiveram nela uma fonte de conforto e solidariedade.<\/p>\n<p>Clemente I expandiu muito o cristianismo, assustando e preocupando o ent\u00e3o imperador Nerva, que o exilou na Crim\u00e9ia. A essa altura, assumiu, como papa, Evaristo. Enquanto nas terras do ex\u00edlio, Clemente I encontrou mais milhares de crist\u00e3os condenados aos trabalhos for\u00e7ados nas minas de pedra. Passou a encoraj\u00e1-los a perseverarem na f\u00e9 e converteu muitos outros pag\u00e3os.<\/p>\n<p>A not\u00edcia chegou ao novo imperador Trajano, que, irritado, primeiro ordenou que ele prestasse sacrif\u00edcio aos deuses. Depois, como recebeu a recusa, mandou jog\u00e1-lo no mar Negro com uma \u00e2ncora amarrada no pesco\u00e7o. Tudo aconteceu no dia 23 de novembro do ano 101, como consta do Martirol\u00f3gio Romano.<\/p>\n<p>O corpo do santo papa Clemente I, no ano 869, foi levado para Roma pelos irm\u00e3os mission\u00e1rios Cirilo e Met\u00f3dio, tamb\u00e9m venerados pela Igreja, e entregue ao papa Adriano II. Em seguida, numa comovente solenidade, foi conduzido para o definitivo sepultamento na igreja dedicada a ele. Na cidade de Collelungo, nas ru\u00ednas da propriedade de Faustino, seu pai, foi constru\u00edda uma igreja dedicada a s\u00e3o Clemente I. A sua celebra\u00e7\u00e3o ocorre no dia da sua morte.<\/p>\n<div id=\"themify_builder_content-11776\" data-postid=\"11776\" class=\"themify_builder_content themify_builder_content-11776 themify_builder themify_builder_front\">\n\t<\/div>\n<!-- \/themify_builder_content -->","protected":false},"excerpt":{"rendered":"<p>23 de Novembro Clemente foi o quarto papa da Igreja de Roma, ainda no s\u00e9culo I. Vivia em Roma e foi contempor\u00e2neo de s\u00e3o Jo\u00e3o Evangelista, s\u00e3o Filipe e s\u00e3o Paulo; de Filipe era um dos colaboradores e do \u00faltimo, um disc\u00edpulo. Paulo at\u00e9 citou-o em seus escritos. A antiga tradi\u00e7\u00e3o crist\u00e3 apresenta-o como filho [&hellip;]<\/p>\n","protected":false},"author":14,"featured_media":0,"comment_status":"open","ping_status":"open","sticky":false,"template":"","format":"standard","meta":{"ngg_post_thumbnail":0,"footnotes":""},"categories":[186],"tags":[],"yoast_head":"<!-- This site is optimized with the Yoast SEO plugin v23.5 - https:\/\/yoast.com\/wordpress\/plugins\/seo\/ -->\n<title>S\u00e3o Clemente I - O Arcanjo no ar<\/title>\n<meta name=\"robots\" content=\"index, follow, max-snippet:-1, max-image-preview:large, max-video-preview:-1\" \/>\n<link rel=\"canonical\" href=\"https:\/\/www.oarcanjo.net\/site\/sao-clemente-i\/\" \/>\n<meta property=\"og:locale\" content=\"pt_BR\" \/>\n<meta property=\"og:type\" content=\"article\" \/>\n<meta property=\"og:title\" content=\"S\u00e3o Clemente I - O Arcanjo no ar\" \/>\n<meta property=\"og:description\" content=\"23 de Novembro Clemente foi o quarto papa da Igreja de Roma, ainda no s\u00e9culo I. Vivia em Roma e foi contempor\u00e2neo de s\u00e3o Jo\u00e3o Evangelista, s\u00e3o Filipe e s\u00e3o Paulo; de Filipe era um dos colaboradores e do \u00faltimo, um disc\u00edpulo. Paulo at\u00e9 citou-o em seus escritos. A antiga tradi\u00e7\u00e3o crist\u00e3 apresenta-o como filho [&hellip;]\" \/>\n<meta property=\"og:url\" content=\"https:\/\/www.oarcanjo.net\/site\/sao-clemente-i\/\" \/>\n<meta property=\"og:site_name\" content=\"O Arcanjo no ar\" \/>\n<meta property=\"article:publisher\" content=\"https:\/\/www.facebook.com\/OArcanjoNoAr\/\" \/>\n<meta property=\"article:published_time\" content=\"2017-11-21T01:00:26+00:00\" \/>\n<meta property=\"article:modified_time\" content=\"2017-07-31T10:20:06+00:00\" \/>\n<meta property=\"og:image\" content=\"http:\/\/2.bp.blogspot.com\/_VsL8VkjSZWw\/SwqUEK71QzI\/AAAAAAAACPk\/RrCf_cgjchw\/s1600\/San_Clemente_I_Romano.jpg\" \/>\n<meta name=\"author\" content=\"danilo\" \/>\n<meta name=\"twitter:card\" content=\"summary_large_image\" \/>\n<meta name=\"twitter:label1\" content=\"Escrito por\" \/>\n\t<meta name=\"twitter:data1\" content=\"danilo\" \/>\n\t<meta name=\"twitter:label2\" content=\"Est. tempo de leitura\" \/>\n\t<meta name=\"twitter:data2\" content=\"2 minutos\" \/>\n<script type=\"application\/ld+json\" class=\"yoast-schema-graph\">{\"@context\":\"https:\/\/schema.org\",\"@graph\":[{\"@type\":\"Article\",\"@id\":\"https:\/\/www.oarcanjo.net\/site\/sao-clemente-i\/#article\",\"isPartOf\":{\"@id\":\"https:\/\/www.oarcanjo.net\/site\/sao-clemente-i\/\"},\"author\":{\"name\":\"danilo\",\"@id\":\"https:\/\/www.oarcanjo.net\/site\/#\/schema\/person\/5eb9480bedd2f3c97e430ce128c29c6c\"},\"headline\":\"S\u00e3o Clemente I\",\"datePublished\":\"2017-11-21T01:00:26+00:00\",\"dateModified\":\"2017-07-31T10:20:06+00:00\",\"mainEntityOfPage\":{\"@id\":\"https:\/\/www.oarcanjo.net\/site\/sao-clemente-i\/\"},\"wordCount\":476,\"commentCount\":0,\"publisher\":{\"@id\":\"https:\/\/www.oarcanjo.net\/site\/#organization\"},\"image\":{\"@id\":\"https:\/\/www.oarcanjo.net\/site\/sao-clemente-i\/#primaryimage\"},\"thumbnailUrl\":\"http:\/\/2.bp.blogspot.com\/_VsL8VkjSZWw\/SwqUEK71QzI\/AAAAAAAACPk\/RrCf_cgjchw\/s1600\/San_Clemente_I_Romano.jpg\",\"articleSection\":[\"Testemunhos\"],\"inLanguage\":\"pt-BR\",\"potentialAction\":[{\"@type\":\"CommentAction\",\"name\":\"Comment\",\"target\":[\"https:\/\/www.oarcanjo.net\/site\/sao-clemente-i\/#respond\"]}]},{\"@type\":\"WebPage\",\"@id\":\"https:\/\/www.oarcanjo.net\/site\/sao-clemente-i\/\",\"url\":\"https:\/\/www.oarcanjo.net\/site\/sao-clemente-i\/\",\"name\":\"S\u00e3o Clemente I - O Arcanjo no ar\",\"isPartOf\":{\"@id\":\"https:\/\/www.oarcanjo.net\/site\/#website\"},\"primaryImageOfPage\":{\"@id\":\"https:\/\/www.oarcanjo.net\/site\/sao-clemente-i\/#primaryimage\"},\"image\":{\"@id\":\"https:\/\/www.oarcanjo.net\/site\/sao-clemente-i\/#primaryimage\"},\"thumbnailUrl\":\"http:\/\/2.bp.blogspot.com\/_VsL8VkjSZWw\/SwqUEK71QzI\/AAAAAAAACPk\/RrCf_cgjchw\/s1600\/San_Clemente_I_Romano.jpg\",\"datePublished\":\"2017-11-21T01:00:26+00:00\",\"dateModified\":\"2017-07-31T10:20:06+00:00\",\"breadcrumb\":{\"@id\":\"https:\/\/www.oarcanjo.net\/site\/sao-clemente-i\/#breadcrumb\"},\"inLanguage\":\"pt-BR\",\"potentialAction\":[{\"@type\":\"ReadAction\",\"target\":[\"https:\/\/www.oarcanjo.net\/site\/sao-clemente-i\/\"]}]},{\"@type\":\"ImageObject\",\"inLanguage\":\"pt-BR\",\"@id\":\"https:\/\/www.oarcanjo.net\/site\/sao-clemente-i\/#primaryimage\",\"url\":\"http:\/\/2.bp.blogspot.com\/_VsL8VkjSZWw\/SwqUEK71QzI\/AAAAAAAACPk\/RrCf_cgjchw\/s1600\/San_Clemente_I_Romano.jpg\",\"contentUrl\":\"http:\/\/2.bp.blogspot.com\/_VsL8VkjSZWw\/SwqUEK71QzI\/AAAAAAAACPk\/RrCf_cgjchw\/s1600\/San_Clemente_I_Romano.jpg\"},{\"@type\":\"BreadcrumbList\",\"@id\":\"https:\/\/www.oarcanjo.net\/site\/sao-clemente-i\/#breadcrumb\",\"itemListElement\":[{\"@type\":\"ListItem\",\"position\":1,\"name\":\"In\u00edcio\",\"item\":\"https:\/\/www.oarcanjo.net\/site\/\"},{\"@type\":\"ListItem\",\"position\":2,\"name\":\"S\u00e3o Clemente I\"}]},{\"@type\":\"WebSite\",\"@id\":\"https:\/\/www.oarcanjo.net\/site\/#website\",\"url\":\"https:\/\/www.oarcanjo.net\/site\/\",\"name\":\"O Arcanjo no ar\",\"description\":\"Site da Par\u00f3quia S\u00e3o Miguel Arcanjo (Arquidiocese de SP)\",\"publisher\":{\"@id\":\"https:\/\/www.oarcanjo.net\/site\/#organization\"},\"potentialAction\":[{\"@type\":\"SearchAction\",\"target\":{\"@type\":\"EntryPoint\",\"urlTemplate\":\"https:\/\/www.oarcanjo.net\/site\/?s={search_term_string}\"},\"query-input\":{\"@type\":\"PropertyValueSpecification\",\"valueRequired\":true,\"valueName\":\"search_term_string\"}}],\"inLanguage\":\"pt-BR\"},{\"@type\":\"Organization\",\"@id\":\"https:\/\/www.oarcanjo.net\/site\/#organization\",\"name\":\"Par\u00f3quia S\u00e3o Miguel Arcanjo\",\"url\":\"https:\/\/www.oarcanjo.net\/site\/\",\"logo\":{\"@type\":\"ImageObject\",\"inLanguage\":\"pt-BR\",\"@id\":\"https:\/\/www.oarcanjo.net\/site\/#\/schema\/logo\/image\/\",\"url\":\"https:\/\/www.oarcanjo.net\/site\/wp-content\/uploads\/LogoOArcanjo.png\",\"contentUrl\":\"https:\/\/www.oarcanjo.net\/site\/wp-content\/uploads\/LogoOArcanjo.png\",\"width\":319,\"height\":99,\"caption\":\"Par\u00f3quia S\u00e3o Miguel Arcanjo\"},\"image\":{\"@id\":\"https:\/\/www.oarcanjo.net\/site\/#\/schema\/logo\/image\/\"},\"sameAs\":[\"https:\/\/www.facebook.com\/OArcanjoNoAr\/\"]},{\"@type\":\"Person\",\"@id\":\"https:\/\/www.oarcanjo.net\/site\/#\/schema\/person\/5eb9480bedd2f3c97e430ce128c29c6c\",\"name\":\"danilo\"}]}<\/script>\n<!-- \/ Yoast SEO plugin. -->","yoast_head_json":{"title":"S\u00e3o Clemente I - O Arcanjo no ar","robots":{"index":"index","follow":"follow","max-snippet":"max-snippet:-1","max-image-preview":"max-image-preview:large","max-video-preview":"max-video-preview:-1"},"canonical":"https:\/\/www.oarcanjo.net\/site\/sao-clemente-i\/","og_locale":"pt_BR","og_type":"article","og_title":"S\u00e3o Clemente I - O Arcanjo no ar","og_description":"23 de Novembro Clemente foi o quarto papa da Igreja de Roma, ainda no s\u00e9culo I. Vivia em Roma e foi contempor\u00e2neo de s\u00e3o Jo\u00e3o Evangelista, s\u00e3o Filipe e s\u00e3o Paulo; de Filipe era um dos colaboradores e do \u00faltimo, um disc\u00edpulo. Paulo at\u00e9 citou-o em seus escritos. A antiga tradi\u00e7\u00e3o crist\u00e3 apresenta-o como filho [&hellip;]","og_url":"https:\/\/www.oarcanjo.net\/site\/sao-clemente-i\/","og_site_name":"O Arcanjo no ar","article_publisher":"https:\/\/www.facebook.com\/OArcanjoNoAr\/","article_published_time":"2017-11-21T01:00:26+00:00","article_modified_time":"2017-07-31T10:20:06+00:00","og_image":[{"url":"http:\/\/2.bp.blogspot.com\/_VsL8VkjSZWw\/SwqUEK71QzI\/AAAAAAAACPk\/RrCf_cgjchw\/s1600\/San_Clemente_I_Romano.jpg"}],"author":"danilo","twitter_card":"summary_large_image","twitter_misc":{"Escrito por":"danilo","Est. tempo de leitura":"2 minutos"},"schema":{"@context":"https:\/\/schema.org","@graph":[{"@type":"Article","@id":"https:\/\/www.oarcanjo.net\/site\/sao-clemente-i\/#article","isPartOf":{"@id":"https:\/\/www.oarcanjo.net\/site\/sao-clemente-i\/"},"author":{"name":"danilo","@id":"https:\/\/www.oarcanjo.net\/site\/#\/schema\/person\/5eb9480bedd2f3c97e430ce128c29c6c"},"headline":"S\u00e3o Clemente I","datePublished":"2017-11-21T01:00:26+00:00","dateModified":"2017-07-31T10:20:06+00:00","mainEntityOfPage":{"@id":"https:\/\/www.oarcanjo.net\/site\/sao-clemente-i\/"},"wordCount":476,"commentCount":0,"publisher":{"@id":"https:\/\/www.oarcanjo.net\/site\/#organization"},"image":{"@id":"https:\/\/www.oarcanjo.net\/site\/sao-clemente-i\/#primaryimage"},"thumbnailUrl":"http:\/\/2.bp.blogspot.com\/_VsL8VkjSZWw\/SwqUEK71QzI\/AAAAAAAACPk\/RrCf_cgjchw\/s1600\/San_Clemente_I_Romano.jpg","articleSection":["Testemunhos"],"inLanguage":"pt-BR","potentialAction":[{"@type":"CommentAction","name":"Comment","target":["https:\/\/www.oarcanjo.net\/site\/sao-clemente-i\/#respond"]}]},{"@type":"WebPage","@id":"https:\/\/www.oarcanjo.net\/site\/sao-clemente-i\/","url":"https:\/\/www.oarcanjo.net\/site\/sao-clemente-i\/","name":"S\u00e3o Clemente I - O Arcanjo no ar","isPartOf":{"@id":"https:\/\/www.oarcanjo.net\/site\/#website"},"primaryImageOfPage":{"@id":"https:\/\/www.oarcanjo.net\/site\/sao-clemente-i\/#primaryimage"},"image":{"@id":"https:\/\/www.oarcanjo.net\/site\/sao-clemente-i\/#primaryimage"},"thumbnailUrl":"http:\/\/2.bp.blogspot.com\/_VsL8VkjSZWw\/SwqUEK71QzI\/AAAAAAAACPk\/RrCf_cgjchw\/s1600\/San_Clemente_I_Romano.jpg","datePublished":"2017-11-21T01:00:26+00:00","dateModified":"2017-07-31T10:20:06+00:00","breadcrumb":{"@id":"https:\/\/www.oarcanjo.net\/site\/sao-clemente-i\/#breadcrumb"},"inLanguage":"pt-BR","potentialAction":[{"@type":"ReadAction","target":["https:\/\/www.oarcanjo.net\/site\/sao-clemente-i\/"]}]},{"@type":"ImageObject","inLanguage":"pt-BR","@id":"https:\/\/www.oarcanjo.net\/site\/sao-clemente-i\/#primaryimage","url":"http:\/\/2.bp.blogspot.com\/_VsL8VkjSZWw\/SwqUEK71QzI\/AAAAAAAACPk\/RrCf_cgjchw\/s1600\/San_Clemente_I_Romano.jpg","contentUrl":"http:\/\/2.bp.blogspot.com\/_VsL8VkjSZWw\/SwqUEK71QzI\/AAAAAAAACPk\/RrCf_cgjchw\/s1600\/San_Clemente_I_Romano.jpg"},{"@type":"BreadcrumbList","@id":"https:\/\/www.oarcanjo.net\/site\/sao-clemente-i\/#breadcrumb","itemListElement":[{"@type":"ListItem","position":1,"name":"In\u00edcio","item":"https:\/\/www.oarcanjo.net\/site\/"},{"@type":"ListItem","position":2,"name":"S\u00e3o Clemente I"}]},{"@type":"WebSite","@id":"https:\/\/www.oarcanjo.net\/site\/#website","url":"https:\/\/www.oarcanjo.net\/site\/","name":"O Arcanjo no ar","description":"Site da Par\u00f3quia S\u00e3o Miguel Arcanjo (Arquidiocese de SP)","publisher":{"@id":"https:\/\/www.oarcanjo.net\/site\/#organization"},"potentialAction":[{"@type":"SearchAction","target":{"@type":"EntryPoint","urlTemplate":"https:\/\/www.oarcanjo.net\/site\/?s={search_term_string}"},"query-input":{"@type":"PropertyValueSpecification","valueRequired":true,"valueName":"search_term_string"}}],"inLanguage":"pt-BR"},{"@type":"Organization","@id":"https:\/\/www.oarcanjo.net\/site\/#organization","name":"Par\u00f3quia S\u00e3o Miguel Arcanjo","url":"https:\/\/www.oarcanjo.net\/site\/","logo":{"@type":"ImageObject","inLanguage":"pt-BR","@id":"https:\/\/www.oarcanjo.net\/site\/#\/schema\/logo\/image\/","url":"https:\/\/www.oarcanjo.net\/site\/wp-content\/uploads\/LogoOArcanjo.png","contentUrl":"https:\/\/www.oarcanjo.net\/site\/wp-content\/uploads\/LogoOArcanjo.png","width":319,"height":99,"caption":"Par\u00f3quia S\u00e3o Miguel Arcanjo"},"image":{"@id":"https:\/\/www.oarcanjo.net\/site\/#\/schema\/logo\/image\/"},"sameAs":["https:\/\/www.facebook.com\/OArcanjoNoAr\/"]},{"@type":"Person","@id":"https:\/\/www.oarcanjo.net\/site\/#\/schema\/person\/5eb9480bedd2f3c97e430ce128c29c6c","name":"danilo"}]}},"publishpress_future_action":{"enabled":false,"date":"2026-05-08 16:58:35","action":"category","newStatus":"draft","terms":[],"taxonomy":"category"},"publishpress_future_workflow_manual_trigger":{"enabledWorkflows":[]},"_links":{"self":[{"href":"https:\/\/www.oarcanjo.net\/site\/wp-json\/wp\/v2\/posts\/11776"}],"collection":[{"href":"https:\/\/www.oarcanjo.net\/site\/wp-json\/wp\/v2\/posts"}],"about":[{"href":"https:\/\/www.oarcanjo.net\/site\/wp-json\/wp\/v2\/types\/post"}],"author":[{"embeddable":true,"href":"https:\/\/www.oarcanjo.net\/site\/wp-json\/wp\/v2\/users\/14"}],"replies":[{"embeddable":true,"href":"https:\/\/www.oarcanjo.net\/site\/wp-json\/wp\/v2\/comments?post=11776"}],"version-history":[{"count":0,"href":"https:\/\/www.oarcanjo.net\/site\/wp-json\/wp\/v2\/posts\/11776\/revisions"}],"wp:attachment":[{"href":"https:\/\/www.oarcanjo.net\/site\/wp-json\/wp\/v2\/media?parent=11776"}],"wp:term":[{"taxonomy":"category","embeddable":true,"href":"https:\/\/www.oarcanjo.net\/site\/wp-json\/wp\/v2\/categories?post=11776"},{"taxonomy":"post_tag","embeddable":true,"href":"https:\/\/www.oarcanjo.net\/site\/wp-json\/wp\/v2\/tags?post=11776"}],"curies":[{"name":"wp","href":"https:\/\/api.w.org\/{rel}","templated":true}]}}