
{"id":11794,"date":"2010-11-21T15:20:25","date_gmt":"2010-11-21T17:20:25","guid":{"rendered":"http:\/\/www.oarcanjo.net\/site\/?p=11794"},"modified":"2011-03-02T08:39:40","modified_gmt":"2011-03-02T11:39:40","slug":"conclusao-do-1-congresso-de-leigos-da-arquidiocese","status":"publish","type":"post","link":"https:\/\/www.oarcanjo.net\/site\/conclusao-do-1-congresso-de-leigos-da-arquidiocese\/","title":{"rendered":"Conclus\u00e3o do 1\u00ba Congresso de Leigos da Arquidiocese"},"content":{"rendered":"<p>Neste domingo de Cristo Rei, acontece a conclus\u00e3o do 1\u00ba Congresso de Leigos da Arquidiocese de S\u00e3o Paulo no Gin\u00e1sio do Ibirapuera:<\/p>\n<p><object classid=\"clsid:6bf52a52-394a-11d3-b153-00c04f79faa6\" width=\"470\" height=\"330\" codebase=\"http:\/\/activex.microsoft.com\/activex\/controls\/mplayer\/en\/nsmp2inf.cab#Version=5,1,52,701\"><param name=\"url\" value=\"http:\/\/www.oarcanjo.net\/video\/CLeigos-Boletim.wmv\" \/><param name=\"src\" value=\"http:\/\/www.oarcanjo.net\/video\/CLeigos-Boletim.wmv\" \/><embed type=\"application\/x-mplayer2\" width=\"470\" height=\"330\" src=\"http:\/\/www.oarcanjo.net\/video\/CLeigos-Boletim.wmv\" url=\"http:\/\/www.oarcanjo.net\/video\/CLeigos-Boletim.wmv\">\u00a0<\/embed><\/object><\/p>\n<p>Assista \u00e0 opini\u00e3o de participantes sobre o 1\u00ba Congresso de Leigos:<\/p>\n<p><object classid=\"clsid:6bf52a52-394a-11d3-b153-00c04f79faa6\" width=\"470\" height=\"330\" codebase=\"http:\/\/activex.microsoft.com\/activex\/controls\/mplayer\/en\/nsmp2inf.cab#Version=5,1,52,701\"><param name=\"url\" value=\"http:\/\/www.oarcanjo.net\/video\/CLeigos-PovoFala.wmv\" \/><param name=\"src\" value=\"http:\/\/www.oarcanjo.net\/video\/CLeigos-PovoFala.wmv\" \/><param name=\"autostart\" value=\"false\" \/><embed type=\"application\/x-mplayer2\" width=\"470\" height=\"330\" src=\"http:\/\/www.oarcanjo.net\/video\/CLeigos-PovoFala.wmv\" autostart=\"false\" url=\"http:\/\/www.oarcanjo.net\/video\/CLeigos-PovoFala.wmv\"><\/embed><\/object><\/p>\n<p>Veja a \u00edntegra de homilia proclamada por D. Tom\u00e9 Ferreira da Silva, bispo auxiliar encarregado:<\/p>\n<p><object classid=\"clsid:6bf52a52-394a-11d3-b153-00c04f79faa6\" width=\"470\" height=\"330\" codebase=\"http:\/\/activex.microsoft.com\/activex\/controls\/mplayer\/en\/nsmp2inf.cab#Version=5,1,52,701\"><param name=\"url\" value=\"http:\/\/www.oarcanjo.net\/video\/CLeigos-Homilia.wmv\" \/><param name=\"src\" value=\"http:\/\/www.oarcanjo.net\/video\/CLeigos-Homilia.wmv\" \/><param name=\"autostart\" value=\"false\" \/><embed type=\"application\/x-mplayer2\" width=\"470\" height=\"330\" src=\"http:\/\/www.oarcanjo.net\/video\/CLeigos-Homilia.wmv\" autostart=\"false\" url=\"http:\/\/www.oarcanjo.net\/video\/CLeigos-Homilia.wmv\"><\/embed><\/object><\/p>\n<p>Veja tamb\u00e9m outra mat\u00e9ria\u00a0e fotos\u00a0no Rosto da Comunidade: <a href=\"http:\/\/www.oarcanjo.net\/site\/index.php\/rosto\/paroquia-sao-miguel-arcanjo-no-1%c2%ba-congresso-de-leigos\/\">http:\/\/www.oarcanjo.net\/site\/index.php\/rosto\/paroquia-sao-miguel-arcanjo-no-1%c2%ba-congresso-de-leigos\/<\/a><\/p>\n<div id=\"themify_builder_content-11794\" data-postid=\"11794\" class=\"themify_builder_content themify_builder_content-11794 themify_builder themify_builder_front\">\n\t<\/div>\n<!-- \/themify_builder_content -->","protected":false},"excerpt":{"rendered":"<p>Neste domingo de Cristo Rei, acontece a conclus\u00e3o do 1\u00ba Congresso de Leigos da Arquidiocese de S\u00e3o Paulo no Gin\u00e1sio do Ibirapuera: \u00a0 Assista \u00e0 opini\u00e3o de participantes sobre o 1\u00ba Congresso de Leigos: Veja a \u00edntegra de homilia proclamada por D. Tom\u00e9 Ferreira da Silva, bispo auxiliar encarregado: Veja tamb\u00e9m outra mat\u00e9ria\u00a0e fotos\u00a0no Rosto [&hellip;]<\/p>\n","protected":false},"author":5,"featured_media":0,"comment_status":"open","ping_status":"open","sticky":false,"template":"","format":"standard","meta":{"ngg_post_thumbnail":0,"footnotes":""},"categories":[3,477,8],"tags":[1434,121],"yoast_head":"<!-- This site is optimized with the Yoast SEO plugin v23.5 - https:\/\/yoast.com\/wordpress\/plugins\/seo\/ -->\n<title>Conclus\u00e3o do 1\u00ba Congresso de Leigos da Arquidiocese - O Arcanjo no ar<\/title>\n<meta name=\"robots\" content=\"index, follow, max-snippet:-1, max-image-preview:large, max-video-preview:-1\" \/>\n<link rel=\"canonical\" href=\"https:\/\/www.oarcanjo.net\/site\/conclusao-do-1-congresso-de-leigos-da-arquidiocese\/\" \/>\n<meta property=\"og:locale\" content=\"pt_BR\" \/>\n<meta property=\"og:type\" content=\"article\" \/>\n<meta property=\"og:title\" content=\"Conclus\u00e3o do 1\u00ba Congresso de Leigos da Arquidiocese - O Arcanjo no ar\" \/>\n<meta property=\"og:description\" content=\"Neste domingo de Cristo Rei, acontece a conclus\u00e3o do 1\u00ba Congresso de Leigos da Arquidiocese de S\u00e3o Paulo no Gin\u00e1sio do Ibirapuera: \u00a0 Assista \u00e0 opini\u00e3o de participantes sobre o 1\u00ba Congresso de Leigos: Veja a \u00edntegra de homilia proclamada por D. Tom\u00e9 Ferreira da Silva, bispo auxiliar encarregado: Veja tamb\u00e9m outra mat\u00e9ria\u00a0e fotos\u00a0no Rosto [&hellip;]\" \/>\n<meta property=\"og:url\" content=\"https:\/\/www.oarcanjo.net\/site\/conclusao-do-1-congresso-de-leigos-da-arquidiocese\/\" \/>\n<meta property=\"og:site_name\" content=\"O Arcanjo no ar\" \/>\n<meta property=\"article:publisher\" content=\"https:\/\/www.facebook.com\/OArcanjoNoAr\/\" \/>\n<meta property=\"article:published_time\" content=\"2010-11-21T17:20:25+00:00\" \/>\n<meta property=\"article:modified_time\" content=\"2011-03-02T11:39:40+00:00\" \/>\n<meta property=\"og:image\" content=\"https:\/\/www.oarcanjo.net\/site\/wp-content\/uploads\/logo-o-arcanjo-no-ar-facebook.png\" \/>\n\t<meta property=\"og:image:width\" content=\"300\" \/>\n\t<meta property=\"og:image:height\" content=\"300\" \/>\n\t<meta property=\"og:image:type\" content=\"image\/png\" \/>\n<meta name=\"author\" content=\"editor\" \/>\n<meta name=\"twitter:card\" content=\"summary_large_image\" \/>\n<meta name=\"twitter:label1\" content=\"Escrito por\" \/>\n\t<meta name=\"twitter:data1\" content=\"editor\" \/>\n<script type=\"application\/ld+json\" class=\"yoast-schema-graph\">{\"@context\":\"https:\/\/schema.org\",\"@graph\":[{\"@type\":\"Article\",\"@id\":\"https:\/\/www.oarcanjo.net\/site\/conclusao-do-1-congresso-de-leigos-da-arquidiocese\/#article\",\"isPartOf\":{\"@id\":\"https:\/\/www.oarcanjo.net\/site\/conclusao-do-1-congresso-de-leigos-da-arquidiocese\/\"},\"author\":{\"name\":\"editor\",\"@id\":\"https:\/\/www.oarcanjo.net\/site\/#\/schema\/person\/f7024d007863202483a31326673a0838\"},\"headline\":\"Conclus\u00e3o do 1\u00ba Congresso de Leigos da Arquidiocese\",\"datePublished\":\"2010-11-21T17:20:25+00:00\",\"dateModified\":\"2011-03-02T11:39:40+00:00\",\"mainEntityOfPage\":{\"@id\":\"https:\/\/www.oarcanjo.net\/site\/conclusao-do-1-congresso-de-leigos-da-arquidiocese\/\"},\"wordCount\":80,\"commentCount\":0,\"publisher\":{\"@id\":\"https:\/\/www.oarcanjo.net\/site\/#organization\"},\"keywords\":[\"Congresso de Leigos\",\"Cristo Rei\"],\"articleSection\":[\"Destaques\",\"Eventos\",\"Not\u00edcias\"],\"inLanguage\":\"pt-BR\",\"potentialAction\":[{\"@type\":\"CommentAction\",\"name\":\"Comment\",\"target\":[\"https:\/\/www.oarcanjo.net\/site\/conclusao-do-1-congresso-de-leigos-da-arquidiocese\/#respond\"]}]},{\"@type\":\"WebPage\",\"@id\":\"https:\/\/www.oarcanjo.net\/site\/conclusao-do-1-congresso-de-leigos-da-arquidiocese\/\",\"url\":\"https:\/\/www.oarcanjo.net\/site\/conclusao-do-1-congresso-de-leigos-da-arquidiocese\/\",\"name\":\"Conclus\u00e3o do 1\u00ba Congresso de Leigos da Arquidiocese - O Arcanjo no ar\",\"isPartOf\":{\"@id\":\"https:\/\/www.oarcanjo.net\/site\/#website\"},\"datePublished\":\"2010-11-21T17:20:25+00:00\",\"dateModified\":\"2011-03-02T11:39:40+00:00\",\"breadcrumb\":{\"@id\":\"https:\/\/www.oarcanjo.net\/site\/conclusao-do-1-congresso-de-leigos-da-arquidiocese\/#breadcrumb\"},\"inLanguage\":\"pt-BR\",\"potentialAction\":[{\"@type\":\"ReadAction\",\"target\":[\"https:\/\/www.oarcanjo.net\/site\/conclusao-do-1-congresso-de-leigos-da-arquidiocese\/\"]}]},{\"@type\":\"BreadcrumbList\",\"@id\":\"https:\/\/www.oarcanjo.net\/site\/conclusao-do-1-congresso-de-leigos-da-arquidiocese\/#breadcrumb\",\"itemListElement\":[{\"@type\":\"ListItem\",\"position\":1,\"name\":\"In\u00edcio\",\"item\":\"https:\/\/www.oarcanjo.net\/site\/\"},{\"@type\":\"ListItem\",\"position\":2,\"name\":\"Conclus\u00e3o do 1\u00ba Congresso de Leigos da Arquidiocese\"}]},{\"@type\":\"WebSite\",\"@id\":\"https:\/\/www.oarcanjo.net\/site\/#website\",\"url\":\"https:\/\/www.oarcanjo.net\/site\/\",\"name\":\"O Arcanjo no ar\",\"description\":\"Site da Par\u00f3quia S\u00e3o Miguel Arcanjo (Arquidiocese de SP)\",\"publisher\":{\"@id\":\"https:\/\/www.oarcanjo.net\/site\/#organization\"},\"potentialAction\":[{\"@type\":\"SearchAction\",\"target\":{\"@type\":\"EntryPoint\",\"urlTemplate\":\"https:\/\/www.oarcanjo.net\/site\/?s={search_term_string}\"},\"query-input\":{\"@type\":\"PropertyValueSpecification\",\"valueRequired\":true,\"valueName\":\"search_term_string\"}}],\"inLanguage\":\"pt-BR\"},{\"@type\":\"Organization\",\"@id\":\"https:\/\/www.oarcanjo.net\/site\/#organization\",\"name\":\"Par\u00f3quia S\u00e3o Miguel Arcanjo\",\"url\":\"https:\/\/www.oarcanjo.net\/site\/\",\"logo\":{\"@type\":\"ImageObject\",\"inLanguage\":\"pt-BR\",\"@id\":\"https:\/\/www.oarcanjo.net\/site\/#\/schema\/logo\/image\/\",\"url\":\"https:\/\/www.oarcanjo.net\/site\/wp-content\/uploads\/LogoOArcanjo.png\",\"contentUrl\":\"https:\/\/www.oarcanjo.net\/site\/wp-content\/uploads\/LogoOArcanjo.png\",\"width\":319,\"height\":99,\"caption\":\"Par\u00f3quia S\u00e3o Miguel Arcanjo\"},\"image\":{\"@id\":\"https:\/\/www.oarcanjo.net\/site\/#\/schema\/logo\/image\/\"},\"sameAs\":[\"https:\/\/www.facebook.com\/OArcanjoNoAr\/\"]},{\"@type\":\"Person\",\"@id\":\"https:\/\/www.oarcanjo.net\/site\/#\/schema\/person\/f7024d007863202483a31326673a0838\",\"name\":\"editor\",\"sameAs\":[\"http:\/\/www.oarcanjo.net\"]}]}<\/script>\n<!-- \/ Yoast SEO plugin. -->","yoast_head_json":{"title":"Conclus\u00e3o do 1\u00ba Congresso de Leigos da Arquidiocese - O Arcanjo no ar","robots":{"index":"index","follow":"follow","max-snippet":"max-snippet:-1","max-image-preview":"max-image-preview:large","max-video-preview":"max-video-preview:-1"},"canonical":"https:\/\/www.oarcanjo.net\/site\/conclusao-do-1-congresso-de-leigos-da-arquidiocese\/","og_locale":"pt_BR","og_type":"article","og_title":"Conclus\u00e3o do 1\u00ba Congresso de Leigos da Arquidiocese - O Arcanjo no ar","og_description":"Neste domingo de Cristo Rei, acontece a conclus\u00e3o do 1\u00ba Congresso de Leigos da Arquidiocese de S\u00e3o Paulo no Gin\u00e1sio do Ibirapuera: \u00a0 Assista \u00e0 opini\u00e3o de participantes sobre o 1\u00ba Congresso de Leigos: Veja a \u00edntegra de homilia proclamada por D. Tom\u00e9 Ferreira da Silva, bispo auxiliar encarregado: Veja tamb\u00e9m outra mat\u00e9ria\u00a0e fotos\u00a0no Rosto [&hellip;]","og_url":"https:\/\/www.oarcanjo.net\/site\/conclusao-do-1-congresso-de-leigos-da-arquidiocese\/","og_site_name":"O Arcanjo no ar","article_publisher":"https:\/\/www.facebook.com\/OArcanjoNoAr\/","article_published_time":"2010-11-21T17:20:25+00:00","article_modified_time":"2011-03-02T11:39:40+00:00","og_image":[{"width":300,"height":300,"url":"https:\/\/www.oarcanjo.net\/site\/wp-content\/uploads\/logo-o-arcanjo-no-ar-facebook.png","type":"image\/png"}],"author":"editor","twitter_card":"summary_large_image","twitter_misc":{"Escrito por":"editor"},"schema":{"@context":"https:\/\/schema.org","@graph":[{"@type":"Article","@id":"https:\/\/www.oarcanjo.net\/site\/conclusao-do-1-congresso-de-leigos-da-arquidiocese\/#article","isPartOf":{"@id":"https:\/\/www.oarcanjo.net\/site\/conclusao-do-1-congresso-de-leigos-da-arquidiocese\/"},"author":{"name":"editor","@id":"https:\/\/www.oarcanjo.net\/site\/#\/schema\/person\/f7024d007863202483a31326673a0838"},"headline":"Conclus\u00e3o do 1\u00ba Congresso de Leigos da Arquidiocese","datePublished":"2010-11-21T17:20:25+00:00","dateModified":"2011-03-02T11:39:40+00:00","mainEntityOfPage":{"@id":"https:\/\/www.oarcanjo.net\/site\/conclusao-do-1-congresso-de-leigos-da-arquidiocese\/"},"wordCount":80,"commentCount":0,"publisher":{"@id":"https:\/\/www.oarcanjo.net\/site\/#organization"},"keywords":["Congresso de Leigos","Cristo Rei"],"articleSection":["Destaques","Eventos","Not\u00edcias"],"inLanguage":"pt-BR","potentialAction":[{"@type":"CommentAction","name":"Comment","target":["https:\/\/www.oarcanjo.net\/site\/conclusao-do-1-congresso-de-leigos-da-arquidiocese\/#respond"]}]},{"@type":"WebPage","@id":"https:\/\/www.oarcanjo.net\/site\/conclusao-do-1-congresso-de-leigos-da-arquidiocese\/","url":"https:\/\/www.oarcanjo.net\/site\/conclusao-do-1-congresso-de-leigos-da-arquidiocese\/","name":"Conclus\u00e3o do 1\u00ba Congresso de Leigos da Arquidiocese - O Arcanjo no ar","isPartOf":{"@id":"https:\/\/www.oarcanjo.net\/site\/#website"},"datePublished":"2010-11-21T17:20:25+00:00","dateModified":"2011-03-02T11:39:40+00:00","breadcrumb":{"@id":"https:\/\/www.oarcanjo.net\/site\/conclusao-do-1-congresso-de-leigos-da-arquidiocese\/#breadcrumb"},"inLanguage":"pt-BR","potentialAction":[{"@type":"ReadAction","target":["https:\/\/www.oarcanjo.net\/site\/conclusao-do-1-congresso-de-leigos-da-arquidiocese\/"]}]},{"@type":"BreadcrumbList","@id":"https:\/\/www.oarcanjo.net\/site\/conclusao-do-1-congresso-de-leigos-da-arquidiocese\/#breadcrumb","itemListElement":[{"@type":"ListItem","position":1,"name":"In\u00edcio","item":"https:\/\/www.oarcanjo.net\/site\/"},{"@type":"ListItem","position":2,"name":"Conclus\u00e3o do 1\u00ba Congresso de Leigos da Arquidiocese"}]},{"@type":"WebSite","@id":"https:\/\/www.oarcanjo.net\/site\/#website","url":"https:\/\/www.oarcanjo.net\/site\/","name":"O Arcanjo no ar","description":"Site da Par\u00f3quia S\u00e3o Miguel Arcanjo (Arquidiocese de SP)","publisher":{"@id":"https:\/\/www.oarcanjo.net\/site\/#organization"},"potentialAction":[{"@type":"SearchAction","target":{"@type":"EntryPoint","urlTemplate":"https:\/\/www.oarcanjo.net\/site\/?s={search_term_string}"},"query-input":{"@type":"PropertyValueSpecification","valueRequired":true,"valueName":"search_term_string"}}],"inLanguage":"pt-BR"},{"@type":"Organization","@id":"https:\/\/www.oarcanjo.net\/site\/#organization","name":"Par\u00f3quia S\u00e3o Miguel Arcanjo","url":"https:\/\/www.oarcanjo.net\/site\/","logo":{"@type":"ImageObject","inLanguage":"pt-BR","@id":"https:\/\/www.oarcanjo.net\/site\/#\/schema\/logo\/image\/","url":"https:\/\/www.oarcanjo.net\/site\/wp-content\/uploads\/LogoOArcanjo.png","contentUrl":"https:\/\/www.oarcanjo.net\/site\/wp-content\/uploads\/LogoOArcanjo.png","width":319,"height":99,"caption":"Par\u00f3quia S\u00e3o Miguel Arcanjo"},"image":{"@id":"https:\/\/www.oarcanjo.net\/site\/#\/schema\/logo\/image\/"},"sameAs":["https:\/\/www.facebook.com\/OArcanjoNoAr\/"]},{"@type":"Person","@id":"https:\/\/www.oarcanjo.net\/site\/#\/schema\/person\/f7024d007863202483a31326673a0838","name":"editor","sameAs":["http:\/\/www.oarcanjo.net"]}]}},"publishpress_future_action":{"enabled":false,"date":"2026-05-09 04:31:51","action":"category","newStatus":"draft","terms":[],"taxonomy":"category"},"publishpress_future_workflow_manual_trigger":{"enabledWorkflows":[]},"_links":{"self":[{"href":"https:\/\/www.oarcanjo.net\/site\/wp-json\/wp\/v2\/posts\/11794"}],"collection":[{"href":"https:\/\/www.oarcanjo.net\/site\/wp-json\/wp\/v2\/posts"}],"about":[{"href":"https:\/\/www.oarcanjo.net\/site\/wp-json\/wp\/v2\/types\/post"}],"author":[{"embeddable":true,"href":"https:\/\/www.oarcanjo.net\/site\/wp-json\/wp\/v2\/users\/5"}],"replies":[{"embeddable":true,"href":"https:\/\/www.oarcanjo.net\/site\/wp-json\/wp\/v2\/comments?post=11794"}],"version-history":[{"count":0,"href":"https:\/\/www.oarcanjo.net\/site\/wp-json\/wp\/v2\/posts\/11794\/revisions"}],"wp:attachment":[{"href":"https:\/\/www.oarcanjo.net\/site\/wp-json\/wp\/v2\/media?parent=11794"}],"wp:term":[{"taxonomy":"category","embeddable":true,"href":"https:\/\/www.oarcanjo.net\/site\/wp-json\/wp\/v2\/categories?post=11794"},{"taxonomy":"post_tag","embeddable":true,"href":"https:\/\/www.oarcanjo.net\/site\/wp-json\/wp\/v2\/tags?post=11794"}],"curies":[{"name":"wp","href":"https:\/\/api.w.org\/{rel}","templated":true}]}}