
{"id":11836,"date":"2010-11-22T22:47:02","date_gmt":"2010-11-23T00:47:02","guid":{"rendered":"http:\/\/www.oarcanjo.net\/site\/?p=11836"},"modified":"2010-11-22T22:55:50","modified_gmt":"2010-11-23T00:55:50","slug":"texto-de-marina-colasanti","status":"publish","type":"post","link":"https:\/\/www.oarcanjo.net\/site\/texto-de-marina-colasanti\/","title":{"rendered":"Texto de Marina Colasanti"},"content":{"rendered":"<p>Este \u00e9 um texto de Marina Colosanti chamado Eu sei,mas n\u00e3o devia ,\u00e9 um texto que traz reflex\u00f5es ,que tem uma sabedoria presente em suas palavras :<\/p>\n<p>Eu sei, mas n\u00e3o devia<\/p>\n<p>Eu sei que a gente se acostuma.<br \/>\nMas n\u00e3o devia.<br \/>\nA gente se acostuma a morar em apartamento de fundos e a n\u00e3o ter outra vista que n\u00e3o as janelas ao redor. E porque n\u00e3o tem vista, logo se acostuma a n\u00e3o olhar para fora. E porque n\u00e3o olha para fora, logo se acostuma a n\u00e3o abrir de todo as cortinas. E porque n\u00e3o abre as cortinas, logo se acostuma a acender mais cedo a luz. E porque \u00e0 medida que se acostuma, esquece o sol, esquece o ar, esquece a amplid\u00e3o.<\/p>\n<p>A gente se acostuma a acordar de manh\u00e3, sobressaltado porque est\u00e1 na hora.<\/p>\n<p>A tomar caf\u00e9 correndo porque est\u00e1 atrasado. A ler jornal no \u00f4nibus porque n\u00e3o pode perder o tempo da viagem. A comer sandu\u00edches porque j\u00e1 \u00e9 noite. A cochilar no \u00f4nibus porque est\u00e1 cansado. A deitar cedo e dormir pesado sem ter vivido o dia. A gente se acostuma a abrir a janela e a ler sobre a guerra. E aceitando a guerra, aceita os mortos e que haja n\u00fameros para os mortos. E aceitando os n\u00fameros, aceita n\u00e3o acreditar nas negocia\u00e7\u00f5es de paz. E aceitando as negocia\u00e7\u00f5es de paz, aceitar ler todo dia de guerra, dos n\u00fameros da longa dura\u00e7\u00e3o. A gente se acostuma a esperar o dia inteiro e ouvir no telefone: hoje n\u00e3o posso ir. A sorrir para as pessoas sem receber um sorriso de volta. A ser ignorado quando precisava tanto ser visto. A gente se acostuma a pagar por tudo o que deseja e o que necessita. E a lutar para ganhar o dinheiro com que paga. E a ganhar menos do que precisa. E a fazer fila para pagar. E a pagar mais do que as coisas valem. E a saber que cada vez pagar\u00e1 mais. E a procurar mais trabalho, para ganhar mais dinheiro, para ter com o que pagar nas filas em que se cobra.<\/p>\n<p>A gente se acostuma a andar na rua e ver cartazes, a abrir as revistas e ver an\u00fancios. A ligar a televis\u00e3o e assistir a comerciais. A ir ao cinema, a engolir publicidade. A ser instigado, conduzido, desnorteado, lan\u00e7ado na infind\u00e1vel catarata dos produtos.<\/p>\n<p>A gente se acostuma \u00e0 polui\u00e7\u00e3o. \u00c0 luz artificial de ligeiro tremor. Ao choque que os olhos levam na luz natural. \u00c0s besteiras das m\u00fasicas, \u00e0s bact\u00e9rias da \u00e1gua pot\u00e1vel. \u00c0 contamina\u00e7\u00e3o da \u00e1gua do mar. \u00c0 luta. \u00c0 lenta morte dos rios. E se acostuma a n\u00e3o ouvir passarinhos, a n\u00e3o colher frutas do p\u00e9, a n\u00e3o ter sequer uma planta.<\/p>\n<p>A gente se acostuma a coisas demais, para n\u00e3o sofrer. Em doses pequenas, tentando n\u00e3o perceber, vai afastando uma dor aqui, um ressentimento ali, uma revolta acol\u00e1. Se o cinema est\u00e1 cheio, a gente senta na primeira fila e torce um pouco o pesco\u00e7o. Se a praia est\u00e1 contaminada, a gente s\u00f3 molha os p\u00e9s e sua no resto do corpo. Se o trabalho est\u00e1 duro, a gente se consola pensando no fim de semana. E se no fim de semana n\u00e3o h\u00e1 muito o que fazer, a gente vai dormir cedo e ainda satisfeito porque tem sono atrasado. A gente se acostuma para n\u00e3o se ralar na aspereza, para preservar a pele.<\/p>\n<p>Se acostuma para evitar feridas, sangramentos, para esquivar-se da faca e da baioneta, para poupar o peito.<\/p>\n<p>A gente se acostuma para poupar a vida.<\/p>\n<p>Que aos poucos se gasta, e que, de tanto acostumar, se perde de si mesma.<\/p>\n<p>Marina Colasanti<\/p>\n<div id=\"themify_builder_content-11836\" data-postid=\"11836\" class=\"themify_builder_content themify_builder_content-11836 themify_builder themify_builder_front\">\n\t<\/div>\n<!-- \/themify_builder_content -->","protected":false},"excerpt":{"rendered":"<p>Este \u00e9 um texto de Marina Colosanti chamado Eu sei,mas n\u00e3o devia ,\u00e9 um texto que traz reflex\u00f5es ,que tem uma sabedoria presente em suas palavras : Eu sei, mas n\u00e3o devia Eu sei que a gente se acostuma. Mas n\u00e3o devia. A gente se acostuma a morar em apartamento de fundos e a n\u00e3o [&hellip;]<\/p>\n","protected":false},"author":12,"featured_media":0,"comment_status":"open","ping_status":"open","sticky":false,"template":"","format":"standard","meta":{"ngg_post_thumbnail":0,"footnotes":""},"categories":[395],"tags":[1765],"yoast_head":"<!-- This site is optimized with the Yoast SEO plugin v23.5 - https:\/\/yoast.com\/wordpress\/plugins\/seo\/ -->\n<title>Texto de Marina Colasanti - O Arcanjo no ar<\/title>\n<meta name=\"robots\" content=\"index, follow, max-snippet:-1, max-image-preview:large, max-video-preview:-1\" \/>\n<link rel=\"canonical\" href=\"https:\/\/www.oarcanjo.net\/site\/texto-de-marina-colasanti\/\" \/>\n<meta property=\"og:locale\" content=\"pt_BR\" \/>\n<meta property=\"og:type\" content=\"article\" \/>\n<meta property=\"og:title\" content=\"Texto de Marina Colasanti - O Arcanjo no ar\" \/>\n<meta property=\"og:description\" content=\"Este \u00e9 um texto de Marina Colosanti chamado Eu sei,mas n\u00e3o devia ,\u00e9 um texto que traz reflex\u00f5es ,que tem uma sabedoria presente em suas palavras : Eu sei, mas n\u00e3o devia Eu sei que a gente se acostuma. Mas n\u00e3o devia. A gente se acostuma a morar em apartamento de fundos e a n\u00e3o [&hellip;]\" \/>\n<meta property=\"og:url\" content=\"https:\/\/www.oarcanjo.net\/site\/texto-de-marina-colasanti\/\" \/>\n<meta property=\"og:site_name\" content=\"O Arcanjo no ar\" \/>\n<meta property=\"article:publisher\" content=\"https:\/\/www.facebook.com\/OArcanjoNoAr\/\" \/>\n<meta property=\"article:published_time\" content=\"2010-11-23T00:47:02+00:00\" \/>\n<meta property=\"article:modified_time\" content=\"2010-11-23T00:55:50+00:00\" \/>\n<meta property=\"og:image\" content=\"https:\/\/www.oarcanjo.net\/site\/wp-content\/uploads\/logo-o-arcanjo-no-ar-facebook.png\" \/>\n\t<meta property=\"og:image:width\" content=\"300\" \/>\n\t<meta property=\"og:image:height\" content=\"300\" \/>\n\t<meta property=\"og:image:type\" content=\"image\/png\" \/>\n<meta name=\"author\" content=\"mariana\" \/>\n<meta name=\"twitter:card\" content=\"summary_large_image\" \/>\n<meta name=\"twitter:label1\" content=\"Escrito por\" \/>\n\t<meta name=\"twitter:data1\" content=\"mariana\" \/>\n\t<meta name=\"twitter:label2\" content=\"Est. tempo de leitura\" \/>\n\t<meta name=\"twitter:data2\" content=\"3 minutos\" \/>\n<script type=\"application\/ld+json\" class=\"yoast-schema-graph\">{\"@context\":\"https:\/\/schema.org\",\"@graph\":[{\"@type\":\"Article\",\"@id\":\"https:\/\/www.oarcanjo.net\/site\/texto-de-marina-colasanti\/#article\",\"isPartOf\":{\"@id\":\"https:\/\/www.oarcanjo.net\/site\/texto-de-marina-colasanti\/\"},\"author\":{\"name\":\"mariana\",\"@id\":\"https:\/\/www.oarcanjo.net\/site\/#\/schema\/person\/e54a5c62347067e278a5d0cf64f6a6e6\"},\"headline\":\"Texto de Marina Colasanti\",\"datePublished\":\"2010-11-23T00:47:02+00:00\",\"dateModified\":\"2010-11-23T00:55:50+00:00\",\"mainEntityOfPage\":{\"@id\":\"https:\/\/www.oarcanjo.net\/site\/texto-de-marina-colasanti\/\"},\"wordCount\":646,\"commentCount\":5,\"publisher\":{\"@id\":\"https:\/\/www.oarcanjo.net\/site\/#organization\"},\"keywords\":[\"texto de Marina Colasanti\"],\"articleSection\":[\"Jovens\"],\"inLanguage\":\"pt-BR\",\"potentialAction\":[{\"@type\":\"CommentAction\",\"name\":\"Comment\",\"target\":[\"https:\/\/www.oarcanjo.net\/site\/texto-de-marina-colasanti\/#respond\"]}]},{\"@type\":\"WebPage\",\"@id\":\"https:\/\/www.oarcanjo.net\/site\/texto-de-marina-colasanti\/\",\"url\":\"https:\/\/www.oarcanjo.net\/site\/texto-de-marina-colasanti\/\",\"name\":\"Texto de Marina Colasanti - O Arcanjo no ar\",\"isPartOf\":{\"@id\":\"https:\/\/www.oarcanjo.net\/site\/#website\"},\"datePublished\":\"2010-11-23T00:47:02+00:00\",\"dateModified\":\"2010-11-23T00:55:50+00:00\",\"breadcrumb\":{\"@id\":\"https:\/\/www.oarcanjo.net\/site\/texto-de-marina-colasanti\/#breadcrumb\"},\"inLanguage\":\"pt-BR\",\"potentialAction\":[{\"@type\":\"ReadAction\",\"target\":[\"https:\/\/www.oarcanjo.net\/site\/texto-de-marina-colasanti\/\"]}]},{\"@type\":\"BreadcrumbList\",\"@id\":\"https:\/\/www.oarcanjo.net\/site\/texto-de-marina-colasanti\/#breadcrumb\",\"itemListElement\":[{\"@type\":\"ListItem\",\"position\":1,\"name\":\"In\u00edcio\",\"item\":\"https:\/\/www.oarcanjo.net\/site\/\"},{\"@type\":\"ListItem\",\"position\":2,\"name\":\"Texto de Marina Colasanti\"}]},{\"@type\":\"WebSite\",\"@id\":\"https:\/\/www.oarcanjo.net\/site\/#website\",\"url\":\"https:\/\/www.oarcanjo.net\/site\/\",\"name\":\"O Arcanjo no ar\",\"description\":\"Site da Par\u00f3quia S\u00e3o Miguel Arcanjo (Arquidiocese de SP)\",\"publisher\":{\"@id\":\"https:\/\/www.oarcanjo.net\/site\/#organization\"},\"potentialAction\":[{\"@type\":\"SearchAction\",\"target\":{\"@type\":\"EntryPoint\",\"urlTemplate\":\"https:\/\/www.oarcanjo.net\/site\/?s={search_term_string}\"},\"query-input\":{\"@type\":\"PropertyValueSpecification\",\"valueRequired\":true,\"valueName\":\"search_term_string\"}}],\"inLanguage\":\"pt-BR\"},{\"@type\":\"Organization\",\"@id\":\"https:\/\/www.oarcanjo.net\/site\/#organization\",\"name\":\"Par\u00f3quia S\u00e3o Miguel Arcanjo\",\"url\":\"https:\/\/www.oarcanjo.net\/site\/\",\"logo\":{\"@type\":\"ImageObject\",\"inLanguage\":\"pt-BR\",\"@id\":\"https:\/\/www.oarcanjo.net\/site\/#\/schema\/logo\/image\/\",\"url\":\"https:\/\/www.oarcanjo.net\/site\/wp-content\/uploads\/LogoOArcanjo.png\",\"contentUrl\":\"https:\/\/www.oarcanjo.net\/site\/wp-content\/uploads\/LogoOArcanjo.png\",\"width\":319,\"height\":99,\"caption\":\"Par\u00f3quia S\u00e3o Miguel Arcanjo\"},\"image\":{\"@id\":\"https:\/\/www.oarcanjo.net\/site\/#\/schema\/logo\/image\/\"},\"sameAs\":[\"https:\/\/www.facebook.com\/OArcanjoNoAr\/\"]},{\"@type\":\"Person\",\"@id\":\"https:\/\/www.oarcanjo.net\/site\/#\/schema\/person\/e54a5c62347067e278a5d0cf64f6a6e6\",\"name\":\"mariana\"}]}<\/script>\n<!-- \/ Yoast SEO plugin. -->","yoast_head_json":{"title":"Texto de Marina Colasanti - O Arcanjo no ar","robots":{"index":"index","follow":"follow","max-snippet":"max-snippet:-1","max-image-preview":"max-image-preview:large","max-video-preview":"max-video-preview:-1"},"canonical":"https:\/\/www.oarcanjo.net\/site\/texto-de-marina-colasanti\/","og_locale":"pt_BR","og_type":"article","og_title":"Texto de Marina Colasanti - O Arcanjo no ar","og_description":"Este \u00e9 um texto de Marina Colosanti chamado Eu sei,mas n\u00e3o devia ,\u00e9 um texto que traz reflex\u00f5es ,que tem uma sabedoria presente em suas palavras : Eu sei, mas n\u00e3o devia Eu sei que a gente se acostuma. Mas n\u00e3o devia. A gente se acostuma a morar em apartamento de fundos e a n\u00e3o [&hellip;]","og_url":"https:\/\/www.oarcanjo.net\/site\/texto-de-marina-colasanti\/","og_site_name":"O Arcanjo no ar","article_publisher":"https:\/\/www.facebook.com\/OArcanjoNoAr\/","article_published_time":"2010-11-23T00:47:02+00:00","article_modified_time":"2010-11-23T00:55:50+00:00","og_image":[{"width":300,"height":300,"url":"https:\/\/www.oarcanjo.net\/site\/wp-content\/uploads\/logo-o-arcanjo-no-ar-facebook.png","type":"image\/png"}],"author":"mariana","twitter_card":"summary_large_image","twitter_misc":{"Escrito por":"mariana","Est. tempo de leitura":"3 minutos"},"schema":{"@context":"https:\/\/schema.org","@graph":[{"@type":"Article","@id":"https:\/\/www.oarcanjo.net\/site\/texto-de-marina-colasanti\/#article","isPartOf":{"@id":"https:\/\/www.oarcanjo.net\/site\/texto-de-marina-colasanti\/"},"author":{"name":"mariana","@id":"https:\/\/www.oarcanjo.net\/site\/#\/schema\/person\/e54a5c62347067e278a5d0cf64f6a6e6"},"headline":"Texto de Marina Colasanti","datePublished":"2010-11-23T00:47:02+00:00","dateModified":"2010-11-23T00:55:50+00:00","mainEntityOfPage":{"@id":"https:\/\/www.oarcanjo.net\/site\/texto-de-marina-colasanti\/"},"wordCount":646,"commentCount":5,"publisher":{"@id":"https:\/\/www.oarcanjo.net\/site\/#organization"},"keywords":["texto de Marina Colasanti"],"articleSection":["Jovens"],"inLanguage":"pt-BR","potentialAction":[{"@type":"CommentAction","name":"Comment","target":["https:\/\/www.oarcanjo.net\/site\/texto-de-marina-colasanti\/#respond"]}]},{"@type":"WebPage","@id":"https:\/\/www.oarcanjo.net\/site\/texto-de-marina-colasanti\/","url":"https:\/\/www.oarcanjo.net\/site\/texto-de-marina-colasanti\/","name":"Texto de Marina Colasanti - O Arcanjo no ar","isPartOf":{"@id":"https:\/\/www.oarcanjo.net\/site\/#website"},"datePublished":"2010-11-23T00:47:02+00:00","dateModified":"2010-11-23T00:55:50+00:00","breadcrumb":{"@id":"https:\/\/www.oarcanjo.net\/site\/texto-de-marina-colasanti\/#breadcrumb"},"inLanguage":"pt-BR","potentialAction":[{"@type":"ReadAction","target":["https:\/\/www.oarcanjo.net\/site\/texto-de-marina-colasanti\/"]}]},{"@type":"BreadcrumbList","@id":"https:\/\/www.oarcanjo.net\/site\/texto-de-marina-colasanti\/#breadcrumb","itemListElement":[{"@type":"ListItem","position":1,"name":"In\u00edcio","item":"https:\/\/www.oarcanjo.net\/site\/"},{"@type":"ListItem","position":2,"name":"Texto de Marina Colasanti"}]},{"@type":"WebSite","@id":"https:\/\/www.oarcanjo.net\/site\/#website","url":"https:\/\/www.oarcanjo.net\/site\/","name":"O Arcanjo no ar","description":"Site da Par\u00f3quia S\u00e3o Miguel Arcanjo (Arquidiocese de SP)","publisher":{"@id":"https:\/\/www.oarcanjo.net\/site\/#organization"},"potentialAction":[{"@type":"SearchAction","target":{"@type":"EntryPoint","urlTemplate":"https:\/\/www.oarcanjo.net\/site\/?s={search_term_string}"},"query-input":{"@type":"PropertyValueSpecification","valueRequired":true,"valueName":"search_term_string"}}],"inLanguage":"pt-BR"},{"@type":"Organization","@id":"https:\/\/www.oarcanjo.net\/site\/#organization","name":"Par\u00f3quia S\u00e3o Miguel Arcanjo","url":"https:\/\/www.oarcanjo.net\/site\/","logo":{"@type":"ImageObject","inLanguage":"pt-BR","@id":"https:\/\/www.oarcanjo.net\/site\/#\/schema\/logo\/image\/","url":"https:\/\/www.oarcanjo.net\/site\/wp-content\/uploads\/LogoOArcanjo.png","contentUrl":"https:\/\/www.oarcanjo.net\/site\/wp-content\/uploads\/LogoOArcanjo.png","width":319,"height":99,"caption":"Par\u00f3quia S\u00e3o Miguel Arcanjo"},"image":{"@id":"https:\/\/www.oarcanjo.net\/site\/#\/schema\/logo\/image\/"},"sameAs":["https:\/\/www.facebook.com\/OArcanjoNoAr\/"]},{"@type":"Person","@id":"https:\/\/www.oarcanjo.net\/site\/#\/schema\/person\/e54a5c62347067e278a5d0cf64f6a6e6","name":"mariana"}]}},"publishpress_future_action":{"enabled":false,"date":"2026-05-07 07:54:41","action":"category","newStatus":"draft","terms":[],"taxonomy":"category"},"publishpress_future_workflow_manual_trigger":{"enabledWorkflows":[]},"_links":{"self":[{"href":"https:\/\/www.oarcanjo.net\/site\/wp-json\/wp\/v2\/posts\/11836"}],"collection":[{"href":"https:\/\/www.oarcanjo.net\/site\/wp-json\/wp\/v2\/posts"}],"about":[{"href":"https:\/\/www.oarcanjo.net\/site\/wp-json\/wp\/v2\/types\/post"}],"author":[{"embeddable":true,"href":"https:\/\/www.oarcanjo.net\/site\/wp-json\/wp\/v2\/users\/12"}],"replies":[{"embeddable":true,"href":"https:\/\/www.oarcanjo.net\/site\/wp-json\/wp\/v2\/comments?post=11836"}],"version-history":[{"count":0,"href":"https:\/\/www.oarcanjo.net\/site\/wp-json\/wp\/v2\/posts\/11836\/revisions"}],"wp:attachment":[{"href":"https:\/\/www.oarcanjo.net\/site\/wp-json\/wp\/v2\/media?parent=11836"}],"wp:term":[{"taxonomy":"category","embeddable":true,"href":"https:\/\/www.oarcanjo.net\/site\/wp-json\/wp\/v2\/categories?post=11836"},{"taxonomy":"post_tag","embeddable":true,"href":"https:\/\/www.oarcanjo.net\/site\/wp-json\/wp\/v2\/tags?post=11836"}],"curies":[{"name":"wp","href":"https:\/\/api.w.org\/{rel}","templated":true}]}}