
{"id":11861,"date":"2017-11-26T00:17:53","date_gmt":"2017-11-26T02:17:53","guid":{"rendered":"http:\/\/www.oarcanjo.net\/site\/?p=11861"},"modified":"2017-07-31T07:21:14","modified_gmt":"2017-07-31T10:21:14","slug":"bem-aventurado-tiago-alberione-3","status":"publish","type":"post","link":"https:\/\/www.oarcanjo.net\/site\/bem-aventurado-tiago-alberione-3\/","title":{"rendered":"Bem-aventurado Tiago Alberione"},"content":{"rendered":"<p><img loading=\"lazy\" decoding=\"async\" class=\"alignnone size-full wp-image-55719\" src=\"http:\/\/www.oarcanjo.net\/site\/wp-content\/uploads\/Bem-Aventurado-Tiago-Alberione.jpg\" alt=\"Bem-aventurado Tiago Alberione\" width=\"282\" height=\"320\" srcset=\"https:\/\/www.oarcanjo.net\/site\/wp-content\/uploads\/Bem-Aventurado-Tiago-Alberione.jpg 282w, https:\/\/www.oarcanjo.net\/site\/wp-content\/uploads\/Bem-Aventurado-Tiago-Alberione-264x300.jpg 264w\" sizes=\"(max-width: 282px) 100vw, 282px\" \/><\/p>\n<p>Fundador da Fam\u00edlia Paulina<\/p>\n<p>26 de Novembro<\/p>\n<p>Na noite da passagem do s\u00e9culo, 31 de dezembro de 1900 para 1o de janeiro de 1901, o jovem seminarista permanece quatro horas em ora\u00e7\u00e3o na catedral de Alba (It\u00e1lia). Uma luz vem do Tabern\u00e1culo e o envolve.<\/p>\n<p>&#8211; &#8220;Fazer alguma coisa por Deus e pelas pessoas do novo s\u00e9culo, com as quais conviveria!&#8221; Sente fortemente o convite e o apelo de Deus.<\/p>\n<p>O mundo passava por profundas mudan\u00e7as sociais e tecnol\u00f3gicas, era necess\u00e1rio utilizar as novas descobertas, as novas for\u00e7as do progresso para fazer o bem, para evangelizar.<\/p>\n<p>O jovem seminarista, com apenas dezesseis anos, era Tiago Alberione, futuro fundador da Fam\u00edlia Paulina, que nunca deixou que essa chama luminosa se apagasse em sua vida.<\/p>\n<p>Alberione nasceu em 4 de abril de 1884, em S\u00e3o Louren\u00e7o de Fossano, norte da It\u00e1lia, de uma fam\u00edlia de camponeses simples e laboriosos. Vinte quatro horas ap\u00f3s o nascimento, foi batizado e recebeu o nome de &#8220;Tiago&#8221;.<\/p>\n<p>Buscando melhores terras para a lavoura, a fam\u00edlia Alberione mudou para a cidade de Cherasco, onde Tiago passou sua inf\u00e2ncia e adolesc\u00eancia. Foi l\u00e1 que se manifestou a voca\u00e7\u00e3o para o sacerd\u00f3cio.<\/p>\n<p>&#8211; Quero ser padre! foi a resposta que deu \u00e0 professora, Rosina Cardona, que perguntava aos seus oitenta alunos o que queriam ser quando crescessem.<\/p>\n<p>A resposta, que poderia parecer impensada, veio de um menino de bom cora\u00e7\u00e3o e piedoso. Com o passar do tempo, a voca\u00e7\u00e3o fortificou-se e ele foi encaminhado para o semin\u00e1rio, onde n\u00e3o perdia tempo e procurava aprender de todos e de tudo. Inquietavam Alberione as transforma\u00e7\u00f5es que aconteciam na sociedade e os apelos do papa, Le\u00e3o XIII, para que todos se voltassem para Jesus Cristo, Caminho, Verdade e Vida, salva\u00e7\u00e3o da humanidade.<\/p>\n<p>Foi ordenado sacerdote no dia 29 de junho de 1907, com vinte e tr\u00eas anos de idade. Todas as organiza\u00e7\u00f5es de renova\u00e7\u00e3o existentes, ent\u00e3o, na Igreja foram acolhidas por padre Alberione, que participou, ativamente, dos movimentos: mission\u00e1rio, lit\u00fargico, pastoral, social, b\u00edblico, teol\u00f3gico e, mais tarde, do movimento ecum\u00eanico. Em todos os movimentos Alberione-profeta vislumbrava espa\u00e7os carentes de evangeliza\u00e7\u00e3o e atualiza\u00e7\u00e3o.<\/p>\n<p>Impulsionado pelo Esp\u00edrito Santo, tornou realidade sua intui\u00e7\u00e3o carism\u00e1tica com a funda\u00e7\u00e3o de v\u00e1rias congrega\u00e7\u00f5es e institutos para, juntos, anunciar Jesus Cristo, Caminho, Verdade e Vida, com os meios da comunica\u00e7\u00e3o social. Padres e irm\u00e3os Paulinos em 1914; Irm\u00e3s Paulinas em 1915; Disc\u00edpulas do Divino Mestre em 1924; Irm\u00e3s Pastorinhas em 1938; e Irm\u00e3s Apostolinas em 1957. Fundou, tamb\u00e9m, os institutos seculares de Nossa Senhora da Anuncia\u00e7\u00e3o e S\u00e3o Gabriel Arcanjo em 1958; os institutos Jesus Sacerdote e Sagrada Fam\u00edlia em 1959; al\u00e9m da Associa\u00e7\u00e3o dos Cooperadores Leigos em 1917. Hoje, os membros dessas funda\u00e7\u00f5es est\u00e3o presentes em todos os continentes mostrando que \u00e9 poss\u00edvel santificar-se e comunicar, a todas as pessoas, Jesus Cristo com os meios t\u00e9cnicos e eletr\u00f4nicos.<\/p>\n<p>Ap\u00f3s a funda\u00e7\u00e3o dos dois primeiros ramos &#8211; Paulinos e Paulinas &#8211; a vida de Alberione fundiu-se com suas obras nascentes. Acompanhava de perto a vida de seus filhos e filhas da It\u00e1lia e do exterior com numerosas e prolongadas viagens. Preocupava-se n\u00e3o s\u00f3 com funda\u00e7\u00f5es e organiza\u00e7\u00f5es, mas principalmente com a forma\u00e7\u00e3o e a vida religiosa de seus seguidores, apesar do conturbado contexto hist\u00f3rico em que viveu: duas grandes guerras, revolu\u00e7\u00e3o industrial, conflagra\u00e7\u00f5es nacionalistas e sociais, emancipa\u00e7\u00e3o dos oper\u00e1rios e da mulher, al\u00e9m de crises institucionais na fam\u00edlia e na Igreja.<\/p>\n<p>Padre Tiago Alberione, jamais esmoreceu, continuou firme na sua f\u00e9, acreditando que a obra que realizava era querida e aben\u00e7oada por Deus. Com humildade e coragem, o fundador da Fam\u00edlia Paulina, o profeta e o ap\u00f3stolo de uma evangeliza\u00e7\u00e3o moderna chegou ao fim de seus dias em 26 de novembro de 1971, aos oitenta e sete anos.<\/p>\n<p>O reconhecimento da santidade de Alberione j\u00e1 acontecera antes da declara\u00e7\u00e3o oficial da Igreja, especialmente com algumas declara\u00e7\u00f5es de dois papas seus amigos: o bem-aventurado Jo\u00e3o XXIII e Paulo VI. &#8220;Padre Alberione, veio ao meu encontro&#8221; &#8211; dizia o &#8220;papa bom&#8221;. &#8220;Parecia-me ver a humildade personificada. Ele, sim, \u00e9i um grande homem!&#8221; E Paulo VI, na audi\u00eancia concedida aos Paulinos em 27 de novembro de 1974, recordava: &#8220;Lembro-me do encontro edificante com padre Alberione, ajoelhado, em profunda humildade. Este \u00e9 um homem, direi, que est\u00e1 entre as maravilhas do nosso s\u00e9culo&#8221;.<\/p>\n<p>O processo de beatifica\u00e7\u00e3o percorreu um longo caminho. Ap\u00f3s a morte de Alberione, foram apresentados \u00e0 Igreja documentos sobre sua vida, sua miss\u00e3o apost\u00f3lica e suas funda\u00e7\u00f5es, assim como documentos sobre sua santidade.<\/p>\n<p>Baseados em um meticuloso exame desses elementos e reconhecidas as virtudes praticadas em grau her\u00f3ico pelo servo de Deus, padre Tiago Alberione, o papa Jo\u00e3o Paulo II, em 25 de junho de 1996, declarou-o &#8220;vener\u00e1vel&#8221;.<\/p>\n<p>Passaram-se sete anos \u00e0 espera de um milagre que fosse reconhecido como aut\u00eantico pela Igreja. E o milagre chegou.<\/p>\n<p>A cura milagrosa atribu\u00edda ao padre Tiago Alberione, que o conduziu \u00e0 beatifica\u00e7\u00e3o, salvou Maria Librada Gonz\u00e1les Rodriguez, uma mexicana de Guadalajara. Em 1989, ela foi internada por causa de uma insufici\u00eancia respirat\u00f3ria provocada por uma tromboembolia pulmonar, com muitas crises. Pedindo a Deus a cura por intercess\u00e3o de padre Alberione, doze dias depois teve alta. A cura foi reconhecida pela Congrega\u00e7\u00e3o das Causas dos Santos, ap\u00f3s a declara\u00e7\u00e3o da comiss\u00e3o m\u00e9dica que considerava a recupera\u00e7\u00e3o de Maria r\u00e1pida, completa, duradoura e n\u00e3o-explic\u00e1vel \u00e0 luz da ci\u00eancia.<\/p>\n<p>E o dia da beatifica\u00e7\u00e3o chegou: 27 de abril de 2003. Padre Tiago Alberione \u00e9 proclamado &#8220;bem-aventurado&#8221; num reconhecimento oficial da Igreja \u00e0quele homem que foi um santo, um profeta e o pioneiro na evangeliza\u00e7\u00e3o eletr\u00f4nica.<br \/>\nFesta lit\u00fargica do bem-aventurado Tiago Alberione<\/p>\n<p>Preparo-me para a Leitura Orante, fazendo uma rede de comunica\u00e7\u00e3o<br \/>\ne comunh\u00e3o em torno da Palavra com todas as pessoas que se encontram neste ambiente<br \/>\nvirtual. Rezo, em sintonia com o Bem-aventurado Tiago Alberione, sacerdote e fundador da Fam\u00edlia Paulina.<\/p>\n<p>Tiago Alberione nasceu a 4 de Abril de 1884, em S\u00e3o Louren\u00e7o de Fossano (It\u00e1lia). Quando ainda era jovem seminarista, na noite da passagem do s\u00e9culo XIX para o s\u00e9culo XX, durante uma longa Adora\u00e7\u00e3o Eucar\u00edstica, viveu uma intensa experi\u00eancia de Deus. Nela compreendeu claramente qual devia ser a sua miss\u00e3o: viver e dar ao mundo Jesus Cristo, Verdade, Caminho e Vida. Para esse fim, usar todos os meios mais r\u00e1pidos e eficazes que o progresso humano oferece para a comunica\u00e7\u00e3o entre as pessoas. Para realizar esta miss\u00e3o, fundou a \u00abFam\u00edlia Paulina\u00bb, composta por cinco Congrega\u00e7\u00f5es religiosas, quatro Institutos agregados e uma Associa\u00e7\u00e3o de leigos. Terminou a sua exist\u00eancia terrena no dia 26 de Novembro de 1971, depois de ter recebido a visita do Papa Paulo VI.<br \/>\nFoi proclamado bem-aventurado no dia 27 de abril de 2003, pelo papa Jo\u00e3o Paulo II.<br \/>\nA Fam\u00edlia Paulina \u00e9 constitu\u00edda de cinco congrega\u00e7\u00f5es religiosas: Sociedade de S\u00e3o Paulo (funda\u00e7\u00e3o 20\/8\/1914), Filhas de S\u00e3o Paulo (funda\u00e7\u00e3o 15\/6\/1915), Disc\u00edpulas do Divino Mestre (funda\u00e7\u00e3o 10\/2\/1924), Irm\u00e3s de Jesus Bom Pastor (7\/10\/1938), Irm\u00e3s de Maria Sant\u00edssima Rainha dos Ap\u00f3stolos ou Apostolinas (8\/9\/1959) e quatro Institutos agregados (8\/4\/1960): &#8220;Jesus Sacerdote&#8221; (para sacerdotes diocesanos), &#8220;S\u00e3o Gabriel Arcanjo&#8221; (para jovens e homens), &#8220;Anunciatinas (para mo\u00e7as) e &#8220;Santa Fam\u00edlia&#8221; (para c\u00f4njuges e fam\u00edlias). E tamb\u00e9m, a Associa\u00e7\u00e3o dos Cooperadores Paulinos.<br \/>\n&#8220;Tudo nos vem de Deus. Tudo nos leva ao Magnificat&#8221;, dizia Alberione<\/p>\n<p><img loading=\"lazy\" decoding=\"async\" src=\"http:\/\/3.bp.blogspot.com\/_sv0twKJmnNc\/TM7xScgiXdI\/AAAAAAAABm4\/Slc2m2nvEWM\/s1600\/Fa_2331.gif\" alt=\"\" width=\"505\" height=\"324\" \/><\/p>\n<p>Bem-aventurado\u00a0Tiago Alberione e a Vener\u00e1vel Ir. Tecla Merlo<br \/>\nModelos de Santidade da Fam\u00edlia Paulina<\/p>\n<div id=\"themify_builder_content-11861\" data-postid=\"11861\" class=\"themify_builder_content themify_builder_content-11861 themify_builder themify_builder_front\">\n\t<\/div>\n<!-- \/themify_builder_content -->","protected":false},"excerpt":{"rendered":"<p>Fundador da Fam\u00edlia Paulina 26 de Novembro Na noite da passagem do s\u00e9culo, 31 de dezembro de 1900 para 1o de janeiro de 1901, o jovem seminarista permanece quatro horas em ora\u00e7\u00e3o na catedral de Alba (It\u00e1lia). Uma luz vem do Tabern\u00e1culo e o envolve. &#8211; &#8220;Fazer alguma coisa por Deus e pelas pessoas do [&hellip;]<\/p>\n","protected":false},"author":14,"featured_media":0,"comment_status":"open","ping_status":"open","sticky":false,"template":"","format":"standard","meta":{"ngg_post_thumbnail":0,"footnotes":""},"categories":[186],"tags":[],"yoast_head":"<!-- This site is optimized with the Yoast SEO plugin v23.5 - https:\/\/yoast.com\/wordpress\/plugins\/seo\/ -->\n<title>Bem-aventurado Tiago Alberione - O Arcanjo no ar<\/title>\n<meta name=\"robots\" content=\"index, follow, max-snippet:-1, max-image-preview:large, max-video-preview:-1\" \/>\n<link rel=\"canonical\" href=\"https:\/\/www.oarcanjo.net\/site\/bem-aventurado-tiago-alberione-3\/\" \/>\n<meta property=\"og:locale\" content=\"pt_BR\" \/>\n<meta property=\"og:type\" content=\"article\" \/>\n<meta property=\"og:title\" content=\"Bem-aventurado Tiago Alberione - O Arcanjo no ar\" \/>\n<meta property=\"og:description\" content=\"Fundador da Fam\u00edlia Paulina 26 de Novembro Na noite da passagem do s\u00e9culo, 31 de dezembro de 1900 para 1o de janeiro de 1901, o jovem seminarista permanece quatro horas em ora\u00e7\u00e3o na catedral de Alba (It\u00e1lia). Uma luz vem do Tabern\u00e1culo e o envolve. &#8211; &#8220;Fazer alguma coisa por Deus e pelas pessoas do [&hellip;]\" \/>\n<meta property=\"og:url\" content=\"https:\/\/www.oarcanjo.net\/site\/bem-aventurado-tiago-alberione-3\/\" \/>\n<meta property=\"og:site_name\" content=\"O Arcanjo no ar\" \/>\n<meta property=\"article:publisher\" content=\"https:\/\/www.facebook.com\/OArcanjoNoAr\/\" \/>\n<meta property=\"article:published_time\" content=\"2017-11-26T02:17:53+00:00\" \/>\n<meta property=\"article:modified_time\" content=\"2017-07-31T10:21:14+00:00\" \/>\n<meta property=\"og:image\" content=\"http:\/\/www.oarcanjo.net\/site\/wp-content\/uploads\/Bem-Aventurado-Tiago-Alberione.jpg\" \/>\n<meta name=\"author\" content=\"danilo\" \/>\n<meta name=\"twitter:card\" content=\"summary_large_image\" \/>\n<meta name=\"twitter:label1\" content=\"Escrito por\" \/>\n\t<meta name=\"twitter:data1\" content=\"danilo\" \/>\n\t<meta name=\"twitter:label2\" content=\"Est. tempo de leitura\" \/>\n\t<meta name=\"twitter:data2\" content=\"7 minutos\" \/>\n<script type=\"application\/ld+json\" class=\"yoast-schema-graph\">{\"@context\":\"https:\/\/schema.org\",\"@graph\":[{\"@type\":\"Article\",\"@id\":\"https:\/\/www.oarcanjo.net\/site\/bem-aventurado-tiago-alberione-3\/#article\",\"isPartOf\":{\"@id\":\"https:\/\/www.oarcanjo.net\/site\/bem-aventurado-tiago-alberione-3\/\"},\"author\":{\"name\":\"danilo\",\"@id\":\"https:\/\/www.oarcanjo.net\/site\/#\/schema\/person\/5eb9480bedd2f3c97e430ce128c29c6c\"},\"headline\":\"Bem-aventurado Tiago Alberione\",\"datePublished\":\"2017-11-26T02:17:53+00:00\",\"dateModified\":\"2017-07-31T10:21:14+00:00\",\"mainEntityOfPage\":{\"@id\":\"https:\/\/www.oarcanjo.net\/site\/bem-aventurado-tiago-alberione-3\/\"},\"wordCount\":1326,\"commentCount\":0,\"publisher\":{\"@id\":\"https:\/\/www.oarcanjo.net\/site\/#organization\"},\"image\":{\"@id\":\"https:\/\/www.oarcanjo.net\/site\/bem-aventurado-tiago-alberione-3\/#primaryimage\"},\"thumbnailUrl\":\"http:\/\/www.oarcanjo.net\/site\/wp-content\/uploads\/Bem-Aventurado-Tiago-Alberione.jpg\",\"articleSection\":[\"Testemunhos\"],\"inLanguage\":\"pt-BR\",\"potentialAction\":[{\"@type\":\"CommentAction\",\"name\":\"Comment\",\"target\":[\"https:\/\/www.oarcanjo.net\/site\/bem-aventurado-tiago-alberione-3\/#respond\"]}]},{\"@type\":\"WebPage\",\"@id\":\"https:\/\/www.oarcanjo.net\/site\/bem-aventurado-tiago-alberione-3\/\",\"url\":\"https:\/\/www.oarcanjo.net\/site\/bem-aventurado-tiago-alberione-3\/\",\"name\":\"Bem-aventurado Tiago Alberione - O Arcanjo no ar\",\"isPartOf\":{\"@id\":\"https:\/\/www.oarcanjo.net\/site\/#website\"},\"primaryImageOfPage\":{\"@id\":\"https:\/\/www.oarcanjo.net\/site\/bem-aventurado-tiago-alberione-3\/#primaryimage\"},\"image\":{\"@id\":\"https:\/\/www.oarcanjo.net\/site\/bem-aventurado-tiago-alberione-3\/#primaryimage\"},\"thumbnailUrl\":\"http:\/\/www.oarcanjo.net\/site\/wp-content\/uploads\/Bem-Aventurado-Tiago-Alberione.jpg\",\"datePublished\":\"2017-11-26T02:17:53+00:00\",\"dateModified\":\"2017-07-31T10:21:14+00:00\",\"breadcrumb\":{\"@id\":\"https:\/\/www.oarcanjo.net\/site\/bem-aventurado-tiago-alberione-3\/#breadcrumb\"},\"inLanguage\":\"pt-BR\",\"potentialAction\":[{\"@type\":\"ReadAction\",\"target\":[\"https:\/\/www.oarcanjo.net\/site\/bem-aventurado-tiago-alberione-3\/\"]}]},{\"@type\":\"ImageObject\",\"inLanguage\":\"pt-BR\",\"@id\":\"https:\/\/www.oarcanjo.net\/site\/bem-aventurado-tiago-alberione-3\/#primaryimage\",\"url\":\"https:\/\/www.oarcanjo.net\/site\/wp-content\/uploads\/Bem-Aventurado-Tiago-Alberione.jpg\",\"contentUrl\":\"https:\/\/www.oarcanjo.net\/site\/wp-content\/uploads\/Bem-Aventurado-Tiago-Alberione.jpg\",\"width\":282,\"height\":320,\"caption\":\"Bem-aventurado Tiago Alberione\"},{\"@type\":\"BreadcrumbList\",\"@id\":\"https:\/\/www.oarcanjo.net\/site\/bem-aventurado-tiago-alberione-3\/#breadcrumb\",\"itemListElement\":[{\"@type\":\"ListItem\",\"position\":1,\"name\":\"In\u00edcio\",\"item\":\"https:\/\/www.oarcanjo.net\/site\/\"},{\"@type\":\"ListItem\",\"position\":2,\"name\":\"Bem-aventurado Tiago Alberione\"}]},{\"@type\":\"WebSite\",\"@id\":\"https:\/\/www.oarcanjo.net\/site\/#website\",\"url\":\"https:\/\/www.oarcanjo.net\/site\/\",\"name\":\"O Arcanjo no ar\",\"description\":\"Site da Par\u00f3quia S\u00e3o Miguel Arcanjo (Arquidiocese de SP)\",\"publisher\":{\"@id\":\"https:\/\/www.oarcanjo.net\/site\/#organization\"},\"potentialAction\":[{\"@type\":\"SearchAction\",\"target\":{\"@type\":\"EntryPoint\",\"urlTemplate\":\"https:\/\/www.oarcanjo.net\/site\/?s={search_term_string}\"},\"query-input\":{\"@type\":\"PropertyValueSpecification\",\"valueRequired\":true,\"valueName\":\"search_term_string\"}}],\"inLanguage\":\"pt-BR\"},{\"@type\":\"Organization\",\"@id\":\"https:\/\/www.oarcanjo.net\/site\/#organization\",\"name\":\"Par\u00f3quia S\u00e3o Miguel Arcanjo\",\"url\":\"https:\/\/www.oarcanjo.net\/site\/\",\"logo\":{\"@type\":\"ImageObject\",\"inLanguage\":\"pt-BR\",\"@id\":\"https:\/\/www.oarcanjo.net\/site\/#\/schema\/logo\/image\/\",\"url\":\"https:\/\/www.oarcanjo.net\/site\/wp-content\/uploads\/LogoOArcanjo.png\",\"contentUrl\":\"https:\/\/www.oarcanjo.net\/site\/wp-content\/uploads\/LogoOArcanjo.png\",\"width\":319,\"height\":99,\"caption\":\"Par\u00f3quia S\u00e3o Miguel Arcanjo\"},\"image\":{\"@id\":\"https:\/\/www.oarcanjo.net\/site\/#\/schema\/logo\/image\/\"},\"sameAs\":[\"https:\/\/www.facebook.com\/OArcanjoNoAr\/\"]},{\"@type\":\"Person\",\"@id\":\"https:\/\/www.oarcanjo.net\/site\/#\/schema\/person\/5eb9480bedd2f3c97e430ce128c29c6c\",\"name\":\"danilo\"}]}<\/script>\n<!-- \/ Yoast SEO plugin. -->","yoast_head_json":{"title":"Bem-aventurado Tiago Alberione - O Arcanjo no ar","robots":{"index":"index","follow":"follow","max-snippet":"max-snippet:-1","max-image-preview":"max-image-preview:large","max-video-preview":"max-video-preview:-1"},"canonical":"https:\/\/www.oarcanjo.net\/site\/bem-aventurado-tiago-alberione-3\/","og_locale":"pt_BR","og_type":"article","og_title":"Bem-aventurado Tiago Alberione - O Arcanjo no ar","og_description":"Fundador da Fam\u00edlia Paulina 26 de Novembro Na noite da passagem do s\u00e9culo, 31 de dezembro de 1900 para 1o de janeiro de 1901, o jovem seminarista permanece quatro horas em ora\u00e7\u00e3o na catedral de Alba (It\u00e1lia). Uma luz vem do Tabern\u00e1culo e o envolve. &#8211; &#8220;Fazer alguma coisa por Deus e pelas pessoas do [&hellip;]","og_url":"https:\/\/www.oarcanjo.net\/site\/bem-aventurado-tiago-alberione-3\/","og_site_name":"O Arcanjo no ar","article_publisher":"https:\/\/www.facebook.com\/OArcanjoNoAr\/","article_published_time":"2017-11-26T02:17:53+00:00","article_modified_time":"2017-07-31T10:21:14+00:00","og_image":[{"url":"http:\/\/www.oarcanjo.net\/site\/wp-content\/uploads\/Bem-Aventurado-Tiago-Alberione.jpg"}],"author":"danilo","twitter_card":"summary_large_image","twitter_misc":{"Escrito por":"danilo","Est. tempo de leitura":"7 minutos"},"schema":{"@context":"https:\/\/schema.org","@graph":[{"@type":"Article","@id":"https:\/\/www.oarcanjo.net\/site\/bem-aventurado-tiago-alberione-3\/#article","isPartOf":{"@id":"https:\/\/www.oarcanjo.net\/site\/bem-aventurado-tiago-alberione-3\/"},"author":{"name":"danilo","@id":"https:\/\/www.oarcanjo.net\/site\/#\/schema\/person\/5eb9480bedd2f3c97e430ce128c29c6c"},"headline":"Bem-aventurado Tiago Alberione","datePublished":"2017-11-26T02:17:53+00:00","dateModified":"2017-07-31T10:21:14+00:00","mainEntityOfPage":{"@id":"https:\/\/www.oarcanjo.net\/site\/bem-aventurado-tiago-alberione-3\/"},"wordCount":1326,"commentCount":0,"publisher":{"@id":"https:\/\/www.oarcanjo.net\/site\/#organization"},"image":{"@id":"https:\/\/www.oarcanjo.net\/site\/bem-aventurado-tiago-alberione-3\/#primaryimage"},"thumbnailUrl":"http:\/\/www.oarcanjo.net\/site\/wp-content\/uploads\/Bem-Aventurado-Tiago-Alberione.jpg","articleSection":["Testemunhos"],"inLanguage":"pt-BR","potentialAction":[{"@type":"CommentAction","name":"Comment","target":["https:\/\/www.oarcanjo.net\/site\/bem-aventurado-tiago-alberione-3\/#respond"]}]},{"@type":"WebPage","@id":"https:\/\/www.oarcanjo.net\/site\/bem-aventurado-tiago-alberione-3\/","url":"https:\/\/www.oarcanjo.net\/site\/bem-aventurado-tiago-alberione-3\/","name":"Bem-aventurado Tiago Alberione - O Arcanjo no ar","isPartOf":{"@id":"https:\/\/www.oarcanjo.net\/site\/#website"},"primaryImageOfPage":{"@id":"https:\/\/www.oarcanjo.net\/site\/bem-aventurado-tiago-alberione-3\/#primaryimage"},"image":{"@id":"https:\/\/www.oarcanjo.net\/site\/bem-aventurado-tiago-alberione-3\/#primaryimage"},"thumbnailUrl":"http:\/\/www.oarcanjo.net\/site\/wp-content\/uploads\/Bem-Aventurado-Tiago-Alberione.jpg","datePublished":"2017-11-26T02:17:53+00:00","dateModified":"2017-07-31T10:21:14+00:00","breadcrumb":{"@id":"https:\/\/www.oarcanjo.net\/site\/bem-aventurado-tiago-alberione-3\/#breadcrumb"},"inLanguage":"pt-BR","potentialAction":[{"@type":"ReadAction","target":["https:\/\/www.oarcanjo.net\/site\/bem-aventurado-tiago-alberione-3\/"]}]},{"@type":"ImageObject","inLanguage":"pt-BR","@id":"https:\/\/www.oarcanjo.net\/site\/bem-aventurado-tiago-alberione-3\/#primaryimage","url":"https:\/\/www.oarcanjo.net\/site\/wp-content\/uploads\/Bem-Aventurado-Tiago-Alberione.jpg","contentUrl":"https:\/\/www.oarcanjo.net\/site\/wp-content\/uploads\/Bem-Aventurado-Tiago-Alberione.jpg","width":282,"height":320,"caption":"Bem-aventurado Tiago Alberione"},{"@type":"BreadcrumbList","@id":"https:\/\/www.oarcanjo.net\/site\/bem-aventurado-tiago-alberione-3\/#breadcrumb","itemListElement":[{"@type":"ListItem","position":1,"name":"In\u00edcio","item":"https:\/\/www.oarcanjo.net\/site\/"},{"@type":"ListItem","position":2,"name":"Bem-aventurado Tiago Alberione"}]},{"@type":"WebSite","@id":"https:\/\/www.oarcanjo.net\/site\/#website","url":"https:\/\/www.oarcanjo.net\/site\/","name":"O Arcanjo no ar","description":"Site da Par\u00f3quia S\u00e3o Miguel Arcanjo (Arquidiocese de SP)","publisher":{"@id":"https:\/\/www.oarcanjo.net\/site\/#organization"},"potentialAction":[{"@type":"SearchAction","target":{"@type":"EntryPoint","urlTemplate":"https:\/\/www.oarcanjo.net\/site\/?s={search_term_string}"},"query-input":{"@type":"PropertyValueSpecification","valueRequired":true,"valueName":"search_term_string"}}],"inLanguage":"pt-BR"},{"@type":"Organization","@id":"https:\/\/www.oarcanjo.net\/site\/#organization","name":"Par\u00f3quia S\u00e3o Miguel Arcanjo","url":"https:\/\/www.oarcanjo.net\/site\/","logo":{"@type":"ImageObject","inLanguage":"pt-BR","@id":"https:\/\/www.oarcanjo.net\/site\/#\/schema\/logo\/image\/","url":"https:\/\/www.oarcanjo.net\/site\/wp-content\/uploads\/LogoOArcanjo.png","contentUrl":"https:\/\/www.oarcanjo.net\/site\/wp-content\/uploads\/LogoOArcanjo.png","width":319,"height":99,"caption":"Par\u00f3quia S\u00e3o Miguel Arcanjo"},"image":{"@id":"https:\/\/www.oarcanjo.net\/site\/#\/schema\/logo\/image\/"},"sameAs":["https:\/\/www.facebook.com\/OArcanjoNoAr\/"]},{"@type":"Person","@id":"https:\/\/www.oarcanjo.net\/site\/#\/schema\/person\/5eb9480bedd2f3c97e430ce128c29c6c","name":"danilo"}]}},"publishpress_future_action":{"enabled":false,"date":"2026-05-08 16:37:56","action":"category","newStatus":"draft","terms":[],"taxonomy":"category"},"publishpress_future_workflow_manual_trigger":{"enabledWorkflows":[]},"_links":{"self":[{"href":"https:\/\/www.oarcanjo.net\/site\/wp-json\/wp\/v2\/posts\/11861"}],"collection":[{"href":"https:\/\/www.oarcanjo.net\/site\/wp-json\/wp\/v2\/posts"}],"about":[{"href":"https:\/\/www.oarcanjo.net\/site\/wp-json\/wp\/v2\/types\/post"}],"author":[{"embeddable":true,"href":"https:\/\/www.oarcanjo.net\/site\/wp-json\/wp\/v2\/users\/14"}],"replies":[{"embeddable":true,"href":"https:\/\/www.oarcanjo.net\/site\/wp-json\/wp\/v2\/comments?post=11861"}],"version-history":[{"count":0,"href":"https:\/\/www.oarcanjo.net\/site\/wp-json\/wp\/v2\/posts\/11861\/revisions"}],"wp:attachment":[{"href":"https:\/\/www.oarcanjo.net\/site\/wp-json\/wp\/v2\/media?parent=11861"}],"wp:term":[{"taxonomy":"category","embeddable":true,"href":"https:\/\/www.oarcanjo.net\/site\/wp-json\/wp\/v2\/categories?post=11861"},{"taxonomy":"post_tag","embeddable":true,"href":"https:\/\/www.oarcanjo.net\/site\/wp-json\/wp\/v2\/tags?post=11861"}],"curies":[{"name":"wp","href":"https:\/\/api.w.org\/{rel}","templated":true}]}}