
{"id":11885,"date":"2010-11-28T09:10:24","date_gmt":"2010-11-28T11:10:24","guid":{"rendered":"http:\/\/www.oarcanjo.net\/site\/?p=11885"},"modified":"2010-11-30T04:40:11","modified_gmt":"2010-11-30T06:40:11","slug":"igreja-celebra-65-anos-de-ordenacao-sacerdotal-de-dom-paulo","status":"publish","type":"post","link":"https:\/\/www.oarcanjo.net\/site\/igreja-celebra-65-anos-de-ordenacao-sacerdotal-de-dom-paulo\/","title":{"rendered":"Igreja celebra 65 anos de ordena\u00e7\u00e3o sacerdotal de Dom Paulo"},"content":{"rendered":"<p>A Igreja de S\u00e3o Paulo celebrou no s\u00e1bado, 27\/11, a festa de 65 anos de ordena\u00e7\u00e3o sacerdotal de Dom Paulo Evaristo Arns, arcebispo em\u00e9rito da Arquidiocese. A missa na Catedral da S\u00e9 foi presidida pelo atual cardeal arcebispo, Dom Odilo Pedro Scherer, e contou com a participa\u00e7\u00e3o de diversos bispos, padres, leigos.<\/p>\n<p>Na abertura, Dom Paulo falou sobre a rotina que tem vivido:<\/p>\n<p><object classid=\"clsid:d27cdb6e-ae6d-11cf-96b8-444553540000\" width=\"560\" height=\"340\" codebase=\"http:\/\/download.macromedia.com\/pub\/shockwave\/cabs\/flash\/swflash.cab#version=6,0,40,0\"><param name=\"allowFullScreen\" value=\"true\" \/><param name=\"allowscriptaccess\" value=\"always\" \/><param name=\"src\" value=\"http:\/\/www.youtube.com\/v\/IjBePBZE04o?fs=1&amp;hl=en_US&amp;rel=0&amp;color1=0xe1600f&amp;color2=0xfebd01\" \/><param name=\"allowfullscreen\" value=\"true\" \/><embed type=\"application\/x-shockwave-flash\" width=\"560\" height=\"340\" src=\"http:\/\/www.youtube.com\/v\/IjBePBZE04o?fs=1&amp;hl=en_US&amp;rel=0&amp;color1=0xe1600f&amp;color2=0xfebd01\" allowscriptaccess=\"always\" allowfullscreen=\"true\"><\/embed><\/object><\/p>\n<p>A homilia foi feita por Dom Celso Queiroz, bispo em\u00e9rito de Catanduva, que foi respons\u00e1vel pela Regi\u00e3o Ipiranga como auxiliar de Dom Paulo at\u00e9 o ano 2000:<\/p>\n<p><object classid=\"clsid:d27cdb6e-ae6d-11cf-96b8-444553540000\" width=\"560\" height=\"340\" codebase=\"http:\/\/download.macromedia.com\/pub\/shockwave\/cabs\/flash\/swflash.cab#version=6,0,40,0\"><param name=\"allowFullScreen\" value=\"true\" \/><param name=\"allowscriptaccess\" value=\"always\" \/><param name=\"src\" value=\"http:\/\/www.youtube.com\/v\/bvtRggUlU4s?fs=1&amp;hl=en_US&amp;rel=0&amp;color1=0xe1600f&amp;color2=0xfebd01\" \/><param name=\"allowfullscreen\" value=\"true\" \/><embed type=\"application\/x-shockwave-flash\" width=\"560\" height=\"340\" src=\"http:\/\/www.youtube.com\/v\/bvtRggUlU4s?fs=1&amp;hl=en_US&amp;rel=0&amp;color1=0xe1600f&amp;color2=0xfebd01\" allowscriptaccess=\"always\" allowfullscreen=\"true\"><\/embed><\/object><\/p>\n<p>No final da celebra\u00e7\u00e3o, Dom Paulo recebeu homenagens de crian\u00e7as da Pastoral do Menor, de moradores de rua, do prefeito Gilberto Kassab, \u00a0do Pe. Tarc\u00edsio Mesquita, coordenador de pastoral da Regi\u00e3o Bel\u00e9m, e de Chico Whitaker, representante dos leigos de S\u00e3o Paulo:<\/p>\n<p><object width=\"560\" height=\"340\"><param name=\"movie\" value=\"http:\/\/www.youtube.com\/v\/gUPFa-2ay7E?fs=1&amp;hl=en_US&amp;rel=0&amp;color1=0xe1600f&amp;color2=0xfebd01\"><\/param><param name=\"allowFullScreen\" value=\"true\"><\/param><param name=\"allowscriptaccess\" value=\"always\"><\/param><embed src=\"http:\/\/www.youtube.com\/v\/gUPFa-2ay7E?fs=1&amp;hl=en_US&amp;rel=0&amp;color1=0xe1600f&amp;color2=0xfebd01\" type=\"application\/x-shockwave-flash\" allowscriptaccess=\"always\" allowfullscreen=\"true\" width=\"560\" height=\"340\"><\/embed><\/object><\/p>\n<p>Carlos Beatriz registrou a celebra\u00e7\u00e3o:<\/p>\nngg_shortcode_0_placeholder\n<div id=\"themify_builder_content-11885\" data-postid=\"11885\" class=\"themify_builder_content themify_builder_content-11885 themify_builder themify_builder_front\">\n\t<\/div>\n<!-- \/themify_builder_content -->","protected":false},"excerpt":{"rendered":"<p>A Igreja de S\u00e3o Paulo celebrou no s\u00e1bado, 27\/11, a festa de 65 anos de ordena\u00e7\u00e3o sacerdotal de Dom Paulo Evaristo Arns, arcebispo em\u00e9rito da Arquidiocese. A missa na Catedral da S\u00e9 foi presidida pelo atual cardeal arcebispo, Dom Odilo Pedro Scherer, e contou com a participa\u00e7\u00e3o de diversos bispos, padres, leigos. Na abertura, Dom [&hellip;]<\/p>\n","protected":false},"author":5,"featured_media":0,"comment_status":"open","ping_status":"open","sticky":false,"template":"","format":"standard","meta":{"ngg_post_thumbnail":0,"footnotes":""},"categories":[914,3,8,280],"tags":[1386,1773,917,543],"yoast_head":"<!-- This site is optimized with the Yoast SEO plugin v23.5 - https:\/\/yoast.com\/wordpress\/plugins\/seo\/ -->\n<title>Igreja celebra 65 anos de ordena\u00e7\u00e3o sacerdotal de Dom Paulo - O Arcanjo no ar<\/title>\n<meta name=\"robots\" content=\"index, follow, max-snippet:-1, max-image-preview:large, max-video-preview:-1\" \/>\n<link rel=\"canonical\" href=\"https:\/\/www.oarcanjo.net\/site\/igreja-celebra-65-anos-de-ordenacao-sacerdotal-de-dom-paulo\/\" \/>\n<meta property=\"og:locale\" content=\"pt_BR\" \/>\n<meta property=\"og:type\" content=\"article\" \/>\n<meta property=\"og:title\" content=\"Igreja celebra 65 anos de ordena\u00e7\u00e3o sacerdotal de Dom Paulo - O Arcanjo no ar\" \/>\n<meta property=\"og:description\" content=\"A Igreja de S\u00e3o Paulo celebrou no s\u00e1bado, 27\/11, a festa de 65 anos de ordena\u00e7\u00e3o sacerdotal de Dom Paulo Evaristo Arns, arcebispo em\u00e9rito da Arquidiocese. A missa na Catedral da S\u00e9 foi presidida pelo atual cardeal arcebispo, Dom Odilo Pedro Scherer, e contou com a participa\u00e7\u00e3o de diversos bispos, padres, leigos. Na abertura, Dom [&hellip;]\" \/>\n<meta property=\"og:url\" content=\"https:\/\/www.oarcanjo.net\/site\/igreja-celebra-65-anos-de-ordenacao-sacerdotal-de-dom-paulo\/\" \/>\n<meta property=\"og:site_name\" content=\"O Arcanjo no ar\" \/>\n<meta property=\"article:publisher\" content=\"https:\/\/www.facebook.com\/OArcanjoNoAr\/\" \/>\n<meta property=\"article:published_time\" content=\"2010-11-28T11:10:24+00:00\" \/>\n<meta property=\"article:modified_time\" content=\"2010-11-30T06:40:11+00:00\" \/>\n<meta property=\"og:image\" content=\"https:\/\/www.oarcanjo.net\/site\/wp-content\/uploads\/logo-o-arcanjo-no-ar-facebook.png\" \/>\n\t<meta property=\"og:image:width\" content=\"300\" \/>\n\t<meta property=\"og:image:height\" content=\"300\" \/>\n\t<meta property=\"og:image:type\" content=\"image\/png\" \/>\n<meta name=\"author\" content=\"editor\" \/>\n<meta name=\"twitter:card\" content=\"summary_large_image\" \/>\n<meta name=\"twitter:label1\" content=\"Escrito por\" \/>\n\t<meta name=\"twitter:data1\" content=\"editor\" \/>\n\t<meta name=\"twitter:label2\" content=\"Est. tempo de leitura\" \/>\n\t<meta name=\"twitter:data2\" content=\"1 minuto\" \/>\n<script type=\"application\/ld+json\" class=\"yoast-schema-graph\">{\"@context\":\"https:\/\/schema.org\",\"@graph\":[{\"@type\":\"Article\",\"@id\":\"https:\/\/www.oarcanjo.net\/site\/igreja-celebra-65-anos-de-ordenacao-sacerdotal-de-dom-paulo\/#article\",\"isPartOf\":{\"@id\":\"https:\/\/www.oarcanjo.net\/site\/igreja-celebra-65-anos-de-ordenacao-sacerdotal-de-dom-paulo\/\"},\"author\":{\"name\":\"editor\",\"@id\":\"https:\/\/www.oarcanjo.net\/site\/#\/schema\/person\/f7024d007863202483a31326673a0838\"},\"headline\":\"Igreja celebra 65 anos de ordena\u00e7\u00e3o sacerdotal de Dom Paulo\",\"datePublished\":\"2010-11-28T11:10:24+00:00\",\"dateModified\":\"2010-11-30T06:40:11+00:00\",\"mainEntityOfPage\":{\"@id\":\"https:\/\/www.oarcanjo.net\/site\/igreja-celebra-65-anos-de-ordenacao-sacerdotal-de-dom-paulo\/\"},\"wordCount\":161,\"commentCount\":0,\"publisher\":{\"@id\":\"https:\/\/www.oarcanjo.net\/site\/#organization\"},\"keywords\":[\"Dom Paulo Evaristo Arns\",\"Igreja de S\u00e3o Paulo\",\"Povo de Deus\",\"sacerdote\"],\"articleSection\":[\"D. Paulo Evaristo Arns\",\"Destaques\",\"Not\u00edcias\",\"V\u00eddeos\"],\"inLanguage\":\"pt-BR\",\"potentialAction\":[{\"@type\":\"CommentAction\",\"name\":\"Comment\",\"target\":[\"https:\/\/www.oarcanjo.net\/site\/igreja-celebra-65-anos-de-ordenacao-sacerdotal-de-dom-paulo\/#respond\"]}]},{\"@type\":\"WebPage\",\"@id\":\"https:\/\/www.oarcanjo.net\/site\/igreja-celebra-65-anos-de-ordenacao-sacerdotal-de-dom-paulo\/\",\"url\":\"https:\/\/www.oarcanjo.net\/site\/igreja-celebra-65-anos-de-ordenacao-sacerdotal-de-dom-paulo\/\",\"name\":\"Igreja celebra 65 anos de ordena\u00e7\u00e3o sacerdotal de Dom Paulo - O Arcanjo no ar\",\"isPartOf\":{\"@id\":\"https:\/\/www.oarcanjo.net\/site\/#website\"},\"datePublished\":\"2010-11-28T11:10:24+00:00\",\"dateModified\":\"2010-11-30T06:40:11+00:00\",\"breadcrumb\":{\"@id\":\"https:\/\/www.oarcanjo.net\/site\/igreja-celebra-65-anos-de-ordenacao-sacerdotal-de-dom-paulo\/#breadcrumb\"},\"inLanguage\":\"pt-BR\",\"potentialAction\":[{\"@type\":\"ReadAction\",\"target\":[\"https:\/\/www.oarcanjo.net\/site\/igreja-celebra-65-anos-de-ordenacao-sacerdotal-de-dom-paulo\/\"]}]},{\"@type\":\"BreadcrumbList\",\"@id\":\"https:\/\/www.oarcanjo.net\/site\/igreja-celebra-65-anos-de-ordenacao-sacerdotal-de-dom-paulo\/#breadcrumb\",\"itemListElement\":[{\"@type\":\"ListItem\",\"position\":1,\"name\":\"In\u00edcio\",\"item\":\"https:\/\/www.oarcanjo.net\/site\/\"},{\"@type\":\"ListItem\",\"position\":2,\"name\":\"Igreja celebra 65 anos de ordena\u00e7\u00e3o sacerdotal de Dom Paulo\"}]},{\"@type\":\"WebSite\",\"@id\":\"https:\/\/www.oarcanjo.net\/site\/#website\",\"url\":\"https:\/\/www.oarcanjo.net\/site\/\",\"name\":\"O Arcanjo no ar\",\"description\":\"Site da Par\u00f3quia S\u00e3o Miguel Arcanjo (Arquidiocese de SP)\",\"publisher\":{\"@id\":\"https:\/\/www.oarcanjo.net\/site\/#organization\"},\"potentialAction\":[{\"@type\":\"SearchAction\",\"target\":{\"@type\":\"EntryPoint\",\"urlTemplate\":\"https:\/\/www.oarcanjo.net\/site\/?s={search_term_string}\"},\"query-input\":{\"@type\":\"PropertyValueSpecification\",\"valueRequired\":true,\"valueName\":\"search_term_string\"}}],\"inLanguage\":\"pt-BR\"},{\"@type\":\"Organization\",\"@id\":\"https:\/\/www.oarcanjo.net\/site\/#organization\",\"name\":\"Par\u00f3quia S\u00e3o Miguel Arcanjo\",\"url\":\"https:\/\/www.oarcanjo.net\/site\/\",\"logo\":{\"@type\":\"ImageObject\",\"inLanguage\":\"pt-BR\",\"@id\":\"https:\/\/www.oarcanjo.net\/site\/#\/schema\/logo\/image\/\",\"url\":\"https:\/\/www.oarcanjo.net\/site\/wp-content\/uploads\/LogoOArcanjo.png\",\"contentUrl\":\"https:\/\/www.oarcanjo.net\/site\/wp-content\/uploads\/LogoOArcanjo.png\",\"width\":319,\"height\":99,\"caption\":\"Par\u00f3quia S\u00e3o Miguel Arcanjo\"},\"image\":{\"@id\":\"https:\/\/www.oarcanjo.net\/site\/#\/schema\/logo\/image\/\"},\"sameAs\":[\"https:\/\/www.facebook.com\/OArcanjoNoAr\/\"]},{\"@type\":\"Person\",\"@id\":\"https:\/\/www.oarcanjo.net\/site\/#\/schema\/person\/f7024d007863202483a31326673a0838\",\"name\":\"editor\",\"sameAs\":[\"http:\/\/www.oarcanjo.net\"]}]}<\/script>\n<!-- \/ Yoast SEO plugin. -->","yoast_head_json":{"title":"Igreja celebra 65 anos de ordena\u00e7\u00e3o sacerdotal de Dom Paulo - O Arcanjo no ar","robots":{"index":"index","follow":"follow","max-snippet":"max-snippet:-1","max-image-preview":"max-image-preview:large","max-video-preview":"max-video-preview:-1"},"canonical":"https:\/\/www.oarcanjo.net\/site\/igreja-celebra-65-anos-de-ordenacao-sacerdotal-de-dom-paulo\/","og_locale":"pt_BR","og_type":"article","og_title":"Igreja celebra 65 anos de ordena\u00e7\u00e3o sacerdotal de Dom Paulo - O Arcanjo no ar","og_description":"A Igreja de S\u00e3o Paulo celebrou no s\u00e1bado, 27\/11, a festa de 65 anos de ordena\u00e7\u00e3o sacerdotal de Dom Paulo Evaristo Arns, arcebispo em\u00e9rito da Arquidiocese. A missa na Catedral da S\u00e9 foi presidida pelo atual cardeal arcebispo, Dom Odilo Pedro Scherer, e contou com a participa\u00e7\u00e3o de diversos bispos, padres, leigos. Na abertura, Dom [&hellip;]","og_url":"https:\/\/www.oarcanjo.net\/site\/igreja-celebra-65-anos-de-ordenacao-sacerdotal-de-dom-paulo\/","og_site_name":"O Arcanjo no ar","article_publisher":"https:\/\/www.facebook.com\/OArcanjoNoAr\/","article_published_time":"2010-11-28T11:10:24+00:00","article_modified_time":"2010-11-30T06:40:11+00:00","og_image":[{"width":300,"height":300,"url":"https:\/\/www.oarcanjo.net\/site\/wp-content\/uploads\/logo-o-arcanjo-no-ar-facebook.png","type":"image\/png"}],"author":"editor","twitter_card":"summary_large_image","twitter_misc":{"Escrito por":"editor","Est. tempo de leitura":"1 minuto"},"schema":{"@context":"https:\/\/schema.org","@graph":[{"@type":"Article","@id":"https:\/\/www.oarcanjo.net\/site\/igreja-celebra-65-anos-de-ordenacao-sacerdotal-de-dom-paulo\/#article","isPartOf":{"@id":"https:\/\/www.oarcanjo.net\/site\/igreja-celebra-65-anos-de-ordenacao-sacerdotal-de-dom-paulo\/"},"author":{"name":"editor","@id":"https:\/\/www.oarcanjo.net\/site\/#\/schema\/person\/f7024d007863202483a31326673a0838"},"headline":"Igreja celebra 65 anos de ordena\u00e7\u00e3o sacerdotal de Dom Paulo","datePublished":"2010-11-28T11:10:24+00:00","dateModified":"2010-11-30T06:40:11+00:00","mainEntityOfPage":{"@id":"https:\/\/www.oarcanjo.net\/site\/igreja-celebra-65-anos-de-ordenacao-sacerdotal-de-dom-paulo\/"},"wordCount":161,"commentCount":0,"publisher":{"@id":"https:\/\/www.oarcanjo.net\/site\/#organization"},"keywords":["Dom Paulo Evaristo Arns","Igreja de S\u00e3o Paulo","Povo de Deus","sacerdote"],"articleSection":["D. Paulo Evaristo Arns","Destaques","Not\u00edcias","V\u00eddeos"],"inLanguage":"pt-BR","potentialAction":[{"@type":"CommentAction","name":"Comment","target":["https:\/\/www.oarcanjo.net\/site\/igreja-celebra-65-anos-de-ordenacao-sacerdotal-de-dom-paulo\/#respond"]}]},{"@type":"WebPage","@id":"https:\/\/www.oarcanjo.net\/site\/igreja-celebra-65-anos-de-ordenacao-sacerdotal-de-dom-paulo\/","url":"https:\/\/www.oarcanjo.net\/site\/igreja-celebra-65-anos-de-ordenacao-sacerdotal-de-dom-paulo\/","name":"Igreja celebra 65 anos de ordena\u00e7\u00e3o sacerdotal de Dom Paulo - O Arcanjo no ar","isPartOf":{"@id":"https:\/\/www.oarcanjo.net\/site\/#website"},"datePublished":"2010-11-28T11:10:24+00:00","dateModified":"2010-11-30T06:40:11+00:00","breadcrumb":{"@id":"https:\/\/www.oarcanjo.net\/site\/igreja-celebra-65-anos-de-ordenacao-sacerdotal-de-dom-paulo\/#breadcrumb"},"inLanguage":"pt-BR","potentialAction":[{"@type":"ReadAction","target":["https:\/\/www.oarcanjo.net\/site\/igreja-celebra-65-anos-de-ordenacao-sacerdotal-de-dom-paulo\/"]}]},{"@type":"BreadcrumbList","@id":"https:\/\/www.oarcanjo.net\/site\/igreja-celebra-65-anos-de-ordenacao-sacerdotal-de-dom-paulo\/#breadcrumb","itemListElement":[{"@type":"ListItem","position":1,"name":"In\u00edcio","item":"https:\/\/www.oarcanjo.net\/site\/"},{"@type":"ListItem","position":2,"name":"Igreja celebra 65 anos de ordena\u00e7\u00e3o sacerdotal de Dom Paulo"}]},{"@type":"WebSite","@id":"https:\/\/www.oarcanjo.net\/site\/#website","url":"https:\/\/www.oarcanjo.net\/site\/","name":"O Arcanjo no ar","description":"Site da Par\u00f3quia S\u00e3o Miguel Arcanjo (Arquidiocese de SP)","publisher":{"@id":"https:\/\/www.oarcanjo.net\/site\/#organization"},"potentialAction":[{"@type":"SearchAction","target":{"@type":"EntryPoint","urlTemplate":"https:\/\/www.oarcanjo.net\/site\/?s={search_term_string}"},"query-input":{"@type":"PropertyValueSpecification","valueRequired":true,"valueName":"search_term_string"}}],"inLanguage":"pt-BR"},{"@type":"Organization","@id":"https:\/\/www.oarcanjo.net\/site\/#organization","name":"Par\u00f3quia S\u00e3o Miguel Arcanjo","url":"https:\/\/www.oarcanjo.net\/site\/","logo":{"@type":"ImageObject","inLanguage":"pt-BR","@id":"https:\/\/www.oarcanjo.net\/site\/#\/schema\/logo\/image\/","url":"https:\/\/www.oarcanjo.net\/site\/wp-content\/uploads\/LogoOArcanjo.png","contentUrl":"https:\/\/www.oarcanjo.net\/site\/wp-content\/uploads\/LogoOArcanjo.png","width":319,"height":99,"caption":"Par\u00f3quia S\u00e3o Miguel Arcanjo"},"image":{"@id":"https:\/\/www.oarcanjo.net\/site\/#\/schema\/logo\/image\/"},"sameAs":["https:\/\/www.facebook.com\/OArcanjoNoAr\/"]},{"@type":"Person","@id":"https:\/\/www.oarcanjo.net\/site\/#\/schema\/person\/f7024d007863202483a31326673a0838","name":"editor","sameAs":["http:\/\/www.oarcanjo.net"]}]}},"publishpress_future_action":{"enabled":false,"date":"2026-05-06 23:13:07","action":"category","newStatus":"draft","terms":[],"taxonomy":"category"},"publishpress_future_workflow_manual_trigger":{"enabledWorkflows":[]},"_links":{"self":[{"href":"https:\/\/www.oarcanjo.net\/site\/wp-json\/wp\/v2\/posts\/11885"}],"collection":[{"href":"https:\/\/www.oarcanjo.net\/site\/wp-json\/wp\/v2\/posts"}],"about":[{"href":"https:\/\/www.oarcanjo.net\/site\/wp-json\/wp\/v2\/types\/post"}],"author":[{"embeddable":true,"href":"https:\/\/www.oarcanjo.net\/site\/wp-json\/wp\/v2\/users\/5"}],"replies":[{"embeddable":true,"href":"https:\/\/www.oarcanjo.net\/site\/wp-json\/wp\/v2\/comments?post=11885"}],"version-history":[{"count":0,"href":"https:\/\/www.oarcanjo.net\/site\/wp-json\/wp\/v2\/posts\/11885\/revisions"}],"wp:attachment":[{"href":"https:\/\/www.oarcanjo.net\/site\/wp-json\/wp\/v2\/media?parent=11885"}],"wp:term":[{"taxonomy":"category","embeddable":true,"href":"https:\/\/www.oarcanjo.net\/site\/wp-json\/wp\/v2\/categories?post=11885"},{"taxonomy":"post_tag","embeddable":true,"href":"https:\/\/www.oarcanjo.net\/site\/wp-json\/wp\/v2\/tags?post=11885"}],"curies":[{"name":"wp","href":"https:\/\/api.w.org\/{rel}","templated":true}]}}