
{"id":11888,"date":"2010-11-28T21:44:44","date_gmt":"2010-11-28T23:44:44","guid":{"rendered":"http:\/\/www.oarcanjo.net\/site\/?p=11888"},"modified":"2010-11-28T21:47:07","modified_gmt":"2010-11-28T23:47:07","slug":"aconteceu-a-assembleia-anual-do-setor-belem","status":"publish","type":"post","link":"https:\/\/www.oarcanjo.net\/site\/aconteceu-a-assembleia-anual-do-setor-belem\/","title":{"rendered":"Aconteceu a Assembleia anual do Setor Bel\u00e9m"},"content":{"rendered":"<p style=\"text-align: justify;\">Setor Bel\u00e9m faz sua assembleia anual, com profunda reflex\u00e3o e prop\u00f5e a\u00e7\u00f5es.<\/p>\n<p style=\"text-align: justify;\">Ot\u00e1vio L\u00e9o nos diz como foi a Assembl\u00e9ia do Setor Bel\u00e9m:<\/p>\n<p style=\"text-align: justify;\">No \u00faltimo s\u00e1bado, 27\/11, na Igreja S\u00e3o Carlos Borromeu, as par\u00f3quias do nosso Setor Bel\u00e9m fizeram sua assembleia anual, para refletir e propor a\u00e7\u00f5es a partir do resultado do 1\u00ba Congresso de Leigos da Arquidiocese de S\u00e3o Paulo.\u00a0<\/p>\n<p style=\"text-align: justify;\">Vieram representantes e padres das Par\u00f3quias de S\u00e3o Carlos Borromeu, S\u00e3o Jos\u00e9, S\u00e3o Jo\u00e3o Batista, Santa Rita, S\u00e3o Rafael, Nossa Senhora de Lourdes, S\u00e3o Paulo Ap\u00f3stolo,\u00a0bem como de Nossa Senhora do Bom Conselho. A comunidade S\u00e3o Miguel Arcanjo tamb\u00e9m esteve presente de forma expressiva, tendo \u00e0 frente o nosso pastor Padre J\u00falio Lancelotti.\u00a0<\/p>\n<p style=\"text-align: justify;\">Na Assembleia, conduzida pelo Pe. Eduardo da Igreja S\u00e3o Carlos Borromeu, tivemos tamb\u00e9m a presen\u00e7a marcante do Pe. Tarc\u00edsio, que em poucas palavras, nos levou a refletir sobre a nova realidade que vivenciamos hoje em nossa regi\u00e3o. A profunda modifica\u00e7\u00e3o urbana que estamos assistindo, com o crescimento em nossos bairros de novos condom\u00ednios e a consequente vinda de novos moradores, al\u00e9m da mudan\u00e7a dos costumes e de valores que marcam nosso tempo.<\/p>\n<p style=\"text-align: justify;\">A partir dos pontos que foram apresentados e que marcaram o trabalho dos leigos at\u00e9 aqui no 1\u00ba Congresso, cinco grupos foram formandos na Assembleia para discutir as a\u00e7\u00f5es concretas de trabalho nas comunidades\u00a0 ou em \u00e2mbito setorial.\u00a0<\/p>\n<p style=\"text-align: justify;\">O ponto comum a todos os grupos, e muito evidente, foi em rela\u00e7\u00e3o aos jovens nos dias de hoje. Como entend\u00ea-los no mundo atual e ir ao seu encontro, nos leva a uma profunda e criativa a\u00e7\u00e3o mission\u00e1ria. Sabemos dos grandes desafios, mas algumas id\u00e9ias foram sugeridas:<\/p>\n<p style=\"text-align: justify;\">&#8211; A cria\u00e7\u00e3o de cursos b\u00e1sicos e profissionalizantes para o nosso mercado de trabalho, como tamb\u00e9m a alfabetiza\u00e7\u00e3o de adultos.<\/p>\n<p style=\"text-align: justify;\">&#8211; Acampamentos de jovens 2 ou 3 vezes ao ano, como forma de trazer informa\u00e7\u00e3o com palestras, e desenvolver cultura atrav\u00e9s da m\u00fasica, dan\u00e7a, teatro e esportes.<\/p>\n<p style=\"text-align: justify;\">&#8211; Desenvolver trabalho de apoio na Cracol\u00e2ndia, ajudando nossos irm\u00e3os a se recuperarem\u00a0da depend\u00eancia terr\u00edvel.<\/p>\n<p style=\"text-align: justify;\">&#8211; Utiliza\u00e7\u00e3o da internet atrav\u00e9s dos sites paroquiais, como forma de intera\u00e7\u00e3o, com informa\u00e7\u00e3o, e inclusive novenas, como por exemplo, as novenas de Natal e as Novenas dos diversos Santos.<\/p>\n<p style=\"text-align: justify;\">&#8211; Padroniza\u00e7\u00e3o dos cursos de prepara\u00e7\u00e3o dos sacramentos, Batismo, Crisma e Casamento, para todas as comunidades.\u00a0<\/p>\n<p style=\"text-align: justify;\">A Assembleia foi encerrada pelo nosso Bispo Dom Edmar Peron, que enfatizou a import\u00e2ncia dos leigos dentro das comunidades, seu papel mission\u00e1rio e evangelizador em todos os campos, n\u00e3o s\u00f3 pastorais, mas no dia a dia, seja na fam\u00edlia, seja no trabalho.\u00a0<\/p>\n<p style=\"text-align: justify;\">Ao final, a partilha, com o almo\u00e7o de confraterniza\u00e7\u00e3o, encerrando as atividades da Assembleia Setorial.\u00a0<\/p>\n<p style=\"text-align: justify;\">Vejam algumas fotos dos trabalhos, por Carlos Alberto Beatriz<\/p>\n<p style=\"text-align: justify;\">ngg_shortcode_0_placeholder<\/p>\n<div id=\"themify_builder_content-11888\" data-postid=\"11888\" class=\"themify_builder_content themify_builder_content-11888 themify_builder themify_builder_front\">\n\t<\/div>\n<!-- \/themify_builder_content -->","protected":false},"excerpt":{"rendered":"<p>Setor Bel\u00e9m faz sua assembleia anual, com profunda reflex\u00e3o e prop\u00f5e a\u00e7\u00f5es. Ot\u00e1vio L\u00e9o nos diz como foi a Assembl\u00e9ia do Setor Bel\u00e9m: No \u00faltimo s\u00e1bado, 27\/11, na Igreja S\u00e3o Carlos Borromeu, as par\u00f3quias do nosso Setor Bel\u00e9m fizeram sua assembleia anual, para refletir e propor a\u00e7\u00f5es a partir do resultado do 1\u00ba Congresso de [&hellip;]<\/p>\n","protected":false},"author":10,"featured_media":0,"comment_status":"open","ping_status":"open","sticky":false,"template":"","format":"standard","meta":{"ngg_post_thumbnail":0,"footnotes":""},"categories":[8],"tags":[],"yoast_head":"<!-- This site is optimized with the Yoast SEO plugin v23.5 - https:\/\/yoast.com\/wordpress\/plugins\/seo\/ -->\n<title>Aconteceu a Assembleia anual do Setor Bel\u00e9m  - O Arcanjo no ar<\/title>\n<meta name=\"robots\" content=\"index, follow, max-snippet:-1, max-image-preview:large, max-video-preview:-1\" \/>\n<link rel=\"canonical\" href=\"https:\/\/www.oarcanjo.net\/site\/aconteceu-a-assembleia-anual-do-setor-belem\/\" \/>\n<meta property=\"og:locale\" content=\"pt_BR\" \/>\n<meta property=\"og:type\" content=\"article\" \/>\n<meta property=\"og:title\" content=\"Aconteceu a Assembleia anual do Setor Bel\u00e9m  - O Arcanjo no ar\" \/>\n<meta property=\"og:description\" content=\"Setor Bel\u00e9m faz sua assembleia anual, com profunda reflex\u00e3o e prop\u00f5e a\u00e7\u00f5es. Ot\u00e1vio L\u00e9o nos diz como foi a Assembl\u00e9ia do Setor Bel\u00e9m: No \u00faltimo s\u00e1bado, 27\/11, na Igreja S\u00e3o Carlos Borromeu, as par\u00f3quias do nosso Setor Bel\u00e9m fizeram sua assembleia anual, para refletir e propor a\u00e7\u00f5es a partir do resultado do 1\u00ba Congresso de [&hellip;]\" \/>\n<meta property=\"og:url\" content=\"https:\/\/www.oarcanjo.net\/site\/aconteceu-a-assembleia-anual-do-setor-belem\/\" \/>\n<meta property=\"og:site_name\" content=\"O Arcanjo no ar\" \/>\n<meta property=\"article:publisher\" content=\"https:\/\/www.facebook.com\/OArcanjoNoAr\/\" \/>\n<meta property=\"article:published_time\" content=\"2010-11-28T23:44:44+00:00\" \/>\n<meta property=\"article:modified_time\" content=\"2010-11-28T23:47:07+00:00\" \/>\n<meta property=\"og:image\" content=\"https:\/\/www.oarcanjo.net\/site\/wp-content\/uploads\/logo-o-arcanjo-no-ar-facebook.png\" \/>\n\t<meta property=\"og:image:width\" content=\"300\" \/>\n\t<meta property=\"og:image:height\" content=\"300\" \/>\n\t<meta property=\"og:image:type\" content=\"image\/png\" \/>\n<meta name=\"author\" content=\"carlos\" \/>\n<meta name=\"twitter:card\" content=\"summary_large_image\" \/>\n<meta name=\"twitter:label1\" content=\"Escrito por\" \/>\n\t<meta name=\"twitter:data1\" content=\"carlos\" \/>\n\t<meta name=\"twitter:label2\" content=\"Est. tempo de leitura\" \/>\n\t<meta name=\"twitter:data2\" content=\"3 minutos\" \/>\n<script type=\"application\/ld+json\" class=\"yoast-schema-graph\">{\"@context\":\"https:\/\/schema.org\",\"@graph\":[{\"@type\":\"Article\",\"@id\":\"https:\/\/www.oarcanjo.net\/site\/aconteceu-a-assembleia-anual-do-setor-belem\/#article\",\"isPartOf\":{\"@id\":\"https:\/\/www.oarcanjo.net\/site\/aconteceu-a-assembleia-anual-do-setor-belem\/\"},\"author\":{\"name\":\"carlos\",\"@id\":\"https:\/\/www.oarcanjo.net\/site\/#\/schema\/person\/f7870e710d8c8c30673de3a0ac2e451d\"},\"headline\":\"Aconteceu a Assembleia anual do Setor Bel\u00e9m\",\"datePublished\":\"2010-11-28T23:44:44+00:00\",\"dateModified\":\"2010-11-28T23:47:07+00:00\",\"mainEntityOfPage\":{\"@id\":\"https:\/\/www.oarcanjo.net\/site\/aconteceu-a-assembleia-anual-do-setor-belem\/\"},\"wordCount\":515,\"commentCount\":0,\"publisher\":{\"@id\":\"https:\/\/www.oarcanjo.net\/site\/#organization\"},\"articleSection\":[\"Not\u00edcias\"],\"inLanguage\":\"pt-BR\",\"potentialAction\":[{\"@type\":\"CommentAction\",\"name\":\"Comment\",\"target\":[\"https:\/\/www.oarcanjo.net\/site\/aconteceu-a-assembleia-anual-do-setor-belem\/#respond\"]}]},{\"@type\":\"WebPage\",\"@id\":\"https:\/\/www.oarcanjo.net\/site\/aconteceu-a-assembleia-anual-do-setor-belem\/\",\"url\":\"https:\/\/www.oarcanjo.net\/site\/aconteceu-a-assembleia-anual-do-setor-belem\/\",\"name\":\"Aconteceu a Assembleia anual do Setor Bel\u00e9m - O Arcanjo no ar\",\"isPartOf\":{\"@id\":\"https:\/\/www.oarcanjo.net\/site\/#website\"},\"datePublished\":\"2010-11-28T23:44:44+00:00\",\"dateModified\":\"2010-11-28T23:47:07+00:00\",\"breadcrumb\":{\"@id\":\"https:\/\/www.oarcanjo.net\/site\/aconteceu-a-assembleia-anual-do-setor-belem\/#breadcrumb\"},\"inLanguage\":\"pt-BR\",\"potentialAction\":[{\"@type\":\"ReadAction\",\"target\":[\"https:\/\/www.oarcanjo.net\/site\/aconteceu-a-assembleia-anual-do-setor-belem\/\"]}]},{\"@type\":\"BreadcrumbList\",\"@id\":\"https:\/\/www.oarcanjo.net\/site\/aconteceu-a-assembleia-anual-do-setor-belem\/#breadcrumb\",\"itemListElement\":[{\"@type\":\"ListItem\",\"position\":1,\"name\":\"In\u00edcio\",\"item\":\"https:\/\/www.oarcanjo.net\/site\/\"},{\"@type\":\"ListItem\",\"position\":2,\"name\":\"Aconteceu a Assembleia anual do Setor Bel\u00e9m\"}]},{\"@type\":\"WebSite\",\"@id\":\"https:\/\/www.oarcanjo.net\/site\/#website\",\"url\":\"https:\/\/www.oarcanjo.net\/site\/\",\"name\":\"O Arcanjo no ar\",\"description\":\"Site da Par\u00f3quia S\u00e3o Miguel Arcanjo (Arquidiocese de SP)\",\"publisher\":{\"@id\":\"https:\/\/www.oarcanjo.net\/site\/#organization\"},\"potentialAction\":[{\"@type\":\"SearchAction\",\"target\":{\"@type\":\"EntryPoint\",\"urlTemplate\":\"https:\/\/www.oarcanjo.net\/site\/?s={search_term_string}\"},\"query-input\":{\"@type\":\"PropertyValueSpecification\",\"valueRequired\":true,\"valueName\":\"search_term_string\"}}],\"inLanguage\":\"pt-BR\"},{\"@type\":\"Organization\",\"@id\":\"https:\/\/www.oarcanjo.net\/site\/#organization\",\"name\":\"Par\u00f3quia S\u00e3o Miguel Arcanjo\",\"url\":\"https:\/\/www.oarcanjo.net\/site\/\",\"logo\":{\"@type\":\"ImageObject\",\"inLanguage\":\"pt-BR\",\"@id\":\"https:\/\/www.oarcanjo.net\/site\/#\/schema\/logo\/image\/\",\"url\":\"https:\/\/www.oarcanjo.net\/site\/wp-content\/uploads\/LogoOArcanjo.png\",\"contentUrl\":\"https:\/\/www.oarcanjo.net\/site\/wp-content\/uploads\/LogoOArcanjo.png\",\"width\":319,\"height\":99,\"caption\":\"Par\u00f3quia S\u00e3o Miguel Arcanjo\"},\"image\":{\"@id\":\"https:\/\/www.oarcanjo.net\/site\/#\/schema\/logo\/image\/\"},\"sameAs\":[\"https:\/\/www.facebook.com\/OArcanjoNoAr\/\"]},{\"@type\":\"Person\",\"@id\":\"https:\/\/www.oarcanjo.net\/site\/#\/schema\/person\/f7870e710d8c8c30673de3a0ac2e451d\",\"name\":\"carlos\"}]}<\/script>\n<!-- \/ Yoast SEO plugin. -->","yoast_head_json":{"title":"Aconteceu a Assembleia anual do Setor Bel\u00e9m  - O Arcanjo no ar","robots":{"index":"index","follow":"follow","max-snippet":"max-snippet:-1","max-image-preview":"max-image-preview:large","max-video-preview":"max-video-preview:-1"},"canonical":"https:\/\/www.oarcanjo.net\/site\/aconteceu-a-assembleia-anual-do-setor-belem\/","og_locale":"pt_BR","og_type":"article","og_title":"Aconteceu a Assembleia anual do Setor Bel\u00e9m  - O Arcanjo no ar","og_description":"Setor Bel\u00e9m faz sua assembleia anual, com profunda reflex\u00e3o e prop\u00f5e a\u00e7\u00f5es. Ot\u00e1vio L\u00e9o nos diz como foi a Assembl\u00e9ia do Setor Bel\u00e9m: No \u00faltimo s\u00e1bado, 27\/11, na Igreja S\u00e3o Carlos Borromeu, as par\u00f3quias do nosso Setor Bel\u00e9m fizeram sua assembleia anual, para refletir e propor a\u00e7\u00f5es a partir do resultado do 1\u00ba Congresso de [&hellip;]","og_url":"https:\/\/www.oarcanjo.net\/site\/aconteceu-a-assembleia-anual-do-setor-belem\/","og_site_name":"O Arcanjo no ar","article_publisher":"https:\/\/www.facebook.com\/OArcanjoNoAr\/","article_published_time":"2010-11-28T23:44:44+00:00","article_modified_time":"2010-11-28T23:47:07+00:00","og_image":[{"width":300,"height":300,"url":"https:\/\/www.oarcanjo.net\/site\/wp-content\/uploads\/logo-o-arcanjo-no-ar-facebook.png","type":"image\/png"}],"author":"carlos","twitter_card":"summary_large_image","twitter_misc":{"Escrito por":"carlos","Est. tempo de leitura":"3 minutos"},"schema":{"@context":"https:\/\/schema.org","@graph":[{"@type":"Article","@id":"https:\/\/www.oarcanjo.net\/site\/aconteceu-a-assembleia-anual-do-setor-belem\/#article","isPartOf":{"@id":"https:\/\/www.oarcanjo.net\/site\/aconteceu-a-assembleia-anual-do-setor-belem\/"},"author":{"name":"carlos","@id":"https:\/\/www.oarcanjo.net\/site\/#\/schema\/person\/f7870e710d8c8c30673de3a0ac2e451d"},"headline":"Aconteceu a Assembleia anual do Setor Bel\u00e9m","datePublished":"2010-11-28T23:44:44+00:00","dateModified":"2010-11-28T23:47:07+00:00","mainEntityOfPage":{"@id":"https:\/\/www.oarcanjo.net\/site\/aconteceu-a-assembleia-anual-do-setor-belem\/"},"wordCount":515,"commentCount":0,"publisher":{"@id":"https:\/\/www.oarcanjo.net\/site\/#organization"},"articleSection":["Not\u00edcias"],"inLanguage":"pt-BR","potentialAction":[{"@type":"CommentAction","name":"Comment","target":["https:\/\/www.oarcanjo.net\/site\/aconteceu-a-assembleia-anual-do-setor-belem\/#respond"]}]},{"@type":"WebPage","@id":"https:\/\/www.oarcanjo.net\/site\/aconteceu-a-assembleia-anual-do-setor-belem\/","url":"https:\/\/www.oarcanjo.net\/site\/aconteceu-a-assembleia-anual-do-setor-belem\/","name":"Aconteceu a Assembleia anual do Setor Bel\u00e9m - O Arcanjo no ar","isPartOf":{"@id":"https:\/\/www.oarcanjo.net\/site\/#website"},"datePublished":"2010-11-28T23:44:44+00:00","dateModified":"2010-11-28T23:47:07+00:00","breadcrumb":{"@id":"https:\/\/www.oarcanjo.net\/site\/aconteceu-a-assembleia-anual-do-setor-belem\/#breadcrumb"},"inLanguage":"pt-BR","potentialAction":[{"@type":"ReadAction","target":["https:\/\/www.oarcanjo.net\/site\/aconteceu-a-assembleia-anual-do-setor-belem\/"]}]},{"@type":"BreadcrumbList","@id":"https:\/\/www.oarcanjo.net\/site\/aconteceu-a-assembleia-anual-do-setor-belem\/#breadcrumb","itemListElement":[{"@type":"ListItem","position":1,"name":"In\u00edcio","item":"https:\/\/www.oarcanjo.net\/site\/"},{"@type":"ListItem","position":2,"name":"Aconteceu a Assembleia anual do Setor Bel\u00e9m"}]},{"@type":"WebSite","@id":"https:\/\/www.oarcanjo.net\/site\/#website","url":"https:\/\/www.oarcanjo.net\/site\/","name":"O Arcanjo no ar","description":"Site da Par\u00f3quia S\u00e3o Miguel Arcanjo (Arquidiocese de SP)","publisher":{"@id":"https:\/\/www.oarcanjo.net\/site\/#organization"},"potentialAction":[{"@type":"SearchAction","target":{"@type":"EntryPoint","urlTemplate":"https:\/\/www.oarcanjo.net\/site\/?s={search_term_string}"},"query-input":{"@type":"PropertyValueSpecification","valueRequired":true,"valueName":"search_term_string"}}],"inLanguage":"pt-BR"},{"@type":"Organization","@id":"https:\/\/www.oarcanjo.net\/site\/#organization","name":"Par\u00f3quia S\u00e3o Miguel Arcanjo","url":"https:\/\/www.oarcanjo.net\/site\/","logo":{"@type":"ImageObject","inLanguage":"pt-BR","@id":"https:\/\/www.oarcanjo.net\/site\/#\/schema\/logo\/image\/","url":"https:\/\/www.oarcanjo.net\/site\/wp-content\/uploads\/LogoOArcanjo.png","contentUrl":"https:\/\/www.oarcanjo.net\/site\/wp-content\/uploads\/LogoOArcanjo.png","width":319,"height":99,"caption":"Par\u00f3quia S\u00e3o Miguel Arcanjo"},"image":{"@id":"https:\/\/www.oarcanjo.net\/site\/#\/schema\/logo\/image\/"},"sameAs":["https:\/\/www.facebook.com\/OArcanjoNoAr\/"]},{"@type":"Person","@id":"https:\/\/www.oarcanjo.net\/site\/#\/schema\/person\/f7870e710d8c8c30673de3a0ac2e451d","name":"carlos"}]}},"publishpress_future_action":{"enabled":false,"date":"2026-05-07 00:36:58","action":"category","newStatus":"draft","terms":[],"taxonomy":"category"},"publishpress_future_workflow_manual_trigger":{"enabledWorkflows":[]},"_links":{"self":[{"href":"https:\/\/www.oarcanjo.net\/site\/wp-json\/wp\/v2\/posts\/11888"}],"collection":[{"href":"https:\/\/www.oarcanjo.net\/site\/wp-json\/wp\/v2\/posts"}],"about":[{"href":"https:\/\/www.oarcanjo.net\/site\/wp-json\/wp\/v2\/types\/post"}],"author":[{"embeddable":true,"href":"https:\/\/www.oarcanjo.net\/site\/wp-json\/wp\/v2\/users\/10"}],"replies":[{"embeddable":true,"href":"https:\/\/www.oarcanjo.net\/site\/wp-json\/wp\/v2\/comments?post=11888"}],"version-history":[{"count":0,"href":"https:\/\/www.oarcanjo.net\/site\/wp-json\/wp\/v2\/posts\/11888\/revisions"}],"wp:attachment":[{"href":"https:\/\/www.oarcanjo.net\/site\/wp-json\/wp\/v2\/media?parent=11888"}],"wp:term":[{"taxonomy":"category","embeddable":true,"href":"https:\/\/www.oarcanjo.net\/site\/wp-json\/wp\/v2\/categories?post=11888"},{"taxonomy":"post_tag","embeddable":true,"href":"https:\/\/www.oarcanjo.net\/site\/wp-json\/wp\/v2\/tags?post=11888"}],"curies":[{"name":"wp","href":"https:\/\/api.w.org\/{rel}","templated":true}]}}