
{"id":1193,"date":"2008-12-23T19:49:52","date_gmt":"2008-12-23T21:49:52","guid":{"rendered":"http:\/\/www.oarcanjo.net\/site\/?p=1193"},"modified":"2009-01-25T13:19:06","modified_gmt":"2009-01-25T15:19:06","slug":"natal-do-povo-da-rua-na-comunidade-sao-martinho","status":"publish","type":"post","link":"https:\/\/www.oarcanjo.net\/site\/natal-do-povo-da-rua-na-comunidade-sao-martinho\/","title":{"rendered":"Natal do povo da rua na Comunidade S\u00e3o Martinho"},"content":{"rendered":"<p><img loading=\"lazy\" decoding=\"async\" src=\"http:\/\/www.oarcanjo.net\/site\/wp-content\/uploads\/ft_natalpovorua2008_051.jpg\" alt=\"\" title=\"Natal do Povo da Rua 2009\" width=\"300\" height=\"212\"align=\"left\" hspace=\"4\" \/>Centenas de moradores de rua participaram nesta ter\u00e7a-feira, 23\/12, do tradicional almo\u00e7o de Natal da Comunidade S\u00e3o Martinho de Lima, sob o viaduto Guadalajara.<\/p>\n<p>A festa teve in\u00edcio com uma celebra\u00e7\u00e3o presidida pelo bispo da Regi\u00e3o Bel\u00e9m, D. Pedro Luiz Stringhini. Houve tamb\u00e9m apresenta\u00e7\u00f5es art\u00edsticas enquanto paralelamente dezenas de volunt\u00e1rios e volunt\u00e1rias preparavam os pratos que seriam servidos em seguida.<\/p>\n<p>Todos os participantes receberam um prato com frango, arroz, farofa e maionese, al\u00e9m de suco, bolo e um mini-panetone. Foram servidas refei\u00e7\u00f5es para quase mil pessoas.<\/p>\n<p>Clique abaixo para ouvir a mensagem de D. Pedro Luiz sobre a celebra\u00e7\u00e3o:<\/p>\n[audio:DPedroLuiz.mp3]\n<p>Fundada em 1990 com a presen\u00e7a de D. Luciano Mendes de Almeida, ex-bispo da Regi\u00e3o Bel\u00e9m, a Comunidade S\u00e3o Martinho tem o objetivo de resgatar a cidadania e recuperar a dignidade da popula\u00e7\u00e3o em situa\u00e7\u00e3o de rua, por meio da acolhida e do cuidado, promovendo a conviv\u00eancia e atividades s\u00f3cio-educativas.<\/p>\n<p>Desde o in\u00edcio, a pr\u00f3pria entidade contratou mais de 20 pessoas que deixaram as ruas para trabalhar em projetos sociais e encaminhou outras centenas para frentes de trabalho do Estado e da prefeitura \u2013 h\u00e1 casos de pessoas que at\u00e9 conseguiram cursar o ensino superior.<\/p>\n<p>O trabalho conta com o apoio do Centro Social Nossa Senhora do Bom Parto e de comunidades da regi\u00e3o, inclusive a S\u00e3o Miguel Arcanjo.<\/p>\n<p>Assista abaixo a trecho da entrevista do Pe. J\u00falio Lancellotti no programa <strong>Filosofia no Cotidiano<\/strong>, da TV Cantareira, sobre a Comunidade S\u00e3o Martinho:<\/p>\n<p><video style=\"width: 100%; height: auto; aspect-ratio: 480\/334; border: none; overflow: hidden;\" controls>\n                <source src=\"\/site\/wp-content\/uploads\/EntrevistaFilosofiaCotidiano.asx\" type=\"video\/x-ms-wmv\">\n                <source src=\"\/site\/wp-content\/uploads\/EntrevistaFilosofiaCotidiano.asx\" type=\"video\/wmv\">\n                Your browser does not support the video tag.\n            <\/video><\/p>\n<hr \/>\n<p>Veja a galeria de fotos da festa:<br \/>ngg_shortcode_0_placeholder\n<div id=\"themify_builder_content-1193\" data-postid=\"1193\" class=\"themify_builder_content themify_builder_content-1193 themify_builder themify_builder_front\">\n\t<\/div>\n<!-- \/themify_builder_content -->","protected":false},"excerpt":{"rendered":"<p>Centenas de moradores de rua participaram nesta ter\u00e7a-feira, 23\/12, do tradicional almo\u00e7o de Natal da Comunidade S\u00e3o Martinho de Lima, sob o viaduto Guadalajara. A festa teve in\u00edcio com uma celebra\u00e7\u00e3o presidida pelo bispo da Regi\u00e3o Bel\u00e9m, D. Pedro Luiz Stringhini. Houve tamb\u00e9m apresenta\u00e7\u00f5es art\u00edsticas enquanto paralelamente dezenas de volunt\u00e1rios e volunt\u00e1rias preparavam os pratos [&hellip;]<\/p>\n","protected":false},"author":5,"featured_media":0,"comment_status":"open","ping_status":"open","sticky":false,"template":"","format":"standard","meta":{"ngg_post_thumbnail":0,"footnotes":""},"categories":[8],"tags":[139,60,91,88],"yoast_head":"<!-- This site is optimized with the Yoast SEO plugin v23.5 - https:\/\/yoast.com\/wordpress\/plugins\/seo\/ -->\n<title>Natal do povo da rua na Comunidade S\u00e3o Martinho - O Arcanjo no ar<\/title>\n<meta name=\"robots\" content=\"index, follow, max-snippet:-1, max-image-preview:large, max-video-preview:-1\" \/>\n<link rel=\"canonical\" href=\"https:\/\/www.oarcanjo.net\/site\/natal-do-povo-da-rua-na-comunidade-sao-martinho\/\" \/>\n<meta property=\"og:locale\" content=\"pt_BR\" \/>\n<meta property=\"og:type\" content=\"article\" \/>\n<meta property=\"og:title\" content=\"Natal do povo da rua na Comunidade S\u00e3o Martinho - O Arcanjo no ar\" \/>\n<meta property=\"og:description\" content=\"Centenas de moradores de rua participaram nesta ter\u00e7a-feira, 23\/12, do tradicional almo\u00e7o de Natal da Comunidade S\u00e3o Martinho de Lima, sob o viaduto Guadalajara. A festa teve in\u00edcio com uma celebra\u00e7\u00e3o presidida pelo bispo da Regi\u00e3o Bel\u00e9m, D. Pedro Luiz Stringhini. Houve tamb\u00e9m apresenta\u00e7\u00f5es art\u00edsticas enquanto paralelamente dezenas de volunt\u00e1rios e volunt\u00e1rias preparavam os pratos [&hellip;]\" \/>\n<meta property=\"og:url\" content=\"https:\/\/www.oarcanjo.net\/site\/natal-do-povo-da-rua-na-comunidade-sao-martinho\/\" \/>\n<meta property=\"og:site_name\" content=\"O Arcanjo no ar\" \/>\n<meta property=\"article:publisher\" content=\"https:\/\/www.facebook.com\/OArcanjoNoAr\/\" \/>\n<meta property=\"article:published_time\" content=\"2008-12-23T21:49:52+00:00\" \/>\n<meta property=\"article:modified_time\" content=\"2009-01-25T15:19:06+00:00\" \/>\n<meta property=\"og:image\" content=\"https:\/\/www.oarcanjo.net\/site\/wp-content\/uploads\/ft_natalpovorua2008_05-150x150.jpg\" \/>\n<meta name=\"author\" content=\"editor\" \/>\n<meta name=\"twitter:card\" content=\"summary_large_image\" \/>\n<meta name=\"twitter:label1\" content=\"Escrito por\" \/>\n\t<meta name=\"twitter:data1\" content=\"editor\" \/>\n\t<meta name=\"twitter:label2\" content=\"Est. tempo de leitura\" \/>\n\t<meta name=\"twitter:data2\" content=\"1 minuto\" \/>\n<script type=\"application\/ld+json\" class=\"yoast-schema-graph\">{\"@context\":\"https:\/\/schema.org\",\"@graph\":[{\"@type\":\"Article\",\"@id\":\"https:\/\/www.oarcanjo.net\/site\/natal-do-povo-da-rua-na-comunidade-sao-martinho\/#article\",\"isPartOf\":{\"@id\":\"https:\/\/www.oarcanjo.net\/site\/natal-do-povo-da-rua-na-comunidade-sao-martinho\/\"},\"author\":{\"name\":\"editor\",\"@id\":\"https:\/\/www.oarcanjo.net\/site\/#\/schema\/person\/f7024d007863202483a31326673a0838\"},\"headline\":\"Natal do povo da rua na Comunidade S\u00e3o Martinho\",\"datePublished\":\"2008-12-23T21:49:52+00:00\",\"dateModified\":\"2009-01-25T15:19:06+00:00\",\"mainEntityOfPage\":{\"@id\":\"https:\/\/www.oarcanjo.net\/site\/natal-do-povo-da-rua-na-comunidade-sao-martinho\/\"},\"wordCount\":294,\"commentCount\":5,\"publisher\":{\"@id\":\"https:\/\/www.oarcanjo.net\/site\/#organization\"},\"image\":{\"@id\":\"https:\/\/www.oarcanjo.net\/site\/natal-do-povo-da-rua-na-comunidade-sao-martinho\/#primaryimage\"},\"thumbnailUrl\":\"http:\/\/www.oarcanjo.net\/site\/wp-content\/uploads\/ft_natalpovorua2008_051.jpg\",\"keywords\":[\"Comunidade S\u00e3o Martinho de Lima\",\"natal\",\"povo da rua\",\"solidariedade\"],\"articleSection\":[\"Not\u00edcias\"],\"inLanguage\":\"pt-BR\",\"potentialAction\":[{\"@type\":\"CommentAction\",\"name\":\"Comment\",\"target\":[\"https:\/\/www.oarcanjo.net\/site\/natal-do-povo-da-rua-na-comunidade-sao-martinho\/#respond\"]}]},{\"@type\":\"WebPage\",\"@id\":\"https:\/\/www.oarcanjo.net\/site\/natal-do-povo-da-rua-na-comunidade-sao-martinho\/\",\"url\":\"https:\/\/www.oarcanjo.net\/site\/natal-do-povo-da-rua-na-comunidade-sao-martinho\/\",\"name\":\"Natal do povo da rua na Comunidade S\u00e3o Martinho - O Arcanjo no ar\",\"isPartOf\":{\"@id\":\"https:\/\/www.oarcanjo.net\/site\/#website\"},\"primaryImageOfPage\":{\"@id\":\"https:\/\/www.oarcanjo.net\/site\/natal-do-povo-da-rua-na-comunidade-sao-martinho\/#primaryimage\"},\"image\":{\"@id\":\"https:\/\/www.oarcanjo.net\/site\/natal-do-povo-da-rua-na-comunidade-sao-martinho\/#primaryimage\"},\"thumbnailUrl\":\"http:\/\/www.oarcanjo.net\/site\/wp-content\/uploads\/ft_natalpovorua2008_051.jpg\",\"datePublished\":\"2008-12-23T21:49:52+00:00\",\"dateModified\":\"2009-01-25T15:19:06+00:00\",\"breadcrumb\":{\"@id\":\"https:\/\/www.oarcanjo.net\/site\/natal-do-povo-da-rua-na-comunidade-sao-martinho\/#breadcrumb\"},\"inLanguage\":\"pt-BR\",\"potentialAction\":[{\"@type\":\"ReadAction\",\"target\":[\"https:\/\/www.oarcanjo.net\/site\/natal-do-povo-da-rua-na-comunidade-sao-martinho\/\"]}]},{\"@type\":\"ImageObject\",\"inLanguage\":\"pt-BR\",\"@id\":\"https:\/\/www.oarcanjo.net\/site\/natal-do-povo-da-rua-na-comunidade-sao-martinho\/#primaryimage\",\"url\":\"http:\/\/www.oarcanjo.net\/site\/wp-content\/uploads\/ft_natalpovorua2008_051.jpg\",\"contentUrl\":\"http:\/\/www.oarcanjo.net\/site\/wp-content\/uploads\/ft_natalpovorua2008_051.jpg\"},{\"@type\":\"BreadcrumbList\",\"@id\":\"https:\/\/www.oarcanjo.net\/site\/natal-do-povo-da-rua-na-comunidade-sao-martinho\/#breadcrumb\",\"itemListElement\":[{\"@type\":\"ListItem\",\"position\":1,\"name\":\"In\u00edcio\",\"item\":\"https:\/\/www.oarcanjo.net\/site\/\"},{\"@type\":\"ListItem\",\"position\":2,\"name\":\"Natal do povo da rua na Comunidade S\u00e3o Martinho\"}]},{\"@type\":\"WebSite\",\"@id\":\"https:\/\/www.oarcanjo.net\/site\/#website\",\"url\":\"https:\/\/www.oarcanjo.net\/site\/\",\"name\":\"O Arcanjo no ar\",\"description\":\"Site da Par\u00f3quia S\u00e3o Miguel Arcanjo (Arquidiocese de SP)\",\"publisher\":{\"@id\":\"https:\/\/www.oarcanjo.net\/site\/#organization\"},\"potentialAction\":[{\"@type\":\"SearchAction\",\"target\":{\"@type\":\"EntryPoint\",\"urlTemplate\":\"https:\/\/www.oarcanjo.net\/site\/?s={search_term_string}\"},\"query-input\":{\"@type\":\"PropertyValueSpecification\",\"valueRequired\":true,\"valueName\":\"search_term_string\"}}],\"inLanguage\":\"pt-BR\"},{\"@type\":\"Organization\",\"@id\":\"https:\/\/www.oarcanjo.net\/site\/#organization\",\"name\":\"Par\u00f3quia S\u00e3o Miguel Arcanjo\",\"url\":\"https:\/\/www.oarcanjo.net\/site\/\",\"logo\":{\"@type\":\"ImageObject\",\"inLanguage\":\"pt-BR\",\"@id\":\"https:\/\/www.oarcanjo.net\/site\/#\/schema\/logo\/image\/\",\"url\":\"https:\/\/www.oarcanjo.net\/site\/wp-content\/uploads\/LogoOArcanjo.png\",\"contentUrl\":\"https:\/\/www.oarcanjo.net\/site\/wp-content\/uploads\/LogoOArcanjo.png\",\"width\":319,\"height\":99,\"caption\":\"Par\u00f3quia S\u00e3o Miguel Arcanjo\"},\"image\":{\"@id\":\"https:\/\/www.oarcanjo.net\/site\/#\/schema\/logo\/image\/\"},\"sameAs\":[\"https:\/\/www.facebook.com\/OArcanjoNoAr\/\"]},{\"@type\":\"Person\",\"@id\":\"https:\/\/www.oarcanjo.net\/site\/#\/schema\/person\/f7024d007863202483a31326673a0838\",\"name\":\"editor\",\"sameAs\":[\"http:\/\/www.oarcanjo.net\"]}]}<\/script>\n<!-- \/ Yoast SEO plugin. -->","yoast_head_json":{"title":"Natal do povo da rua na Comunidade S\u00e3o Martinho - O Arcanjo no ar","robots":{"index":"index","follow":"follow","max-snippet":"max-snippet:-1","max-image-preview":"max-image-preview:large","max-video-preview":"max-video-preview:-1"},"canonical":"https:\/\/www.oarcanjo.net\/site\/natal-do-povo-da-rua-na-comunidade-sao-martinho\/","og_locale":"pt_BR","og_type":"article","og_title":"Natal do povo da rua na Comunidade S\u00e3o Martinho - O Arcanjo no ar","og_description":"Centenas de moradores de rua participaram nesta ter\u00e7a-feira, 23\/12, do tradicional almo\u00e7o de Natal da Comunidade S\u00e3o Martinho de Lima, sob o viaduto Guadalajara. A festa teve in\u00edcio com uma celebra\u00e7\u00e3o presidida pelo bispo da Regi\u00e3o Bel\u00e9m, D. Pedro Luiz Stringhini. Houve tamb\u00e9m apresenta\u00e7\u00f5es art\u00edsticas enquanto paralelamente dezenas de volunt\u00e1rios e volunt\u00e1rias preparavam os pratos [&hellip;]","og_url":"https:\/\/www.oarcanjo.net\/site\/natal-do-povo-da-rua-na-comunidade-sao-martinho\/","og_site_name":"O Arcanjo no ar","article_publisher":"https:\/\/www.facebook.com\/OArcanjoNoAr\/","article_published_time":"2008-12-23T21:49:52+00:00","article_modified_time":"2009-01-25T15:19:06+00:00","og_image":[{"url":"https:\/\/www.oarcanjo.net\/site\/wp-content\/uploads\/ft_natalpovorua2008_05-150x150.jpg"}],"author":"editor","twitter_card":"summary_large_image","twitter_misc":{"Escrito por":"editor","Est. tempo de leitura":"1 minuto"},"schema":{"@context":"https:\/\/schema.org","@graph":[{"@type":"Article","@id":"https:\/\/www.oarcanjo.net\/site\/natal-do-povo-da-rua-na-comunidade-sao-martinho\/#article","isPartOf":{"@id":"https:\/\/www.oarcanjo.net\/site\/natal-do-povo-da-rua-na-comunidade-sao-martinho\/"},"author":{"name":"editor","@id":"https:\/\/www.oarcanjo.net\/site\/#\/schema\/person\/f7024d007863202483a31326673a0838"},"headline":"Natal do povo da rua na Comunidade S\u00e3o Martinho","datePublished":"2008-12-23T21:49:52+00:00","dateModified":"2009-01-25T15:19:06+00:00","mainEntityOfPage":{"@id":"https:\/\/www.oarcanjo.net\/site\/natal-do-povo-da-rua-na-comunidade-sao-martinho\/"},"wordCount":294,"commentCount":5,"publisher":{"@id":"https:\/\/www.oarcanjo.net\/site\/#organization"},"image":{"@id":"https:\/\/www.oarcanjo.net\/site\/natal-do-povo-da-rua-na-comunidade-sao-martinho\/#primaryimage"},"thumbnailUrl":"http:\/\/www.oarcanjo.net\/site\/wp-content\/uploads\/ft_natalpovorua2008_051.jpg","keywords":["Comunidade S\u00e3o Martinho de Lima","natal","povo da rua","solidariedade"],"articleSection":["Not\u00edcias"],"inLanguage":"pt-BR","potentialAction":[{"@type":"CommentAction","name":"Comment","target":["https:\/\/www.oarcanjo.net\/site\/natal-do-povo-da-rua-na-comunidade-sao-martinho\/#respond"]}]},{"@type":"WebPage","@id":"https:\/\/www.oarcanjo.net\/site\/natal-do-povo-da-rua-na-comunidade-sao-martinho\/","url":"https:\/\/www.oarcanjo.net\/site\/natal-do-povo-da-rua-na-comunidade-sao-martinho\/","name":"Natal do povo da rua na Comunidade S\u00e3o Martinho - O Arcanjo no ar","isPartOf":{"@id":"https:\/\/www.oarcanjo.net\/site\/#website"},"primaryImageOfPage":{"@id":"https:\/\/www.oarcanjo.net\/site\/natal-do-povo-da-rua-na-comunidade-sao-martinho\/#primaryimage"},"image":{"@id":"https:\/\/www.oarcanjo.net\/site\/natal-do-povo-da-rua-na-comunidade-sao-martinho\/#primaryimage"},"thumbnailUrl":"http:\/\/www.oarcanjo.net\/site\/wp-content\/uploads\/ft_natalpovorua2008_051.jpg","datePublished":"2008-12-23T21:49:52+00:00","dateModified":"2009-01-25T15:19:06+00:00","breadcrumb":{"@id":"https:\/\/www.oarcanjo.net\/site\/natal-do-povo-da-rua-na-comunidade-sao-martinho\/#breadcrumb"},"inLanguage":"pt-BR","potentialAction":[{"@type":"ReadAction","target":["https:\/\/www.oarcanjo.net\/site\/natal-do-povo-da-rua-na-comunidade-sao-martinho\/"]}]},{"@type":"ImageObject","inLanguage":"pt-BR","@id":"https:\/\/www.oarcanjo.net\/site\/natal-do-povo-da-rua-na-comunidade-sao-martinho\/#primaryimage","url":"http:\/\/www.oarcanjo.net\/site\/wp-content\/uploads\/ft_natalpovorua2008_051.jpg","contentUrl":"http:\/\/www.oarcanjo.net\/site\/wp-content\/uploads\/ft_natalpovorua2008_051.jpg"},{"@type":"BreadcrumbList","@id":"https:\/\/www.oarcanjo.net\/site\/natal-do-povo-da-rua-na-comunidade-sao-martinho\/#breadcrumb","itemListElement":[{"@type":"ListItem","position":1,"name":"In\u00edcio","item":"https:\/\/www.oarcanjo.net\/site\/"},{"@type":"ListItem","position":2,"name":"Natal do povo da rua na Comunidade S\u00e3o Martinho"}]},{"@type":"WebSite","@id":"https:\/\/www.oarcanjo.net\/site\/#website","url":"https:\/\/www.oarcanjo.net\/site\/","name":"O Arcanjo no ar","description":"Site da Par\u00f3quia S\u00e3o Miguel Arcanjo (Arquidiocese de SP)","publisher":{"@id":"https:\/\/www.oarcanjo.net\/site\/#organization"},"potentialAction":[{"@type":"SearchAction","target":{"@type":"EntryPoint","urlTemplate":"https:\/\/www.oarcanjo.net\/site\/?s={search_term_string}"},"query-input":{"@type":"PropertyValueSpecification","valueRequired":true,"valueName":"search_term_string"}}],"inLanguage":"pt-BR"},{"@type":"Organization","@id":"https:\/\/www.oarcanjo.net\/site\/#organization","name":"Par\u00f3quia S\u00e3o Miguel Arcanjo","url":"https:\/\/www.oarcanjo.net\/site\/","logo":{"@type":"ImageObject","inLanguage":"pt-BR","@id":"https:\/\/www.oarcanjo.net\/site\/#\/schema\/logo\/image\/","url":"https:\/\/www.oarcanjo.net\/site\/wp-content\/uploads\/LogoOArcanjo.png","contentUrl":"https:\/\/www.oarcanjo.net\/site\/wp-content\/uploads\/LogoOArcanjo.png","width":319,"height":99,"caption":"Par\u00f3quia S\u00e3o Miguel Arcanjo"},"image":{"@id":"https:\/\/www.oarcanjo.net\/site\/#\/schema\/logo\/image\/"},"sameAs":["https:\/\/www.facebook.com\/OArcanjoNoAr\/"]},{"@type":"Person","@id":"https:\/\/www.oarcanjo.net\/site\/#\/schema\/person\/f7024d007863202483a31326673a0838","name":"editor","sameAs":["http:\/\/www.oarcanjo.net"]}]}},"publishpress_future_action":{"enabled":false,"date":"2026-05-08 18:11:18","action":"category","newStatus":"draft","terms":[],"taxonomy":"category"},"publishpress_future_workflow_manual_trigger":{"enabledWorkflows":[]},"_links":{"self":[{"href":"https:\/\/www.oarcanjo.net\/site\/wp-json\/wp\/v2\/posts\/1193"}],"collection":[{"href":"https:\/\/www.oarcanjo.net\/site\/wp-json\/wp\/v2\/posts"}],"about":[{"href":"https:\/\/www.oarcanjo.net\/site\/wp-json\/wp\/v2\/types\/post"}],"author":[{"embeddable":true,"href":"https:\/\/www.oarcanjo.net\/site\/wp-json\/wp\/v2\/users\/5"}],"replies":[{"embeddable":true,"href":"https:\/\/www.oarcanjo.net\/site\/wp-json\/wp\/v2\/comments?post=1193"}],"version-history":[{"count":0,"href":"https:\/\/www.oarcanjo.net\/site\/wp-json\/wp\/v2\/posts\/1193\/revisions"}],"wp:attachment":[{"href":"https:\/\/www.oarcanjo.net\/site\/wp-json\/wp\/v2\/media?parent=1193"}],"wp:term":[{"taxonomy":"category","embeddable":true,"href":"https:\/\/www.oarcanjo.net\/site\/wp-json\/wp\/v2\/categories?post=1193"},{"taxonomy":"post_tag","embeddable":true,"href":"https:\/\/www.oarcanjo.net\/site\/wp-json\/wp\/v2\/tags?post=1193"}],"curies":[{"name":"wp","href":"https:\/\/api.w.org\/{rel}","templated":true}]}}