
{"id":11968,"date":"2014-12-08T00:09:27","date_gmt":"2014-12-08T02:09:27","guid":{"rendered":"http:\/\/www.oarcanjo.net\/site\/?p=11968"},"modified":"2014-11-11T08:19:17","modified_gmt":"2014-11-11T10:19:17","slug":"bem-aventurado-luis-alojzy-liguda-e-companheiros","status":"publish","type":"post","link":"https:\/\/www.oarcanjo.net\/site\/bem-aventurado-luis-alojzy-liguda-e-companheiros\/","title":{"rendered":"Bem Aventurado Lu\u00eds (Alojzy) Liguda e companheiros"},"content":{"rendered":"<p><img loading=\"lazy\" decoding=\"async\" src=\"http:\/\/www.santoralysantos.com\/i\/Luis-Aloisio-Liguda-Beato.jpg\" alt=\"\" width=\"92\" height=\"138\" \/><\/p>\n<p>8 de Dezembro<\/p>\n<p>O \u00f3dio racial disseminado pelo nazismo provocou mais de cinco milh\u00f5es de vitimas na popula\u00e7\u00e3o civil polonesa, dos quais muitos eram religiosos, sacerdotes, bispos e leigos atuantes cat\u00f3licos.<\/p>\n<p>Entre todos foi poss\u00edvel relacionar cento e oito religiosos, com base nas noticias recolhidas e nas testemunhas vivas. Somente em 1992 come\u00e7ou o processo para canoniz\u00e1-los como m\u00e1rtires do holocausto. Como resultado, o papa Jo\u00e3o Paulo II beatificou quatro deles quando de sua viagem \u00e0 Pol\u00f4nia em 1999. Todos sacerdotes verbitas, v\u00edtimas do \u00f3dio contra a religi\u00e3o. Um deles foi Luis (Alojzy) Liguda.<\/p>\n<p>Lu\u00eds era polon\u00eas, de maneira que nesse idioma seu nome \u00e9 Alojzy. Nasceu no dia 23 de janeiro de 1898. Entrou para a Sociedade do Verbo Divino, Congrega\u00e7\u00e3o dos padres verbitas, destinados \u00e0s miss\u00f5es evangelizadoras estrangeiras, em 1920. Foi ordenado sacerdote em 1927. Formado em literatura polonesa e hist\u00f3ria, publicou v\u00e1rios livros sobre homil\u00e9tica. Desejava muito ser mission\u00e1rio na China ou na Nova Guin\u00e9, mas foi destinado a servir no seu pa\u00eds de origem.<\/p>\n<p>Durante a Segunda Guerra Mundial, a Pol\u00f4nia foi invadida em 1939. Na \u00e9poca, padre Lu\u00eds era reitor do Semin\u00e1rio Menor de Gorna Grupa, na Pol\u00f4nia. Em 1940, o semin\u00e1rio foi transformado em campo de confinamento dos religiosos presos pelos alem\u00e3es. Ele era um desses prisioneiros. Antes de chegar ao destino final, o campo de concentra\u00e7\u00e3o de Dachau, na Baviera, passou por duas horrendas pris\u00f5es.<\/p>\n<p>Em Dachau, foi conduzido ao terr\u00edvel &#8220;bloco 29&#8221;, resevado aos prisioneiros com tuberculose. Como todos os companheiros, foi condenado \u00e0 morte. Mas n\u00e3o como eles, nas c\u00e2maras de g\u00e1s: foi afogado num tanque de \u00e1gua do campo entre os dias 8 e 9 de dezembro de 1942.<\/p>\n<p>Firme e amoroso \u00e9 o testamento espiritual que padre Lu\u00eds transmitiu daquele dep\u00f3sito de torturas e morte aos seus queridos irm\u00e3os verbitas e a toda a humanidade: &#8220;Os seres humanos podem tratar-me como algo insignificante, mas n\u00e3o conseguem fazer de mim uma pessoa vil. Dachau pode privar-me de todos os meus direitos e t\u00edtulos, mas o privil\u00e9gio de ser filho de Deus ningu\u00e9m mo pode tirar. Repetirei sem cessar: &#8216;Deus sempre ser\u00e1 e permanecer\u00e1 meu Pai'&#8221;. Uma das mais eloq\u00fcentes declara\u00e7\u00f5es da dignidade de cada ser humano, criado \u00e0 imagem e semelhan\u00e7a de Deus.<\/p>\n<p>Padre Lu\u00eds Liguda morreu num dia de grande festa para os cat\u00f3licos, que nele festejam a Imaculada Concei\u00e7\u00e3o de Maria. Essa data tamb\u00e9m foi destinada para as homenagens de sua mem\u00f3ria.<\/p>\n<div id=\"themify_builder_content-11968\" data-postid=\"11968\" class=\"themify_builder_content themify_builder_content-11968 themify_builder themify_builder_front\">\n\t<\/div>\n<!-- \/themify_builder_content -->","protected":false},"excerpt":{"rendered":"<p>8 de Dezembro O \u00f3dio racial disseminado pelo nazismo provocou mais de cinco milh\u00f5es de vitimas na popula\u00e7\u00e3o civil polonesa, dos quais muitos eram religiosos, sacerdotes, bispos e leigos atuantes cat\u00f3licos. Entre todos foi poss\u00edvel relacionar cento e oito religiosos, com base nas noticias recolhidas e nas testemunhas vivas. Somente em 1992 come\u00e7ou o processo [&hellip;]<\/p>\n","protected":false},"author":14,"featured_media":0,"comment_status":"open","ping_status":"open","sticky":false,"template":"","format":"standard","meta":{"ngg_post_thumbnail":0,"footnotes":""},"categories":[186],"tags":[],"yoast_head":"<!-- This site is optimized with the Yoast SEO plugin v23.5 - https:\/\/yoast.com\/wordpress\/plugins\/seo\/ -->\n<title>Bem Aventurado Lu\u00eds (Alojzy) Liguda e companheiros - O Arcanjo no ar<\/title>\n<meta name=\"robots\" content=\"index, follow, max-snippet:-1, max-image-preview:large, max-video-preview:-1\" \/>\n<link rel=\"canonical\" href=\"https:\/\/www.oarcanjo.net\/site\/bem-aventurado-luis-alojzy-liguda-e-companheiros\/\" \/>\n<meta property=\"og:locale\" content=\"pt_BR\" \/>\n<meta property=\"og:type\" content=\"article\" \/>\n<meta property=\"og:title\" content=\"Bem Aventurado Lu\u00eds (Alojzy) Liguda e companheiros - O Arcanjo no ar\" \/>\n<meta property=\"og:description\" content=\"8 de Dezembro O \u00f3dio racial disseminado pelo nazismo provocou mais de cinco milh\u00f5es de vitimas na popula\u00e7\u00e3o civil polonesa, dos quais muitos eram religiosos, sacerdotes, bispos e leigos atuantes cat\u00f3licos. Entre todos foi poss\u00edvel relacionar cento e oito religiosos, com base nas noticias recolhidas e nas testemunhas vivas. Somente em 1992 come\u00e7ou o processo [&hellip;]\" \/>\n<meta property=\"og:url\" content=\"https:\/\/www.oarcanjo.net\/site\/bem-aventurado-luis-alojzy-liguda-e-companheiros\/\" \/>\n<meta property=\"og:site_name\" content=\"O Arcanjo no ar\" \/>\n<meta property=\"article:publisher\" content=\"https:\/\/www.facebook.com\/OArcanjoNoAr\/\" \/>\n<meta property=\"article:published_time\" content=\"2014-12-08T02:09:27+00:00\" \/>\n<meta property=\"article:modified_time\" content=\"2014-11-11T10:19:17+00:00\" \/>\n<meta property=\"og:image\" content=\"http:\/\/www.santoralysantos.com\/i\/Luis-Aloisio-Liguda-Beato.jpg\" \/>\n<meta name=\"author\" content=\"danilo\" \/>\n<meta name=\"twitter:card\" content=\"summary_large_image\" \/>\n<meta name=\"twitter:label1\" content=\"Escrito por\" \/>\n\t<meta name=\"twitter:data1\" content=\"danilo\" \/>\n\t<meta name=\"twitter:label2\" content=\"Est. tempo de leitura\" \/>\n\t<meta name=\"twitter:data2\" content=\"2 minutos\" \/>\n<script type=\"application\/ld+json\" class=\"yoast-schema-graph\">{\"@context\":\"https:\/\/schema.org\",\"@graph\":[{\"@type\":\"Article\",\"@id\":\"https:\/\/www.oarcanjo.net\/site\/bem-aventurado-luis-alojzy-liguda-e-companheiros\/#article\",\"isPartOf\":{\"@id\":\"https:\/\/www.oarcanjo.net\/site\/bem-aventurado-luis-alojzy-liguda-e-companheiros\/\"},\"author\":{\"name\":\"danilo\",\"@id\":\"https:\/\/www.oarcanjo.net\/site\/#\/schema\/person\/5eb9480bedd2f3c97e430ce128c29c6c\"},\"headline\":\"Bem Aventurado Lu\u00eds (Alojzy) Liguda e companheiros\",\"datePublished\":\"2014-12-08T02:09:27+00:00\",\"dateModified\":\"2014-11-11T10:19:17+00:00\",\"mainEntityOfPage\":{\"@id\":\"https:\/\/www.oarcanjo.net\/site\/bem-aventurado-luis-alojzy-liguda-e-companheiros\/\"},\"wordCount\":441,\"commentCount\":0,\"publisher\":{\"@id\":\"https:\/\/www.oarcanjo.net\/site\/#organization\"},\"image\":{\"@id\":\"https:\/\/www.oarcanjo.net\/site\/bem-aventurado-luis-alojzy-liguda-e-companheiros\/#primaryimage\"},\"thumbnailUrl\":\"http:\/\/www.santoralysantos.com\/i\/Luis-Aloisio-Liguda-Beato.jpg\",\"articleSection\":[\"Testemunhos\"],\"inLanguage\":\"pt-BR\",\"potentialAction\":[{\"@type\":\"CommentAction\",\"name\":\"Comment\",\"target\":[\"https:\/\/www.oarcanjo.net\/site\/bem-aventurado-luis-alojzy-liguda-e-companheiros\/#respond\"]}]},{\"@type\":\"WebPage\",\"@id\":\"https:\/\/www.oarcanjo.net\/site\/bem-aventurado-luis-alojzy-liguda-e-companheiros\/\",\"url\":\"https:\/\/www.oarcanjo.net\/site\/bem-aventurado-luis-alojzy-liguda-e-companheiros\/\",\"name\":\"Bem Aventurado Lu\u00eds (Alojzy) Liguda e companheiros - O Arcanjo no ar\",\"isPartOf\":{\"@id\":\"https:\/\/www.oarcanjo.net\/site\/#website\"},\"primaryImageOfPage\":{\"@id\":\"https:\/\/www.oarcanjo.net\/site\/bem-aventurado-luis-alojzy-liguda-e-companheiros\/#primaryimage\"},\"image\":{\"@id\":\"https:\/\/www.oarcanjo.net\/site\/bem-aventurado-luis-alojzy-liguda-e-companheiros\/#primaryimage\"},\"thumbnailUrl\":\"http:\/\/www.santoralysantos.com\/i\/Luis-Aloisio-Liguda-Beato.jpg\",\"datePublished\":\"2014-12-08T02:09:27+00:00\",\"dateModified\":\"2014-11-11T10:19:17+00:00\",\"breadcrumb\":{\"@id\":\"https:\/\/www.oarcanjo.net\/site\/bem-aventurado-luis-alojzy-liguda-e-companheiros\/#breadcrumb\"},\"inLanguage\":\"pt-BR\",\"potentialAction\":[{\"@type\":\"ReadAction\",\"target\":[\"https:\/\/www.oarcanjo.net\/site\/bem-aventurado-luis-alojzy-liguda-e-companheiros\/\"]}]},{\"@type\":\"ImageObject\",\"inLanguage\":\"pt-BR\",\"@id\":\"https:\/\/www.oarcanjo.net\/site\/bem-aventurado-luis-alojzy-liguda-e-companheiros\/#primaryimage\",\"url\":\"http:\/\/www.santoralysantos.com\/i\/Luis-Aloisio-Liguda-Beato.jpg\",\"contentUrl\":\"http:\/\/www.santoralysantos.com\/i\/Luis-Aloisio-Liguda-Beato.jpg\"},{\"@type\":\"BreadcrumbList\",\"@id\":\"https:\/\/www.oarcanjo.net\/site\/bem-aventurado-luis-alojzy-liguda-e-companheiros\/#breadcrumb\",\"itemListElement\":[{\"@type\":\"ListItem\",\"position\":1,\"name\":\"In\u00edcio\",\"item\":\"https:\/\/www.oarcanjo.net\/site\/\"},{\"@type\":\"ListItem\",\"position\":2,\"name\":\"Bem Aventurado Lu\u00eds (Alojzy) Liguda e companheiros\"}]},{\"@type\":\"WebSite\",\"@id\":\"https:\/\/www.oarcanjo.net\/site\/#website\",\"url\":\"https:\/\/www.oarcanjo.net\/site\/\",\"name\":\"O Arcanjo no ar\",\"description\":\"Site da Par\u00f3quia S\u00e3o Miguel Arcanjo (Arquidiocese de SP)\",\"publisher\":{\"@id\":\"https:\/\/www.oarcanjo.net\/site\/#organization\"},\"potentialAction\":[{\"@type\":\"SearchAction\",\"target\":{\"@type\":\"EntryPoint\",\"urlTemplate\":\"https:\/\/www.oarcanjo.net\/site\/?s={search_term_string}\"},\"query-input\":{\"@type\":\"PropertyValueSpecification\",\"valueRequired\":true,\"valueName\":\"search_term_string\"}}],\"inLanguage\":\"pt-BR\"},{\"@type\":\"Organization\",\"@id\":\"https:\/\/www.oarcanjo.net\/site\/#organization\",\"name\":\"Par\u00f3quia S\u00e3o Miguel Arcanjo\",\"url\":\"https:\/\/www.oarcanjo.net\/site\/\",\"logo\":{\"@type\":\"ImageObject\",\"inLanguage\":\"pt-BR\",\"@id\":\"https:\/\/www.oarcanjo.net\/site\/#\/schema\/logo\/image\/\",\"url\":\"https:\/\/www.oarcanjo.net\/site\/wp-content\/uploads\/LogoOArcanjo.png\",\"contentUrl\":\"https:\/\/www.oarcanjo.net\/site\/wp-content\/uploads\/LogoOArcanjo.png\",\"width\":319,\"height\":99,\"caption\":\"Par\u00f3quia S\u00e3o Miguel Arcanjo\"},\"image\":{\"@id\":\"https:\/\/www.oarcanjo.net\/site\/#\/schema\/logo\/image\/\"},\"sameAs\":[\"https:\/\/www.facebook.com\/OArcanjoNoAr\/\"]},{\"@type\":\"Person\",\"@id\":\"https:\/\/www.oarcanjo.net\/site\/#\/schema\/person\/5eb9480bedd2f3c97e430ce128c29c6c\",\"name\":\"danilo\"}]}<\/script>\n<!-- \/ Yoast SEO plugin. -->","yoast_head_json":{"title":"Bem Aventurado Lu\u00eds (Alojzy) Liguda e companheiros - O Arcanjo no ar","robots":{"index":"index","follow":"follow","max-snippet":"max-snippet:-1","max-image-preview":"max-image-preview:large","max-video-preview":"max-video-preview:-1"},"canonical":"https:\/\/www.oarcanjo.net\/site\/bem-aventurado-luis-alojzy-liguda-e-companheiros\/","og_locale":"pt_BR","og_type":"article","og_title":"Bem Aventurado Lu\u00eds (Alojzy) Liguda e companheiros - O Arcanjo no ar","og_description":"8 de Dezembro O \u00f3dio racial disseminado pelo nazismo provocou mais de cinco milh\u00f5es de vitimas na popula\u00e7\u00e3o civil polonesa, dos quais muitos eram religiosos, sacerdotes, bispos e leigos atuantes cat\u00f3licos. Entre todos foi poss\u00edvel relacionar cento e oito religiosos, com base nas noticias recolhidas e nas testemunhas vivas. Somente em 1992 come\u00e7ou o processo [&hellip;]","og_url":"https:\/\/www.oarcanjo.net\/site\/bem-aventurado-luis-alojzy-liguda-e-companheiros\/","og_site_name":"O Arcanjo no ar","article_publisher":"https:\/\/www.facebook.com\/OArcanjoNoAr\/","article_published_time":"2014-12-08T02:09:27+00:00","article_modified_time":"2014-11-11T10:19:17+00:00","og_image":[{"url":"http:\/\/www.santoralysantos.com\/i\/Luis-Aloisio-Liguda-Beato.jpg"}],"author":"danilo","twitter_card":"summary_large_image","twitter_misc":{"Escrito por":"danilo","Est. tempo de leitura":"2 minutos"},"schema":{"@context":"https:\/\/schema.org","@graph":[{"@type":"Article","@id":"https:\/\/www.oarcanjo.net\/site\/bem-aventurado-luis-alojzy-liguda-e-companheiros\/#article","isPartOf":{"@id":"https:\/\/www.oarcanjo.net\/site\/bem-aventurado-luis-alojzy-liguda-e-companheiros\/"},"author":{"name":"danilo","@id":"https:\/\/www.oarcanjo.net\/site\/#\/schema\/person\/5eb9480bedd2f3c97e430ce128c29c6c"},"headline":"Bem Aventurado Lu\u00eds (Alojzy) Liguda e companheiros","datePublished":"2014-12-08T02:09:27+00:00","dateModified":"2014-11-11T10:19:17+00:00","mainEntityOfPage":{"@id":"https:\/\/www.oarcanjo.net\/site\/bem-aventurado-luis-alojzy-liguda-e-companheiros\/"},"wordCount":441,"commentCount":0,"publisher":{"@id":"https:\/\/www.oarcanjo.net\/site\/#organization"},"image":{"@id":"https:\/\/www.oarcanjo.net\/site\/bem-aventurado-luis-alojzy-liguda-e-companheiros\/#primaryimage"},"thumbnailUrl":"http:\/\/www.santoralysantos.com\/i\/Luis-Aloisio-Liguda-Beato.jpg","articleSection":["Testemunhos"],"inLanguage":"pt-BR","potentialAction":[{"@type":"CommentAction","name":"Comment","target":["https:\/\/www.oarcanjo.net\/site\/bem-aventurado-luis-alojzy-liguda-e-companheiros\/#respond"]}]},{"@type":"WebPage","@id":"https:\/\/www.oarcanjo.net\/site\/bem-aventurado-luis-alojzy-liguda-e-companheiros\/","url":"https:\/\/www.oarcanjo.net\/site\/bem-aventurado-luis-alojzy-liguda-e-companheiros\/","name":"Bem Aventurado Lu\u00eds (Alojzy) Liguda e companheiros - O Arcanjo no ar","isPartOf":{"@id":"https:\/\/www.oarcanjo.net\/site\/#website"},"primaryImageOfPage":{"@id":"https:\/\/www.oarcanjo.net\/site\/bem-aventurado-luis-alojzy-liguda-e-companheiros\/#primaryimage"},"image":{"@id":"https:\/\/www.oarcanjo.net\/site\/bem-aventurado-luis-alojzy-liguda-e-companheiros\/#primaryimage"},"thumbnailUrl":"http:\/\/www.santoralysantos.com\/i\/Luis-Aloisio-Liguda-Beato.jpg","datePublished":"2014-12-08T02:09:27+00:00","dateModified":"2014-11-11T10:19:17+00:00","breadcrumb":{"@id":"https:\/\/www.oarcanjo.net\/site\/bem-aventurado-luis-alojzy-liguda-e-companheiros\/#breadcrumb"},"inLanguage":"pt-BR","potentialAction":[{"@type":"ReadAction","target":["https:\/\/www.oarcanjo.net\/site\/bem-aventurado-luis-alojzy-liguda-e-companheiros\/"]}]},{"@type":"ImageObject","inLanguage":"pt-BR","@id":"https:\/\/www.oarcanjo.net\/site\/bem-aventurado-luis-alojzy-liguda-e-companheiros\/#primaryimage","url":"http:\/\/www.santoralysantos.com\/i\/Luis-Aloisio-Liguda-Beato.jpg","contentUrl":"http:\/\/www.santoralysantos.com\/i\/Luis-Aloisio-Liguda-Beato.jpg"},{"@type":"BreadcrumbList","@id":"https:\/\/www.oarcanjo.net\/site\/bem-aventurado-luis-alojzy-liguda-e-companheiros\/#breadcrumb","itemListElement":[{"@type":"ListItem","position":1,"name":"In\u00edcio","item":"https:\/\/www.oarcanjo.net\/site\/"},{"@type":"ListItem","position":2,"name":"Bem Aventurado Lu\u00eds (Alojzy) Liguda e companheiros"}]},{"@type":"WebSite","@id":"https:\/\/www.oarcanjo.net\/site\/#website","url":"https:\/\/www.oarcanjo.net\/site\/","name":"O Arcanjo no ar","description":"Site da Par\u00f3quia S\u00e3o Miguel Arcanjo (Arquidiocese de SP)","publisher":{"@id":"https:\/\/www.oarcanjo.net\/site\/#organization"},"potentialAction":[{"@type":"SearchAction","target":{"@type":"EntryPoint","urlTemplate":"https:\/\/www.oarcanjo.net\/site\/?s={search_term_string}"},"query-input":{"@type":"PropertyValueSpecification","valueRequired":true,"valueName":"search_term_string"}}],"inLanguage":"pt-BR"},{"@type":"Organization","@id":"https:\/\/www.oarcanjo.net\/site\/#organization","name":"Par\u00f3quia S\u00e3o Miguel Arcanjo","url":"https:\/\/www.oarcanjo.net\/site\/","logo":{"@type":"ImageObject","inLanguage":"pt-BR","@id":"https:\/\/www.oarcanjo.net\/site\/#\/schema\/logo\/image\/","url":"https:\/\/www.oarcanjo.net\/site\/wp-content\/uploads\/LogoOArcanjo.png","contentUrl":"https:\/\/www.oarcanjo.net\/site\/wp-content\/uploads\/LogoOArcanjo.png","width":319,"height":99,"caption":"Par\u00f3quia S\u00e3o Miguel Arcanjo"},"image":{"@id":"https:\/\/www.oarcanjo.net\/site\/#\/schema\/logo\/image\/"},"sameAs":["https:\/\/www.facebook.com\/OArcanjoNoAr\/"]},{"@type":"Person","@id":"https:\/\/www.oarcanjo.net\/site\/#\/schema\/person\/5eb9480bedd2f3c97e430ce128c29c6c","name":"danilo"}]}},"publishpress_future_action":{"enabled":false,"date":"2026-05-08 12:32:55","action":"category","newStatus":"draft","terms":[],"taxonomy":"category"},"publishpress_future_workflow_manual_trigger":{"enabledWorkflows":[]},"_links":{"self":[{"href":"https:\/\/www.oarcanjo.net\/site\/wp-json\/wp\/v2\/posts\/11968"}],"collection":[{"href":"https:\/\/www.oarcanjo.net\/site\/wp-json\/wp\/v2\/posts"}],"about":[{"href":"https:\/\/www.oarcanjo.net\/site\/wp-json\/wp\/v2\/types\/post"}],"author":[{"embeddable":true,"href":"https:\/\/www.oarcanjo.net\/site\/wp-json\/wp\/v2\/users\/14"}],"replies":[{"embeddable":true,"href":"https:\/\/www.oarcanjo.net\/site\/wp-json\/wp\/v2\/comments?post=11968"}],"version-history":[{"count":0,"href":"https:\/\/www.oarcanjo.net\/site\/wp-json\/wp\/v2\/posts\/11968\/revisions"}],"wp:attachment":[{"href":"https:\/\/www.oarcanjo.net\/site\/wp-json\/wp\/v2\/media?parent=11968"}],"wp:term":[{"taxonomy":"category","embeddable":true,"href":"https:\/\/www.oarcanjo.net\/site\/wp-json\/wp\/v2\/categories?post=11968"},{"taxonomy":"post_tag","embeddable":true,"href":"https:\/\/www.oarcanjo.net\/site\/wp-json\/wp\/v2\/tags?post=11968"}],"curies":[{"name":"wp","href":"https:\/\/api.w.org\/{rel}","templated":true}]}}