
{"id":12013,"date":"2010-12-06T21:55:09","date_gmt":"2010-12-06T23:55:09","guid":{"rendered":"http:\/\/www.oarcanjo.net\/site\/?p=12013"},"modified":"2010-12-06T21:55:09","modified_gmt":"2010-12-06T23:55:09","slug":"hollywood-a-brasileira","status":"publish","type":"post","link":"https:\/\/www.oarcanjo.net\/site\/hollywood-a-brasileira\/","title":{"rendered":"Hollywood \u00e0 brasileira"},"content":{"rendered":"<p style=\"text-align: justify;\"><em>Pe. Alfredo J. Gon\u00e7alves, CS<\/em><\/p>\n<p style=\"text-align: justify;\">Nas \u00faltimas semanas, nossas pr\u00f3prias casas se converteram em verdadeiras salas de cinema. A todo o momento a \u201ctelinha\u201d inundava a sala de visitas dos lares brasileiros com as imagens hollywoodianas da ocupa\u00e7\u00e3o do complexo de favelas do Cruzeiro e do Alem\u00e3o. As policias civil e militar e as for\u00e7as armadas, com um aparato sem precedentes e com milhares de soldados em posi\u00e7\u00e3o de combate, protagonizaram cenas dignas dos filmes de Hollywood ou da Tropa de Elite I e II. A fic\u00e7\u00e3o imita a realidade ou a realidade imita a fic\u00e7\u00e3o?<\/p>\n<p style=\"text-align: justify;\">Sem d\u00favida, o combate ao narcotr\u00e1fico e ao crime organizado \u00e9 necess\u00e1rio, urgente e oportuno. O al\u00edvio e a colabora\u00e7\u00e3o dos moradores dos morros da \u201ccidade maravilhosa\u201d constituem a maior prova disso. Tornava-se urgente libertar as fam\u00edlias do peso e da explora\u00e7\u00e3o que h\u00e1 d\u00e9cadas mantinha curvada e pisoteada a dignidade dos cidad\u00e3os. O crime organizado n\u00e3o pode sobrepor-se ao estado de direito, agindo \u00e0 revelia da lei e fazendo ref\u00e9ns bairros inteiros. A confus\u00e3o e mescla entre traficantes, usu\u00e1rios de droga e trabalhadores acabou criando, ao longo dos anos, n\u00e3o poucos equ\u00edvocos. Tomara que o pesadelo dos tiroteios e das balas perdidas se torne coisa do passado!<\/p>\n<p style=\"text-align: justify;\">Mas, em tudo isso, fica uma ineg\u00e1vel sensa\u00e7\u00e3o de espet\u00e1culo \u201cpara ingl\u00eas ver\u201d, especialmente se levamos em conta a Copa do Mundo (2014) e as Olimp\u00edadas (2016). \u00c9 como se as autoridades estivessem jogando para a plat\u00e9ia internacional, mostrando que o pa\u00eds tem condi\u00e7\u00f5es, sim, de abrigar eventos de envergadura mundial. Cabe, pois, a pergunta, uma pergunta que n\u00e3o quer calar. O que de fato est\u00e1 em jogo: a prote\u00e7\u00e3o dos turistas atra\u00eddos a um dos mais divulgados cart\u00f5es postais do Brasil, ou a seguran\u00e7a da popula\u00e7\u00e3o que a\u00ed vive e trabalha, luta e sofre, sonha e espera?<\/p>\n<p style=\"text-align: justify;\">Terminado o espet\u00e1culo, como ficar\u00e1 o dia-a-dia de quem mora nesses morros? Eis outra pergunta inc\u00f4moda, quase sempre silenciosa e silenciada, mas que certamente aperta o cora\u00e7\u00e3o e a alma de muitos cariocas. \u00c9 verdade que essa sensa\u00e7\u00e3o de jogo cinematogr\u00e1fico se deve menos \u00e0 postura de determinadas autoridades, como, por exemplo, o secret\u00e1rio de seguran\u00e7a do Rio de Janeiro, do que \u00e0s manchetes sensacionalistas repetidas \u00e0 exaust\u00e3o. De fato, Jos\u00e9 Mariano Beltrame, com os p\u00e9s no ch\u00e3o e com s\u00f3lida responsabilidade, tem insistido que as a\u00e7\u00f5es efetuadas no Cruzeiro e no Alem\u00e3o constituem um passo, um apenas, de um processo lento, longo e laborioso de combate ao crime organizado. Outras vozes se manifestaram na mesma dire\u00e7\u00e3o e com a seriedade que o momento e o caso exigem.<\/p>\n<p style=\"text-align: justify;\">Entretanto, a m\u00eddia sensacionalista, falada, escrita e televisionada, nos d\u00e1 a impress\u00e3o de uma batalha decisiva e definitiva. Um golpe mortal no poder dos criminosos. Al\u00e9m disso, impl\u00edcita ou explicitamente, passa a id\u00e9ia de que o narcotr\u00e1fico se reduz \u00e0s periferias do Rio de Janeiro. No fundo, o que essa a\u00e7\u00e3o militarizada nos revela \u00e9 apenas a ponta de um gigantesco iceberg, cujas ramifica\u00e7\u00f5es, ocultas ou escancaradas, estendem-se hoje \u00e0s principais capitais brasileiras, al\u00e9m das cidades fronteiri\u00e7as, dos p\u00f3los urbanos m\u00e9dios e at\u00e9 das pequenas cidades. O exemplo mais flagrante \u00e9 a chaga do crack e a prolifera\u00e7\u00e3o das chamadas cracol\u00e2ndias. Chaga de um beco sem sa\u00edda para os usu\u00e1rios em n\u00famero crescente e suas respectivas fam\u00edlias. Um verdadeiro processo terminal, onde o retorno \u00e9 praticamente imposs\u00edvel.<\/p>\n<p style=\"text-align: justify;\">O c\u00e2ncer da droga, da viol\u00eancia e do crime est\u00e1 em franca met\u00e1stase por todo o organismo da sociedade brasileira, atingindo todas as classes sociais e praticamente todos os estados e munic\u00edpios. As v\u00edtimas se contam aos milh\u00f5es, envolvendo pessoas e fam\u00edlias inteiras. Mas as crian\u00e7as, os adolescentes, os jovens e os adultos sem perspectiva de futuro s\u00e3o, sem d\u00favida, os grupos mais vulner\u00e1veis e indefesos. Com o horizonte cerrado, tornam-se facilmente requisitados, aliciados ou for\u00e7ados a integrar as mil\u00edcias do crime organizado. Este, com efeito, mant\u00e9m atualmente o \u201cemprego\u201d de milhares de pessoas desocupadas.<\/p>\n<p style=\"text-align: justify;\">Como extirpar pela raiz esse tumor maligno? N\u00e3o se trata apenas de um caso de pol\u00edcia ou do ex\u00e9rcito. As for\u00e7as militares podem e devem ocupar por algum tempo as ruas e vielas dos morros, para garantir a tranq\u00fcilidade dos moradores que procuram retomar o a pr\u00f3pria exist\u00eancia. Necessitam preencher o vazio deixado pelos traficantes. Mas isso n\u00e3o resolve a situa\u00e7\u00e3o. Tampouco se trata de aplicar analg\u00e9sicos eventuais ou incurs\u00f5es brutais para amea\u00e7ar as fac\u00e7\u00f5es armadas e, mais ainda, a popula\u00e7\u00e3o. Tais a\u00e7\u00f5es espetaculares devem ser acompanhadas de algo mais s\u00f3lido e duradouro.<\/p>\n<p style=\"text-align: justify;\">Numa palavra, o bisturi cir\u00fargico, neste caso, n\u00e3o pode reduzir-se \u00e0 utiliza\u00e7\u00e3o das armas e do emprego da for\u00e7a. Embora o crime organizado tenha escolhido essa via, o poder p\u00fablico n\u00e3o pode nivelar as rela\u00e7\u00f5es por baixo. Necess\u00e1rio responder com uma pol\u00edtica de maior profundidade e amplid\u00e3o: pol\u00edtica p\u00fablica, onde se leve em conta a educa\u00e7\u00e3o, o esporte, a recupera\u00e7\u00e3o dos dependentes qu\u00edmicos, o lazer, um programa de emprego, novos valores \u00e9ticos e humanos, enfim, toda uma a\u00e7\u00e3o conjunta de inclus\u00e3o social, cultural e pol\u00edtica. Projeto de curto, m\u00e9dio e longo prazo, n\u00e3o como vitrine para o mercado internacional do turismo, e sim como resgate firme e robusto da cidadania de amplos setores da popula\u00e7\u00e3o, h\u00e1 tempo paralisados pelo medo e pela falta de perspectivas futuras.<\/p>\n<p style=\"text-align: justify;\">Em s\u00edntese, al\u00e9m da repress\u00e3o ao narcotr\u00e1fico, da pris\u00e3o e isolamento de seus maiores respons\u00e1veis, imp\u00f5e-se ainda uma a\u00e7\u00e3o de duplo aspecto: por um lado, \u00e9 preciso investigar e punir a ind\u00fastria da droga, a come\u00e7ar pelos representantes da mais alta hierarquia, n\u00e3o raro ocultos por traz da imunidade parlamentar, da cumplicidade das autoridades e da corrup\u00e7\u00e3o policial. Por outro lado, abrir oportunidades de trabalho e futuro para crian\u00e7as, adolescentes e jovens em forma\u00e7\u00e3o, procurando recuperar, ao mesmo tempo, os que j\u00e1 entraram no t\u00fanel escuro do v\u00edcio.<\/p>\n<div id=\"themify_builder_content-12013\" data-postid=\"12013\" class=\"themify_builder_content themify_builder_content-12013 themify_builder themify_builder_front\">\n\t<\/div>\n<!-- \/themify_builder_content -->","protected":false},"excerpt":{"rendered":"<p>Pe. Alfredo J. Gon\u00e7alves, CS Nas \u00faltimas semanas, nossas pr\u00f3prias casas se converteram em verdadeiras salas de cinema. A todo o momento a \u201ctelinha\u201d inundava a sala de visitas dos lares brasileiros com as imagens hollywoodianas da ocupa\u00e7\u00e3o do complexo de favelas do Cruzeiro e do Alem\u00e3o. As policias civil e militar e as for\u00e7as [&hellip;]<\/p>\n","protected":false},"author":15,"featured_media":0,"comment_status":"open","ping_status":"open","sticky":false,"template":"","format":"standard","meta":{"ngg_post_thumbnail":0,"footnotes":""},"categories":[9],"tags":[],"yoast_head":"<!-- This site is optimized with the Yoast SEO plugin v23.5 - https:\/\/yoast.com\/wordpress\/plugins\/seo\/ -->\n<title>Hollywood \u00e0 brasileira - O Arcanjo no ar<\/title>\n<meta name=\"robots\" content=\"index, follow, max-snippet:-1, max-image-preview:large, max-video-preview:-1\" \/>\n<link rel=\"canonical\" href=\"https:\/\/www.oarcanjo.net\/site\/hollywood-a-brasileira\/\" \/>\n<meta property=\"og:locale\" content=\"pt_BR\" \/>\n<meta property=\"og:type\" content=\"article\" \/>\n<meta property=\"og:title\" content=\"Hollywood \u00e0 brasileira - O Arcanjo no ar\" \/>\n<meta property=\"og:description\" content=\"Pe. Alfredo J. Gon\u00e7alves, CS Nas \u00faltimas semanas, nossas pr\u00f3prias casas se converteram em verdadeiras salas de cinema. A todo o momento a \u201ctelinha\u201d inundava a sala de visitas dos lares brasileiros com as imagens hollywoodianas da ocupa\u00e7\u00e3o do complexo de favelas do Cruzeiro e do Alem\u00e3o. As policias civil e militar e as for\u00e7as [&hellip;]\" \/>\n<meta property=\"og:url\" content=\"https:\/\/www.oarcanjo.net\/site\/hollywood-a-brasileira\/\" \/>\n<meta property=\"og:site_name\" content=\"O Arcanjo no ar\" \/>\n<meta property=\"article:publisher\" content=\"https:\/\/www.facebook.com\/OArcanjoNoAr\/\" \/>\n<meta property=\"article:published_time\" content=\"2010-12-06T23:55:09+00:00\" \/>\n<meta property=\"og:image\" content=\"https:\/\/www.oarcanjo.net\/site\/wp-content\/uploads\/logo-o-arcanjo-no-ar-facebook.png\" \/>\n\t<meta property=\"og:image:width\" content=\"300\" \/>\n\t<meta property=\"og:image:height\" content=\"300\" \/>\n\t<meta property=\"og:image:type\" content=\"image\/png\" \/>\n<meta name=\"author\" content=\"Alexandre Nunes\" \/>\n<meta name=\"twitter:card\" content=\"summary_large_image\" \/>\n<meta name=\"twitter:label1\" content=\"Escrito por\" \/>\n\t<meta name=\"twitter:data1\" content=\"Alexandre Nunes\" \/>\n\t<meta name=\"twitter:label2\" content=\"Est. tempo de leitura\" \/>\n\t<meta name=\"twitter:data2\" content=\"5 minutos\" \/>\n<script type=\"application\/ld+json\" class=\"yoast-schema-graph\">{\"@context\":\"https:\/\/schema.org\",\"@graph\":[{\"@type\":\"Article\",\"@id\":\"https:\/\/www.oarcanjo.net\/site\/hollywood-a-brasileira\/#article\",\"isPartOf\":{\"@id\":\"https:\/\/www.oarcanjo.net\/site\/hollywood-a-brasileira\/\"},\"author\":{\"name\":\"Alexandre Nunes\",\"@id\":\"https:\/\/www.oarcanjo.net\/site\/#\/schema\/person\/0a2ae077c1a09b69d29928e3b9f1c0d1\"},\"headline\":\"Hollywood \u00e0 brasileira\",\"datePublished\":\"2010-12-06T23:55:09+00:00\",\"dateModified\":\"2010-12-06T23:55:09+00:00\",\"mainEntityOfPage\":{\"@id\":\"https:\/\/www.oarcanjo.net\/site\/hollywood-a-brasileira\/\"},\"wordCount\":1085,\"commentCount\":0,\"publisher\":{\"@id\":\"https:\/\/www.oarcanjo.net\/site\/#organization\"},\"articleSection\":[\"Reflex\u00f5es\"],\"inLanguage\":\"pt-BR\",\"potentialAction\":[{\"@type\":\"CommentAction\",\"name\":\"Comment\",\"target\":[\"https:\/\/www.oarcanjo.net\/site\/hollywood-a-brasileira\/#respond\"]}]},{\"@type\":\"WebPage\",\"@id\":\"https:\/\/www.oarcanjo.net\/site\/hollywood-a-brasileira\/\",\"url\":\"https:\/\/www.oarcanjo.net\/site\/hollywood-a-brasileira\/\",\"name\":\"Hollywood \u00e0 brasileira - O Arcanjo no ar\",\"isPartOf\":{\"@id\":\"https:\/\/www.oarcanjo.net\/site\/#website\"},\"datePublished\":\"2010-12-06T23:55:09+00:00\",\"dateModified\":\"2010-12-06T23:55:09+00:00\",\"breadcrumb\":{\"@id\":\"https:\/\/www.oarcanjo.net\/site\/hollywood-a-brasileira\/#breadcrumb\"},\"inLanguage\":\"pt-BR\",\"potentialAction\":[{\"@type\":\"ReadAction\",\"target\":[\"https:\/\/www.oarcanjo.net\/site\/hollywood-a-brasileira\/\"]}]},{\"@type\":\"BreadcrumbList\",\"@id\":\"https:\/\/www.oarcanjo.net\/site\/hollywood-a-brasileira\/#breadcrumb\",\"itemListElement\":[{\"@type\":\"ListItem\",\"position\":1,\"name\":\"In\u00edcio\",\"item\":\"https:\/\/www.oarcanjo.net\/site\/\"},{\"@type\":\"ListItem\",\"position\":2,\"name\":\"Hollywood \u00e0 brasileira\"}]},{\"@type\":\"WebSite\",\"@id\":\"https:\/\/www.oarcanjo.net\/site\/#website\",\"url\":\"https:\/\/www.oarcanjo.net\/site\/\",\"name\":\"O Arcanjo no ar\",\"description\":\"Site da Par\u00f3quia S\u00e3o Miguel Arcanjo (Arquidiocese de SP)\",\"publisher\":{\"@id\":\"https:\/\/www.oarcanjo.net\/site\/#organization\"},\"potentialAction\":[{\"@type\":\"SearchAction\",\"target\":{\"@type\":\"EntryPoint\",\"urlTemplate\":\"https:\/\/www.oarcanjo.net\/site\/?s={search_term_string}\"},\"query-input\":{\"@type\":\"PropertyValueSpecification\",\"valueRequired\":true,\"valueName\":\"search_term_string\"}}],\"inLanguage\":\"pt-BR\"},{\"@type\":\"Organization\",\"@id\":\"https:\/\/www.oarcanjo.net\/site\/#organization\",\"name\":\"Par\u00f3quia S\u00e3o Miguel Arcanjo\",\"url\":\"https:\/\/www.oarcanjo.net\/site\/\",\"logo\":{\"@type\":\"ImageObject\",\"inLanguage\":\"pt-BR\",\"@id\":\"https:\/\/www.oarcanjo.net\/site\/#\/schema\/logo\/image\/\",\"url\":\"https:\/\/www.oarcanjo.net\/site\/wp-content\/uploads\/LogoOArcanjo.png\",\"contentUrl\":\"https:\/\/www.oarcanjo.net\/site\/wp-content\/uploads\/LogoOArcanjo.png\",\"width\":319,\"height\":99,\"caption\":\"Par\u00f3quia S\u00e3o Miguel Arcanjo\"},\"image\":{\"@id\":\"https:\/\/www.oarcanjo.net\/site\/#\/schema\/logo\/image\/\"},\"sameAs\":[\"https:\/\/www.facebook.com\/OArcanjoNoAr\/\"]},{\"@type\":\"Person\",\"@id\":\"https:\/\/www.oarcanjo.net\/site\/#\/schema\/person\/0a2ae077c1a09b69d29928e3b9f1c0d1\",\"name\":\"Alexandre Nunes\",\"sameAs\":[\"http:\/\/alexandrenu.com\"]}]}<\/script>\n<!-- \/ Yoast SEO plugin. -->","yoast_head_json":{"title":"Hollywood \u00e0 brasileira - O Arcanjo no ar","robots":{"index":"index","follow":"follow","max-snippet":"max-snippet:-1","max-image-preview":"max-image-preview:large","max-video-preview":"max-video-preview:-1"},"canonical":"https:\/\/www.oarcanjo.net\/site\/hollywood-a-brasileira\/","og_locale":"pt_BR","og_type":"article","og_title":"Hollywood \u00e0 brasileira - O Arcanjo no ar","og_description":"Pe. Alfredo J. Gon\u00e7alves, CS Nas \u00faltimas semanas, nossas pr\u00f3prias casas se converteram em verdadeiras salas de cinema. A todo o momento a \u201ctelinha\u201d inundava a sala de visitas dos lares brasileiros com as imagens hollywoodianas da ocupa\u00e7\u00e3o do complexo de favelas do Cruzeiro e do Alem\u00e3o. As policias civil e militar e as for\u00e7as [&hellip;]","og_url":"https:\/\/www.oarcanjo.net\/site\/hollywood-a-brasileira\/","og_site_name":"O Arcanjo no ar","article_publisher":"https:\/\/www.facebook.com\/OArcanjoNoAr\/","article_published_time":"2010-12-06T23:55:09+00:00","og_image":[{"width":300,"height":300,"url":"https:\/\/www.oarcanjo.net\/site\/wp-content\/uploads\/logo-o-arcanjo-no-ar-facebook.png","type":"image\/png"}],"author":"Alexandre Nunes","twitter_card":"summary_large_image","twitter_misc":{"Escrito por":"Alexandre Nunes","Est. tempo de leitura":"5 minutos"},"schema":{"@context":"https:\/\/schema.org","@graph":[{"@type":"Article","@id":"https:\/\/www.oarcanjo.net\/site\/hollywood-a-brasileira\/#article","isPartOf":{"@id":"https:\/\/www.oarcanjo.net\/site\/hollywood-a-brasileira\/"},"author":{"name":"Alexandre Nunes","@id":"https:\/\/www.oarcanjo.net\/site\/#\/schema\/person\/0a2ae077c1a09b69d29928e3b9f1c0d1"},"headline":"Hollywood \u00e0 brasileira","datePublished":"2010-12-06T23:55:09+00:00","dateModified":"2010-12-06T23:55:09+00:00","mainEntityOfPage":{"@id":"https:\/\/www.oarcanjo.net\/site\/hollywood-a-brasileira\/"},"wordCount":1085,"commentCount":0,"publisher":{"@id":"https:\/\/www.oarcanjo.net\/site\/#organization"},"articleSection":["Reflex\u00f5es"],"inLanguage":"pt-BR","potentialAction":[{"@type":"CommentAction","name":"Comment","target":["https:\/\/www.oarcanjo.net\/site\/hollywood-a-brasileira\/#respond"]}]},{"@type":"WebPage","@id":"https:\/\/www.oarcanjo.net\/site\/hollywood-a-brasileira\/","url":"https:\/\/www.oarcanjo.net\/site\/hollywood-a-brasileira\/","name":"Hollywood \u00e0 brasileira - O Arcanjo no ar","isPartOf":{"@id":"https:\/\/www.oarcanjo.net\/site\/#website"},"datePublished":"2010-12-06T23:55:09+00:00","dateModified":"2010-12-06T23:55:09+00:00","breadcrumb":{"@id":"https:\/\/www.oarcanjo.net\/site\/hollywood-a-brasileira\/#breadcrumb"},"inLanguage":"pt-BR","potentialAction":[{"@type":"ReadAction","target":["https:\/\/www.oarcanjo.net\/site\/hollywood-a-brasileira\/"]}]},{"@type":"BreadcrumbList","@id":"https:\/\/www.oarcanjo.net\/site\/hollywood-a-brasileira\/#breadcrumb","itemListElement":[{"@type":"ListItem","position":1,"name":"In\u00edcio","item":"https:\/\/www.oarcanjo.net\/site\/"},{"@type":"ListItem","position":2,"name":"Hollywood \u00e0 brasileira"}]},{"@type":"WebSite","@id":"https:\/\/www.oarcanjo.net\/site\/#website","url":"https:\/\/www.oarcanjo.net\/site\/","name":"O Arcanjo no ar","description":"Site da Par\u00f3quia S\u00e3o Miguel Arcanjo (Arquidiocese de SP)","publisher":{"@id":"https:\/\/www.oarcanjo.net\/site\/#organization"},"potentialAction":[{"@type":"SearchAction","target":{"@type":"EntryPoint","urlTemplate":"https:\/\/www.oarcanjo.net\/site\/?s={search_term_string}"},"query-input":{"@type":"PropertyValueSpecification","valueRequired":true,"valueName":"search_term_string"}}],"inLanguage":"pt-BR"},{"@type":"Organization","@id":"https:\/\/www.oarcanjo.net\/site\/#organization","name":"Par\u00f3quia S\u00e3o Miguel Arcanjo","url":"https:\/\/www.oarcanjo.net\/site\/","logo":{"@type":"ImageObject","inLanguage":"pt-BR","@id":"https:\/\/www.oarcanjo.net\/site\/#\/schema\/logo\/image\/","url":"https:\/\/www.oarcanjo.net\/site\/wp-content\/uploads\/LogoOArcanjo.png","contentUrl":"https:\/\/www.oarcanjo.net\/site\/wp-content\/uploads\/LogoOArcanjo.png","width":319,"height":99,"caption":"Par\u00f3quia S\u00e3o Miguel Arcanjo"},"image":{"@id":"https:\/\/www.oarcanjo.net\/site\/#\/schema\/logo\/image\/"},"sameAs":["https:\/\/www.facebook.com\/OArcanjoNoAr\/"]},{"@type":"Person","@id":"https:\/\/www.oarcanjo.net\/site\/#\/schema\/person\/0a2ae077c1a09b69d29928e3b9f1c0d1","name":"Alexandre Nunes","sameAs":["http:\/\/alexandrenu.com"]}]}},"publishpress_future_action":{"enabled":false,"date":"2026-05-09 10:25:11","action":"category","newStatus":"draft","terms":[],"taxonomy":"category"},"publishpress_future_workflow_manual_trigger":{"enabledWorkflows":[]},"_links":{"self":[{"href":"https:\/\/www.oarcanjo.net\/site\/wp-json\/wp\/v2\/posts\/12013"}],"collection":[{"href":"https:\/\/www.oarcanjo.net\/site\/wp-json\/wp\/v2\/posts"}],"about":[{"href":"https:\/\/www.oarcanjo.net\/site\/wp-json\/wp\/v2\/types\/post"}],"author":[{"embeddable":true,"href":"https:\/\/www.oarcanjo.net\/site\/wp-json\/wp\/v2\/users\/15"}],"replies":[{"embeddable":true,"href":"https:\/\/www.oarcanjo.net\/site\/wp-json\/wp\/v2\/comments?post=12013"}],"version-history":[{"count":0,"href":"https:\/\/www.oarcanjo.net\/site\/wp-json\/wp\/v2\/posts\/12013\/revisions"}],"wp:attachment":[{"href":"https:\/\/www.oarcanjo.net\/site\/wp-json\/wp\/v2\/media?parent=12013"}],"wp:term":[{"taxonomy":"category","embeddable":true,"href":"https:\/\/www.oarcanjo.net\/site\/wp-json\/wp\/v2\/categories?post=12013"},{"taxonomy":"post_tag","embeddable":true,"href":"https:\/\/www.oarcanjo.net\/site\/wp-json\/wp\/v2\/tags?post=12013"}],"curies":[{"name":"wp","href":"https:\/\/api.w.org\/{rel}","templated":true}]}}