
{"id":12018,"date":"2010-11-30T06:43:37","date_gmt":"2010-11-30T08:43:37","guid":{"rendered":"http:\/\/www.oarcanjo.net\/site\/?p=12018"},"modified":"2010-12-08T06:48:03","modified_gmt":"2010-12-08T08:48:03","slug":"leituras-do-domingo-05122010","status":"publish","type":"post","link":"https:\/\/www.oarcanjo.net\/site\/leituras-do-domingo-05122010\/","title":{"rendered":"Leituras do domingo 05\/12\/2010"},"content":{"rendered":"<div>\n<h4>2\u00ba Domingo do Advento<\/h4>\n<p><strong>Primeira leitura (Isa\u00edas 11,1-10)<\/strong><\/p>\n<p>Leitura do Livro do profeta Isa\u00edas:<\/p>\n<p>Naqueles dias,\u00a0<sup>1<\/sup>nascer\u00e1 uma haste do tronco de Jess\u00e9 e, a partir da raiz, surgir\u00e1 o rebento de uma flor;\u00a0<sup>2<\/sup>sobre ele repousar\u00e1 o esp\u00edrito do Senhor: esp\u00edrito de sabedoria e discernimento, esp\u00edrito de conselho e fortaleza, esp\u00edrito de ci\u00eancia e temor de Deus;\u00a0<sup>3<\/sup>no temor do Senhor encontra ele seu prazer. Ele n\u00e3o julgar\u00e1 pelas apar\u00eancias que v\u00ea nem decidir\u00e1 somente por ouvir dizer;\u00a0<sup>4<\/sup>mas trar\u00e1 justi\u00e7a para os humildes e uma ordem justa para os homens pac\u00edficos; fustigar\u00e1 a terra com a for\u00e7a da sua palavra e destruir\u00e1 o mau com o sopro dos l\u00e1bios.<br \/>\n<sup>5<\/sup>Cingir\u00e1 a cintura com a correia da justi\u00e7a e as costas com a faixa da fidelidade.<br \/>\n<sup>6<\/sup>O lobo e o cordeiro viver\u00e3o juntos e o leopardo deitar-se-\u00e1 ao lado do cabrito; o bezerro e o le\u00e3o comer\u00e3o juntos e at\u00e9 mesmo uma crian\u00e7a poder\u00e1 tang\u00ea-los.\u00a0<sup>7<\/sup>A vaca e o urso pastar\u00e3o lado a lado, enquanto suas crias descansam juntas; o le\u00e3o comer\u00e1 palha como o boi;\u00a0<sup>8<\/sup>a crian\u00e7a de peito vai brincar em cima do buraco da cobra venenosa; e o menino desmamado n\u00e3o temer\u00e1 p\u00f4r a m\u00e3o na toca da serpente.<br \/>\n<sup>9<\/sup>N\u00e3o haver\u00e1 danos nem mortes por todo o meu santo monte; a terra estar\u00e1 t\u00e3o repleta do saber do Senhor quanto as \u00e1guas que cobrem o mar.<br \/>\n<sup>10<\/sup>Naquele dia, a raiz de Jess\u00e9 se erguer\u00e1 como um sinal entre os povos; h\u00e3o de busc\u00e1-la as na\u00e7\u00f5es, e gloriosa ser\u00e1 a sua morada.<\/p>\n<p><strong>Salmo (Salmos 71)<\/strong><\/p>\n<p>\u2014 Nos seus dias a justi\u00e7a florir\u00e1.<br \/>\n<strong>\u2014 Nos seus dias a justi\u00e7a florir\u00e1.<\/strong><\/p>\n<p>\u2014 Dai ao Rei vossos poderes, Senhor Deus,\/ vossa justi\u00e7a aos descendentes da realeza!\/ Com justi\u00e7a ele governe o vosso povo,\/ com equidade ele julgue os vossos pobres.<br \/>\n\u2014 Nos seus dias a justi\u00e7a florir\u00e1\/ e grande paz, at\u00e9 que a lua perca o brilho!\/ De mar a mar estender\u00e1 o seu dom\u00ednio,\/ e desde o rio at\u00e9 os confins de toda a terra!<br \/>\n\u2014 Libertar\u00e1 o indigente que suplica,\/ e o pobre ao qual ningu\u00e9m quer ajudar.\/ Ter\u00e1 pena do indigente e do infeliz,\/ e a vida dos humildes salvar\u00e1.<br \/>\n\u2014 Seja bendito o seu nome para sempre!\/ E que dure como o sol sua mem\u00f3ria!\/ Todos os povos ser\u00e3o nele aben\u00e7oados,\/ todas as gentes cantar\u00e3o o seu louvor!<\/p>\n<p><strong>Segunda leitura (Romanos 15,4-9)<\/strong><\/p>\n<p>Leitura da Carta de S\u00e3o Paulo aos Romanos:<\/p>\n<p>Irm\u00e3os:\u00a0<sup>4<\/sup>Tudo o que outrora foi escrito, foi escrito para nossa instru\u00e7\u00e3o, para que, pela nossa const\u00e2ncia e pelo conforto espiritual das Escrituras, tenhamos firme esperan\u00e7a.<br \/>\n<sup>5<\/sup>O Deus, que d\u00e1 const\u00e2ncia e conforto, vos d\u00ea a gra\u00e7a da harmonia e conc\u00f3rdia, uns com os outros, como ensina Cristo Jesus.\u00a0<sup>6<\/sup>Assim, tendo como que um s\u00f3 cora\u00e7\u00e3o e a uma s\u00f3 voz, glorifiqueis o Deus e Pai do Senhor nosso, Jesus Cristo.<br \/>\n<sup>7<\/sup>Por isso, acolhei-vos uns aos outros, como tamb\u00e9m Cristo vos acolheu, para a gl\u00f3ria de Deus.<br \/>\n<sup>8<\/sup>Pois eu digo: Cristo tornou-se servo dos que praticam a circuncis\u00e3o, para honrar a veracidade\u00ad de Deus, confirmando as promessas feitas aos pais.<br \/>\n<sup>9<\/sup>Quanto aos pag\u00e3os, eles glorificam a Deus, em raz\u00e3o da sua miseric\u00f3rdia, como est\u00e1 escrito: \u201cPor isso, eu vos glorificarei entre os pag\u00e3os e cantarei louvores ao vosso nome\u201d.<\/p>\n<p><strong>Evangelho (Mateus 3,1-12)<\/strong><\/p>\n<p><sup>1<\/sup>Naqueles dias, apareceu Jo\u00e3o Batista, pregando no deserto da Judeia:\u00a0<sup>2<\/sup>\u201cConvertei-vos, porque o Reino dos C\u00e9us est\u00e1 pr\u00f3ximo\u201d.<br \/>\n<sup>3<\/sup>Jo\u00e3o foi anunciado pelo profeta Isa\u00edas, que disse: \u201cEsta \u00e9 a voz daquele que grita no deserto: preparai o caminho do Senhor, endireitai suas veredas!\u201d<br \/>\n<sup>4<\/sup>Jo\u00e3o usava uma roupa feita de p\u00ealos de camelo e um cintur\u00e3o de couro em torno dos rins; comia gafanhotos e mel do campo.<br \/>\n<sup>5<\/sup>Os moradores de Jerusal\u00e9m, de toda a Judeia e de todos os lugares em volta do rio Jord\u00e3o vinham ao encontro de Jo\u00e3o.\u00a0<sup>6<\/sup>Confessavam seus pecados e Jo\u00e3o os batizava no rio Jord\u00e3o.\u00a0<sup>7<\/sup>Quando viu muitos fariseus e saduceus vindo para o batismo, Jo\u00e3o disse-lhes: \u201cRa\u00e7a de cobras venenosas, quem vos ensinou a fugir da ira que vai chegar?<sup>8<\/sup>Produzi frutos que provem a vossa convers\u00e3o.\u00a0<sup>9<\/sup>N\u00e3o penseis que basta dizer: \u2018Abra\u00e3o \u00e9 nosso pai\u2019, porque eu vos digo: at\u00e9 mesmo destas pedras Deus pode fazer nascer filhos de Abra\u00e3o.<br \/>\n<sup>10<\/sup>O machado j\u00e1 est\u00e1 na raiz das \u00e1rvores, e toda \u00e1rvore que n\u00e3o der bom fruto ser\u00e1 cortada e jogada no fogo.<br \/>\n<sup>11<\/sup>Eu vos batizo com \u00e1gua para a convers\u00e3o, mas aquele que vem depois de mim \u00e9 mais forte do que eu. Eu nem sou digno de carregar suas sand\u00e1lias. Ele vos batizar\u00e1 com o Esp\u00edrito Santo e com fogo.<br \/>\n<sup>12<\/sup>Ele est\u00e1 com a p\u00e1 na m\u00e3o; ele vai limpar sua eira e recolher seu trigo no celeiro; mas a palha ele a queimar\u00e1 no fogo que n\u00e3o se apaga\u201d.<\/p>\n<\/div>\n<div id=\"themify_builder_content-12018\" data-postid=\"12018\" class=\"themify_builder_content themify_builder_content-12018 themify_builder themify_builder_front\">\n\t<\/div>\n<!-- \/themify_builder_content -->","protected":false},"excerpt":{"rendered":"<p>2\u00ba Domingo do Advento Primeira leitura (Isa\u00edas 11,1-10) Leitura do Livro do profeta Isa\u00edas: Naqueles dias,\u00a01nascer\u00e1 uma haste do tronco de Jess\u00e9 e, a partir da raiz, surgir\u00e1 o rebento de uma flor;\u00a02sobre ele repousar\u00e1 o esp\u00edrito do Senhor: esp\u00edrito de sabedoria e discernimento, esp\u00edrito de conselho e fortaleza, esp\u00edrito de ci\u00eancia e temor de [&hellip;]<\/p>\n","protected":false},"author":5,"featured_media":0,"comment_status":"open","ping_status":"open","sticky":false,"template":"","format":"standard","meta":{"ngg_post_thumbnail":0,"footnotes":""},"categories":[109],"tags":[3204],"yoast_head":"<!-- This site is optimized with the Yoast SEO plugin v23.5 - https:\/\/yoast.com\/wordpress\/plugins\/seo\/ -->\n<title>Leituras do domingo 05\/12\/2010 - O Arcanjo no ar<\/title>\n<meta name=\"robots\" content=\"index, follow, max-snippet:-1, max-image-preview:large, max-video-preview:-1\" \/>\n<link rel=\"canonical\" href=\"https:\/\/www.oarcanjo.net\/site\/leituras-do-domingo-05122010\/\" \/>\n<meta property=\"og:locale\" content=\"pt_BR\" \/>\n<meta property=\"og:type\" content=\"article\" \/>\n<meta property=\"og:title\" content=\"Leituras do domingo 05\/12\/2010 - O Arcanjo no ar\" \/>\n<meta property=\"og:description\" content=\"2\u00ba Domingo do Advento Primeira leitura (Isa\u00edas 11,1-10) Leitura do Livro do profeta Isa\u00edas: Naqueles dias,\u00a01nascer\u00e1 uma haste do tronco de Jess\u00e9 e, a partir da raiz, surgir\u00e1 o rebento de uma flor;\u00a02sobre ele repousar\u00e1 o esp\u00edrito do Senhor: esp\u00edrito de sabedoria e discernimento, esp\u00edrito de conselho e fortaleza, esp\u00edrito de ci\u00eancia e temor de [&hellip;]\" \/>\n<meta property=\"og:url\" content=\"https:\/\/www.oarcanjo.net\/site\/leituras-do-domingo-05122010\/\" \/>\n<meta property=\"og:site_name\" content=\"O Arcanjo no ar\" \/>\n<meta property=\"article:publisher\" content=\"https:\/\/www.facebook.com\/OArcanjoNoAr\/\" \/>\n<meta property=\"article:published_time\" content=\"2010-11-30T08:43:37+00:00\" \/>\n<meta property=\"article:modified_time\" content=\"2010-12-08T08:48:03+00:00\" \/>\n<meta property=\"og:image\" content=\"https:\/\/www.oarcanjo.net\/site\/wp-content\/uploads\/logo-o-arcanjo-no-ar-facebook.png\" \/>\n\t<meta property=\"og:image:width\" content=\"300\" \/>\n\t<meta property=\"og:image:height\" content=\"300\" \/>\n\t<meta property=\"og:image:type\" content=\"image\/png\" \/>\n<meta name=\"author\" content=\"editor\" \/>\n<meta name=\"twitter:card\" content=\"summary_large_image\" \/>\n<meta name=\"twitter:label1\" content=\"Escrito por\" \/>\n\t<meta name=\"twitter:data1\" content=\"editor\" \/>\n\t<meta name=\"twitter:label2\" content=\"Est. tempo de leitura\" \/>\n\t<meta name=\"twitter:data2\" content=\"4 minutos\" \/>\n<script type=\"application\/ld+json\" class=\"yoast-schema-graph\">{\"@context\":\"https:\/\/schema.org\",\"@graph\":[{\"@type\":\"Article\",\"@id\":\"https:\/\/www.oarcanjo.net\/site\/leituras-do-domingo-05122010\/#article\",\"isPartOf\":{\"@id\":\"https:\/\/www.oarcanjo.net\/site\/leituras-do-domingo-05122010\/\"},\"author\":{\"name\":\"editor\",\"@id\":\"https:\/\/www.oarcanjo.net\/site\/#\/schema\/person\/f7024d007863202483a31326673a0838\"},\"headline\":\"Leituras do domingo 05\/12\/2010\",\"datePublished\":\"2010-11-30T08:43:37+00:00\",\"dateModified\":\"2010-12-08T08:48:03+00:00\",\"mainEntityOfPage\":{\"@id\":\"https:\/\/www.oarcanjo.net\/site\/leituras-do-domingo-05122010\/\"},\"wordCount\":868,\"commentCount\":0,\"publisher\":{\"@id\":\"https:\/\/www.oarcanjo.net\/site\/#organization\"},\"keywords\":[\"Liturgia\"],\"articleSection\":[\"Liturgia\"],\"inLanguage\":\"pt-BR\",\"potentialAction\":[{\"@type\":\"CommentAction\",\"name\":\"Comment\",\"target\":[\"https:\/\/www.oarcanjo.net\/site\/leituras-do-domingo-05122010\/#respond\"]}]},{\"@type\":\"WebPage\",\"@id\":\"https:\/\/www.oarcanjo.net\/site\/leituras-do-domingo-05122010\/\",\"url\":\"https:\/\/www.oarcanjo.net\/site\/leituras-do-domingo-05122010\/\",\"name\":\"Leituras do domingo 05\/12\/2010 - O Arcanjo no ar\",\"isPartOf\":{\"@id\":\"https:\/\/www.oarcanjo.net\/site\/#website\"},\"datePublished\":\"2010-11-30T08:43:37+00:00\",\"dateModified\":\"2010-12-08T08:48:03+00:00\",\"breadcrumb\":{\"@id\":\"https:\/\/www.oarcanjo.net\/site\/leituras-do-domingo-05122010\/#breadcrumb\"},\"inLanguage\":\"pt-BR\",\"potentialAction\":[{\"@type\":\"ReadAction\",\"target\":[\"https:\/\/www.oarcanjo.net\/site\/leituras-do-domingo-05122010\/\"]}]},{\"@type\":\"BreadcrumbList\",\"@id\":\"https:\/\/www.oarcanjo.net\/site\/leituras-do-domingo-05122010\/#breadcrumb\",\"itemListElement\":[{\"@type\":\"ListItem\",\"position\":1,\"name\":\"In\u00edcio\",\"item\":\"https:\/\/www.oarcanjo.net\/site\/\"},{\"@type\":\"ListItem\",\"position\":2,\"name\":\"Leituras do domingo 05\/12\/2010\"}]},{\"@type\":\"WebSite\",\"@id\":\"https:\/\/www.oarcanjo.net\/site\/#website\",\"url\":\"https:\/\/www.oarcanjo.net\/site\/\",\"name\":\"O Arcanjo no ar\",\"description\":\"Site da Par\u00f3quia S\u00e3o Miguel Arcanjo (Arquidiocese de SP)\",\"publisher\":{\"@id\":\"https:\/\/www.oarcanjo.net\/site\/#organization\"},\"potentialAction\":[{\"@type\":\"SearchAction\",\"target\":{\"@type\":\"EntryPoint\",\"urlTemplate\":\"https:\/\/www.oarcanjo.net\/site\/?s={search_term_string}\"},\"query-input\":{\"@type\":\"PropertyValueSpecification\",\"valueRequired\":true,\"valueName\":\"search_term_string\"}}],\"inLanguage\":\"pt-BR\"},{\"@type\":\"Organization\",\"@id\":\"https:\/\/www.oarcanjo.net\/site\/#organization\",\"name\":\"Par\u00f3quia S\u00e3o Miguel Arcanjo\",\"url\":\"https:\/\/www.oarcanjo.net\/site\/\",\"logo\":{\"@type\":\"ImageObject\",\"inLanguage\":\"pt-BR\",\"@id\":\"https:\/\/www.oarcanjo.net\/site\/#\/schema\/logo\/image\/\",\"url\":\"https:\/\/www.oarcanjo.net\/site\/wp-content\/uploads\/LogoOArcanjo.png\",\"contentUrl\":\"https:\/\/www.oarcanjo.net\/site\/wp-content\/uploads\/LogoOArcanjo.png\",\"width\":319,\"height\":99,\"caption\":\"Par\u00f3quia S\u00e3o Miguel Arcanjo\"},\"image\":{\"@id\":\"https:\/\/www.oarcanjo.net\/site\/#\/schema\/logo\/image\/\"},\"sameAs\":[\"https:\/\/www.facebook.com\/OArcanjoNoAr\/\"]},{\"@type\":\"Person\",\"@id\":\"https:\/\/www.oarcanjo.net\/site\/#\/schema\/person\/f7024d007863202483a31326673a0838\",\"name\":\"editor\",\"sameAs\":[\"http:\/\/www.oarcanjo.net\"]}]}<\/script>\n<!-- \/ Yoast SEO plugin. -->","yoast_head_json":{"title":"Leituras do domingo 05\/12\/2010 - O Arcanjo no ar","robots":{"index":"index","follow":"follow","max-snippet":"max-snippet:-1","max-image-preview":"max-image-preview:large","max-video-preview":"max-video-preview:-1"},"canonical":"https:\/\/www.oarcanjo.net\/site\/leituras-do-domingo-05122010\/","og_locale":"pt_BR","og_type":"article","og_title":"Leituras do domingo 05\/12\/2010 - O Arcanjo no ar","og_description":"2\u00ba Domingo do Advento Primeira leitura (Isa\u00edas 11,1-10) Leitura do Livro do profeta Isa\u00edas: Naqueles dias,\u00a01nascer\u00e1 uma haste do tronco de Jess\u00e9 e, a partir da raiz, surgir\u00e1 o rebento de uma flor;\u00a02sobre ele repousar\u00e1 o esp\u00edrito do Senhor: esp\u00edrito de sabedoria e discernimento, esp\u00edrito de conselho e fortaleza, esp\u00edrito de ci\u00eancia e temor de [&hellip;]","og_url":"https:\/\/www.oarcanjo.net\/site\/leituras-do-domingo-05122010\/","og_site_name":"O Arcanjo no ar","article_publisher":"https:\/\/www.facebook.com\/OArcanjoNoAr\/","article_published_time":"2010-11-30T08:43:37+00:00","article_modified_time":"2010-12-08T08:48:03+00:00","og_image":[{"width":300,"height":300,"url":"https:\/\/www.oarcanjo.net\/site\/wp-content\/uploads\/logo-o-arcanjo-no-ar-facebook.png","type":"image\/png"}],"author":"editor","twitter_card":"summary_large_image","twitter_misc":{"Escrito por":"editor","Est. tempo de leitura":"4 minutos"},"schema":{"@context":"https:\/\/schema.org","@graph":[{"@type":"Article","@id":"https:\/\/www.oarcanjo.net\/site\/leituras-do-domingo-05122010\/#article","isPartOf":{"@id":"https:\/\/www.oarcanjo.net\/site\/leituras-do-domingo-05122010\/"},"author":{"name":"editor","@id":"https:\/\/www.oarcanjo.net\/site\/#\/schema\/person\/f7024d007863202483a31326673a0838"},"headline":"Leituras do domingo 05\/12\/2010","datePublished":"2010-11-30T08:43:37+00:00","dateModified":"2010-12-08T08:48:03+00:00","mainEntityOfPage":{"@id":"https:\/\/www.oarcanjo.net\/site\/leituras-do-domingo-05122010\/"},"wordCount":868,"commentCount":0,"publisher":{"@id":"https:\/\/www.oarcanjo.net\/site\/#organization"},"keywords":["Liturgia"],"articleSection":["Liturgia"],"inLanguage":"pt-BR","potentialAction":[{"@type":"CommentAction","name":"Comment","target":["https:\/\/www.oarcanjo.net\/site\/leituras-do-domingo-05122010\/#respond"]}]},{"@type":"WebPage","@id":"https:\/\/www.oarcanjo.net\/site\/leituras-do-domingo-05122010\/","url":"https:\/\/www.oarcanjo.net\/site\/leituras-do-domingo-05122010\/","name":"Leituras do domingo 05\/12\/2010 - O Arcanjo no ar","isPartOf":{"@id":"https:\/\/www.oarcanjo.net\/site\/#website"},"datePublished":"2010-11-30T08:43:37+00:00","dateModified":"2010-12-08T08:48:03+00:00","breadcrumb":{"@id":"https:\/\/www.oarcanjo.net\/site\/leituras-do-domingo-05122010\/#breadcrumb"},"inLanguage":"pt-BR","potentialAction":[{"@type":"ReadAction","target":["https:\/\/www.oarcanjo.net\/site\/leituras-do-domingo-05122010\/"]}]},{"@type":"BreadcrumbList","@id":"https:\/\/www.oarcanjo.net\/site\/leituras-do-domingo-05122010\/#breadcrumb","itemListElement":[{"@type":"ListItem","position":1,"name":"In\u00edcio","item":"https:\/\/www.oarcanjo.net\/site\/"},{"@type":"ListItem","position":2,"name":"Leituras do domingo 05\/12\/2010"}]},{"@type":"WebSite","@id":"https:\/\/www.oarcanjo.net\/site\/#website","url":"https:\/\/www.oarcanjo.net\/site\/","name":"O Arcanjo no ar","description":"Site da Par\u00f3quia S\u00e3o Miguel Arcanjo (Arquidiocese de SP)","publisher":{"@id":"https:\/\/www.oarcanjo.net\/site\/#organization"},"potentialAction":[{"@type":"SearchAction","target":{"@type":"EntryPoint","urlTemplate":"https:\/\/www.oarcanjo.net\/site\/?s={search_term_string}"},"query-input":{"@type":"PropertyValueSpecification","valueRequired":true,"valueName":"search_term_string"}}],"inLanguage":"pt-BR"},{"@type":"Organization","@id":"https:\/\/www.oarcanjo.net\/site\/#organization","name":"Par\u00f3quia S\u00e3o Miguel Arcanjo","url":"https:\/\/www.oarcanjo.net\/site\/","logo":{"@type":"ImageObject","inLanguage":"pt-BR","@id":"https:\/\/www.oarcanjo.net\/site\/#\/schema\/logo\/image\/","url":"https:\/\/www.oarcanjo.net\/site\/wp-content\/uploads\/LogoOArcanjo.png","contentUrl":"https:\/\/www.oarcanjo.net\/site\/wp-content\/uploads\/LogoOArcanjo.png","width":319,"height":99,"caption":"Par\u00f3quia S\u00e3o Miguel Arcanjo"},"image":{"@id":"https:\/\/www.oarcanjo.net\/site\/#\/schema\/logo\/image\/"},"sameAs":["https:\/\/www.facebook.com\/OArcanjoNoAr\/"]},{"@type":"Person","@id":"https:\/\/www.oarcanjo.net\/site\/#\/schema\/person\/f7024d007863202483a31326673a0838","name":"editor","sameAs":["http:\/\/www.oarcanjo.net"]}]}},"publishpress_future_action":{"enabled":false,"date":"2026-05-08 21:00:18","action":"category","newStatus":"draft","terms":[],"taxonomy":"category"},"publishpress_future_workflow_manual_trigger":{"enabledWorkflows":[]},"_links":{"self":[{"href":"https:\/\/www.oarcanjo.net\/site\/wp-json\/wp\/v2\/posts\/12018"}],"collection":[{"href":"https:\/\/www.oarcanjo.net\/site\/wp-json\/wp\/v2\/posts"}],"about":[{"href":"https:\/\/www.oarcanjo.net\/site\/wp-json\/wp\/v2\/types\/post"}],"author":[{"embeddable":true,"href":"https:\/\/www.oarcanjo.net\/site\/wp-json\/wp\/v2\/users\/5"}],"replies":[{"embeddable":true,"href":"https:\/\/www.oarcanjo.net\/site\/wp-json\/wp\/v2\/comments?post=12018"}],"version-history":[{"count":0,"href":"https:\/\/www.oarcanjo.net\/site\/wp-json\/wp\/v2\/posts\/12018\/revisions"}],"wp:attachment":[{"href":"https:\/\/www.oarcanjo.net\/site\/wp-json\/wp\/v2\/media?parent=12018"}],"wp:term":[{"taxonomy":"category","embeddable":true,"href":"https:\/\/www.oarcanjo.net\/site\/wp-json\/wp\/v2\/categories?post=12018"},{"taxonomy":"post_tag","embeddable":true,"href":"https:\/\/www.oarcanjo.net\/site\/wp-json\/wp\/v2\/tags?post=12018"}],"curies":[{"name":"wp","href":"https:\/\/api.w.org\/{rel}","templated":true}]}}