
{"id":12020,"date":"2010-11-30T06:47:19","date_gmt":"2010-11-30T08:47:19","guid":{"rendered":"http:\/\/www.oarcanjo.net\/site\/?p=12020"},"modified":"2010-12-08T06:47:39","modified_gmt":"2010-12-08T08:47:39","slug":"leituras-do-domingo-12122010","status":"publish","type":"post","link":"https:\/\/www.oarcanjo.net\/site\/leituras-do-domingo-12122010\/","title":{"rendered":"Leituras do domingo 12\/12\/2010"},"content":{"rendered":"<div>\n<h4>3\u00ba Domingo do Advento<\/h4>\n<p><strong>Primeira leitura (Isa\u00edas 35,1-6a.10)<\/strong><\/p>\n<p>Leitura do Livro do profeta Isa\u00edas:<\/p>\n<p><sup>1<\/sup>Alegre-se a terra que era deserta e intransit\u00e1vel, exulte a solid\u00e3o e flores\u00e7a como um l\u00edrio.<sup>2<\/sup>Germine e exulte de alegria e louvores. Foi-lhe dada a gl\u00f3ria do L\u00edbano, o esplendor do Carmelo e de Saron; seus habitantes ver\u00e3o a gl\u00f3ria do Senhor, a majestade do nosso Deus.<br \/>\n<sup>3<\/sup>Fortalecei as m\u00e3os enfraquecidas e firmai os joelhos debilitados.\u00a0<sup>4<\/sup>Dizei \u00e0s pessoas deprimidas: \u201cCriai \u00e2nimo, n\u00e3o tenhais medo! Vede, \u00e9 vosso Deus, \u00e9 a vingan\u00e7a que vem, \u00e9 a recompensa de Deus; \u00e9 ele que vem para vos salvar\u201d.<br \/>\n<sup>5<\/sup>Ent\u00e3o se abrir\u00e3o os olhos dos cegos e se descerrar\u00e3o os ouvidos dos surdos.\u00a0<sup>6a<\/sup>O coxo saltar\u00e1 como um cervo e se desatar\u00e1 a l\u00edngua dos mudos.<br \/>\n<sup>10<\/sup>Os que o Senhor salvou voltar\u00e3o para casa. Eles vir\u00e3o a Si\u00e3o cantando louvores, com infinita alegria brilhando em seus rostos; cheios de gozo e contentamento, n\u00e3o mais conhecer\u00e3o a dor e o pranto.<\/p>\n<p><strong>Salmo (Salmos 145)<\/strong><\/p>\n<p>\u2014 Vinde, Senhor, para salvar o vosso povo!<br \/>\n<strong>\u2014 Vinde, Senhor, para salvar o vosso povo!<\/strong><\/p>\n<p>\u2014 O Senhor \u00e9 fiel para sempre,\/ faz justi\u00e7a aos que s\u00e3o oprimidos;\/ ele d\u00e1 alimento aos famintos,\/ \u00e9 o Senhor quem liberta os cativos.<br \/>\n\u2014 O Senhor abre os olhos aos cegos,\/ o Senhor faz erguer-se o ca\u00eddo,\/ o Senhor ama aquele que \u00e9 justo,\/ \u00e9 o Senhor que protege o estrangeiro.<br \/>\n\u2014 Ele ampara a vi\u00fava e o \u00f3rf\u00e3o,\/ mas confunde os caminhos dos maus.\/ O Senhor reinar\u00e1 para sempre!\/ \u00d3 Si\u00e3o, o teu Deus reinar\u00e1!<\/p>\n<p><strong>Segunda leitura (Tiago 5,7-10)<\/strong><\/p>\n<p>Leitura da Carta de S\u00e3o Tiago:<\/p>\n<p>Irm\u00e3os:\u00a0<sup>7<\/sup>Ficai firmes at\u00e9 \u00e0 vinda do Senhor. Vede o agricultor: ele espera o precioso fruto da terra e fica firme at\u00e9 cair a chuva do outono ou da primavera.<br \/>\n<sup>8<\/sup>Tamb\u00e9m v\u00f3s, ficai firmes e fortalecei vossos cora\u00e7\u00f5es, porque a vinda do Senhor est\u00e1 pr\u00f3xima.<br \/>\n<sup>9<\/sup>Irm\u00e3os, n\u00e3o vos queixeis uns dos outros, para que n\u00e3o sejais julgados. Eis que o juiz est\u00e1 \u00e0s portas.\u00a0<sup>10<\/sup>Irm\u00e3os, tomai por modelo de sofrimento e firmeza os profetas, que falaram em nome do Senhor.<\/p>\n<p><strong>Evangelho (Mateus 11,2-11)<\/strong><\/p>\n<p>Naquele tempo,\u00a0<sup>2<\/sup>Jo\u00e3o estava na pris\u00e3o. Quando ouviu falar das obras de Cristo, enviou-lhe alguns disc\u00edpulos,\u00a0<sup>3<\/sup>para lhe perguntarem: \u201c\u00c9s tu aquele que h\u00e1 de vir ou devemos esperar um outro?\u201d<br \/>\n<sup>4<\/sup>Jesus respondeu-lhes: \u201cIde contar a Jo\u00e3o o que estais ouvindo e vendo:\u00a0<sup>5<\/sup>os cegos recuperam a vista, os paral\u00edticos andam, os leprosos s\u00e3o curados, os surdos ouvem, os mortos ressuscitam e os pobres s\u00e3o evangelizados.\u00a0<sup>6<\/sup>Feliz aquele que n\u00e3o se escandaliza por causa de mim!\u201d<br \/>\n<sup>7<\/sup>Os disc\u00edpulos de Jo\u00e3o partiram, e Jesus come\u00e7ou a falar \u00e0s multid\u00f5es sobre Jo\u00e3o: \u201cO que fostes ver no deserto? Um cani\u00e7o agitado pelo vento?\u00a0<sup>8<\/sup>O que fostes ver? Um homem vestido com roupas finas? Mas os que vestem roupas finas est\u00e3o nos pal\u00e1cios dos reis.<br \/>\n<sup>9<\/sup>Ent\u00e3o, o que fostes ver? Um profeta? Sim, eu vos afirmo, e algu\u00e9m que \u00e9 mais do que profeta.\u00a0<sup>10<\/sup>\u00c9 dele que est\u00e1 escrito: \u2018Eis que envio o meu mensageiro \u00e0 tua frente; ele vai preparar o teu caminho diante de ti\u2019.\u00a0<sup>11<\/sup>Em verdade vos digo, de todos os homens que j\u00e1 nasceram, nenhum \u00e9 maior do que Jo\u00e3o Batista. No entanto, o menor no Reino dos C\u00e9us \u00e9 maior do que ele\u201d.<\/p>\n<\/div>\n<div id=\"themify_builder_content-12020\" data-postid=\"12020\" class=\"themify_builder_content themify_builder_content-12020 themify_builder themify_builder_front\">\n\t<\/div>\n<!-- \/themify_builder_content -->","protected":false},"excerpt":{"rendered":"<p>3\u00ba Domingo do Advento Primeira leitura (Isa\u00edas 35,1-6a.10) Leitura do Livro do profeta Isa\u00edas: 1Alegre-se a terra que era deserta e intransit\u00e1vel, exulte a solid\u00e3o e flores\u00e7a como um l\u00edrio.2Germine e exulte de alegria e louvores. Foi-lhe dada a gl\u00f3ria do L\u00edbano, o esplendor do Carmelo e de Saron; seus habitantes ver\u00e3o a gl\u00f3ria do [&hellip;]<\/p>\n","protected":false},"author":5,"featured_media":0,"comment_status":"open","ping_status":"open","sticky":false,"template":"","format":"standard","meta":{"ngg_post_thumbnail":0,"footnotes":""},"categories":[109],"tags":[3204],"yoast_head":"<!-- This site is optimized with the Yoast SEO plugin v23.5 - https:\/\/yoast.com\/wordpress\/plugins\/seo\/ -->\n<title>Leituras do domingo 12\/12\/2010 - O Arcanjo no ar<\/title>\n<meta name=\"robots\" content=\"index, follow, max-snippet:-1, max-image-preview:large, max-video-preview:-1\" \/>\n<link rel=\"canonical\" href=\"https:\/\/www.oarcanjo.net\/site\/leituras-do-domingo-12122010\/\" \/>\n<meta property=\"og:locale\" content=\"pt_BR\" \/>\n<meta property=\"og:type\" content=\"article\" \/>\n<meta property=\"og:title\" content=\"Leituras do domingo 12\/12\/2010 - O Arcanjo no ar\" \/>\n<meta property=\"og:description\" content=\"3\u00ba Domingo do Advento Primeira leitura (Isa\u00edas 35,1-6a.10) Leitura do Livro do profeta Isa\u00edas: 1Alegre-se a terra que era deserta e intransit\u00e1vel, exulte a solid\u00e3o e flores\u00e7a como um l\u00edrio.2Germine e exulte de alegria e louvores. Foi-lhe dada a gl\u00f3ria do L\u00edbano, o esplendor do Carmelo e de Saron; seus habitantes ver\u00e3o a gl\u00f3ria do [&hellip;]\" \/>\n<meta property=\"og:url\" content=\"https:\/\/www.oarcanjo.net\/site\/leituras-do-domingo-12122010\/\" \/>\n<meta property=\"og:site_name\" content=\"O Arcanjo no ar\" \/>\n<meta property=\"article:publisher\" content=\"https:\/\/www.facebook.com\/OArcanjoNoAr\/\" \/>\n<meta property=\"article:published_time\" content=\"2010-11-30T08:47:19+00:00\" \/>\n<meta property=\"article:modified_time\" content=\"2010-12-08T08:47:39+00:00\" \/>\n<meta property=\"og:image\" content=\"https:\/\/www.oarcanjo.net\/site\/wp-content\/uploads\/logo-o-arcanjo-no-ar-facebook.png\" \/>\n\t<meta property=\"og:image:width\" content=\"300\" \/>\n\t<meta property=\"og:image:height\" content=\"300\" \/>\n\t<meta property=\"og:image:type\" content=\"image\/png\" \/>\n<meta name=\"author\" content=\"editor\" \/>\n<meta name=\"twitter:card\" content=\"summary_large_image\" \/>\n<meta name=\"twitter:label1\" content=\"Escrito por\" \/>\n\t<meta name=\"twitter:data1\" content=\"editor\" \/>\n\t<meta name=\"twitter:label2\" content=\"Est. tempo de leitura\" \/>\n\t<meta name=\"twitter:data2\" content=\"3 minutos\" \/>\n<script type=\"application\/ld+json\" class=\"yoast-schema-graph\">{\"@context\":\"https:\/\/schema.org\",\"@graph\":[{\"@type\":\"Article\",\"@id\":\"https:\/\/www.oarcanjo.net\/site\/leituras-do-domingo-12122010\/#article\",\"isPartOf\":{\"@id\":\"https:\/\/www.oarcanjo.net\/site\/leituras-do-domingo-12122010\/\"},\"author\":{\"name\":\"editor\",\"@id\":\"https:\/\/www.oarcanjo.net\/site\/#\/schema\/person\/f7024d007863202483a31326673a0838\"},\"headline\":\"Leituras do domingo 12\/12\/2010\",\"datePublished\":\"2010-11-30T08:47:19+00:00\",\"dateModified\":\"2010-12-08T08:47:39+00:00\",\"mainEntityOfPage\":{\"@id\":\"https:\/\/www.oarcanjo.net\/site\/leituras-do-domingo-12122010\/\"},\"wordCount\":587,\"commentCount\":0,\"publisher\":{\"@id\":\"https:\/\/www.oarcanjo.net\/site\/#organization\"},\"keywords\":[\"Liturgia\"],\"articleSection\":[\"Liturgia\"],\"inLanguage\":\"pt-BR\",\"potentialAction\":[{\"@type\":\"CommentAction\",\"name\":\"Comment\",\"target\":[\"https:\/\/www.oarcanjo.net\/site\/leituras-do-domingo-12122010\/#respond\"]}]},{\"@type\":\"WebPage\",\"@id\":\"https:\/\/www.oarcanjo.net\/site\/leituras-do-domingo-12122010\/\",\"url\":\"https:\/\/www.oarcanjo.net\/site\/leituras-do-domingo-12122010\/\",\"name\":\"Leituras do domingo 12\/12\/2010 - O Arcanjo no ar\",\"isPartOf\":{\"@id\":\"https:\/\/www.oarcanjo.net\/site\/#website\"},\"datePublished\":\"2010-11-30T08:47:19+00:00\",\"dateModified\":\"2010-12-08T08:47:39+00:00\",\"breadcrumb\":{\"@id\":\"https:\/\/www.oarcanjo.net\/site\/leituras-do-domingo-12122010\/#breadcrumb\"},\"inLanguage\":\"pt-BR\",\"potentialAction\":[{\"@type\":\"ReadAction\",\"target\":[\"https:\/\/www.oarcanjo.net\/site\/leituras-do-domingo-12122010\/\"]}]},{\"@type\":\"BreadcrumbList\",\"@id\":\"https:\/\/www.oarcanjo.net\/site\/leituras-do-domingo-12122010\/#breadcrumb\",\"itemListElement\":[{\"@type\":\"ListItem\",\"position\":1,\"name\":\"In\u00edcio\",\"item\":\"https:\/\/www.oarcanjo.net\/site\/\"},{\"@type\":\"ListItem\",\"position\":2,\"name\":\"Leituras do domingo 12\/12\/2010\"}]},{\"@type\":\"WebSite\",\"@id\":\"https:\/\/www.oarcanjo.net\/site\/#website\",\"url\":\"https:\/\/www.oarcanjo.net\/site\/\",\"name\":\"O Arcanjo no ar\",\"description\":\"Site da Par\u00f3quia S\u00e3o Miguel Arcanjo (Arquidiocese de SP)\",\"publisher\":{\"@id\":\"https:\/\/www.oarcanjo.net\/site\/#organization\"},\"potentialAction\":[{\"@type\":\"SearchAction\",\"target\":{\"@type\":\"EntryPoint\",\"urlTemplate\":\"https:\/\/www.oarcanjo.net\/site\/?s={search_term_string}\"},\"query-input\":{\"@type\":\"PropertyValueSpecification\",\"valueRequired\":true,\"valueName\":\"search_term_string\"}}],\"inLanguage\":\"pt-BR\"},{\"@type\":\"Organization\",\"@id\":\"https:\/\/www.oarcanjo.net\/site\/#organization\",\"name\":\"Par\u00f3quia S\u00e3o Miguel Arcanjo\",\"url\":\"https:\/\/www.oarcanjo.net\/site\/\",\"logo\":{\"@type\":\"ImageObject\",\"inLanguage\":\"pt-BR\",\"@id\":\"https:\/\/www.oarcanjo.net\/site\/#\/schema\/logo\/image\/\",\"url\":\"https:\/\/www.oarcanjo.net\/site\/wp-content\/uploads\/LogoOArcanjo.png\",\"contentUrl\":\"https:\/\/www.oarcanjo.net\/site\/wp-content\/uploads\/LogoOArcanjo.png\",\"width\":319,\"height\":99,\"caption\":\"Par\u00f3quia S\u00e3o Miguel Arcanjo\"},\"image\":{\"@id\":\"https:\/\/www.oarcanjo.net\/site\/#\/schema\/logo\/image\/\"},\"sameAs\":[\"https:\/\/www.facebook.com\/OArcanjoNoAr\/\"]},{\"@type\":\"Person\",\"@id\":\"https:\/\/www.oarcanjo.net\/site\/#\/schema\/person\/f7024d007863202483a31326673a0838\",\"name\":\"editor\",\"sameAs\":[\"http:\/\/www.oarcanjo.net\"]}]}<\/script>\n<!-- \/ Yoast SEO plugin. -->","yoast_head_json":{"title":"Leituras do domingo 12\/12\/2010 - O Arcanjo no ar","robots":{"index":"index","follow":"follow","max-snippet":"max-snippet:-1","max-image-preview":"max-image-preview:large","max-video-preview":"max-video-preview:-1"},"canonical":"https:\/\/www.oarcanjo.net\/site\/leituras-do-domingo-12122010\/","og_locale":"pt_BR","og_type":"article","og_title":"Leituras do domingo 12\/12\/2010 - O Arcanjo no ar","og_description":"3\u00ba Domingo do Advento Primeira leitura (Isa\u00edas 35,1-6a.10) Leitura do Livro do profeta Isa\u00edas: 1Alegre-se a terra que era deserta e intransit\u00e1vel, exulte a solid\u00e3o e flores\u00e7a como um l\u00edrio.2Germine e exulte de alegria e louvores. Foi-lhe dada a gl\u00f3ria do L\u00edbano, o esplendor do Carmelo e de Saron; seus habitantes ver\u00e3o a gl\u00f3ria do [&hellip;]","og_url":"https:\/\/www.oarcanjo.net\/site\/leituras-do-domingo-12122010\/","og_site_name":"O Arcanjo no ar","article_publisher":"https:\/\/www.facebook.com\/OArcanjoNoAr\/","article_published_time":"2010-11-30T08:47:19+00:00","article_modified_time":"2010-12-08T08:47:39+00:00","og_image":[{"width":300,"height":300,"url":"https:\/\/www.oarcanjo.net\/site\/wp-content\/uploads\/logo-o-arcanjo-no-ar-facebook.png","type":"image\/png"}],"author":"editor","twitter_card":"summary_large_image","twitter_misc":{"Escrito por":"editor","Est. tempo de leitura":"3 minutos"},"schema":{"@context":"https:\/\/schema.org","@graph":[{"@type":"Article","@id":"https:\/\/www.oarcanjo.net\/site\/leituras-do-domingo-12122010\/#article","isPartOf":{"@id":"https:\/\/www.oarcanjo.net\/site\/leituras-do-domingo-12122010\/"},"author":{"name":"editor","@id":"https:\/\/www.oarcanjo.net\/site\/#\/schema\/person\/f7024d007863202483a31326673a0838"},"headline":"Leituras do domingo 12\/12\/2010","datePublished":"2010-11-30T08:47:19+00:00","dateModified":"2010-12-08T08:47:39+00:00","mainEntityOfPage":{"@id":"https:\/\/www.oarcanjo.net\/site\/leituras-do-domingo-12122010\/"},"wordCount":587,"commentCount":0,"publisher":{"@id":"https:\/\/www.oarcanjo.net\/site\/#organization"},"keywords":["Liturgia"],"articleSection":["Liturgia"],"inLanguage":"pt-BR","potentialAction":[{"@type":"CommentAction","name":"Comment","target":["https:\/\/www.oarcanjo.net\/site\/leituras-do-domingo-12122010\/#respond"]}]},{"@type":"WebPage","@id":"https:\/\/www.oarcanjo.net\/site\/leituras-do-domingo-12122010\/","url":"https:\/\/www.oarcanjo.net\/site\/leituras-do-domingo-12122010\/","name":"Leituras do domingo 12\/12\/2010 - O Arcanjo no ar","isPartOf":{"@id":"https:\/\/www.oarcanjo.net\/site\/#website"},"datePublished":"2010-11-30T08:47:19+00:00","dateModified":"2010-12-08T08:47:39+00:00","breadcrumb":{"@id":"https:\/\/www.oarcanjo.net\/site\/leituras-do-domingo-12122010\/#breadcrumb"},"inLanguage":"pt-BR","potentialAction":[{"@type":"ReadAction","target":["https:\/\/www.oarcanjo.net\/site\/leituras-do-domingo-12122010\/"]}]},{"@type":"BreadcrumbList","@id":"https:\/\/www.oarcanjo.net\/site\/leituras-do-domingo-12122010\/#breadcrumb","itemListElement":[{"@type":"ListItem","position":1,"name":"In\u00edcio","item":"https:\/\/www.oarcanjo.net\/site\/"},{"@type":"ListItem","position":2,"name":"Leituras do domingo 12\/12\/2010"}]},{"@type":"WebSite","@id":"https:\/\/www.oarcanjo.net\/site\/#website","url":"https:\/\/www.oarcanjo.net\/site\/","name":"O Arcanjo no ar","description":"Site da Par\u00f3quia S\u00e3o Miguel Arcanjo (Arquidiocese de SP)","publisher":{"@id":"https:\/\/www.oarcanjo.net\/site\/#organization"},"potentialAction":[{"@type":"SearchAction","target":{"@type":"EntryPoint","urlTemplate":"https:\/\/www.oarcanjo.net\/site\/?s={search_term_string}"},"query-input":{"@type":"PropertyValueSpecification","valueRequired":true,"valueName":"search_term_string"}}],"inLanguage":"pt-BR"},{"@type":"Organization","@id":"https:\/\/www.oarcanjo.net\/site\/#organization","name":"Par\u00f3quia S\u00e3o Miguel Arcanjo","url":"https:\/\/www.oarcanjo.net\/site\/","logo":{"@type":"ImageObject","inLanguage":"pt-BR","@id":"https:\/\/www.oarcanjo.net\/site\/#\/schema\/logo\/image\/","url":"https:\/\/www.oarcanjo.net\/site\/wp-content\/uploads\/LogoOArcanjo.png","contentUrl":"https:\/\/www.oarcanjo.net\/site\/wp-content\/uploads\/LogoOArcanjo.png","width":319,"height":99,"caption":"Par\u00f3quia S\u00e3o Miguel Arcanjo"},"image":{"@id":"https:\/\/www.oarcanjo.net\/site\/#\/schema\/logo\/image\/"},"sameAs":["https:\/\/www.facebook.com\/OArcanjoNoAr\/"]},{"@type":"Person","@id":"https:\/\/www.oarcanjo.net\/site\/#\/schema\/person\/f7024d007863202483a31326673a0838","name":"editor","sameAs":["http:\/\/www.oarcanjo.net"]}]}},"publishpress_future_action":{"enabled":false,"date":"2026-05-08 22:29:28","action":"category","newStatus":"draft","terms":[],"taxonomy":"category"},"publishpress_future_workflow_manual_trigger":{"enabledWorkflows":[]},"_links":{"self":[{"href":"https:\/\/www.oarcanjo.net\/site\/wp-json\/wp\/v2\/posts\/12020"}],"collection":[{"href":"https:\/\/www.oarcanjo.net\/site\/wp-json\/wp\/v2\/posts"}],"about":[{"href":"https:\/\/www.oarcanjo.net\/site\/wp-json\/wp\/v2\/types\/post"}],"author":[{"embeddable":true,"href":"https:\/\/www.oarcanjo.net\/site\/wp-json\/wp\/v2\/users\/5"}],"replies":[{"embeddable":true,"href":"https:\/\/www.oarcanjo.net\/site\/wp-json\/wp\/v2\/comments?post=12020"}],"version-history":[{"count":0,"href":"https:\/\/www.oarcanjo.net\/site\/wp-json\/wp\/v2\/posts\/12020\/revisions"}],"wp:attachment":[{"href":"https:\/\/www.oarcanjo.net\/site\/wp-json\/wp\/v2\/media?parent=12020"}],"wp:term":[{"taxonomy":"category","embeddable":true,"href":"https:\/\/www.oarcanjo.net\/site\/wp-json\/wp\/v2\/categories?post=12020"},{"taxonomy":"post_tag","embeddable":true,"href":"https:\/\/www.oarcanjo.net\/site\/wp-json\/wp\/v2\/tags?post=12020"}],"curies":[{"name":"wp","href":"https:\/\/api.w.org\/{rel}","templated":true}]}}